{"id":439505,"date":"2026-04-10T12:16:53","date_gmt":"2026-04-10T15:16:53","guid":{"rendered":"https:\/\/portaltela.pt\/noticias\/2026\/04\/10\/caso-magyar-venca-vanda-portuguesa-torna-se-hungara-orgulhosa\/"},"modified":"2026-04-10T12:16:53","modified_gmt":"2026-04-10T15:16:53","slug":"caso-magyar-venca-vanda-portuguesa-torna-se-hungara-orgulhosa","status":"publish","type":"post","link":"https:\/\/portaltela.pt\/geopolitica\/2026\/04\/10\/caso-magyar-venca-vanda-portuguesa-torna-se-hungara-orgulhosa\/","title":{"rendered":"Caso Magyar ven\u00e7a, Vanda portuguesa, torna-se h\u00fangara orgulhosa"},"content":{"rendered":"<p>Vanda Resende, portuguesa que vive na Hungria h\u00e1 27 anos, pretende pedir a nacionalidade h\u00fangara caso P\u00e9ter Magyar ven\u00e7a as elei\u00e7\u00f5es. Quer tornar-se uma h\u00fangaro-portuguesa, segundo a sua participa\u00e7\u00e3o num com\u00edcio do candidato da oposi\u00e7\u00e3o.<\/p>\n<p>O evento reuniu apoiantes de Magyar, com entusiasmo evidente entre os presentes. A participa\u00e7\u00e3o de Resende no com\u00edcio foi destacada pelo p\u00fablico, que tamb\u00e9m observou questionamentos sobre a lideran\u00e7a e as implica\u00e7\u00f5es pol\u00edticas.<\/p>\n<p>O com\u00edcio ocorreu em territ\u00f3rio h\u00fangaro, numa reportagem do P\u00daBLICO. As elei\u00e7\u00f5es em causa realizam-se neste domingo, com Magyar a apresentar propostas de mudan\u00e7a como oposi\u00e7\u00e3o ao governo atual. A entrevista de Resende sinaliza uma perspetiva de voto favor\u00e1vel entre parte da comunidade imigrante.<\/p>\n","protected":false},"excerpt":{"rendered":"<ul>\n<li>Vanda Resende, portuguesa a viver na Hungria h\u00e1 27 anos, participou num com\u00edcio de P\u00e9ter Magyar, candidato da oposi\u00e7\u00e3o.<\/li>\n<li>Magyar provoca um entusiasmo significativo entre os volunt\u00e1rios do partido da oposi\u00e7\u00e3o.<\/li>\n<li>H\u00e1 quem tenha perguntas sobre as propostas e o programa do candidato.<\/li>\n<li>Resende disse que, se Magyar vencer as elei\u00e7\u00f5es de domingo, vai pedir a nacionalidade h\u00fangara.<\/li>\n<li>Ela afirmou que, nesse caso, seria uma \u201corgulhosa h\u00fangara-portuguesa\u201d.<\/li>\n<\/ul>\n","protected":false},"author":2,"featured_media":439506,"comment_status":"closed","ping_status":"closed","sticky":false,"template":"","format":"standard","meta":{"footnotes":""},"categories":[6814],"tags":[68,2579,712,2435,2832,1014],"class_list":["post-439505","post","type-post","status-publish","format-standard","has-post-thumbnail","hentry","category-geopolitica","tag-eleicoes","tag-hungria","tag-imigracao","tag-nacionalidade","tag-politica","tag-portugal"],"yoast_head":"<!-- This site is optimized with the Yoast SEO plugin v27.2 - https:\/\/yoast.com\/product\/yoast-seo-wordpress\/ -->\n<title>Caso Magyar ven\u00e7a, Vanda portuguesa, torna-se h\u00fangara orgulhosa - Portal Tela Portugal<\/title>\n<meta name=\"robots\" content=\"index, follow, max-snippet:-1, max-image-preview:large, max-video-preview:-1\" \/>\n<meta property=\"og:locale\" content=\"pt_PT\" \/>\n<meta property=\"og:type\" content=\"article\" \/>\n<meta property=\"og:title\" content=\"Caso Magyar ven\u00e7a, Vanda portuguesa, torna-se h\u00fangara orgulhosa - Portal Tela Portugal\" \/>\n<meta property=\"og:description\" content=\"Vanda Resende, portuguesa a viver na Hungria h\u00e1 27 anos, participou num com\u00edcio de P\u00e9ter Magyar, candidato da oposi\u00e7\u00e3o. Magyar provoca um entusiasmo significativo entre os volunt\u00e1rios do partido da oposi\u00e7\u00e3o. H\u00e1 quem tenha perguntas sobre as propostas e o programa do candidato. Resende disse que, se Magyar vencer as elei\u00e7\u00f5es de domingo, vai pedir a nacionalidade h\u00fangara. Ela afirmou que, nesse caso, seria uma \u201corgulhosa h\u00fangara-portuguesa\u201d.\" \/>\n<meta property=\"og:url\" content=\"https:\/\/portaltela.pt\/noticias\/2026\/04\/10\/caso-magyar-venca-vanda-portuguesa-torna-se-hungara-orgulhosa\/\" \/>\n<meta property=\"og:site_name\" content=\"Portal Tela Portugal\" \/>\n<meta property=\"article:published_time\" content=\"2026-04-10T15:16:53+00:00\" \/>\n<meta name=\"author\" content=\"Telinha\" \/>\n<meta name=\"twitter:card\" content=\"summary_large_image\" \/>\n<meta name=\"twitter:label1\" content=\"Escrito por\" \/>\n\t<meta name=\"twitter:data1\" content=\"Telinha\" \/>\n\t<meta name=\"twitter:label2\" content=\"Tempo estimado de leitura\" \/>\n\t<meta name=\"twitter:data2\" content=\"1 minuto\" \/>\n<script type=\"application\/ld+json\" class=\"yoast-schema-graph\">{\"@context\":\"https:\/\/schema.org\",\"@graph\":[{\"@type\":\"Article\",\"@id\":\"https:\/\/portaltela.pt\/noticias\/2026\/04\/10\/caso-magyar-venca-vanda-portuguesa-torna-se-hungara-orgulhosa\/#article\",\"isPartOf\":{\"@id\":\"https:\/\/portaltela.pt\/noticias\/2026\/04\/10\/caso-magyar-venca-vanda-portuguesa-torna-se-hungara-orgulhosa\/\"},\"author\":{\"name\":\"Telinha\",\"@id\":\"https:\/\/portaltela.pt\/#\/schema\/person\/c4278d4a6028830caff9ee44b42d32ed\"},\"headline\":\"Caso Magyar ven\u00e7a, Vanda portuguesa, torna-se h\u00fangara orgulhosa\",\"datePublished\":\"2026-04-10T15:16:53+00:00\",\"mainEntityOfPage\":{\"@id\":\"https:\/\/portaltela.pt\/noticias\/2026\/04\/10\/caso-magyar-venca-vanda-portuguesa-torna-se-hungara-orgulhosa\/\"},\"wordCount\":144,\"image\":{\"@id\":\"https:\/\/portaltela.pt\/noticias\/2026\/04\/10\/caso-magyar-venca-vanda-portuguesa-torna-se-hungara-orgulhosa\/#primaryimage\"},\"thumbnailUrl\":\"https:\/\/portaltela.pt\/s.01k8rhncp4jt1\/2026\/04\/2080455.jpg\",\"keywords\":[\"elei\u00e7\u00f5es\",\"Hungria\",\"imigra\u00e7\u00e3o\",\"nacionalidade\",\"pol\u00edtica\",\"Portugal\"],\"articleSection\":[\"Geopol\u00edtica\"],\"inLanguage\":\"pt-PT\"},{\"@type\":\"WebPage\",\"@id\":\"https:\/\/portaltela.pt\/noticias\/2026\/04\/10\/caso-magyar-venca-vanda-portuguesa-torna-se-hungara-orgulhosa\/\",\"url\":\"https:\/\/portaltela.pt\/noticias\/2026\/04\/10\/caso-magyar-venca-vanda-portuguesa-torna-se-hungara-orgulhosa\/\",\"name\":\"Caso Magyar ven\u00e7a, Vanda portuguesa, torna-se h\u00fangara orgulhosa - Portal Tela Portugal\",\"isPartOf\":{\"@id\":\"https:\/\/portaltela.pt\/#website\"},\"primaryImageOfPage\":{\"@id\":\"https:\/\/portaltela.pt\/noticias\/2026\/04\/10\/caso-magyar-venca-vanda-portuguesa-torna-se-hungara-orgulhosa\/#primaryimage\"},\"image\":{\"@id\":\"https:\/\/portaltela.pt\/noticias\/2026\/04\/10\/caso-magyar-venca-vanda-portuguesa-torna-se-hungara-orgulhosa\/#primaryimage\"},\"thumbnailUrl\":\"https:\/\/portaltela.pt\/s.01k8rhncp4jt1\/2026\/04\/2080455.jpg\",\"datePublished\":\"2026-04-10T15:16:53+00:00\",\"author\":{\"@id\":\"https:\/\/portaltela.pt\/#\/schema\/person\/c4278d4a6028830caff9ee44b42d32ed\"},\"breadcrumb\":{\"@id\":\"https:\/\/portaltela.pt\/noticias\/2026\/04\/10\/caso-magyar-venca-vanda-portuguesa-torna-se-hungara-orgulhosa\/#breadcrumb\"},\"inLanguage\":\"pt-PT\",\"potentialAction\":[{\"@type\":\"ReadAction\",\"target\":[\"https:\/\/portaltela.pt\/noticias\/2026\/04\/10\/caso-magyar-venca-vanda-portuguesa-torna-se-hungara-orgulhosa\/\"]}]},{\"@type\":\"ImageObject\",\"inLanguage\":\"pt-PT\",\"@id\":\"https:\/\/portaltela.pt\/noticias\/2026\/04\/10\/caso-magyar-venca-vanda-portuguesa-torna-se-hungara-orgulhosa\/#primaryimage\",\"url\":\"https:\/\/portaltela.pt\/s.01k8rhncp4jt1\/2026\/04\/2080455.jpg\",\"contentUrl\":\"https:\/\/portaltela.pt\/s.01k8rhncp4jt1\/2026\/04\/2080455.jpg\",\"width\":796,\"height\":448,\"caption\":\"Peter Magyar pode derrotar Orb\u00e1n no domingo\"},{\"@type\":\"BreadcrumbList\",\"@id\":\"https:\/\/portaltela.pt\/noticias\/2026\/04\/10\/caso-magyar-venca-vanda-portuguesa-torna-se-hungara-orgulhosa\/#breadcrumb\",\"itemListElement\":[{\"@type\":\"ListItem\",\"position\":1,\"name\":\"In\u00edcio\",\"item\":\"https:\/\/portaltela.pt\/\"},{\"@type\":\"ListItem\",\"position\":2,\"name\":\"Caso Magyar ven\u00e7a, Vanda portuguesa, torna-se h\u00fangara orgulhosa\"}]},{\"@type\":\"WebSite\",\"@id\":\"https:\/\/portaltela.pt\/#website\",\"url\":\"https:\/\/portaltela.pt\/\",\"name\":\"Portal Tela Portugal\",\"description\":\"\",\"potentialAction\":[{\"@type\":\"SearchAction\",\"target\":{\"@type\":\"EntryPoint\",\"urlTemplate\":\"https:\/\/portaltela.pt\/?s={search_term_string}\"},\"query-input\":{\"@type\":\"PropertyValueSpecification\",\"valueRequired\":true,\"valueName\":\"search_term_string\"}}],\"inLanguage\":\"pt-PT\"},{\"@type\":\"Person\",\"@id\":\"https:\/\/portaltela.pt\/#\/schema\/person\/c4278d4a6028830caff9ee44b42d32ed\",\"name\":\"Telinha\",\"image\":{\"@type\":\"ImageObject\",\"inLanguage\":\"pt-PT\",\"@id\":\"https:\/\/portaltela.pt\/s.01k8rhncp4jt1\/2025\/11\/talking-bot-125x125.png\",\"url\":\"https:\/\/portaltela.pt\/s.01k8rhncp4jt1\/2025\/11\/talking-bot-125x125.png\",\"contentUrl\":\"https:\/\/portaltela.pt\/s.01k8rhncp4jt1\/2025\/11\/talking-bot-125x125.png\",\"caption\":\"Telinha\"},\"sameAs\":[\"https:\/\/portaltela.pt\/\"],\"url\":\"https:\/\/portaltela.pt\/por\/367410592786\/\"}]}<\/script>\n<!-- \/ Yoast SEO plugin. -->","yoast_head_json":{"title":"Caso Magyar ven\u00e7a, Vanda portuguesa, torna-se h\u00fangara orgulhosa - Portal Tela Portugal","robots":{"index":"index","follow":"follow","max-snippet":"max-snippet:-1","max-image-preview":"max-image-preview:large","max-video-preview":"max-video-preview:-1"},"og_locale":"pt_PT","og_type":"article","og_title":"Caso Magyar ven\u00e7a, Vanda portuguesa, torna-se h\u00fangara orgulhosa - Portal Tela Portugal","og_description":"Vanda Resende, portuguesa a viver na Hungria h\u00e1 27 anos, participou num com\u00edcio de P\u00e9ter Magyar, candidato da oposi\u00e7\u00e3o. Magyar provoca um entusiasmo significativo entre os volunt\u00e1rios do partido da oposi\u00e7\u00e3o. H\u00e1 quem tenha perguntas sobre as propostas e o programa do candidato. Resende disse que, se Magyar vencer as elei\u00e7\u00f5es de domingo, vai pedir a nacionalidade h\u00fangara. Ela afirmou que, nesse caso, seria uma \u201corgulhosa h\u00fangara-portuguesa\u201d.","og_url":"https:\/\/portaltela.pt\/noticias\/2026\/04\/10\/caso-magyar-venca-vanda-portuguesa-torna-se-hungara-orgulhosa\/","og_site_name":"Portal Tela Portugal","article_published_time":"2026-04-10T15:16:53+00:00","author":"Telinha","twitter_card":"summary_large_image","twitter_misc":{"Escrito por":"Telinha","Tempo estimado de leitura":"1 minuto"},"schema":{"@context":"https:\/\/schema.org","@graph":[{"@type":"Article","@id":"https:\/\/portaltela.pt\/noticias\/2026\/04\/10\/caso-magyar-venca-vanda-portuguesa-torna-se-hungara-orgulhosa\/#article","isPartOf":{"@id":"https:\/\/portaltela.pt\/noticias\/2026\/04\/10\/caso-magyar-venca-vanda-portuguesa-torna-se-hungara-orgulhosa\/"},"author":{"name":"Telinha","@id":"https:\/\/portaltela.pt\/#\/schema\/person\/c4278d4a6028830caff9ee44b42d32ed"},"headline":"Caso Magyar ven\u00e7a, Vanda portuguesa, torna-se h\u00fangara orgulhosa","datePublished":"2026-04-10T15:16:53+00:00","mainEntityOfPage":{"@id":"https:\/\/portaltela.pt\/noticias\/2026\/04\/10\/caso-magyar-venca-vanda-portuguesa-torna-se-hungara-orgulhosa\/"},"wordCount":144,"image":{"@id":"https:\/\/portaltela.pt\/noticias\/2026\/04\/10\/caso-magyar-venca-vanda-portuguesa-torna-se-hungara-orgulhosa\/#primaryimage"},"thumbnailUrl":"https:\/\/portaltela.pt\/s.01k8rhncp4jt1\/2026\/04\/2080455.jpg","keywords":["elei\u00e7\u00f5es","Hungria","imigra\u00e7\u00e3o","nacionalidade","pol\u00edtica","Portugal"],"articleSection":["Geopol\u00edtica"],"inLanguage":"pt-PT"},{"@type":"WebPage","@id":"https:\/\/portaltela.pt\/noticias\/2026\/04\/10\/caso-magyar-venca-vanda-portuguesa-torna-se-hungara-orgulhosa\/","url":"https:\/\/portaltela.pt\/noticias\/2026\/04\/10\/caso-magyar-venca-vanda-portuguesa-torna-se-hungara-orgulhosa\/","name":"Caso Magyar ven\u00e7a, Vanda portuguesa, torna-se h\u00fangara orgulhosa - Portal Tela Portugal","isPartOf":{"@id":"https:\/\/portaltela.pt\/#website"},"primaryImageOfPage":{"@id":"https:\/\/portaltela.pt\/noticias\/2026\/04\/10\/caso-magyar-venca-vanda-portuguesa-torna-se-hungara-orgulhosa\/#primaryimage"},"image":{"@id":"https:\/\/portaltela.pt\/noticias\/2026\/04\/10\/caso-magyar-venca-vanda-portuguesa-torna-se-hungara-orgulhosa\/#primaryimage"},"thumbnailUrl":"https:\/\/portaltela.pt\/s.01k8rhncp4jt1\/2026\/04\/2080455.jpg","datePublished":"2026-04-10T15:16:53+00:00","author":{"@id":"https:\/\/portaltela.pt\/#\/schema\/person\/c4278d4a6028830caff9ee44b42d32ed"},"breadcrumb":{"@id":"https:\/\/portaltela.pt\/noticias\/2026\/04\/10\/caso-magyar-venca-vanda-portuguesa-torna-se-hungara-orgulhosa\/#breadcrumb"},"inLanguage":"pt-PT","potentialAction":[{"@type":"ReadAction","target":["https:\/\/portaltela.pt\/noticias\/2026\/04\/10\/caso-magyar-venca-vanda-portuguesa-torna-se-hungara-orgulhosa\/"]}]},{"@type":"ImageObject","inLanguage":"pt-PT","@id":"https:\/\/portaltela.pt\/noticias\/2026\/04\/10\/caso-magyar-venca-vanda-portuguesa-torna-se-hungara-orgulhosa\/#primaryimage","url":"https:\/\/portaltela.pt\/s.01k8rhncp4jt1\/2026\/04\/2080455.jpg","contentUrl":"https:\/\/portaltela.pt\/s.01k8rhncp4jt1\/2026\/04\/2080455.jpg","width":796,"height":448,"caption":"Peter Magyar pode derrotar Orb\u00e1n no domingo"},{"@type":"BreadcrumbList","@id":"https:\/\/portaltela.pt\/noticias\/2026\/04\/10\/caso-magyar-venca-vanda-portuguesa-torna-se-hungara-orgulhosa\/#breadcrumb","itemListElement":[{"@type":"ListItem","position":1,"name":"In\u00edcio","item":"https:\/\/portaltela.pt\/"},{"@type":"ListItem","position":2,"name":"Caso Magyar ven\u00e7a, Vanda portuguesa, torna-se h\u00fangara orgulhosa"}]},{"@type":"WebSite","@id":"https:\/\/portaltela.pt\/#website","url":"https:\/\/portaltela.pt\/","name":"Portal Tela Portugal","description":"","potentialAction":[{"@type":"SearchAction","target":{"@type":"EntryPoint","urlTemplate":"https:\/\/portaltela.pt\/?s={search_term_string}"},"query-input":{"@type":"PropertyValueSpecification","valueRequired":true,"valueName":"search_term_string"}}],"inLanguage":"pt-PT"},{"@type":"Person","@id":"https:\/\/portaltela.pt\/#\/schema\/person\/c4278d4a6028830caff9ee44b42d32ed","name":"Telinha","image":{"@type":"ImageObject","inLanguage":"pt-PT","@id":"https:\/\/portaltela.pt\/s.01k8rhncp4jt1\/2025\/11\/talking-bot-125x125.png","url":"https:\/\/portaltela.pt\/s.01k8rhncp4jt1\/2025\/11\/talking-bot-125x125.png","contentUrl":"https:\/\/portaltela.pt\/s.01k8rhncp4jt1\/2025\/11\/talking-bot-125x125.png","caption":"Telinha"},"sameAs":["https:\/\/portaltela.pt\/"],"url":"https:\/\/portaltela.pt\/por\/367410592786\/"}]}},"_links":{"self":[{"href":"https:\/\/portaltela.pt\/api\/wp\/v2\/posts\/439505","targetHints":{"allow":["GET"]}}],"collection":[{"href":"https:\/\/portaltela.pt\/api\/wp\/v2\/posts"}],"about":[{"href":"https:\/\/portaltela.pt\/api\/wp\/v2\/types\/post"}],"author":[{"embeddable":true,"href":"https:\/\/portaltela.pt\/api\/wp\/v2\/users\/2"}],"replies":[{"embeddable":true,"href":"https:\/\/portaltela.pt\/api\/wp\/v2\/comments?post=439505"}],"version-history":[{"count":0,"href":"https:\/\/portaltela.pt\/api\/wp\/v2\/posts\/439505\/revisions"}],"wp:featuredmedia":[{"embeddable":true,"href":"https:\/\/portaltela.pt\/api\/wp\/v2\/media\/439506"}],"wp:attachment":[{"href":"https:\/\/portaltela.pt\/api\/wp\/v2\/media?parent=439505"}],"wp:term":[{"taxonomy":"category","embeddable":true,"href":"https:\/\/portaltela.pt\/api\/wp\/v2\/categories?post=439505"},{"taxonomy":"post_tag","embeddable":true,"href":"https:\/\/portaltela.pt\/api\/wp\/v2\/tags?post=439505"}],"curies":[{"name":"wp","href":"https:\/\/api.w.org\/{rel}","templated":true}]}}