{"id":439498,"date":"2026-04-10T12:02:47","date_gmt":"2026-04-10T15:02:47","guid":{"rendered":"https:\/\/portaltela.pt\/noticias\/2026\/04\/10\/antigo-dirigente-do-fc-porto-jose-manuel-matos-fernandes-morre-aos-85\/"},"modified":"2026-04-10T12:02:47","modified_gmt":"2026-04-10T15:02:47","slug":"antigo-dirigente-do-fc-porto-jose-manuel-matos-fernandes-morre-aos-85","status":"publish","type":"post","link":"https:\/\/portaltela.pt\/desporto\/futebol\/2026\/04\/10\/antigo-dirigente-do-fc-porto-jose-manuel-matos-fernandes-morre-aos-85\/","title":{"rendered":"Antigo dirigente do FC Porto, Jos\u00e9 Manuel Matos Fernandes, morre aos 85"},"content":{"rendered":"<p>O antigo dirigente do F. C. Porto Jos\u00e9 Manuel Matos Fernandes faleceu aos 85 anos. Desempenhou o cargo de presidente da Mesa da Assembleia-Geral (MAG) do clube e da SAD, sendo distinguido com dois Drag\u00f5es de Ouro.<\/p>\n<p>O F. C. Porto divulgou uma nota de pesar, apontando a liga\u00e7\u00e3o pr\u00f3xima de Matos Fernandes ao clube, desde a sua condi\u00e7\u00e3o de associado at\u00e9 \u00e0 fun\u00e7\u00e3o de dirigente. O clube lembra ainda os galard\u00f5es recebidos: Adepto do Ano (2008) e Dirigente do Ano (2018).<\/p>\n<p>Em janeiro de 2020, Matos Fernandes encerrou a participa\u00e7\u00e3o institucional no F. C. Porto. Foi pai de Jo\u00e3o Pedro Matos Fernandes, ministro do Ambiente (2015-2018) e do Ambiente e Transi\u00e7\u00e3o Energ\u00e9tica (2018-2022) nos XXI e XXII Governos constitucionais. Exerceu ainda fun\u00e7\u00f5es como juiz desembargador no Tribunal da Rela\u00e7\u00e3o do Porto e, em 1996, foi nomeado juiz conselheiro no Supremo Tribunal de Justi\u00e7a.<\/p>\n<h3>Carreira<\/h3>\n<p>Matos Fernandes destacou-se no universo desportivo pela lideran\u00e7a na MAG e na administra\u00e7\u00e3o da SAD do F. C. Porto. Acesso a cargos de gest\u00e3o foi marcado por reconhecimento interno do clube e pela liga\u00e7\u00e3o duradoura ao guarda-redes de dire\u00e7\u00e3o azul e branco.<\/p>\n<h3>Legado familiar<\/h3>\n<p>Entre as refer\u00eancias p\u00fablicas, conta-se a rela\u00e7\u00e3o familiar com o atual panorama pol\u00edtico, atrav\u00e9s do filho que ocupou cargos de relev\u00e2ncia no governo. O F. C. Porto n\u00e3o adianta detalhes adicionais neste momento, limitando-se a registar o falecimento e as notas de pesar oficiais.<\/p>\n","protected":false},"excerpt":{"rendered":"<ul>\n<li>O antigo dirigente do F. C. Porto, Jos\u00e9 Manuel Matos Fernandes, morreu aos 85 anos.<\/li>\n<li>Ex-presidente da Mesa da Assembleia-Geral (MAG) e da Sociedade An\u00f4nima Desportiva (SAD) do clube, foi distinguido com dois Drag\u00f5es de Ouro.<\/li>\n<li>O F. C. Porto emitiu uma nota de condol\u00eancias, lembrando a liga\u00e7\u00e3o pr\u00f3xima de Matos Fernandes ao clube, desde associado a dirigente.<\/li>\n<li>Encerrrou a participa\u00e7\u00e3o institucional no F. C. Porto em janeiro de 2020.<\/li>\n<li>Pai do ministro Jo\u00e3o Pedro Matos Fernandes, foi juiz desembargador e, em 1996, nomeado juiz conselheiro no Supremo Tribunal de Justi\u00e7a.<\/li>\n<\/ul>\n","protected":false},"author":2,"featured_media":439499,"comment_status":"closed","ping_status":"closed","sticky":false,"template":"","format":"standard","meta":{"footnotes":""},"categories":[21,24],"tags":[152,1748,2028,32,982,4014],"class_list":["post-439498","post","type-post","status-publish","format-standard","has-post-thumbnail","hentry","category-desporto","category-futebol","tag-desporto","tag-dirigentes","tag-fc-porto","tag-futebol","tag-porto","tag-sad"],"yoast_head":"<!-- This site is optimized with the Yoast SEO plugin v27.2 - https:\/\/yoast.com\/product\/yoast-seo-wordpress\/ -->\n<title>Antigo dirigente do FC Porto, Jos\u00e9 Manuel Matos Fernandes, morre aos 85 - Portal Tela Portugal<\/title>\n<meta name=\"robots\" content=\"index, follow, max-snippet:-1, max-image-preview:large, max-video-preview:-1\" \/>\n<meta property=\"og:locale\" content=\"pt_PT\" \/>\n<meta property=\"og:type\" content=\"article\" \/>\n<meta property=\"og:title\" content=\"Antigo dirigente do FC Porto, Jos\u00e9 Manuel Matos Fernandes, morre aos 85 - Portal Tela Portugal\" \/>\n<meta property=\"og:description\" content=\"O antigo dirigente do F. C. Porto, Jos\u00e9 Manuel Matos Fernandes, morreu aos 85 anos. Ex-presidente da Mesa da Assembleia-Geral (MAG) e da Sociedade An\u00f4nima Desportiva (SAD) do clube, foi distinguido com dois Drag\u00f5es de Ouro. O F. C. Porto emitiu uma nota de condol\u00eancias, lembrando a liga\u00e7\u00e3o pr\u00f3xima de Matos Fernandes ao clube, desde associado a dirigente. Encerrrou a participa\u00e7\u00e3o institucional no F. C. Porto em janeiro de 2020. Pai do ministro Jo\u00e3o Pedro Matos Fernandes, foi juiz desembargador e, em 1996, nomeado juiz conselheiro no Supremo Tribunal de Justi\u00e7a.\" \/>\n<meta property=\"og:url\" content=\"https:\/\/portaltela.pt\/noticias\/2026\/04\/10\/antigo-dirigente-do-fc-porto-jose-manuel-matos-fernandes-morre-aos-85\/\" \/>\n<meta property=\"og:site_name\" content=\"Portal Tela Portugal\" \/>\n<meta property=\"article:published_time\" content=\"2026-04-10T15:02:47+00:00\" \/>\n<meta name=\"author\" content=\"Telinha\" \/>\n<meta name=\"twitter:card\" content=\"summary_large_image\" \/>\n<meta name=\"twitter:label1\" content=\"Escrito por\" \/>\n\t<meta name=\"twitter:data1\" content=\"Telinha\" \/>\n\t<meta name=\"twitter:label2\" content=\"Tempo estimado de leitura\" \/>\n\t<meta name=\"twitter:data2\" content=\"1 minuto\" \/>\n<script type=\"application\/ld+json\" class=\"yoast-schema-graph\">{\"@context\":\"https:\/\/schema.org\",\"@graph\":[{\"@type\":\"Article\",\"@id\":\"https:\/\/portaltela.pt\/noticias\/2026\/04\/10\/antigo-dirigente-do-fc-porto-jose-manuel-matos-fernandes-morre-aos-85\/#article\",\"isPartOf\":{\"@id\":\"https:\/\/portaltela.pt\/noticias\/2026\/04\/10\/antigo-dirigente-do-fc-porto-jose-manuel-matos-fernandes-morre-aos-85\/\"},\"author\":{\"name\":\"Telinha\",\"@id\":\"https:\/\/portaltela.pt\/#\/schema\/person\/c4278d4a6028830caff9ee44b42d32ed\"},\"headline\":\"Antigo dirigente do FC Porto, Jos\u00e9 Manuel Matos Fernandes, morre aos 85\",\"datePublished\":\"2026-04-10T15:02:47+00:00\",\"mainEntityOfPage\":{\"@id\":\"https:\/\/portaltela.pt\/noticias\/2026\/04\/10\/antigo-dirigente-do-fc-porto-jose-manuel-matos-fernandes-morre-aos-85\/\"},\"wordCount\":263,\"image\":{\"@id\":\"https:\/\/portaltela.pt\/noticias\/2026\/04\/10\/antigo-dirigente-do-fc-porto-jose-manuel-matos-fernandes-morre-aos-85\/#primaryimage\"},\"thumbnailUrl\":\"https:\/\/portaltela.pt\/s.01k8rhncp4jt1\/2026\/04\/image-605.jpg\",\"keywords\":[\"desporto\",\"Dirigentes\",\"FC Porto\",\"futebol\",\"Porto\",\"SAD\"],\"articleSection\":[\"Desporto\",\"Futebol\"],\"inLanguage\":\"pt-PT\"},{\"@type\":\"WebPage\",\"@id\":\"https:\/\/portaltela.pt\/noticias\/2026\/04\/10\/antigo-dirigente-do-fc-porto-jose-manuel-matos-fernandes-morre-aos-85\/\",\"url\":\"https:\/\/portaltela.pt\/noticias\/2026\/04\/10\/antigo-dirigente-do-fc-porto-jose-manuel-matos-fernandes-morre-aos-85\/\",\"name\":\"Antigo dirigente do FC Porto, Jos\u00e9 Manuel Matos Fernandes, morre aos 85 - Portal Tela Portugal\",\"isPartOf\":{\"@id\":\"https:\/\/portaltela.pt\/#website\"},\"primaryImageOfPage\":{\"@id\":\"https:\/\/portaltela.pt\/noticias\/2026\/04\/10\/antigo-dirigente-do-fc-porto-jose-manuel-matos-fernandes-morre-aos-85\/#primaryimage\"},\"image\":{\"@id\":\"https:\/\/portaltela.pt\/noticias\/2026\/04\/10\/antigo-dirigente-do-fc-porto-jose-manuel-matos-fernandes-morre-aos-85\/#primaryimage\"},\"thumbnailUrl\":\"https:\/\/portaltela.pt\/s.01k8rhncp4jt1\/2026\/04\/image-605.jpg\",\"datePublished\":\"2026-04-10T15:02:47+00:00\",\"author\":{\"@id\":\"https:\/\/portaltela.pt\/#\/schema\/person\/c4278d4a6028830caff9ee44b42d32ed\"},\"breadcrumb\":{\"@id\":\"https:\/\/portaltela.pt\/noticias\/2026\/04\/10\/antigo-dirigente-do-fc-porto-jose-manuel-matos-fernandes-morre-aos-85\/#breadcrumb\"},\"inLanguage\":\"pt-PT\",\"potentialAction\":[{\"@type\":\"ReadAction\",\"target\":[\"https:\/\/portaltela.pt\/noticias\/2026\/04\/10\/antigo-dirigente-do-fc-porto-jose-manuel-matos-fernandes-morre-aos-85\/\"]}]},{\"@type\":\"ImageObject\",\"inLanguage\":\"pt-PT\",\"@id\":\"https:\/\/portaltela.pt\/noticias\/2026\/04\/10\/antigo-dirigente-do-fc-porto-jose-manuel-matos-fernandes-morre-aos-85\/#primaryimage\",\"url\":\"https:\/\/portaltela.pt\/s.01k8rhncp4jt1\/2026\/04\/image-605.jpg\",\"contentUrl\":\"https:\/\/portaltela.pt\/s.01k8rhncp4jt1\/2026\/04\/image-605.jpg\",\"width\":796,\"height\":448,\"caption\":\"Antigo dirigente homenageado\"},{\"@type\":\"BreadcrumbList\",\"@id\":\"https:\/\/portaltela.pt\/noticias\/2026\/04\/10\/antigo-dirigente-do-fc-porto-jose-manuel-matos-fernandes-morre-aos-85\/#breadcrumb\",\"itemListElement\":[{\"@type\":\"ListItem\",\"position\":1,\"name\":\"In\u00edcio\",\"item\":\"https:\/\/portaltela.pt\/\"},{\"@type\":\"ListItem\",\"position\":2,\"name\":\"Antigo dirigente do FC Porto, Jos\u00e9 Manuel Matos Fernandes, morre aos 85\"}]},{\"@type\":\"WebSite\",\"@id\":\"https:\/\/portaltela.pt\/#website\",\"url\":\"https:\/\/portaltela.pt\/\",\"name\":\"Portal Tela Portugal\",\"description\":\"\",\"potentialAction\":[{\"@type\":\"SearchAction\",\"target\":{\"@type\":\"EntryPoint\",\"urlTemplate\":\"https:\/\/portaltela.pt\/?s={search_term_string}\"},\"query-input\":{\"@type\":\"PropertyValueSpecification\",\"valueRequired\":true,\"valueName\":\"search_term_string\"}}],\"inLanguage\":\"pt-PT\"},{\"@type\":\"Person\",\"@id\":\"https:\/\/portaltela.pt\/#\/schema\/person\/c4278d4a6028830caff9ee44b42d32ed\",\"name\":\"Telinha\",\"image\":{\"@type\":\"ImageObject\",\"inLanguage\":\"pt-PT\",\"@id\":\"https:\/\/portaltela.pt\/s.01k8rhncp4jt1\/2025\/11\/talking-bot-125x125.png\",\"url\":\"https:\/\/portaltela.pt\/s.01k8rhncp4jt1\/2025\/11\/talking-bot-125x125.png\",\"contentUrl\":\"https:\/\/portaltela.pt\/s.01k8rhncp4jt1\/2025\/11\/talking-bot-125x125.png\",\"caption\":\"Telinha\"},\"sameAs\":[\"https:\/\/portaltela.pt\/\"],\"url\":\"https:\/\/portaltela.pt\/por\/367410592786\/\"}]}<\/script>\n<!-- \/ Yoast SEO plugin. -->","yoast_head_json":{"title":"Antigo dirigente do FC Porto, Jos\u00e9 Manuel Matos Fernandes, morre aos 85 - Portal Tela Portugal","robots":{"index":"index","follow":"follow","max-snippet":"max-snippet:-1","max-image-preview":"max-image-preview:large","max-video-preview":"max-video-preview:-1"},"og_locale":"pt_PT","og_type":"article","og_title":"Antigo dirigente do FC Porto, Jos\u00e9 Manuel Matos Fernandes, morre aos 85 - Portal Tela Portugal","og_description":"O antigo dirigente do F. C. Porto, Jos\u00e9 Manuel Matos Fernandes, morreu aos 85 anos. Ex-presidente da Mesa da Assembleia-Geral (MAG) e da Sociedade An\u00f4nima Desportiva (SAD) do clube, foi distinguido com dois Drag\u00f5es de Ouro. O F. C. Porto emitiu uma nota de condol\u00eancias, lembrando a liga\u00e7\u00e3o pr\u00f3xima de Matos Fernandes ao clube, desde associado a dirigente. Encerrrou a participa\u00e7\u00e3o institucional no F. C. Porto em janeiro de 2020. Pai do ministro Jo\u00e3o Pedro Matos Fernandes, foi juiz desembargador e, em 1996, nomeado juiz conselheiro no Supremo Tribunal de Justi\u00e7a.","og_url":"https:\/\/portaltela.pt\/noticias\/2026\/04\/10\/antigo-dirigente-do-fc-porto-jose-manuel-matos-fernandes-morre-aos-85\/","og_site_name":"Portal Tela Portugal","article_published_time":"2026-04-10T15:02:47+00:00","author":"Telinha","twitter_card":"summary_large_image","twitter_misc":{"Escrito por":"Telinha","Tempo estimado de leitura":"1 minuto"},"schema":{"@context":"https:\/\/schema.org","@graph":[{"@type":"Article","@id":"https:\/\/portaltela.pt\/noticias\/2026\/04\/10\/antigo-dirigente-do-fc-porto-jose-manuel-matos-fernandes-morre-aos-85\/#article","isPartOf":{"@id":"https:\/\/portaltela.pt\/noticias\/2026\/04\/10\/antigo-dirigente-do-fc-porto-jose-manuel-matos-fernandes-morre-aos-85\/"},"author":{"name":"Telinha","@id":"https:\/\/portaltela.pt\/#\/schema\/person\/c4278d4a6028830caff9ee44b42d32ed"},"headline":"Antigo dirigente do FC Porto, Jos\u00e9 Manuel Matos Fernandes, morre aos 85","datePublished":"2026-04-10T15:02:47+00:00","mainEntityOfPage":{"@id":"https:\/\/portaltela.pt\/noticias\/2026\/04\/10\/antigo-dirigente-do-fc-porto-jose-manuel-matos-fernandes-morre-aos-85\/"},"wordCount":263,"image":{"@id":"https:\/\/portaltela.pt\/noticias\/2026\/04\/10\/antigo-dirigente-do-fc-porto-jose-manuel-matos-fernandes-morre-aos-85\/#primaryimage"},"thumbnailUrl":"https:\/\/portaltela.pt\/s.01k8rhncp4jt1\/2026\/04\/image-605.jpg","keywords":["desporto","Dirigentes","FC Porto","futebol","Porto","SAD"],"articleSection":["Desporto","Futebol"],"inLanguage":"pt-PT"},{"@type":"WebPage","@id":"https:\/\/portaltela.pt\/noticias\/2026\/04\/10\/antigo-dirigente-do-fc-porto-jose-manuel-matos-fernandes-morre-aos-85\/","url":"https:\/\/portaltela.pt\/noticias\/2026\/04\/10\/antigo-dirigente-do-fc-porto-jose-manuel-matos-fernandes-morre-aos-85\/","name":"Antigo dirigente do FC Porto, Jos\u00e9 Manuel Matos Fernandes, morre aos 85 - Portal Tela Portugal","isPartOf":{"@id":"https:\/\/portaltela.pt\/#website"},"primaryImageOfPage":{"@id":"https:\/\/portaltela.pt\/noticias\/2026\/04\/10\/antigo-dirigente-do-fc-porto-jose-manuel-matos-fernandes-morre-aos-85\/#primaryimage"},"image":{"@id":"https:\/\/portaltela.pt\/noticias\/2026\/04\/10\/antigo-dirigente-do-fc-porto-jose-manuel-matos-fernandes-morre-aos-85\/#primaryimage"},"thumbnailUrl":"https:\/\/portaltela.pt\/s.01k8rhncp4jt1\/2026\/04\/image-605.jpg","datePublished":"2026-04-10T15:02:47+00:00","author":{"@id":"https:\/\/portaltela.pt\/#\/schema\/person\/c4278d4a6028830caff9ee44b42d32ed"},"breadcrumb":{"@id":"https:\/\/portaltela.pt\/noticias\/2026\/04\/10\/antigo-dirigente-do-fc-porto-jose-manuel-matos-fernandes-morre-aos-85\/#breadcrumb"},"inLanguage":"pt-PT","potentialAction":[{"@type":"ReadAction","target":["https:\/\/portaltela.pt\/noticias\/2026\/04\/10\/antigo-dirigente-do-fc-porto-jose-manuel-matos-fernandes-morre-aos-85\/"]}]},{"@type":"ImageObject","inLanguage":"pt-PT","@id":"https:\/\/portaltela.pt\/noticias\/2026\/04\/10\/antigo-dirigente-do-fc-porto-jose-manuel-matos-fernandes-morre-aos-85\/#primaryimage","url":"https:\/\/portaltela.pt\/s.01k8rhncp4jt1\/2026\/04\/image-605.jpg","contentUrl":"https:\/\/portaltela.pt\/s.01k8rhncp4jt1\/2026\/04\/image-605.jpg","width":796,"height":448,"caption":"Antigo dirigente homenageado"},{"@type":"BreadcrumbList","@id":"https:\/\/portaltela.pt\/noticias\/2026\/04\/10\/antigo-dirigente-do-fc-porto-jose-manuel-matos-fernandes-morre-aos-85\/#breadcrumb","itemListElement":[{"@type":"ListItem","position":1,"name":"In\u00edcio","item":"https:\/\/portaltela.pt\/"},{"@type":"ListItem","position":2,"name":"Antigo dirigente do FC Porto, Jos\u00e9 Manuel Matos Fernandes, morre aos 85"}]},{"@type":"WebSite","@id":"https:\/\/portaltela.pt\/#website","url":"https:\/\/portaltela.pt\/","name":"Portal Tela Portugal","description":"","potentialAction":[{"@type":"SearchAction","target":{"@type":"EntryPoint","urlTemplate":"https:\/\/portaltela.pt\/?s={search_term_string}"},"query-input":{"@type":"PropertyValueSpecification","valueRequired":true,"valueName":"search_term_string"}}],"inLanguage":"pt-PT"},{"@type":"Person","@id":"https:\/\/portaltela.pt\/#\/schema\/person\/c4278d4a6028830caff9ee44b42d32ed","name":"Telinha","image":{"@type":"ImageObject","inLanguage":"pt-PT","@id":"https:\/\/portaltela.pt\/s.01k8rhncp4jt1\/2025\/11\/talking-bot-125x125.png","url":"https:\/\/portaltela.pt\/s.01k8rhncp4jt1\/2025\/11\/talking-bot-125x125.png","contentUrl":"https:\/\/portaltela.pt\/s.01k8rhncp4jt1\/2025\/11\/talking-bot-125x125.png","caption":"Telinha"},"sameAs":["https:\/\/portaltela.pt\/"],"url":"https:\/\/portaltela.pt\/por\/367410592786\/"}]}},"_links":{"self":[{"href":"https:\/\/portaltela.pt\/api\/wp\/v2\/posts\/439498","targetHints":{"allow":["GET"]}}],"collection":[{"href":"https:\/\/portaltela.pt\/api\/wp\/v2\/posts"}],"about":[{"href":"https:\/\/portaltela.pt\/api\/wp\/v2\/types\/post"}],"author":[{"embeddable":true,"href":"https:\/\/portaltela.pt\/api\/wp\/v2\/users\/2"}],"replies":[{"embeddable":true,"href":"https:\/\/portaltela.pt\/api\/wp\/v2\/comments?post=439498"}],"version-history":[{"count":0,"href":"https:\/\/portaltela.pt\/api\/wp\/v2\/posts\/439498\/revisions"}],"wp:featuredmedia":[{"embeddable":true,"href":"https:\/\/portaltela.pt\/api\/wp\/v2\/media\/439499"}],"wp:attachment":[{"href":"https:\/\/portaltela.pt\/api\/wp\/v2\/media?parent=439498"}],"wp:term":[{"taxonomy":"category","embeddable":true,"href":"https:\/\/portaltela.pt\/api\/wp\/v2\/categories?post=439498"},{"taxonomy":"post_tag","embeddable":true,"href":"https:\/\/portaltela.pt\/api\/wp\/v2\/tags?post=439498"}],"curies":[{"name":"wp","href":"https:\/\/api.w.org\/{rel}","templated":true}]}}