{"id":439494,"date":"2026-04-10T12:02:37","date_gmt":"2026-04-10T15:02:37","guid":{"rendered":"https:\/\/portaltela.pt\/noticias\/2026\/04\/10\/princesa-herdeira-mette-marit-reaparece-com-canula-nasal-de-oxigenio\/"},"modified":"2026-04-10T12:02:37","modified_gmt":"2026-04-10T15:02:37","slug":"princesa-herdeira-mette-marit-reaparece-com-canula-nasal-de-oxigenio","status":"publish","type":"post","link":"https:\/\/portaltela.pt\/sociedade\/2026\/04\/10\/princesa-herdeira-mette-marit-reaparece-com-canula-nasal-de-oxigenio\/","title":{"rendered":"Princesa herdeira Mette-Marit reaparece com c\u00e2nula nasal de oxig\u00e9nio"},"content":{"rendered":"<p>A princesa herdeira Mette-Marit da Noruega reapareceu em p\u00fablico esta sexta-feira, usando uma c\u00e2nula nasal de oxig\u00e9nio ligada a um dispositivo carregado por um funcion\u00e1rio do Pal\u00e1cio Real. Aos 52 anos, a esposa do pr\u00edncipe herdeiro Haakon vive com fibrose pulmonar, uma condi\u00e7\u00e3o incur\u00e1vel que pode causar dificuldades respirat\u00f3rias graves.<\/p>\n<p>O Pal\u00e1cio Real confirmou que a herdeira dever\u00e1 ser submentida a transplanta\u00e7\u00e3o. A apari\u00e7\u00e3o ocorreu em Oslo, numa rece\u00e7\u00e3o para atletas paral\u00edmpicos noruegueses, na presen\u00e7a do marido e dos dois filhos, a princesa Ingrid Alexandra e o pr\u00edncipe Sverre Magnus.<\/p>\n<p>Nos \u00faltimos meses, Mette-Marit tem enfrentado um per\u00edodo particularmente dif\u00edcil. Em janeiro, a divulga\u00e7\u00e3o de uma grande quantidade de documentos nos EUA revelou correspond\u00eancia frequente entre 2011 e 2014 entre a princesa e Jeffrey Epstein, criminosa sexual j\u00e1 falecida.<\/p>\n<h3>Contexto familiar e institucional<\/h3>\n<p>Al\u00e9m das quest\u00f5es de sa\u00fade, o foco p\u00fablico se voltou tamb\u00e9m para o filho mais velho de Mette-Marit, Marius Borg H\u00f8iby, que enfrenta problemas judiciais ligados a acusa\u00e7\u00f5es de viola\u00e7\u00e3o e agress\u00e3o sexual. O jovem reconhece parte dos factos, mas contesta as acusa\u00e7\u00f5es mais graves.<\/p>\n<p>Em mar\u00e7o, a promotoria solicitou uma pena de sete anos e sete meses de pris\u00e3o para H\u00f8iby. Atualmente, ele n\u00e3o \u00e9 formalmente membro da fam\u00edlia real norueguesa, e o caso tem tido impacto na percep\u00e7\u00e3o p\u00fablica da monarquia.<\/p>\n<p>Pesquisas indicam uma oposi\u00e7\u00e3o significativa entre os noruegueses \u00e0 eventual ascens\u00e3o de Mette-Marit ao trono, acompanhando o debate sobre o futuro da dinastia e a relev\u00e2ncia institucional da monarquia no pa\u00eds.<\/p>\n","protected":false},"excerpt":{"rendered":"<ul>\n<li>A princesa herdeira Mette-Marit reapareceu em p\u00fablico nesta sexta-feira em Os\u00adlo com uma c\u00e2nula nasal de oxig\u00e9nio ligada a um aparelho carregado por um funcion\u00e1rio do Pal\u00e1cio Real.<\/li>\n<li>Diagnosticada com fibrose pulmonar, tem 52 anos e enfrenta uma condi\u00e7\u00e3o incur\u00e1vel que pode exigir transplante, segundo informou o Pal\u00e1cio Real.<\/li>\n<li>Participou numa rece\u00e7\u00e3o para atletas paral\u00edmpicos noruegueses, acompanhada pelo marido, o pr\u00edncipe herdeiro Haakon, e pelos filhos Ingrid Alexandra e Sverre Magnus.<\/li>\n<li>Nos \u00faltimos meses houve desgaste da imagem da monarquia ap\u00f3s a divulga\u00e7\u00e3o de documentos que revelam correspond\u00eancia entre Mette-Marit e Jeffrey Epstein entre 2011 e 2014, al\u00e9m de problemas judiciais do filho mais velho, Marius Borg H\u00f8iby.<\/li>\n<li>Em mar\u00e7o, a promotoria pediu uma pena de sete anos e sete meses de pris\u00e3o para H\u00f8iby; a maioria dos noruegueses op\u00f5e-se \u00e0 ascens\u00e3o de Mette-Marit ao trono.<\/li>\n<\/ul>\n","protected":false},"author":2,"featured_media":439497,"comment_status":"closed","ping_status":"closed","sticky":false,"template":"","format":"standard","meta":{"footnotes":""},"categories":[6745,6871],"tags":[147,3990,64,2125,5661,172],"class_list":["post-439494","post","type-post","status-publish","format-standard","has-post-thumbnail","hentry","category-saude","category-sociedade","tag-crime","tag-crimes-sexuais","tag-familia","tag-noruega","tag-pessoas-publicas","tag-saude"],"yoast_head":"<!-- This site is optimized with the Yoast SEO plugin v27.2 - https:\/\/yoast.com\/product\/yoast-seo-wordpress\/ -->\n<title>Princesa herdeira Mette-Marit reaparece com c\u00e2nula nasal de oxig\u00e9nio - Portal Tela Portugal<\/title>\n<meta name=\"robots\" content=\"index, follow, max-snippet:-1, max-image-preview:large, max-video-preview:-1\" \/>\n<meta property=\"og:locale\" content=\"pt_PT\" \/>\n<meta property=\"og:type\" content=\"article\" \/>\n<meta property=\"og:title\" content=\"Princesa herdeira Mette-Marit reaparece com c\u00e2nula nasal de oxig\u00e9nio - Portal Tela Portugal\" \/>\n<meta property=\"og:description\" content=\"A princesa herdeira Mette-Marit reapareceu em p\u00fablico nesta sexta-feira em Os\u00adlo com uma c\u00e2nula nasal de oxig\u00e9nio ligada a um aparelho carregado por um funcion\u00e1rio do Pal\u00e1cio Real. Diagnosticada com fibrose pulmonar, tem 52 anos e enfrenta uma condi\u00e7\u00e3o incur\u00e1vel que pode exigir transplante, segundo informou o Pal\u00e1cio Real. Participou numa rece\u00e7\u00e3o para atletas paral\u00edmpicos noruegueses, acompanhada pelo marido, o pr\u00edncipe herdeiro Haakon, e pelos filhos Ingrid Alexandra e Sverre Magnus. Nos \u00faltimos meses houve desgaste da imagem da monarquia ap\u00f3s a divulga\u00e7\u00e3o de documentos que revelam correspond\u00eancia entre Mette-Marit e Jeffrey Epstein entre 2011 e 2014, al\u00e9m de problemas judiciais do filho mais velho, Marius Borg H\u00f8iby. Em mar\u00e7o, a promotoria pediu uma pena de sete anos e sete meses de pris\u00e3o para H\u00f8iby; a maioria dos noruegueses op\u00f5e-se \u00e0 ascens\u00e3o de Mette-Marit ao trono.\" \/>\n<meta property=\"og:url\" content=\"https:\/\/portaltela.pt\/noticias\/2026\/04\/10\/princesa-herdeira-mette-marit-reaparece-com-canula-nasal-de-oxigenio\/\" \/>\n<meta property=\"og:site_name\" content=\"Portal Tela Portugal\" \/>\n<meta property=\"article:published_time\" content=\"2026-04-10T15:02:37+00:00\" \/>\n<meta name=\"author\" content=\"Telinha\" \/>\n<meta name=\"twitter:card\" content=\"summary_large_image\" \/>\n<meta name=\"twitter:label1\" content=\"Escrito por\" \/>\n\t<meta name=\"twitter:data1\" content=\"Telinha\" \/>\n\t<meta name=\"twitter:label2\" content=\"Tempo estimado de leitura\" \/>\n\t<meta name=\"twitter:data2\" content=\"1 minuto\" \/>\n<script type=\"application\/ld+json\" class=\"yoast-schema-graph\">{\"@context\":\"https:\/\/schema.org\",\"@graph\":[{\"@type\":\"Article\",\"@id\":\"https:\/\/portaltela.pt\/noticias\/2026\/04\/10\/princesa-herdeira-mette-marit-reaparece-com-canula-nasal-de-oxigenio\/#article\",\"isPartOf\":{\"@id\":\"https:\/\/portaltela.pt\/noticias\/2026\/04\/10\/princesa-herdeira-mette-marit-reaparece-com-canula-nasal-de-oxigenio\/\"},\"author\":{\"name\":\"Telinha\",\"@id\":\"https:\/\/portaltela.pt\/#\/schema\/person\/c4278d4a6028830caff9ee44b42d32ed\"},\"headline\":\"Princesa herdeira Mette-Marit reaparece com c\u00e2nula nasal de oxig\u00e9nio\",\"datePublished\":\"2026-04-10T15:02:37+00:00\",\"mainEntityOfPage\":{\"@id\":\"https:\/\/portaltela.pt\/noticias\/2026\/04\/10\/princesa-herdeira-mette-marit-reaparece-com-canula-nasal-de-oxigenio\/\"},\"wordCount\":294,\"image\":{\"@id\":\"https:\/\/portaltela.pt\/noticias\/2026\/04\/10\/princesa-herdeira-mette-marit-reaparece-com-canula-nasal-de-oxigenio\/#primaryimage\"},\"thumbnailUrl\":\"https:\/\/portaltela.pt\/s.01k8rhncp4jt1\/2026\/04\/image-604.jpg\",\"keywords\":[\"crime\",\"crimes sexuais\",\"fam\u00edlia\",\"Noruega\",\"pessoas p\u00fablicas\",\"sa\u00fade\"],\"articleSection\":[\"Sa\u00fade\",\"Sociedade\"],\"inLanguage\":\"pt-PT\"},{\"@type\":\"WebPage\",\"@id\":\"https:\/\/portaltela.pt\/noticias\/2026\/04\/10\/princesa-herdeira-mette-marit-reaparece-com-canula-nasal-de-oxigenio\/\",\"url\":\"https:\/\/portaltela.pt\/noticias\/2026\/04\/10\/princesa-herdeira-mette-marit-reaparece-com-canula-nasal-de-oxigenio\/\",\"name\":\"Princesa herdeira Mette-Marit reaparece com c\u00e2nula nasal de oxig\u00e9nio - Portal Tela Portugal\",\"isPartOf\":{\"@id\":\"https:\/\/portaltela.pt\/#website\"},\"primaryImageOfPage\":{\"@id\":\"https:\/\/portaltela.pt\/noticias\/2026\/04\/10\/princesa-herdeira-mette-marit-reaparece-com-canula-nasal-de-oxigenio\/#primaryimage\"},\"image\":{\"@id\":\"https:\/\/portaltela.pt\/noticias\/2026\/04\/10\/princesa-herdeira-mette-marit-reaparece-com-canula-nasal-de-oxigenio\/#primaryimage\"},\"thumbnailUrl\":\"https:\/\/portaltela.pt\/s.01k8rhncp4jt1\/2026\/04\/image-604.jpg\",\"datePublished\":\"2026-04-10T15:02:37+00:00\",\"author\":{\"@id\":\"https:\/\/portaltela.pt\/#\/schema\/person\/c4278d4a6028830caff9ee44b42d32ed\"},\"breadcrumb\":{\"@id\":\"https:\/\/portaltela.pt\/noticias\/2026\/04\/10\/princesa-herdeira-mette-marit-reaparece-com-canula-nasal-de-oxigenio\/#breadcrumb\"},\"inLanguage\":\"pt-PT\",\"potentialAction\":[{\"@type\":\"ReadAction\",\"target\":[\"https:\/\/portaltela.pt\/noticias\/2026\/04\/10\/princesa-herdeira-mette-marit-reaparece-com-canula-nasal-de-oxigenio\/\"]}]},{\"@type\":\"ImageObject\",\"inLanguage\":\"pt-PT\",\"@id\":\"https:\/\/portaltela.pt\/noticias\/2026\/04\/10\/princesa-herdeira-mette-marit-reaparece-com-canula-nasal-de-oxigenio\/#primaryimage\",\"url\":\"https:\/\/portaltela.pt\/s.01k8rhncp4jt1\/2026\/04\/image-604.jpg\",\"contentUrl\":\"https:\/\/portaltela.pt\/s.01k8rhncp4jt1\/2026\/04\/image-604.jpg\",\"width\":796,\"height\":448,\"caption\":\"Mette-Marit e Haakon, pr\u00edncipes herdeiros da Noruega\"},{\"@type\":\"BreadcrumbList\",\"@id\":\"https:\/\/portaltela.pt\/noticias\/2026\/04\/10\/princesa-herdeira-mette-marit-reaparece-com-canula-nasal-de-oxigenio\/#breadcrumb\",\"itemListElement\":[{\"@type\":\"ListItem\",\"position\":1,\"name\":\"In\u00edcio\",\"item\":\"https:\/\/portaltela.pt\/\"},{\"@type\":\"ListItem\",\"position\":2,\"name\":\"Princesa herdeira Mette-Marit reaparece com c\u00e2nula nasal de oxig\u00e9nio\"}]},{\"@type\":\"WebSite\",\"@id\":\"https:\/\/portaltela.pt\/#website\",\"url\":\"https:\/\/portaltela.pt\/\",\"name\":\"Portal Tela Portugal\",\"description\":\"\",\"potentialAction\":[{\"@type\":\"SearchAction\",\"target\":{\"@type\":\"EntryPoint\",\"urlTemplate\":\"https:\/\/portaltela.pt\/?s={search_term_string}\"},\"query-input\":{\"@type\":\"PropertyValueSpecification\",\"valueRequired\":true,\"valueName\":\"search_term_string\"}}],\"inLanguage\":\"pt-PT\"},{\"@type\":\"Person\",\"@id\":\"https:\/\/portaltela.pt\/#\/schema\/person\/c4278d4a6028830caff9ee44b42d32ed\",\"name\":\"Telinha\",\"image\":{\"@type\":\"ImageObject\",\"inLanguage\":\"pt-PT\",\"@id\":\"https:\/\/portaltela.pt\/s.01k8rhncp4jt1\/2025\/11\/talking-bot-125x125.png\",\"url\":\"https:\/\/portaltela.pt\/s.01k8rhncp4jt1\/2025\/11\/talking-bot-125x125.png\",\"contentUrl\":\"https:\/\/portaltela.pt\/s.01k8rhncp4jt1\/2025\/11\/talking-bot-125x125.png\",\"caption\":\"Telinha\"},\"sameAs\":[\"https:\/\/portaltela.pt\/\"],\"url\":\"https:\/\/portaltela.pt\/por\/367410592786\/\"}]}<\/script>\n<!-- \/ Yoast SEO plugin. -->","yoast_head_json":{"title":"Princesa herdeira Mette-Marit reaparece com c\u00e2nula nasal de oxig\u00e9nio - Portal Tela Portugal","robots":{"index":"index","follow":"follow","max-snippet":"max-snippet:-1","max-image-preview":"max-image-preview:large","max-video-preview":"max-video-preview:-1"},"og_locale":"pt_PT","og_type":"article","og_title":"Princesa herdeira Mette-Marit reaparece com c\u00e2nula nasal de oxig\u00e9nio - Portal Tela Portugal","og_description":"A princesa herdeira Mette-Marit reapareceu em p\u00fablico nesta sexta-feira em Os\u00adlo com uma c\u00e2nula nasal de oxig\u00e9nio ligada a um aparelho carregado por um funcion\u00e1rio do Pal\u00e1cio Real. Diagnosticada com fibrose pulmonar, tem 52 anos e enfrenta uma condi\u00e7\u00e3o incur\u00e1vel que pode exigir transplante, segundo informou o Pal\u00e1cio Real. Participou numa rece\u00e7\u00e3o para atletas paral\u00edmpicos noruegueses, acompanhada pelo marido, o pr\u00edncipe herdeiro Haakon, e pelos filhos Ingrid Alexandra e Sverre Magnus. Nos \u00faltimos meses houve desgaste da imagem da monarquia ap\u00f3s a divulga\u00e7\u00e3o de documentos que revelam correspond\u00eancia entre Mette-Marit e Jeffrey Epstein entre 2011 e 2014, al\u00e9m de problemas judiciais do filho mais velho, Marius Borg H\u00f8iby. Em mar\u00e7o, a promotoria pediu uma pena de sete anos e sete meses de pris\u00e3o para H\u00f8iby; a maioria dos noruegueses op\u00f5e-se \u00e0 ascens\u00e3o de Mette-Marit ao trono.","og_url":"https:\/\/portaltela.pt\/noticias\/2026\/04\/10\/princesa-herdeira-mette-marit-reaparece-com-canula-nasal-de-oxigenio\/","og_site_name":"Portal Tela Portugal","article_published_time":"2026-04-10T15:02:37+00:00","author":"Telinha","twitter_card":"summary_large_image","twitter_misc":{"Escrito por":"Telinha","Tempo estimado de leitura":"1 minuto"},"schema":{"@context":"https:\/\/schema.org","@graph":[{"@type":"Article","@id":"https:\/\/portaltela.pt\/noticias\/2026\/04\/10\/princesa-herdeira-mette-marit-reaparece-com-canula-nasal-de-oxigenio\/#article","isPartOf":{"@id":"https:\/\/portaltela.pt\/noticias\/2026\/04\/10\/princesa-herdeira-mette-marit-reaparece-com-canula-nasal-de-oxigenio\/"},"author":{"name":"Telinha","@id":"https:\/\/portaltela.pt\/#\/schema\/person\/c4278d4a6028830caff9ee44b42d32ed"},"headline":"Princesa herdeira Mette-Marit reaparece com c\u00e2nula nasal de oxig\u00e9nio","datePublished":"2026-04-10T15:02:37+00:00","mainEntityOfPage":{"@id":"https:\/\/portaltela.pt\/noticias\/2026\/04\/10\/princesa-herdeira-mette-marit-reaparece-com-canula-nasal-de-oxigenio\/"},"wordCount":294,"image":{"@id":"https:\/\/portaltela.pt\/noticias\/2026\/04\/10\/princesa-herdeira-mette-marit-reaparece-com-canula-nasal-de-oxigenio\/#primaryimage"},"thumbnailUrl":"https:\/\/portaltela.pt\/s.01k8rhncp4jt1\/2026\/04\/image-604.jpg","keywords":["crime","crimes sexuais","fam\u00edlia","Noruega","pessoas p\u00fablicas","sa\u00fade"],"articleSection":["Sa\u00fade","Sociedade"],"inLanguage":"pt-PT"},{"@type":"WebPage","@id":"https:\/\/portaltela.pt\/noticias\/2026\/04\/10\/princesa-herdeira-mette-marit-reaparece-com-canula-nasal-de-oxigenio\/","url":"https:\/\/portaltela.pt\/noticias\/2026\/04\/10\/princesa-herdeira-mette-marit-reaparece-com-canula-nasal-de-oxigenio\/","name":"Princesa herdeira Mette-Marit reaparece com c\u00e2nula nasal de oxig\u00e9nio - Portal Tela Portugal","isPartOf":{"@id":"https:\/\/portaltela.pt\/#website"},"primaryImageOfPage":{"@id":"https:\/\/portaltela.pt\/noticias\/2026\/04\/10\/princesa-herdeira-mette-marit-reaparece-com-canula-nasal-de-oxigenio\/#primaryimage"},"image":{"@id":"https:\/\/portaltela.pt\/noticias\/2026\/04\/10\/princesa-herdeira-mette-marit-reaparece-com-canula-nasal-de-oxigenio\/#primaryimage"},"thumbnailUrl":"https:\/\/portaltela.pt\/s.01k8rhncp4jt1\/2026\/04\/image-604.jpg","datePublished":"2026-04-10T15:02:37+00:00","author":{"@id":"https:\/\/portaltela.pt\/#\/schema\/person\/c4278d4a6028830caff9ee44b42d32ed"},"breadcrumb":{"@id":"https:\/\/portaltela.pt\/noticias\/2026\/04\/10\/princesa-herdeira-mette-marit-reaparece-com-canula-nasal-de-oxigenio\/#breadcrumb"},"inLanguage":"pt-PT","potentialAction":[{"@type":"ReadAction","target":["https:\/\/portaltela.pt\/noticias\/2026\/04\/10\/princesa-herdeira-mette-marit-reaparece-com-canula-nasal-de-oxigenio\/"]}]},{"@type":"ImageObject","inLanguage":"pt-PT","@id":"https:\/\/portaltela.pt\/noticias\/2026\/04\/10\/princesa-herdeira-mette-marit-reaparece-com-canula-nasal-de-oxigenio\/#primaryimage","url":"https:\/\/portaltela.pt\/s.01k8rhncp4jt1\/2026\/04\/image-604.jpg","contentUrl":"https:\/\/portaltela.pt\/s.01k8rhncp4jt1\/2026\/04\/image-604.jpg","width":796,"height":448,"caption":"Mette-Marit e Haakon, pr\u00edncipes herdeiros da Noruega"},{"@type":"BreadcrumbList","@id":"https:\/\/portaltela.pt\/noticias\/2026\/04\/10\/princesa-herdeira-mette-marit-reaparece-com-canula-nasal-de-oxigenio\/#breadcrumb","itemListElement":[{"@type":"ListItem","position":1,"name":"In\u00edcio","item":"https:\/\/portaltela.pt\/"},{"@type":"ListItem","position":2,"name":"Princesa herdeira Mette-Marit reaparece com c\u00e2nula nasal de oxig\u00e9nio"}]},{"@type":"WebSite","@id":"https:\/\/portaltela.pt\/#website","url":"https:\/\/portaltela.pt\/","name":"Portal Tela Portugal","description":"","potentialAction":[{"@type":"SearchAction","target":{"@type":"EntryPoint","urlTemplate":"https:\/\/portaltela.pt\/?s={search_term_string}"},"query-input":{"@type":"PropertyValueSpecification","valueRequired":true,"valueName":"search_term_string"}}],"inLanguage":"pt-PT"},{"@type":"Person","@id":"https:\/\/portaltela.pt\/#\/schema\/person\/c4278d4a6028830caff9ee44b42d32ed","name":"Telinha","image":{"@type":"ImageObject","inLanguage":"pt-PT","@id":"https:\/\/portaltela.pt\/s.01k8rhncp4jt1\/2025\/11\/talking-bot-125x125.png","url":"https:\/\/portaltela.pt\/s.01k8rhncp4jt1\/2025\/11\/talking-bot-125x125.png","contentUrl":"https:\/\/portaltela.pt\/s.01k8rhncp4jt1\/2025\/11\/talking-bot-125x125.png","caption":"Telinha"},"sameAs":["https:\/\/portaltela.pt\/"],"url":"https:\/\/portaltela.pt\/por\/367410592786\/"}]}},"_links":{"self":[{"href":"https:\/\/portaltela.pt\/api\/wp\/v2\/posts\/439494","targetHints":{"allow":["GET"]}}],"collection":[{"href":"https:\/\/portaltela.pt\/api\/wp\/v2\/posts"}],"about":[{"href":"https:\/\/portaltela.pt\/api\/wp\/v2\/types\/post"}],"author":[{"embeddable":true,"href":"https:\/\/portaltela.pt\/api\/wp\/v2\/users\/2"}],"replies":[{"embeddable":true,"href":"https:\/\/portaltela.pt\/api\/wp\/v2\/comments?post=439494"}],"version-history":[{"count":0,"href":"https:\/\/portaltela.pt\/api\/wp\/v2\/posts\/439494\/revisions"}],"wp:featuredmedia":[{"embeddable":true,"href":"https:\/\/portaltela.pt\/api\/wp\/v2\/media\/439497"}],"wp:attachment":[{"href":"https:\/\/portaltela.pt\/api\/wp\/v2\/media?parent=439494"}],"wp:term":[{"taxonomy":"category","embeddable":true,"href":"https:\/\/portaltela.pt\/api\/wp\/v2\/categories?post=439494"},{"taxonomy":"post_tag","embeddable":true,"href":"https:\/\/portaltela.pt\/api\/wp\/v2\/tags?post=439494"}],"curies":[{"name":"wp","href":"https:\/\/api.w.org\/{rel}","templated":true}]}}