{"id":439486,"date":"2026-04-10T12:02:27","date_gmt":"2026-04-10T15:02:27","guid":{"rendered":"https:\/\/portaltela.pt\/noticias\/2026\/04\/10\/conselho-de-disciplina-aguarda-esclarecimentos-sobre-episodio-vizela-e-banjaqui\/"},"modified":"2026-04-10T12:02:27","modified_gmt":"2026-04-10T15:02:27","slug":"conselho-de-disciplina-aguarda-esclarecimentos-sobre-episodio-vizela-e-banjaqui","status":"publish","type":"post","link":"https:\/\/portaltela.pt\/desporto\/futebol\/2026\/04\/10\/conselho-de-disciplina-aguarda-esclarecimentos-sobre-episodio-vizela-e-banjaqui\/","title":{"rendered":"Conselho de Disciplina aguarda esclarecimentos sobre epis\u00f3dio Vizela e Banjaqui"},"content":{"rendered":"<p>O Conselho de Disciplina informou que vai ouvir esclarecimentos sobre o incidente entre adeptos do Vizela e Daniel Banjaqui, lateral do Benfica B, na \u00faltima jornada da 2.\u00aa Liga.<\/p>\n<p>O epis\u00f3dio ocorreu nos minutos finais da rece\u00e7\u00e3o do Vizela ao Benfica B, no est\u00e1dio local, e levou a abertura de procedimento disciplinar contra as partes envolvidas.<\/p>\n<p>No mapa de castigos, Godwin recebeu uma suspens\u00e3o de dois jogos por conduta violenta, ap\u00f3s agredir um advers\u00e1rio com o antebra\u00e7o no pesco\u00e7o durante o jogo.<\/p>\n<p>Aos 90&#8217;+10, num lan\u00e7amento lateral para o Benfica B, um grupo de adeptos do Vizela pressionou Banjaqui, com insultos aparentes para acelerar o lance. O jogador reagiu com gestos, recebeu cart\u00e3o amarelo, e a partida registou uma pausa ap\u00f3s a retirada do companheiro de equipa do terreno.<\/p>\n","protected":false},"excerpt":{"rendered":"<ul>\n<li>O Conselho de Disciplina aguarda esclarecimentos de Vizela e de Daniel Banjaqui, lateral do Benfica B, sobre a rece\u00e7\u00e3o aos minhotos \u00e0s \u00e1guias na \u00faltima jornada da segunda liga.<\/li>\n<li>O organismo anunciou no mapa de castigos a suspens\u00e3o de dois jogos a Godwin por \u201cconduta violenta\u201d, com agress\u00e3o de antebra\u00e7o no pesco\u00e7o de um advers\u00e1rio durante o jogo.<\/li>\n<li>O incidente envolve a \u00faltima jogada da partida, aos 90&#8217;+10, quando adeptos do Vizela se aproximaram da bancada para pressionar Banjaqui a acelerar o lan\u00e7amento.<\/li>\n<li>Banjaqui respondeu com gestos a pedir mais tempo, recebeu cart\u00e3o amarelo e houve um r\u00e1pido impasse no reatar da partida, com os jogadores do Benfica B a retirar o colega do local.<\/li>\n<li>O epis\u00f3dio ocorreu no encontro em que Vizela recebeu o Benfica B, na 2.\u00aa Liga.<\/li>\n<\/ul>\n","protected":false},"author":2,"featured_media":439491,"comment_status":"closed","ping_status":"closed","sticky":false,"template":"","format":"standard","meta":{"footnotes":""},"categories":[21,24],"tags":[4175,2079,3275,32,5886,4317],"class_list":["post-439486","post","type-post","status-publish","format-standard","has-post-thumbnail","hentry","category-desporto","category-futebol","tag-2-a-liga","tag-agressoes","tag-benfica-b","tag-futebol","tag-insultos","tag-vizela"],"yoast_head":"<!-- This site is optimized with the Yoast SEO plugin v27.2 - https:\/\/yoast.com\/product\/yoast-seo-wordpress\/ -->\n<title>Conselho de Disciplina aguarda esclarecimentos sobre epis\u00f3dio Vizela e Banjaqui - Portal Tela Portugal<\/title>\n<meta name=\"robots\" content=\"index, follow, max-snippet:-1, max-image-preview:large, max-video-preview:-1\" \/>\n<meta property=\"og:locale\" content=\"pt_PT\" \/>\n<meta property=\"og:type\" content=\"article\" \/>\n<meta property=\"og:title\" content=\"Conselho de Disciplina aguarda esclarecimentos sobre epis\u00f3dio Vizela e Banjaqui - Portal Tela Portugal\" \/>\n<meta property=\"og:description\" content=\"O Conselho de Disciplina aguarda esclarecimentos de Vizela e de Daniel Banjaqui, lateral do Benfica B, sobre a rece\u00e7\u00e3o aos minhotos \u00e0s \u00e1guias na \u00faltima jornada da segunda liga. O organismo anunciou no mapa de castigos a suspens\u00e3o de dois jogos a Godwin por \u201cconduta violenta\u201d, com agress\u00e3o de antebra\u00e7o no pesco\u00e7o de um advers\u00e1rio durante o jogo. O incidente envolve a \u00faltima jogada da partida, aos 90&#039;+10, quando adeptos do Vizela se aproximaram da bancada para pressionar Banjaqui a acelerar o lan\u00e7amento. Banjaqui respondeu com gestos a pedir mais tempo, recebeu cart\u00e3o amarelo e houve um r\u00e1pido impasse no reatar da partida, com os jogadores do Benfica B a retirar o colega do local. O epis\u00f3dio ocorreu no encontro em que Vizela recebeu o Benfica B, na 2.\u00aa Liga.\" \/>\n<meta property=\"og:url\" content=\"https:\/\/portaltela.pt\/noticias\/2026\/04\/10\/conselho-de-disciplina-aguarda-esclarecimentos-sobre-episodio-vizela-e-banjaqui\/\" \/>\n<meta property=\"og:site_name\" content=\"Portal Tela Portugal\" \/>\n<meta property=\"article:published_time\" content=\"2026-04-10T15:02:27+00:00\" \/>\n<meta name=\"author\" content=\"Telinha\" \/>\n<meta name=\"twitter:card\" content=\"summary_large_image\" \/>\n<meta name=\"twitter:label1\" content=\"Escrito por\" \/>\n\t<meta name=\"twitter:data1\" content=\"Telinha\" \/>\n\t<meta name=\"twitter:label2\" content=\"Tempo estimado de leitura\" \/>\n\t<meta name=\"twitter:data2\" content=\"1 minuto\" \/>\n<script type=\"application\/ld+json\" class=\"yoast-schema-graph\">{\"@context\":\"https:\/\/schema.org\",\"@graph\":[{\"@type\":\"Article\",\"@id\":\"https:\/\/portaltela.pt\/noticias\/2026\/04\/10\/conselho-de-disciplina-aguarda-esclarecimentos-sobre-episodio-vizela-e-banjaqui\/#article\",\"isPartOf\":{\"@id\":\"https:\/\/portaltela.pt\/noticias\/2026\/04\/10\/conselho-de-disciplina-aguarda-esclarecimentos-sobre-episodio-vizela-e-banjaqui\/\"},\"author\":{\"name\":\"Telinha\",\"@id\":\"https:\/\/portaltela.pt\/#\/schema\/person\/c4278d4a6028830caff9ee44b42d32ed\"},\"headline\":\"Conselho de Disciplina aguarda esclarecimentos sobre epis\u00f3dio Vizela e Banjaqui\",\"datePublished\":\"2026-04-10T15:02:27+00:00\",\"mainEntityOfPage\":{\"@id\":\"https:\/\/portaltela.pt\/noticias\/2026\/04\/10\/conselho-de-disciplina-aguarda-esclarecimentos-sobre-episodio-vizela-e-banjaqui\/\"},\"wordCount\":149,\"image\":{\"@id\":\"https:\/\/portaltela.pt\/noticias\/2026\/04\/10\/conselho-de-disciplina-aguarda-esclarecimentos-sobre-episodio-vizela-e-banjaqui\/#primaryimage\"},\"thumbnailUrl\":\"https:\/\/portaltela.pt\/s.01k8rhncp4jt1\/2026\/04\/img_920x518uu2026-04-10-15-47-15-2432183-im-639114331730165457.jpg\",\"keywords\":[\"2.\u00aa Liga\",\"agress\u00f5es\",\"Benfica B\",\"futebol\",\"insultos\",\"Vizela\"],\"articleSection\":[\"Desporto\",\"Futebol\"],\"inLanguage\":\"pt-PT\"},{\"@type\":\"WebPage\",\"@id\":\"https:\/\/portaltela.pt\/noticias\/2026\/04\/10\/conselho-de-disciplina-aguarda-esclarecimentos-sobre-episodio-vizela-e-banjaqui\/\",\"url\":\"https:\/\/portaltela.pt\/noticias\/2026\/04\/10\/conselho-de-disciplina-aguarda-esclarecimentos-sobre-episodio-vizela-e-banjaqui\/\",\"name\":\"Conselho de Disciplina aguarda esclarecimentos sobre epis\u00f3dio Vizela e Banjaqui - Portal Tela Portugal\",\"isPartOf\":{\"@id\":\"https:\/\/portaltela.pt\/#website\"},\"primaryImageOfPage\":{\"@id\":\"https:\/\/portaltela.pt\/noticias\/2026\/04\/10\/conselho-de-disciplina-aguarda-esclarecimentos-sobre-episodio-vizela-e-banjaqui\/#primaryimage\"},\"image\":{\"@id\":\"https:\/\/portaltela.pt\/noticias\/2026\/04\/10\/conselho-de-disciplina-aguarda-esclarecimentos-sobre-episodio-vizela-e-banjaqui\/#primaryimage\"},\"thumbnailUrl\":\"https:\/\/portaltela.pt\/s.01k8rhncp4jt1\/2026\/04\/img_920x518uu2026-04-10-15-47-15-2432183-im-639114331730165457.jpg\",\"datePublished\":\"2026-04-10T15:02:27+00:00\",\"author\":{\"@id\":\"https:\/\/portaltela.pt\/#\/schema\/person\/c4278d4a6028830caff9ee44b42d32ed\"},\"breadcrumb\":{\"@id\":\"https:\/\/portaltela.pt\/noticias\/2026\/04\/10\/conselho-de-disciplina-aguarda-esclarecimentos-sobre-episodio-vizela-e-banjaqui\/#breadcrumb\"},\"inLanguage\":\"pt-PT\",\"potentialAction\":[{\"@type\":\"ReadAction\",\"target\":[\"https:\/\/portaltela.pt\/noticias\/2026\/04\/10\/conselho-de-disciplina-aguarda-esclarecimentos-sobre-episodio-vizela-e-banjaqui\/\"]}]},{\"@type\":\"ImageObject\",\"inLanguage\":\"pt-PT\",\"@id\":\"https:\/\/portaltela.pt\/noticias\/2026\/04\/10\/conselho-de-disciplina-aguarda-esclarecimentos-sobre-episodio-vizela-e-banjaqui\/#primaryimage\",\"url\":\"https:\/\/portaltela.pt\/s.01k8rhncp4jt1\/2026\/04\/img_920x518uu2026-04-10-15-47-15-2432183-im-639114331730165457.jpg\",\"contentUrl\":\"https:\/\/portaltela.pt\/s.01k8rhncp4jt1\/2026\/04\/img_920x518uu2026-04-10-15-47-15-2432183-im-639114331730165457.jpg\",\"width\":796,\"height\":448,\"caption\":\"Situa\u00e7\u00e3o ocorreu nos minutos finais da partida\"},{\"@type\":\"BreadcrumbList\",\"@id\":\"https:\/\/portaltela.pt\/noticias\/2026\/04\/10\/conselho-de-disciplina-aguarda-esclarecimentos-sobre-episodio-vizela-e-banjaqui\/#breadcrumb\",\"itemListElement\":[{\"@type\":\"ListItem\",\"position\":1,\"name\":\"In\u00edcio\",\"item\":\"https:\/\/portaltela.pt\/\"},{\"@type\":\"ListItem\",\"position\":2,\"name\":\"Conselho de Disciplina aguarda esclarecimentos sobre epis\u00f3dio Vizela e Banjaqui\"}]},{\"@type\":\"WebSite\",\"@id\":\"https:\/\/portaltela.pt\/#website\",\"url\":\"https:\/\/portaltela.pt\/\",\"name\":\"Portal Tela Portugal\",\"description\":\"\",\"potentialAction\":[{\"@type\":\"SearchAction\",\"target\":{\"@type\":\"EntryPoint\",\"urlTemplate\":\"https:\/\/portaltela.pt\/?s={search_term_string}\"},\"query-input\":{\"@type\":\"PropertyValueSpecification\",\"valueRequired\":true,\"valueName\":\"search_term_string\"}}],\"inLanguage\":\"pt-PT\"},{\"@type\":\"Person\",\"@id\":\"https:\/\/portaltela.pt\/#\/schema\/person\/c4278d4a6028830caff9ee44b42d32ed\",\"name\":\"Telinha\",\"image\":{\"@type\":\"ImageObject\",\"inLanguage\":\"pt-PT\",\"@id\":\"https:\/\/portaltela.pt\/s.01k8rhncp4jt1\/2025\/11\/talking-bot-125x125.png\",\"url\":\"https:\/\/portaltela.pt\/s.01k8rhncp4jt1\/2025\/11\/talking-bot-125x125.png\",\"contentUrl\":\"https:\/\/portaltela.pt\/s.01k8rhncp4jt1\/2025\/11\/talking-bot-125x125.png\",\"caption\":\"Telinha\"},\"sameAs\":[\"https:\/\/portaltela.pt\/\"],\"url\":\"https:\/\/portaltela.pt\/por\/367410592786\/\"}]}<\/script>\n<!-- \/ Yoast SEO plugin. -->","yoast_head_json":{"title":"Conselho de Disciplina aguarda esclarecimentos sobre epis\u00f3dio Vizela e Banjaqui - Portal Tela Portugal","robots":{"index":"index","follow":"follow","max-snippet":"max-snippet:-1","max-image-preview":"max-image-preview:large","max-video-preview":"max-video-preview:-1"},"og_locale":"pt_PT","og_type":"article","og_title":"Conselho de Disciplina aguarda esclarecimentos sobre epis\u00f3dio Vizela e Banjaqui - Portal Tela Portugal","og_description":"O Conselho de Disciplina aguarda esclarecimentos de Vizela e de Daniel Banjaqui, lateral do Benfica B, sobre a rece\u00e7\u00e3o aos minhotos \u00e0s \u00e1guias na \u00faltima jornada da segunda liga. O organismo anunciou no mapa de castigos a suspens\u00e3o de dois jogos a Godwin por \u201cconduta violenta\u201d, com agress\u00e3o de antebra\u00e7o no pesco\u00e7o de um advers\u00e1rio durante o jogo. O incidente envolve a \u00faltima jogada da partida, aos 90'+10, quando adeptos do Vizela se aproximaram da bancada para pressionar Banjaqui a acelerar o lan\u00e7amento. Banjaqui respondeu com gestos a pedir mais tempo, recebeu cart\u00e3o amarelo e houve um r\u00e1pido impasse no reatar da partida, com os jogadores do Benfica B a retirar o colega do local. O epis\u00f3dio ocorreu no encontro em que Vizela recebeu o Benfica B, na 2.\u00aa Liga.","og_url":"https:\/\/portaltela.pt\/noticias\/2026\/04\/10\/conselho-de-disciplina-aguarda-esclarecimentos-sobre-episodio-vizela-e-banjaqui\/","og_site_name":"Portal Tela Portugal","article_published_time":"2026-04-10T15:02:27+00:00","author":"Telinha","twitter_card":"summary_large_image","twitter_misc":{"Escrito por":"Telinha","Tempo estimado de leitura":"1 minuto"},"schema":{"@context":"https:\/\/schema.org","@graph":[{"@type":"Article","@id":"https:\/\/portaltela.pt\/noticias\/2026\/04\/10\/conselho-de-disciplina-aguarda-esclarecimentos-sobre-episodio-vizela-e-banjaqui\/#article","isPartOf":{"@id":"https:\/\/portaltela.pt\/noticias\/2026\/04\/10\/conselho-de-disciplina-aguarda-esclarecimentos-sobre-episodio-vizela-e-banjaqui\/"},"author":{"name":"Telinha","@id":"https:\/\/portaltela.pt\/#\/schema\/person\/c4278d4a6028830caff9ee44b42d32ed"},"headline":"Conselho de Disciplina aguarda esclarecimentos sobre epis\u00f3dio Vizela e Banjaqui","datePublished":"2026-04-10T15:02:27+00:00","mainEntityOfPage":{"@id":"https:\/\/portaltela.pt\/noticias\/2026\/04\/10\/conselho-de-disciplina-aguarda-esclarecimentos-sobre-episodio-vizela-e-banjaqui\/"},"wordCount":149,"image":{"@id":"https:\/\/portaltela.pt\/noticias\/2026\/04\/10\/conselho-de-disciplina-aguarda-esclarecimentos-sobre-episodio-vizela-e-banjaqui\/#primaryimage"},"thumbnailUrl":"https:\/\/portaltela.pt\/s.01k8rhncp4jt1\/2026\/04\/img_920x518uu2026-04-10-15-47-15-2432183-im-639114331730165457.jpg","keywords":["2.\u00aa Liga","agress\u00f5es","Benfica B","futebol","insultos","Vizela"],"articleSection":["Desporto","Futebol"],"inLanguage":"pt-PT"},{"@type":"WebPage","@id":"https:\/\/portaltela.pt\/noticias\/2026\/04\/10\/conselho-de-disciplina-aguarda-esclarecimentos-sobre-episodio-vizela-e-banjaqui\/","url":"https:\/\/portaltela.pt\/noticias\/2026\/04\/10\/conselho-de-disciplina-aguarda-esclarecimentos-sobre-episodio-vizela-e-banjaqui\/","name":"Conselho de Disciplina aguarda esclarecimentos sobre epis\u00f3dio Vizela e Banjaqui - Portal Tela Portugal","isPartOf":{"@id":"https:\/\/portaltela.pt\/#website"},"primaryImageOfPage":{"@id":"https:\/\/portaltela.pt\/noticias\/2026\/04\/10\/conselho-de-disciplina-aguarda-esclarecimentos-sobre-episodio-vizela-e-banjaqui\/#primaryimage"},"image":{"@id":"https:\/\/portaltela.pt\/noticias\/2026\/04\/10\/conselho-de-disciplina-aguarda-esclarecimentos-sobre-episodio-vizela-e-banjaqui\/#primaryimage"},"thumbnailUrl":"https:\/\/portaltela.pt\/s.01k8rhncp4jt1\/2026\/04\/img_920x518uu2026-04-10-15-47-15-2432183-im-639114331730165457.jpg","datePublished":"2026-04-10T15:02:27+00:00","author":{"@id":"https:\/\/portaltela.pt\/#\/schema\/person\/c4278d4a6028830caff9ee44b42d32ed"},"breadcrumb":{"@id":"https:\/\/portaltela.pt\/noticias\/2026\/04\/10\/conselho-de-disciplina-aguarda-esclarecimentos-sobre-episodio-vizela-e-banjaqui\/#breadcrumb"},"inLanguage":"pt-PT","potentialAction":[{"@type":"ReadAction","target":["https:\/\/portaltela.pt\/noticias\/2026\/04\/10\/conselho-de-disciplina-aguarda-esclarecimentos-sobre-episodio-vizela-e-banjaqui\/"]}]},{"@type":"ImageObject","inLanguage":"pt-PT","@id":"https:\/\/portaltela.pt\/noticias\/2026\/04\/10\/conselho-de-disciplina-aguarda-esclarecimentos-sobre-episodio-vizela-e-banjaqui\/#primaryimage","url":"https:\/\/portaltela.pt\/s.01k8rhncp4jt1\/2026\/04\/img_920x518uu2026-04-10-15-47-15-2432183-im-639114331730165457.jpg","contentUrl":"https:\/\/portaltela.pt\/s.01k8rhncp4jt1\/2026\/04\/img_920x518uu2026-04-10-15-47-15-2432183-im-639114331730165457.jpg","width":796,"height":448,"caption":"Situa\u00e7\u00e3o ocorreu nos minutos finais da partida"},{"@type":"BreadcrumbList","@id":"https:\/\/portaltela.pt\/noticias\/2026\/04\/10\/conselho-de-disciplina-aguarda-esclarecimentos-sobre-episodio-vizela-e-banjaqui\/#breadcrumb","itemListElement":[{"@type":"ListItem","position":1,"name":"In\u00edcio","item":"https:\/\/portaltela.pt\/"},{"@type":"ListItem","position":2,"name":"Conselho de Disciplina aguarda esclarecimentos sobre epis\u00f3dio Vizela e Banjaqui"}]},{"@type":"WebSite","@id":"https:\/\/portaltela.pt\/#website","url":"https:\/\/portaltela.pt\/","name":"Portal Tela Portugal","description":"","potentialAction":[{"@type":"SearchAction","target":{"@type":"EntryPoint","urlTemplate":"https:\/\/portaltela.pt\/?s={search_term_string}"},"query-input":{"@type":"PropertyValueSpecification","valueRequired":true,"valueName":"search_term_string"}}],"inLanguage":"pt-PT"},{"@type":"Person","@id":"https:\/\/portaltela.pt\/#\/schema\/person\/c4278d4a6028830caff9ee44b42d32ed","name":"Telinha","image":{"@type":"ImageObject","inLanguage":"pt-PT","@id":"https:\/\/portaltela.pt\/s.01k8rhncp4jt1\/2025\/11\/talking-bot-125x125.png","url":"https:\/\/portaltela.pt\/s.01k8rhncp4jt1\/2025\/11\/talking-bot-125x125.png","contentUrl":"https:\/\/portaltela.pt\/s.01k8rhncp4jt1\/2025\/11\/talking-bot-125x125.png","caption":"Telinha"},"sameAs":["https:\/\/portaltela.pt\/"],"url":"https:\/\/portaltela.pt\/por\/367410592786\/"}]}},"_links":{"self":[{"href":"https:\/\/portaltela.pt\/api\/wp\/v2\/posts\/439486","targetHints":{"allow":["GET"]}}],"collection":[{"href":"https:\/\/portaltela.pt\/api\/wp\/v2\/posts"}],"about":[{"href":"https:\/\/portaltela.pt\/api\/wp\/v2\/types\/post"}],"author":[{"embeddable":true,"href":"https:\/\/portaltela.pt\/api\/wp\/v2\/users\/2"}],"replies":[{"embeddable":true,"href":"https:\/\/portaltela.pt\/api\/wp\/v2\/comments?post=439486"}],"version-history":[{"count":0,"href":"https:\/\/portaltela.pt\/api\/wp\/v2\/posts\/439486\/revisions"}],"wp:featuredmedia":[{"embeddable":true,"href":"https:\/\/portaltela.pt\/api\/wp\/v2\/media\/439491"}],"wp:attachment":[{"href":"https:\/\/portaltela.pt\/api\/wp\/v2\/media?parent=439486"}],"wp:term":[{"taxonomy":"category","embeddable":true,"href":"https:\/\/portaltela.pt\/api\/wp\/v2\/categories?post=439486"},{"taxonomy":"post_tag","embeddable":true,"href":"https:\/\/portaltela.pt\/api\/wp\/v2\/tags?post=439486"}],"curies":[{"name":"wp","href":"https:\/\/api.w.org\/{rel}","templated":true}]}}