{"id":439477,"date":"2026-04-10T12:02:14","date_gmt":"2026-04-10T15:02:14","guid":{"rendered":"https:\/\/portaltela.pt\/noticias\/2026\/04\/10\/duas-pessoas-morrem-no-kamchatka-apos-grupo-de-caminhantes-se-separar\/"},"modified":"2026-04-10T12:02:14","modified_gmt":"2026-04-10T15:02:14","slug":"duas-pessoas-morrem-no-kamchatka-apos-grupo-de-caminhantes-se-separar","status":"publish","type":"post","link":"https:\/\/portaltela.pt\/acidentes\/2026\/04\/10\/duas-pessoas-morrem-no-kamchatka-apos-grupo-de-caminhantes-se-separar\/","title":{"rendered":"Duas pessoas morrem no Kamchatka ap\u00f3s grupo de caminhantes se separar"},"content":{"rendered":"<p>Na zona do Avacha Pass, na pen\u00ednsula do Kamchatka, o minist\u00e9rio das Situa\u00e7\u00f5es de Emerg\u00eancia russo fechou a opera\u00e7\u00e3o de busca de um grupo de turistas incontact\u00e1vel. Segundo o chefe regional, Sergey Lebedev, cinco membros foram encontrados vivos e dois morreram. Os sobreviventes apresentam ferimentos graves pelo frio.<\/p>\n<p>O grupo, inicialmente com nove pessoas, partiu de Pinachevo no final de mar\u00e7o para explorar o Parque Natural de Nalychevo, rodeado por vulc\u00f5es, com regresso previsto para 10 de abril. No dia 9 de abril, o organizador comunicou o desaparecimento de sete turistas, alegando que houve um conflito que levou \u00e0 separa\u00e7\u00e3o da equipa.<\/p>\n<p>Segundo a REN TV, o choque foi sobre a rota: a l\u00edder Liza Yescherkina prop\u00f4s um trajeto mais exigente, que o grupo recusou. A jovem e o namorado, que levaram o walkie-talkie e o gravador, ter\u00e3o sa\u00eddo, deixando os restantes sem comunica\u00e7\u00e3o. O grupo remanescente acabou por enfrentar condi\u00e7\u00f5es de vento e nev\u00e3o.<\/p>\n<h3>Opera\u00e7\u00e3o de busca e estado dos envolvidos<\/h3>\n<p>A opera\u00e7\u00e3o envolveu 22 socorristas e 12 unidades de equipamento, incluindo um helic\u00f3ptero Mi-8. Peritos apontam que as dificuldades de seguran\u00e7a contribu\u00edram para o desfecho. As informa\u00e7\u00f5es oficiais indicam que os mortos nasceram nos anos 2001 e 2003, apontando para jovens entre os participantes.<\/p>\n","protected":false},"excerpt":{"rendered":"<ul>\n<li>O Minist\u00e9rio das Situa\u00e7\u00f5es de Emerg\u00eancia da R\u00fassia concluiu a opera\u00e7\u00e3o de busca de um grupo de turistas no Kamchatka; dois morreram e cinco foram encontrados vivos, gravemente feridos pelo frio.<\/li>\n<li>O grupo, originalmente com nove pessoas de S\u00e3o Petersburgo e Cherepovets, saiu de Pinachevo no fim de mar\u00e7o para o Parque Natural de Nalychevo, com regresso previsto para 10 de abril.<\/li>\n<li>Em 9 de abril, o organizador comunicou o desaparecimento de sete turistas, indicando que houve um conflito que levou \u00e0 divis\u00e3o da equipa em dois subgrupos.<\/li>\n<li>A l\u00edder do grupo, Liza Yescherkina, prop\u00f4s uma rota mais exigente, que foi recusada pelos demais, deixando alguns sem comunica\u00e7\u00e3o.<\/li>\n<li>A investiga\u00e7\u00e3o aponta para o desrespeito \u00e0s regras de seguran\u00e7a; a opera\u00e7\u00e3o envolveu 22 socorristas, 12 unidades de equipamento e um helic\u00f3ptero Mi-8; os mortos tinham 20 e 22 anos.<\/li>\n<\/ul>\n","protected":false},"author":2,"featured_media":439479,"comment_status":"closed","ping_status":"closed","sticky":false,"template":"","format":"standard","meta":{"footnotes":""},"categories":[6849],"tags":[6308,3256,5928,45,3568],"class_list":["post-439477","post","type-post","status-publish","format-standard","has-post-thumbnail","hentry","category-acidentes","tag-a-russia","tag-acidentes","tag-emergencia","tag-meio-ambiente","tag-natureza"],"yoast_head":"<!-- This site is optimized with the Yoast SEO plugin v27.2 - https:\/\/yoast.com\/product\/yoast-seo-wordpress\/ -->\n<title>Duas pessoas morrem no Kamchatka ap\u00f3s grupo de caminhantes se separar - Portal Tela Portugal<\/title>\n<meta name=\"robots\" content=\"index, follow, max-snippet:-1, max-image-preview:large, max-video-preview:-1\" \/>\n<meta property=\"og:locale\" content=\"pt_PT\" \/>\n<meta property=\"og:type\" content=\"article\" \/>\n<meta property=\"og:title\" content=\"Duas pessoas morrem no Kamchatka ap\u00f3s grupo de caminhantes se separar - Portal Tela Portugal\" \/>\n<meta property=\"og:description\" content=\"O Minist\u00e9rio das Situa\u00e7\u00f5es de Emerg\u00eancia da R\u00fassia concluiu a opera\u00e7\u00e3o de busca de um grupo de turistas no Kamchatka; dois morreram e cinco foram encontrados vivos, gravemente feridos pelo frio. O grupo, originalmente com nove pessoas de S\u00e3o Petersburgo e Cherepovets, saiu de Pinachevo no fim de mar\u00e7o para o Parque Natural de Nalychevo, com regresso previsto para 10 de abril. Em 9 de abril, o organizador comunicou o desaparecimento de sete turistas, indicando que houve um conflito que levou \u00e0 divis\u00e3o da equipa em dois subgrupos. A l\u00edder do grupo, Liza Yescherkina, prop\u00f4s uma rota mais exigente, que foi recusada pelos demais, deixando alguns sem comunica\u00e7\u00e3o. A investiga\u00e7\u00e3o aponta para o desrespeito \u00e0s regras de seguran\u00e7a; a opera\u00e7\u00e3o envolveu 22 socorristas, 12 unidades de equipamento e um helic\u00f3ptero Mi-8; os mortos tinham 20 e 22 anos.\" \/>\n<meta property=\"og:url\" content=\"https:\/\/portaltela.pt\/noticias\/2026\/04\/10\/duas-pessoas-morrem-no-kamchatka-apos-grupo-de-caminhantes-se-separar\/\" \/>\n<meta property=\"og:site_name\" content=\"Portal Tela Portugal\" \/>\n<meta property=\"article:published_time\" content=\"2026-04-10T15:02:14+00:00\" \/>\n<meta name=\"author\" content=\"Telinha\" \/>\n<meta name=\"twitter:card\" content=\"summary_large_image\" \/>\n<meta name=\"twitter:label1\" content=\"Escrito por\" \/>\n\t<meta name=\"twitter:data1\" content=\"Telinha\" \/>\n\t<meta name=\"twitter:label2\" content=\"Tempo estimado de leitura\" \/>\n\t<meta name=\"twitter:data2\" content=\"1 minuto\" \/>\n<script type=\"application\/ld+json\" class=\"yoast-schema-graph\">{\"@context\":\"https:\/\/schema.org\",\"@graph\":[{\"@type\":\"Article\",\"@id\":\"https:\/\/portaltela.pt\/noticias\/2026\/04\/10\/duas-pessoas-morrem-no-kamchatka-apos-grupo-de-caminhantes-se-separar\/#article\",\"isPartOf\":{\"@id\":\"https:\/\/portaltela.pt\/noticias\/2026\/04\/10\/duas-pessoas-morrem-no-kamchatka-apos-grupo-de-caminhantes-se-separar\/\"},\"author\":{\"name\":\"Telinha\",\"@id\":\"https:\/\/portaltela.pt\/#\/schema\/person\/c4278d4a6028830caff9ee44b42d32ed\"},\"headline\":\"Duas pessoas morrem no Kamchatka ap\u00f3s grupo de caminhantes se separar\",\"datePublished\":\"2026-04-10T15:02:14+00:00\",\"mainEntityOfPage\":{\"@id\":\"https:\/\/portaltela.pt\/noticias\/2026\/04\/10\/duas-pessoas-morrem-no-kamchatka-apos-grupo-de-caminhantes-se-separar\/\"},\"wordCount\":233,\"image\":{\"@id\":\"https:\/\/portaltela.pt\/noticias\/2026\/04\/10\/duas-pessoas-morrem-no-kamchatka-apos-grupo-de-caminhantes-se-separar\/#primaryimage\"},\"thumbnailUrl\":\"https:\/\/portaltela.pt\/s.01k8rhncp4jt1\/2026\/04\/1536x864_cmsv2_269a664a-dbfe-57ba-9f48-b40d0ad2dda5-9717420.jpg\",\"keywords\":[\"a R\u00fassia\",\"acidentes\",\"emerg\u00eancia\",\"meio-ambiente\",\"natureza\"],\"articleSection\":[\"Acidentes\"],\"inLanguage\":\"pt-PT\"},{\"@type\":\"WebPage\",\"@id\":\"https:\/\/portaltela.pt\/noticias\/2026\/04\/10\/duas-pessoas-morrem-no-kamchatka-apos-grupo-de-caminhantes-se-separar\/\",\"url\":\"https:\/\/portaltela.pt\/noticias\/2026\/04\/10\/duas-pessoas-morrem-no-kamchatka-apos-grupo-de-caminhantes-se-separar\/\",\"name\":\"Duas pessoas morrem no Kamchatka ap\u00f3s grupo de caminhantes se separar - Portal Tela Portugal\",\"isPartOf\":{\"@id\":\"https:\/\/portaltela.pt\/#website\"},\"primaryImageOfPage\":{\"@id\":\"https:\/\/portaltela.pt\/noticias\/2026\/04\/10\/duas-pessoas-morrem-no-kamchatka-apos-grupo-de-caminhantes-se-separar\/#primaryimage\"},\"image\":{\"@id\":\"https:\/\/portaltela.pt\/noticias\/2026\/04\/10\/duas-pessoas-morrem-no-kamchatka-apos-grupo-de-caminhantes-se-separar\/#primaryimage\"},\"thumbnailUrl\":\"https:\/\/portaltela.pt\/s.01k8rhncp4jt1\/2026\/04\/1536x864_cmsv2_269a664a-dbfe-57ba-9f48-b40d0ad2dda5-9717420.jpg\",\"datePublished\":\"2026-04-10T15:02:14+00:00\",\"author\":{\"@id\":\"https:\/\/portaltela.pt\/#\/schema\/person\/c4278d4a6028830caff9ee44b42d32ed\"},\"breadcrumb\":{\"@id\":\"https:\/\/portaltela.pt\/noticias\/2026\/04\/10\/duas-pessoas-morrem-no-kamchatka-apos-grupo-de-caminhantes-se-separar\/#breadcrumb\"},\"inLanguage\":\"pt-PT\",\"potentialAction\":[{\"@type\":\"ReadAction\",\"target\":[\"https:\/\/portaltela.pt\/noticias\/2026\/04\/10\/duas-pessoas-morrem-no-kamchatka-apos-grupo-de-caminhantes-se-separar\/\"]}]},{\"@type\":\"ImageObject\",\"inLanguage\":\"pt-PT\",\"@id\":\"https:\/\/portaltela.pt\/noticias\/2026\/04\/10\/duas-pessoas-morrem-no-kamchatka-apos-grupo-de-caminhantes-se-separar\/#primaryimage\",\"url\":\"https:\/\/portaltela.pt\/s.01k8rhncp4jt1\/2026\/04\/1536x864_cmsv2_269a664a-dbfe-57ba-9f48-b40d0ad2dda5-9717420.jpg\",\"contentUrl\":\"https:\/\/portaltela.pt\/s.01k8rhncp4jt1\/2026\/04\/1536x864_cmsv2_269a664a-dbfe-57ba-9f48-b40d0ad2dda5-9717420.jpg\",\"width\":796,\"height\":448,\"caption\":\"Foto de demonstra\u00e7\u00e3o.\"},{\"@type\":\"BreadcrumbList\",\"@id\":\"https:\/\/portaltela.pt\/noticias\/2026\/04\/10\/duas-pessoas-morrem-no-kamchatka-apos-grupo-de-caminhantes-se-separar\/#breadcrumb\",\"itemListElement\":[{\"@type\":\"ListItem\",\"position\":1,\"name\":\"In\u00edcio\",\"item\":\"https:\/\/portaltela.pt\/\"},{\"@type\":\"ListItem\",\"position\":2,\"name\":\"Duas pessoas morrem no Kamchatka ap\u00f3s grupo de caminhantes se separar\"}]},{\"@type\":\"WebSite\",\"@id\":\"https:\/\/portaltela.pt\/#website\",\"url\":\"https:\/\/portaltela.pt\/\",\"name\":\"Portal Tela Portugal\",\"description\":\"\",\"potentialAction\":[{\"@type\":\"SearchAction\",\"target\":{\"@type\":\"EntryPoint\",\"urlTemplate\":\"https:\/\/portaltela.pt\/?s={search_term_string}\"},\"query-input\":{\"@type\":\"PropertyValueSpecification\",\"valueRequired\":true,\"valueName\":\"search_term_string\"}}],\"inLanguage\":\"pt-PT\"},{\"@type\":\"Person\",\"@id\":\"https:\/\/portaltela.pt\/#\/schema\/person\/c4278d4a6028830caff9ee44b42d32ed\",\"name\":\"Telinha\",\"image\":{\"@type\":\"ImageObject\",\"inLanguage\":\"pt-PT\",\"@id\":\"https:\/\/portaltela.pt\/s.01k8rhncp4jt1\/2025\/11\/talking-bot-125x125.png\",\"url\":\"https:\/\/portaltela.pt\/s.01k8rhncp4jt1\/2025\/11\/talking-bot-125x125.png\",\"contentUrl\":\"https:\/\/portaltela.pt\/s.01k8rhncp4jt1\/2025\/11\/talking-bot-125x125.png\",\"caption\":\"Telinha\"},\"sameAs\":[\"https:\/\/portaltela.pt\/\"],\"url\":\"https:\/\/portaltela.pt\/por\/367410592786\/\"}]}<\/script>\n<!-- \/ Yoast SEO plugin. -->","yoast_head_json":{"title":"Duas pessoas morrem no Kamchatka ap\u00f3s grupo de caminhantes se separar - Portal Tela Portugal","robots":{"index":"index","follow":"follow","max-snippet":"max-snippet:-1","max-image-preview":"max-image-preview:large","max-video-preview":"max-video-preview:-1"},"og_locale":"pt_PT","og_type":"article","og_title":"Duas pessoas morrem no Kamchatka ap\u00f3s grupo de caminhantes se separar - Portal Tela Portugal","og_description":"O Minist\u00e9rio das Situa\u00e7\u00f5es de Emerg\u00eancia da R\u00fassia concluiu a opera\u00e7\u00e3o de busca de um grupo de turistas no Kamchatka; dois morreram e cinco foram encontrados vivos, gravemente feridos pelo frio. O grupo, originalmente com nove pessoas de S\u00e3o Petersburgo e Cherepovets, saiu de Pinachevo no fim de mar\u00e7o para o Parque Natural de Nalychevo, com regresso previsto para 10 de abril. Em 9 de abril, o organizador comunicou o desaparecimento de sete turistas, indicando que houve um conflito que levou \u00e0 divis\u00e3o da equipa em dois subgrupos. A l\u00edder do grupo, Liza Yescherkina, prop\u00f4s uma rota mais exigente, que foi recusada pelos demais, deixando alguns sem comunica\u00e7\u00e3o. A investiga\u00e7\u00e3o aponta para o desrespeito \u00e0s regras de seguran\u00e7a; a opera\u00e7\u00e3o envolveu 22 socorristas, 12 unidades de equipamento e um helic\u00f3ptero Mi-8; os mortos tinham 20 e 22 anos.","og_url":"https:\/\/portaltela.pt\/noticias\/2026\/04\/10\/duas-pessoas-morrem-no-kamchatka-apos-grupo-de-caminhantes-se-separar\/","og_site_name":"Portal Tela Portugal","article_published_time":"2026-04-10T15:02:14+00:00","author":"Telinha","twitter_card":"summary_large_image","twitter_misc":{"Escrito por":"Telinha","Tempo estimado de leitura":"1 minuto"},"schema":{"@context":"https:\/\/schema.org","@graph":[{"@type":"Article","@id":"https:\/\/portaltela.pt\/noticias\/2026\/04\/10\/duas-pessoas-morrem-no-kamchatka-apos-grupo-de-caminhantes-se-separar\/#article","isPartOf":{"@id":"https:\/\/portaltela.pt\/noticias\/2026\/04\/10\/duas-pessoas-morrem-no-kamchatka-apos-grupo-de-caminhantes-se-separar\/"},"author":{"name":"Telinha","@id":"https:\/\/portaltela.pt\/#\/schema\/person\/c4278d4a6028830caff9ee44b42d32ed"},"headline":"Duas pessoas morrem no Kamchatka ap\u00f3s grupo de caminhantes se separar","datePublished":"2026-04-10T15:02:14+00:00","mainEntityOfPage":{"@id":"https:\/\/portaltela.pt\/noticias\/2026\/04\/10\/duas-pessoas-morrem-no-kamchatka-apos-grupo-de-caminhantes-se-separar\/"},"wordCount":233,"image":{"@id":"https:\/\/portaltela.pt\/noticias\/2026\/04\/10\/duas-pessoas-morrem-no-kamchatka-apos-grupo-de-caminhantes-se-separar\/#primaryimage"},"thumbnailUrl":"https:\/\/portaltela.pt\/s.01k8rhncp4jt1\/2026\/04\/1536x864_cmsv2_269a664a-dbfe-57ba-9f48-b40d0ad2dda5-9717420.jpg","keywords":["a R\u00fassia","acidentes","emerg\u00eancia","meio-ambiente","natureza"],"articleSection":["Acidentes"],"inLanguage":"pt-PT"},{"@type":"WebPage","@id":"https:\/\/portaltela.pt\/noticias\/2026\/04\/10\/duas-pessoas-morrem-no-kamchatka-apos-grupo-de-caminhantes-se-separar\/","url":"https:\/\/portaltela.pt\/noticias\/2026\/04\/10\/duas-pessoas-morrem-no-kamchatka-apos-grupo-de-caminhantes-se-separar\/","name":"Duas pessoas morrem no Kamchatka ap\u00f3s grupo de caminhantes se separar - Portal Tela Portugal","isPartOf":{"@id":"https:\/\/portaltela.pt\/#website"},"primaryImageOfPage":{"@id":"https:\/\/portaltela.pt\/noticias\/2026\/04\/10\/duas-pessoas-morrem-no-kamchatka-apos-grupo-de-caminhantes-se-separar\/#primaryimage"},"image":{"@id":"https:\/\/portaltela.pt\/noticias\/2026\/04\/10\/duas-pessoas-morrem-no-kamchatka-apos-grupo-de-caminhantes-se-separar\/#primaryimage"},"thumbnailUrl":"https:\/\/portaltela.pt\/s.01k8rhncp4jt1\/2026\/04\/1536x864_cmsv2_269a664a-dbfe-57ba-9f48-b40d0ad2dda5-9717420.jpg","datePublished":"2026-04-10T15:02:14+00:00","author":{"@id":"https:\/\/portaltela.pt\/#\/schema\/person\/c4278d4a6028830caff9ee44b42d32ed"},"breadcrumb":{"@id":"https:\/\/portaltela.pt\/noticias\/2026\/04\/10\/duas-pessoas-morrem-no-kamchatka-apos-grupo-de-caminhantes-se-separar\/#breadcrumb"},"inLanguage":"pt-PT","potentialAction":[{"@type":"ReadAction","target":["https:\/\/portaltela.pt\/noticias\/2026\/04\/10\/duas-pessoas-morrem-no-kamchatka-apos-grupo-de-caminhantes-se-separar\/"]}]},{"@type":"ImageObject","inLanguage":"pt-PT","@id":"https:\/\/portaltela.pt\/noticias\/2026\/04\/10\/duas-pessoas-morrem-no-kamchatka-apos-grupo-de-caminhantes-se-separar\/#primaryimage","url":"https:\/\/portaltela.pt\/s.01k8rhncp4jt1\/2026\/04\/1536x864_cmsv2_269a664a-dbfe-57ba-9f48-b40d0ad2dda5-9717420.jpg","contentUrl":"https:\/\/portaltela.pt\/s.01k8rhncp4jt1\/2026\/04\/1536x864_cmsv2_269a664a-dbfe-57ba-9f48-b40d0ad2dda5-9717420.jpg","width":796,"height":448,"caption":"Foto de demonstra\u00e7\u00e3o."},{"@type":"BreadcrumbList","@id":"https:\/\/portaltela.pt\/noticias\/2026\/04\/10\/duas-pessoas-morrem-no-kamchatka-apos-grupo-de-caminhantes-se-separar\/#breadcrumb","itemListElement":[{"@type":"ListItem","position":1,"name":"In\u00edcio","item":"https:\/\/portaltela.pt\/"},{"@type":"ListItem","position":2,"name":"Duas pessoas morrem no Kamchatka ap\u00f3s grupo de caminhantes se separar"}]},{"@type":"WebSite","@id":"https:\/\/portaltela.pt\/#website","url":"https:\/\/portaltela.pt\/","name":"Portal Tela Portugal","description":"","potentialAction":[{"@type":"SearchAction","target":{"@type":"EntryPoint","urlTemplate":"https:\/\/portaltela.pt\/?s={search_term_string}"},"query-input":{"@type":"PropertyValueSpecification","valueRequired":true,"valueName":"search_term_string"}}],"inLanguage":"pt-PT"},{"@type":"Person","@id":"https:\/\/portaltela.pt\/#\/schema\/person\/c4278d4a6028830caff9ee44b42d32ed","name":"Telinha","image":{"@type":"ImageObject","inLanguage":"pt-PT","@id":"https:\/\/portaltela.pt\/s.01k8rhncp4jt1\/2025\/11\/talking-bot-125x125.png","url":"https:\/\/portaltela.pt\/s.01k8rhncp4jt1\/2025\/11\/talking-bot-125x125.png","contentUrl":"https:\/\/portaltela.pt\/s.01k8rhncp4jt1\/2025\/11\/talking-bot-125x125.png","caption":"Telinha"},"sameAs":["https:\/\/portaltela.pt\/"],"url":"https:\/\/portaltela.pt\/por\/367410592786\/"}]}},"_links":{"self":[{"href":"https:\/\/portaltela.pt\/api\/wp\/v2\/posts\/439477","targetHints":{"allow":["GET"]}}],"collection":[{"href":"https:\/\/portaltela.pt\/api\/wp\/v2\/posts"}],"about":[{"href":"https:\/\/portaltela.pt\/api\/wp\/v2\/types\/post"}],"author":[{"embeddable":true,"href":"https:\/\/portaltela.pt\/api\/wp\/v2\/users\/2"}],"replies":[{"embeddable":true,"href":"https:\/\/portaltela.pt\/api\/wp\/v2\/comments?post=439477"}],"version-history":[{"count":0,"href":"https:\/\/portaltela.pt\/api\/wp\/v2\/posts\/439477\/revisions"}],"wp:featuredmedia":[{"embeddable":true,"href":"https:\/\/portaltela.pt\/api\/wp\/v2\/media\/439479"}],"wp:attachment":[{"href":"https:\/\/portaltela.pt\/api\/wp\/v2\/media?parent=439477"}],"wp:term":[{"taxonomy":"category","embeddable":true,"href":"https:\/\/portaltela.pt\/api\/wp\/v2\/categories?post=439477"},{"taxonomy":"post_tag","embeddable":true,"href":"https:\/\/portaltela.pt\/api\/wp\/v2\/tags?post=439477"}],"curies":[{"name":"wp","href":"https:\/\/api.w.org\/{rel}","templated":true}]}}