{"id":439433,"date":"2026-04-10T11:17:26","date_gmt":"2026-04-10T14:17:26","guid":{"rendered":"https:\/\/portaltela.pt\/noticias\/2026\/04\/10\/imprensa-norueguesa-aponta-dahl-como-alvo-do-benfica\/"},"modified":"2026-04-10T11:17:26","modified_gmt":"2026-04-10T14:17:26","slug":"imprensa-norueguesa-aponta-dahl-como-alvo-do-benfica","status":"publish","type":"post","link":"https:\/\/portaltela.pt\/desporto\/futebol\/2026\/04\/10\/imprensa-norueguesa-aponta-dahl-como-alvo-do-benfica\/","title":{"rendered":"Imprensa norueguesa aponta Dahl como alvo do Benfica"},"content":{"rendered":"<p>Jens Hjerto-Dahl, m\u00e9dio de 20 anos, tem chamado a aten\u00e7\u00e3o no Troms\u00f8, l\u00edder do campeonato noruegu\u00eas. Em 2026 soma quatro golos em apenas dois jogos, destacando-se pela consist\u00eancia exibida nas \u00faltimas temporadas. A imprensa norueguesa ligou-o j\u00e1 ao Benfica.<\/p>\n<p>O clube da Luz \u00e9 apontado como interessado, segundo fontes locais, que estimam Dahl em cerca de 15 milh\u00f5es de euros. A poss\u00edvel opera\u00e7\u00e3o surge num contexto de negocia\u00e7\u00f5es intensas, com o Troms\u00f8 \u00e0 procura de encaixe financeiro.<\/p>\n<p>Interesses internacionais e cen\u00e1rio de mercado<\/p>\n<p>Clubes da Premier League, como West Ham e Wolverhampton, e da Bundesliga, como Hamburgo, j\u00e1 perguntaram pelo jogador. No mercado de ver\u00e3o, Dahl esteve perto de deixar o Troms\u00f8 rumo \u00e0 Turquia, fortalecendo o cen\u00e1rio de sa\u00edda no clube noruegu\u00eas.<\/p>\n","protected":false},"excerpt":{"rendered":"<ul>\n<li>O m\u00e9dio Jens Hjerto-Dah, de 20 anos, atua pelo Troms\u00f8 e tem mostrado destaque em 2026, com quatro golos em dois jogos.<\/li>\n<li>A imprensa norueguesa indica que o Benfica j\u00e1 acompanha o teu desempenho e h\u00e1 interesse pela contrata\u00e7\u00e3o.<\/li>\n<li>O Troms\u00f8 \u00e9 l\u00edder do campeonato noruegu\u00eas e Dahl tem sido uma pe\u00e7a-chave na equipa.<\/li>\n<li>O clube n\u00f3rdico aponta um encaixe de cerca de 15 milh\u00f5es de euros; interessados como West Ham, Wolverhampton e Hamburgo j\u00e1 perguntaram pelo jogador.<\/li>\n<li>No ver\u0103o, Dahl esteve perto de avan\u00e7ar para a Turquia; a sa\u00edda do Troms\u00f8 parece cada vez mais prov\u00e1vel.<\/li>\n<\/ul>\n","protected":false},"author":2,"featured_media":439436,"comment_status":"closed","ping_status":"closed","sticky":false,"template":"","format":"standard","meta":{"footnotes":""},"categories":[21,24],"tags":[7755,1946,152,6562,2125,2050],"class_list":["post-439433","post","type-post","status-publish","format-standard","has-post-thumbnail","hentry","category-desporto","category-futebol","tag-_futebol","tag-benfica","tag-desporto","tag-mercados-internacionais","tag-noruega","tag-transferencias"],"yoast_head":"<!-- This site is optimized with the Yoast SEO plugin v27.2 - https:\/\/yoast.com\/product\/yoast-seo-wordpress\/ -->\n<title>Imprensa norueguesa aponta Dahl como alvo do Benfica - Portal Tela Portugal<\/title>\n<meta name=\"robots\" content=\"index, follow, max-snippet:-1, max-image-preview:large, max-video-preview:-1\" \/>\n<meta property=\"og:locale\" content=\"pt_PT\" \/>\n<meta property=\"og:type\" content=\"article\" \/>\n<meta property=\"og:title\" content=\"Imprensa norueguesa aponta Dahl como alvo do Benfica - Portal Tela Portugal\" \/>\n<meta property=\"og:description\" content=\"O m\u00e9dio Jens Hjerto-Dah, de 20 anos, atua pelo Troms\u00f8 e tem mostrado destaque em 2026, com quatro golos em dois jogos. A imprensa norueguesa indica que o Benfica j\u00e1 acompanha o teu desempenho e h\u00e1 interesse pela contrata\u00e7\u00e3o. O Troms\u00f8 \u00e9 l\u00edder do campeonato noruegu\u00eas e Dahl tem sido uma pe\u00e7a-chave na equipa. O clube n\u00f3rdico aponta um encaixe de cerca de 15 milh\u00f5es de euros; interessados como West Ham, Wolverhampton e Hamburgo j\u00e1 perguntaram pelo jogador. No ver\u0103o, Dahl esteve perto de avan\u00e7ar para a Turquia; a sa\u00edda do Troms\u00f8 parece cada vez mais prov\u00e1vel.\" \/>\n<meta property=\"og:url\" content=\"https:\/\/portaltela.pt\/noticias\/2026\/04\/10\/imprensa-norueguesa-aponta-dahl-como-alvo-do-benfica\/\" \/>\n<meta property=\"og:site_name\" content=\"Portal Tela Portugal\" \/>\n<meta property=\"article:published_time\" content=\"2026-04-10T14:17:26+00:00\" \/>\n<meta name=\"author\" content=\"Telinha\" \/>\n<meta name=\"twitter:card\" content=\"summary_large_image\" \/>\n<meta name=\"twitter:label1\" content=\"Escrito por\" \/>\n\t<meta name=\"twitter:data1\" content=\"Telinha\" \/>\n\t<meta name=\"twitter:label2\" content=\"Tempo estimado de leitura\" \/>\n\t<meta name=\"twitter:data2\" content=\"1 minuto\" \/>\n<script type=\"application\/ld+json\" class=\"yoast-schema-graph\">{\"@context\":\"https:\/\/schema.org\",\"@graph\":[{\"@type\":\"Article\",\"@id\":\"https:\/\/portaltela.pt\/noticias\/2026\/04\/10\/imprensa-norueguesa-aponta-dahl-como-alvo-do-benfica\/#article\",\"isPartOf\":{\"@id\":\"https:\/\/portaltela.pt\/noticias\/2026\/04\/10\/imprensa-norueguesa-aponta-dahl-como-alvo-do-benfica\/\"},\"author\":{\"name\":\"Telinha\",\"@id\":\"https:\/\/portaltela.pt\/#\/schema\/person\/c4278d4a6028830caff9ee44b42d32ed\"},\"headline\":\"Imprensa norueguesa aponta Dahl como alvo do Benfica\",\"datePublished\":\"2026-04-10T14:17:26+00:00\",\"mainEntityOfPage\":{\"@id\":\"https:\/\/portaltela.pt\/noticias\/2026\/04\/10\/imprensa-norueguesa-aponta-dahl-como-alvo-do-benfica\/\"},\"wordCount\":139,\"image\":{\"@id\":\"https:\/\/portaltela.pt\/noticias\/2026\/04\/10\/imprensa-norueguesa-aponta-dahl-como-alvo-do-benfica\/#primaryimage\"},\"thumbnailUrl\":\"https:\/\/portaltela.pt\/s.01k8rhncp4jt1\/2026\/04\/img_920x518uu2026-04-10-15-05-38-2432177-im-639114303738126369.jpg\",\"keywords\":[\"_futebol\",\"Benfica\",\"desporto\",\"mercados internacionais\",\"Noruega\",\"transfer\u00eancias\"],\"articleSection\":[\"Desporto\",\"Futebol\"],\"inLanguage\":\"pt-PT\"},{\"@type\":\"WebPage\",\"@id\":\"https:\/\/portaltela.pt\/noticias\/2026\/04\/10\/imprensa-norueguesa-aponta-dahl-como-alvo-do-benfica\/\",\"url\":\"https:\/\/portaltela.pt\/noticias\/2026\/04\/10\/imprensa-norueguesa-aponta-dahl-como-alvo-do-benfica\/\",\"name\":\"Imprensa norueguesa aponta Dahl como alvo do Benfica - Portal Tela Portugal\",\"isPartOf\":{\"@id\":\"https:\/\/portaltela.pt\/#website\"},\"primaryImageOfPage\":{\"@id\":\"https:\/\/portaltela.pt\/noticias\/2026\/04\/10\/imprensa-norueguesa-aponta-dahl-como-alvo-do-benfica\/#primaryimage\"},\"image\":{\"@id\":\"https:\/\/portaltela.pt\/noticias\/2026\/04\/10\/imprensa-norueguesa-aponta-dahl-como-alvo-do-benfica\/#primaryimage\"},\"thumbnailUrl\":\"https:\/\/portaltela.pt\/s.01k8rhncp4jt1\/2026\/04\/img_920x518uu2026-04-10-15-05-38-2432177-im-639114303738126369.jpg\",\"datePublished\":\"2026-04-10T14:17:26+00:00\",\"author\":{\"@id\":\"https:\/\/portaltela.pt\/#\/schema\/person\/c4278d4a6028830caff9ee44b42d32ed\"},\"breadcrumb\":{\"@id\":\"https:\/\/portaltela.pt\/noticias\/2026\/04\/10\/imprensa-norueguesa-aponta-dahl-como-alvo-do-benfica\/#breadcrumb\"},\"inLanguage\":\"pt-PT\",\"potentialAction\":[{\"@type\":\"ReadAction\",\"target\":[\"https:\/\/portaltela.pt\/noticias\/2026\/04\/10\/imprensa-norueguesa-aponta-dahl-como-alvo-do-benfica\/\"]}]},{\"@type\":\"ImageObject\",\"inLanguage\":\"pt-PT\",\"@id\":\"https:\/\/portaltela.pt\/noticias\/2026\/04\/10\/imprensa-norueguesa-aponta-dahl-como-alvo-do-benfica\/#primaryimage\",\"url\":\"https:\/\/portaltela.pt\/s.01k8rhncp4jt1\/2026\/04\/img_920x518uu2026-04-10-15-05-38-2432177-im-639114303738126369.jpg\",\"contentUrl\":\"https:\/\/portaltela.pt\/s.01k8rhncp4jt1\/2026\/04\/img_920x518uu2026-04-10-15-05-38-2432177-im-639114303738126369.jpg\",\"width\":796,\"height\":448,\"caption\":\"Dahl \u00e9 apontado ao Benfica pela imprensa norueguesa\"},{\"@type\":\"BreadcrumbList\",\"@id\":\"https:\/\/portaltela.pt\/noticias\/2026\/04\/10\/imprensa-norueguesa-aponta-dahl-como-alvo-do-benfica\/#breadcrumb\",\"itemListElement\":[{\"@type\":\"ListItem\",\"position\":1,\"name\":\"In\u00edcio\",\"item\":\"https:\/\/portaltela.pt\/\"},{\"@type\":\"ListItem\",\"position\":2,\"name\":\"Imprensa norueguesa aponta Dahl como alvo do Benfica\"}]},{\"@type\":\"WebSite\",\"@id\":\"https:\/\/portaltela.pt\/#website\",\"url\":\"https:\/\/portaltela.pt\/\",\"name\":\"Portal Tela Portugal\",\"description\":\"\",\"potentialAction\":[{\"@type\":\"SearchAction\",\"target\":{\"@type\":\"EntryPoint\",\"urlTemplate\":\"https:\/\/portaltela.pt\/?s={search_term_string}\"},\"query-input\":{\"@type\":\"PropertyValueSpecification\",\"valueRequired\":true,\"valueName\":\"search_term_string\"}}],\"inLanguage\":\"pt-PT\"},{\"@type\":\"Person\",\"@id\":\"https:\/\/portaltela.pt\/#\/schema\/person\/c4278d4a6028830caff9ee44b42d32ed\",\"name\":\"Telinha\",\"image\":{\"@type\":\"ImageObject\",\"inLanguage\":\"pt-PT\",\"@id\":\"https:\/\/portaltela.pt\/s.01k8rhncp4jt1\/2025\/11\/talking-bot-125x125.png\",\"url\":\"https:\/\/portaltela.pt\/s.01k8rhncp4jt1\/2025\/11\/talking-bot-125x125.png\",\"contentUrl\":\"https:\/\/portaltela.pt\/s.01k8rhncp4jt1\/2025\/11\/talking-bot-125x125.png\",\"caption\":\"Telinha\"},\"sameAs\":[\"https:\/\/portaltela.pt\/\"],\"url\":\"https:\/\/portaltela.pt\/por\/367410592786\/\"}]}<\/script>\n<!-- \/ Yoast SEO plugin. -->","yoast_head_json":{"title":"Imprensa norueguesa aponta Dahl como alvo do Benfica - Portal Tela Portugal","robots":{"index":"index","follow":"follow","max-snippet":"max-snippet:-1","max-image-preview":"max-image-preview:large","max-video-preview":"max-video-preview:-1"},"og_locale":"pt_PT","og_type":"article","og_title":"Imprensa norueguesa aponta Dahl como alvo do Benfica - Portal Tela Portugal","og_description":"O m\u00e9dio Jens Hjerto-Dah, de 20 anos, atua pelo Troms\u00f8 e tem mostrado destaque em 2026, com quatro golos em dois jogos. A imprensa norueguesa indica que o Benfica j\u00e1 acompanha o teu desempenho e h\u00e1 interesse pela contrata\u00e7\u00e3o. O Troms\u00f8 \u00e9 l\u00edder do campeonato noruegu\u00eas e Dahl tem sido uma pe\u00e7a-chave na equipa. O clube n\u00f3rdico aponta um encaixe de cerca de 15 milh\u00f5es de euros; interessados como West Ham, Wolverhampton e Hamburgo j\u00e1 perguntaram pelo jogador. No ver\u0103o, Dahl esteve perto de avan\u00e7ar para a Turquia; a sa\u00edda do Troms\u00f8 parece cada vez mais prov\u00e1vel.","og_url":"https:\/\/portaltela.pt\/noticias\/2026\/04\/10\/imprensa-norueguesa-aponta-dahl-como-alvo-do-benfica\/","og_site_name":"Portal Tela Portugal","article_published_time":"2026-04-10T14:17:26+00:00","author":"Telinha","twitter_card":"summary_large_image","twitter_misc":{"Escrito por":"Telinha","Tempo estimado de leitura":"1 minuto"},"schema":{"@context":"https:\/\/schema.org","@graph":[{"@type":"Article","@id":"https:\/\/portaltela.pt\/noticias\/2026\/04\/10\/imprensa-norueguesa-aponta-dahl-como-alvo-do-benfica\/#article","isPartOf":{"@id":"https:\/\/portaltela.pt\/noticias\/2026\/04\/10\/imprensa-norueguesa-aponta-dahl-como-alvo-do-benfica\/"},"author":{"name":"Telinha","@id":"https:\/\/portaltela.pt\/#\/schema\/person\/c4278d4a6028830caff9ee44b42d32ed"},"headline":"Imprensa norueguesa aponta Dahl como alvo do Benfica","datePublished":"2026-04-10T14:17:26+00:00","mainEntityOfPage":{"@id":"https:\/\/portaltela.pt\/noticias\/2026\/04\/10\/imprensa-norueguesa-aponta-dahl-como-alvo-do-benfica\/"},"wordCount":139,"image":{"@id":"https:\/\/portaltela.pt\/noticias\/2026\/04\/10\/imprensa-norueguesa-aponta-dahl-como-alvo-do-benfica\/#primaryimage"},"thumbnailUrl":"https:\/\/portaltela.pt\/s.01k8rhncp4jt1\/2026\/04\/img_920x518uu2026-04-10-15-05-38-2432177-im-639114303738126369.jpg","keywords":["_futebol","Benfica","desporto","mercados internacionais","Noruega","transfer\u00eancias"],"articleSection":["Desporto","Futebol"],"inLanguage":"pt-PT"},{"@type":"WebPage","@id":"https:\/\/portaltela.pt\/noticias\/2026\/04\/10\/imprensa-norueguesa-aponta-dahl-como-alvo-do-benfica\/","url":"https:\/\/portaltela.pt\/noticias\/2026\/04\/10\/imprensa-norueguesa-aponta-dahl-como-alvo-do-benfica\/","name":"Imprensa norueguesa aponta Dahl como alvo do Benfica - Portal Tela Portugal","isPartOf":{"@id":"https:\/\/portaltela.pt\/#website"},"primaryImageOfPage":{"@id":"https:\/\/portaltela.pt\/noticias\/2026\/04\/10\/imprensa-norueguesa-aponta-dahl-como-alvo-do-benfica\/#primaryimage"},"image":{"@id":"https:\/\/portaltela.pt\/noticias\/2026\/04\/10\/imprensa-norueguesa-aponta-dahl-como-alvo-do-benfica\/#primaryimage"},"thumbnailUrl":"https:\/\/portaltela.pt\/s.01k8rhncp4jt1\/2026\/04\/img_920x518uu2026-04-10-15-05-38-2432177-im-639114303738126369.jpg","datePublished":"2026-04-10T14:17:26+00:00","author":{"@id":"https:\/\/portaltela.pt\/#\/schema\/person\/c4278d4a6028830caff9ee44b42d32ed"},"breadcrumb":{"@id":"https:\/\/portaltela.pt\/noticias\/2026\/04\/10\/imprensa-norueguesa-aponta-dahl-como-alvo-do-benfica\/#breadcrumb"},"inLanguage":"pt-PT","potentialAction":[{"@type":"ReadAction","target":["https:\/\/portaltela.pt\/noticias\/2026\/04\/10\/imprensa-norueguesa-aponta-dahl-como-alvo-do-benfica\/"]}]},{"@type":"ImageObject","inLanguage":"pt-PT","@id":"https:\/\/portaltela.pt\/noticias\/2026\/04\/10\/imprensa-norueguesa-aponta-dahl-como-alvo-do-benfica\/#primaryimage","url":"https:\/\/portaltela.pt\/s.01k8rhncp4jt1\/2026\/04\/img_920x518uu2026-04-10-15-05-38-2432177-im-639114303738126369.jpg","contentUrl":"https:\/\/portaltela.pt\/s.01k8rhncp4jt1\/2026\/04\/img_920x518uu2026-04-10-15-05-38-2432177-im-639114303738126369.jpg","width":796,"height":448,"caption":"Dahl \u00e9 apontado ao Benfica pela imprensa norueguesa"},{"@type":"BreadcrumbList","@id":"https:\/\/portaltela.pt\/noticias\/2026\/04\/10\/imprensa-norueguesa-aponta-dahl-como-alvo-do-benfica\/#breadcrumb","itemListElement":[{"@type":"ListItem","position":1,"name":"In\u00edcio","item":"https:\/\/portaltela.pt\/"},{"@type":"ListItem","position":2,"name":"Imprensa norueguesa aponta Dahl como alvo do Benfica"}]},{"@type":"WebSite","@id":"https:\/\/portaltela.pt\/#website","url":"https:\/\/portaltela.pt\/","name":"Portal Tela Portugal","description":"","potentialAction":[{"@type":"SearchAction","target":{"@type":"EntryPoint","urlTemplate":"https:\/\/portaltela.pt\/?s={search_term_string}"},"query-input":{"@type":"PropertyValueSpecification","valueRequired":true,"valueName":"search_term_string"}}],"inLanguage":"pt-PT"},{"@type":"Person","@id":"https:\/\/portaltela.pt\/#\/schema\/person\/c4278d4a6028830caff9ee44b42d32ed","name":"Telinha","image":{"@type":"ImageObject","inLanguage":"pt-PT","@id":"https:\/\/portaltela.pt\/s.01k8rhncp4jt1\/2025\/11\/talking-bot-125x125.png","url":"https:\/\/portaltela.pt\/s.01k8rhncp4jt1\/2025\/11\/talking-bot-125x125.png","contentUrl":"https:\/\/portaltela.pt\/s.01k8rhncp4jt1\/2025\/11\/talking-bot-125x125.png","caption":"Telinha"},"sameAs":["https:\/\/portaltela.pt\/"],"url":"https:\/\/portaltela.pt\/por\/367410592786\/"}]}},"_links":{"self":[{"href":"https:\/\/portaltela.pt\/api\/wp\/v2\/posts\/439433","targetHints":{"allow":["GET"]}}],"collection":[{"href":"https:\/\/portaltela.pt\/api\/wp\/v2\/posts"}],"about":[{"href":"https:\/\/portaltela.pt\/api\/wp\/v2\/types\/post"}],"author":[{"embeddable":true,"href":"https:\/\/portaltela.pt\/api\/wp\/v2\/users\/2"}],"replies":[{"embeddable":true,"href":"https:\/\/portaltela.pt\/api\/wp\/v2\/comments?post=439433"}],"version-history":[{"count":0,"href":"https:\/\/portaltela.pt\/api\/wp\/v2\/posts\/439433\/revisions"}],"wp:featuredmedia":[{"embeddable":true,"href":"https:\/\/portaltela.pt\/api\/wp\/v2\/media\/439436"}],"wp:attachment":[{"href":"https:\/\/portaltela.pt\/api\/wp\/v2\/media?parent=439433"}],"wp:term":[{"taxonomy":"category","embeddable":true,"href":"https:\/\/portaltela.pt\/api\/wp\/v2\/categories?post=439433"},{"taxonomy":"post_tag","embeddable":true,"href":"https:\/\/portaltela.pt\/api\/wp\/v2\/tags?post=439433"}],"curies":[{"name":"wp","href":"https:\/\/api.w.org\/{rel}","templated":true}]}}