{"id":439428,"date":"2026-04-10T11:17:23","date_gmt":"2026-04-10T14:17:23","guid":{"rendered":"https:\/\/portaltela.pt\/noticias\/2026\/04\/10\/spalletti-renova-contrato-com-a-juventus-ate-2028\/"},"modified":"2026-04-10T11:17:23","modified_gmt":"2026-04-10T14:17:23","slug":"spalletti-renova-contrato-com-a-juventus-ate-2028","status":"publish","type":"post","link":"https:\/\/portaltela.pt\/desporto\/futebol\/2026\/04\/10\/spalletti-renova-contrato-com-a-juventus-ate-2028\/","title":{"rendered":"Spalletti renova contrato com a Juventus at\u00e9 2028"},"content":{"rendered":"<p>O treinador Luciano Spalletti renovou contrato com a Juventus at\u00e9 30 de junho de 2028. A confirma\u00e7\u00e3o foi divulgada pela pr\u00f3pria Juventus, ap\u00f3s o t\u00e9cnico ter assumido o comando do clube em outubro \u00faltimo.<\/p>\n<p>Spalletti, de 67 anos, j\u00e1 soma 31 jogos oficiais pela Juve nesta temporada, com 17 vit\u00f3rias, 8 empates e 6 derrotas. O contrato estendido mant\u00e9m-no no leme do projeto juventino para as pr\u00f3ximas \u00e9pocas.<\/p>\n<p>O hist\u00f3rico de Spalletti inclui passagens por Roma, Inter Mil\u00e3o e Napoli, onde conquistou o scudetto em 2022\/23. Entre 2023 e 2025 tamb\u00e9m esteve \u00e0 frente da sele\u00e7\u00e3o italiana, antes de retornar ao clube de Turim.<\/p>\n<p>A Juventus ocupa o quinto lugar na Serie A, com 57 pontos, a um do quarto classificado Como. O trio de dianteira \u00e9 liderado pelo Inter Mil\u00e3o (72), seguido pelo Napoli (65) e pelo Milan (63).<\/p>\n","protected":false},"excerpt":{"rendered":"<ul>\n<li>Luciano Spalletti renovou contrato com a Juventus at\u00e9 30 de junho de 2028, ap\u00f3s assumir o clube de Turim em outubro \u00faltimo.<\/li>\n<li>A Juventus permanece como quinto classificado da Serie A, com 57 pontos, a uma etapa do quarto lugar ocupado pelo Como.<\/li>\n<li>Spalletti, de 67 anos, contabiliza 17 vit\u00f3rias, oito empates e seis derrotas em 31 jogos oficiais pela Juve.<\/li>\n<li>O t\u00e9cnico j\u00e1 tinha passado por Roma, Inter, Napoli e Zenit, destacando-se ao conquistar o Scudetto de 2022\/23 pelo Napoli e outras ta\u00e7as.<\/li>\n<li>A posi\u00e7\u00e3o de lideran\u00e7a da liga segue apenas distante do Inter Mil\u00e3o (72 pontos), do Napoli (65) e do AC Milan (63).<\/li>\n<\/ul>\n","protected":false},"author":2,"featured_media":439431,"comment_status":"closed","ping_status":"closed","sticky":false,"template":"","format":"standard","meta":{"footnotes":""},"categories":[21,24],"tags":[32,4813,1857,2121,4815,2062],"class_list":["post-439428","post","type-post","status-publish","format-standard","has-post-thumbnail","hentry","category-desporto","category-futebol","tag-futebol","tag-inter-milao","tag-italia","tag-napoli","tag-roma","tag-serie-a"],"yoast_head":"<!-- This site is optimized with the Yoast SEO plugin v27.2 - https:\/\/yoast.com\/product\/yoast-seo-wordpress\/ -->\n<title>Spalletti renova contrato com a Juventus at\u00e9 2028 - Portal Tela Portugal<\/title>\n<meta name=\"robots\" content=\"index, follow, max-snippet:-1, max-image-preview:large, max-video-preview:-1\" \/>\n<meta property=\"og:locale\" content=\"pt_PT\" \/>\n<meta property=\"og:type\" content=\"article\" \/>\n<meta property=\"og:title\" content=\"Spalletti renova contrato com a Juventus at\u00e9 2028 - Portal Tela Portugal\" \/>\n<meta property=\"og:description\" content=\"Luciano Spalletti renovou contrato com a Juventus at\u00e9 30 de junho de 2028, ap\u00f3s assumir o clube de Turim em outubro \u00faltimo. A Juventus permanece como quinto classificado da Serie A, com 57 pontos, a uma etapa do quarto lugar ocupado pelo Como. Spalletti, de 67 anos, contabiliza 17 vit\u00f3rias, oito empates e seis derrotas em 31 jogos oficiais pela Juve. O t\u00e9cnico j\u00e1 tinha passado por Roma, Inter, Napoli e Zenit, destacando-se ao conquistar o Scudetto de 2022\/23 pelo Napoli e outras ta\u00e7as. A posi\u00e7\u00e3o de lideran\u00e7a da liga segue apenas distante do Inter Mil\u00e3o (72 pontos), do Napoli (65) e do AC Milan (63).\" \/>\n<meta property=\"og:url\" content=\"https:\/\/portaltela.pt\/noticias\/2026\/04\/10\/spalletti-renova-contrato-com-a-juventus-ate-2028\/\" \/>\n<meta property=\"og:site_name\" content=\"Portal Tela Portugal\" \/>\n<meta property=\"article:published_time\" content=\"2026-04-10T14:17:23+00:00\" \/>\n<meta name=\"author\" content=\"Telinha\" \/>\n<meta name=\"twitter:card\" content=\"summary_large_image\" \/>\n<meta name=\"twitter:label1\" content=\"Escrito por\" \/>\n\t<meta name=\"twitter:data1\" content=\"Telinha\" \/>\n\t<meta name=\"twitter:label2\" content=\"Tempo estimado de leitura\" \/>\n\t<meta name=\"twitter:data2\" content=\"1 minuto\" \/>\n<script type=\"application\/ld+json\" class=\"yoast-schema-graph\">{\"@context\":\"https:\/\/schema.org\",\"@graph\":[{\"@type\":\"Article\",\"@id\":\"https:\/\/portaltela.pt\/noticias\/2026\/04\/10\/spalletti-renova-contrato-com-a-juventus-ate-2028\/#article\",\"isPartOf\":{\"@id\":\"https:\/\/portaltela.pt\/noticias\/2026\/04\/10\/spalletti-renova-contrato-com-a-juventus-ate-2028\/\"},\"author\":{\"name\":\"Telinha\",\"@id\":\"https:\/\/portaltela.pt\/#\/schema\/person\/c4278d4a6028830caff9ee44b42d32ed\"},\"headline\":\"Spalletti renova contrato com a Juventus at\u00e9 2028\",\"datePublished\":\"2026-04-10T14:17:23+00:00\",\"mainEntityOfPage\":{\"@id\":\"https:\/\/portaltela.pt\/noticias\/2026\/04\/10\/spalletti-renova-contrato-com-a-juventus-ate-2028\/\"},\"wordCount\":143,\"image\":{\"@id\":\"https:\/\/portaltela.pt\/noticias\/2026\/04\/10\/spalletti-renova-contrato-com-a-juventus-ate-2028\/#primaryimage\"},\"thumbnailUrl\":\"https:\/\/portaltela.pt\/s.01k8rhncp4jt1\/2026\/04\/img_920x518uu2025-10-31-17-36-30-2399628.jpg\",\"keywords\":[\"futebol\",\"Inter Mil\u00e3o\",\"It\u00e1lia\",\"Napoli\",\"Roma\",\"S\u00e9rie A\"],\"articleSection\":[\"Desporto\",\"Futebol\"],\"inLanguage\":\"pt-PT\"},{\"@type\":\"WebPage\",\"@id\":\"https:\/\/portaltela.pt\/noticias\/2026\/04\/10\/spalletti-renova-contrato-com-a-juventus-ate-2028\/\",\"url\":\"https:\/\/portaltela.pt\/noticias\/2026\/04\/10\/spalletti-renova-contrato-com-a-juventus-ate-2028\/\",\"name\":\"Spalletti renova contrato com a Juventus at\u00e9 2028 - Portal Tela Portugal\",\"isPartOf\":{\"@id\":\"https:\/\/portaltela.pt\/#website\"},\"primaryImageOfPage\":{\"@id\":\"https:\/\/portaltela.pt\/noticias\/2026\/04\/10\/spalletti-renova-contrato-com-a-juventus-ate-2028\/#primaryimage\"},\"image\":{\"@id\":\"https:\/\/portaltela.pt\/noticias\/2026\/04\/10\/spalletti-renova-contrato-com-a-juventus-ate-2028\/#primaryimage\"},\"thumbnailUrl\":\"https:\/\/portaltela.pt\/s.01k8rhncp4jt1\/2026\/04\/img_920x518uu2025-10-31-17-36-30-2399628.jpg\",\"datePublished\":\"2026-04-10T14:17:23+00:00\",\"author\":{\"@id\":\"https:\/\/portaltela.pt\/#\/schema\/person\/c4278d4a6028830caff9ee44b42d32ed\"},\"breadcrumb\":{\"@id\":\"https:\/\/portaltela.pt\/noticias\/2026\/04\/10\/spalletti-renova-contrato-com-a-juventus-ate-2028\/#breadcrumb\"},\"inLanguage\":\"pt-PT\",\"potentialAction\":[{\"@type\":\"ReadAction\",\"target\":[\"https:\/\/portaltela.pt\/noticias\/2026\/04\/10\/spalletti-renova-contrato-com-a-juventus-ate-2028\/\"]}]},{\"@type\":\"ImageObject\",\"inLanguage\":\"pt-PT\",\"@id\":\"https:\/\/portaltela.pt\/noticias\/2026\/04\/10\/spalletti-renova-contrato-com-a-juventus-ate-2028\/#primaryimage\",\"url\":\"https:\/\/portaltela.pt\/s.01k8rhncp4jt1\/2026\/04\/img_920x518uu2025-10-31-17-36-30-2399628.jpg\",\"contentUrl\":\"https:\/\/portaltela.pt\/s.01k8rhncp4jt1\/2026\/04\/img_920x518uu2025-10-31-17-36-30-2399628.jpg\",\"width\":796,\"height\":448,\"caption\":\"Treinador Luciano Spalletti renova com a Juventus at\u00e9 2028\"},{\"@type\":\"BreadcrumbList\",\"@id\":\"https:\/\/portaltela.pt\/noticias\/2026\/04\/10\/spalletti-renova-contrato-com-a-juventus-ate-2028\/#breadcrumb\",\"itemListElement\":[{\"@type\":\"ListItem\",\"position\":1,\"name\":\"In\u00edcio\",\"item\":\"https:\/\/portaltela.pt\/\"},{\"@type\":\"ListItem\",\"position\":2,\"name\":\"Spalletti renova contrato com a Juventus at\u00e9 2028\"}]},{\"@type\":\"WebSite\",\"@id\":\"https:\/\/portaltela.pt\/#website\",\"url\":\"https:\/\/portaltela.pt\/\",\"name\":\"Portal Tela Portugal\",\"description\":\"\",\"potentialAction\":[{\"@type\":\"SearchAction\",\"target\":{\"@type\":\"EntryPoint\",\"urlTemplate\":\"https:\/\/portaltela.pt\/?s={search_term_string}\"},\"query-input\":{\"@type\":\"PropertyValueSpecification\",\"valueRequired\":true,\"valueName\":\"search_term_string\"}}],\"inLanguage\":\"pt-PT\"},{\"@type\":\"Person\",\"@id\":\"https:\/\/portaltela.pt\/#\/schema\/person\/c4278d4a6028830caff9ee44b42d32ed\",\"name\":\"Telinha\",\"image\":{\"@type\":\"ImageObject\",\"inLanguage\":\"pt-PT\",\"@id\":\"https:\/\/portaltela.pt\/s.01k8rhncp4jt1\/2025\/11\/talking-bot-125x125.png\",\"url\":\"https:\/\/portaltela.pt\/s.01k8rhncp4jt1\/2025\/11\/talking-bot-125x125.png\",\"contentUrl\":\"https:\/\/portaltela.pt\/s.01k8rhncp4jt1\/2025\/11\/talking-bot-125x125.png\",\"caption\":\"Telinha\"},\"sameAs\":[\"https:\/\/portaltela.pt\/\"],\"url\":\"https:\/\/portaltela.pt\/por\/367410592786\/\"}]}<\/script>\n<!-- \/ Yoast SEO plugin. -->","yoast_head_json":{"title":"Spalletti renova contrato com a Juventus at\u00e9 2028 - Portal Tela Portugal","robots":{"index":"index","follow":"follow","max-snippet":"max-snippet:-1","max-image-preview":"max-image-preview:large","max-video-preview":"max-video-preview:-1"},"og_locale":"pt_PT","og_type":"article","og_title":"Spalletti renova contrato com a Juventus at\u00e9 2028 - Portal Tela Portugal","og_description":"Luciano Spalletti renovou contrato com a Juventus at\u00e9 30 de junho de 2028, ap\u00f3s assumir o clube de Turim em outubro \u00faltimo. A Juventus permanece como quinto classificado da Serie A, com 57 pontos, a uma etapa do quarto lugar ocupado pelo Como. Spalletti, de 67 anos, contabiliza 17 vit\u00f3rias, oito empates e seis derrotas em 31 jogos oficiais pela Juve. O t\u00e9cnico j\u00e1 tinha passado por Roma, Inter, Napoli e Zenit, destacando-se ao conquistar o Scudetto de 2022\/23 pelo Napoli e outras ta\u00e7as. A posi\u00e7\u00e3o de lideran\u00e7a da liga segue apenas distante do Inter Mil\u00e3o (72 pontos), do Napoli (65) e do AC Milan (63).","og_url":"https:\/\/portaltela.pt\/noticias\/2026\/04\/10\/spalletti-renova-contrato-com-a-juventus-ate-2028\/","og_site_name":"Portal Tela Portugal","article_published_time":"2026-04-10T14:17:23+00:00","author":"Telinha","twitter_card":"summary_large_image","twitter_misc":{"Escrito por":"Telinha","Tempo estimado de leitura":"1 minuto"},"schema":{"@context":"https:\/\/schema.org","@graph":[{"@type":"Article","@id":"https:\/\/portaltela.pt\/noticias\/2026\/04\/10\/spalletti-renova-contrato-com-a-juventus-ate-2028\/#article","isPartOf":{"@id":"https:\/\/portaltela.pt\/noticias\/2026\/04\/10\/spalletti-renova-contrato-com-a-juventus-ate-2028\/"},"author":{"name":"Telinha","@id":"https:\/\/portaltela.pt\/#\/schema\/person\/c4278d4a6028830caff9ee44b42d32ed"},"headline":"Spalletti renova contrato com a Juventus at\u00e9 2028","datePublished":"2026-04-10T14:17:23+00:00","mainEntityOfPage":{"@id":"https:\/\/portaltela.pt\/noticias\/2026\/04\/10\/spalletti-renova-contrato-com-a-juventus-ate-2028\/"},"wordCount":143,"image":{"@id":"https:\/\/portaltela.pt\/noticias\/2026\/04\/10\/spalletti-renova-contrato-com-a-juventus-ate-2028\/#primaryimage"},"thumbnailUrl":"https:\/\/portaltela.pt\/s.01k8rhncp4jt1\/2026\/04\/img_920x518uu2025-10-31-17-36-30-2399628.jpg","keywords":["futebol","Inter Mil\u00e3o","It\u00e1lia","Napoli","Roma","S\u00e9rie A"],"articleSection":["Desporto","Futebol"],"inLanguage":"pt-PT"},{"@type":"WebPage","@id":"https:\/\/portaltela.pt\/noticias\/2026\/04\/10\/spalletti-renova-contrato-com-a-juventus-ate-2028\/","url":"https:\/\/portaltela.pt\/noticias\/2026\/04\/10\/spalletti-renova-contrato-com-a-juventus-ate-2028\/","name":"Spalletti renova contrato com a Juventus at\u00e9 2028 - Portal Tela Portugal","isPartOf":{"@id":"https:\/\/portaltela.pt\/#website"},"primaryImageOfPage":{"@id":"https:\/\/portaltela.pt\/noticias\/2026\/04\/10\/spalletti-renova-contrato-com-a-juventus-ate-2028\/#primaryimage"},"image":{"@id":"https:\/\/portaltela.pt\/noticias\/2026\/04\/10\/spalletti-renova-contrato-com-a-juventus-ate-2028\/#primaryimage"},"thumbnailUrl":"https:\/\/portaltela.pt\/s.01k8rhncp4jt1\/2026\/04\/img_920x518uu2025-10-31-17-36-30-2399628.jpg","datePublished":"2026-04-10T14:17:23+00:00","author":{"@id":"https:\/\/portaltela.pt\/#\/schema\/person\/c4278d4a6028830caff9ee44b42d32ed"},"breadcrumb":{"@id":"https:\/\/portaltela.pt\/noticias\/2026\/04\/10\/spalletti-renova-contrato-com-a-juventus-ate-2028\/#breadcrumb"},"inLanguage":"pt-PT","potentialAction":[{"@type":"ReadAction","target":["https:\/\/portaltela.pt\/noticias\/2026\/04\/10\/spalletti-renova-contrato-com-a-juventus-ate-2028\/"]}]},{"@type":"ImageObject","inLanguage":"pt-PT","@id":"https:\/\/portaltela.pt\/noticias\/2026\/04\/10\/spalletti-renova-contrato-com-a-juventus-ate-2028\/#primaryimage","url":"https:\/\/portaltela.pt\/s.01k8rhncp4jt1\/2026\/04\/img_920x518uu2025-10-31-17-36-30-2399628.jpg","contentUrl":"https:\/\/portaltela.pt\/s.01k8rhncp4jt1\/2026\/04\/img_920x518uu2025-10-31-17-36-30-2399628.jpg","width":796,"height":448,"caption":"Treinador Luciano Spalletti renova com a Juventus at\u00e9 2028"},{"@type":"BreadcrumbList","@id":"https:\/\/portaltela.pt\/noticias\/2026\/04\/10\/spalletti-renova-contrato-com-a-juventus-ate-2028\/#breadcrumb","itemListElement":[{"@type":"ListItem","position":1,"name":"In\u00edcio","item":"https:\/\/portaltela.pt\/"},{"@type":"ListItem","position":2,"name":"Spalletti renova contrato com a Juventus at\u00e9 2028"}]},{"@type":"WebSite","@id":"https:\/\/portaltela.pt\/#website","url":"https:\/\/portaltela.pt\/","name":"Portal Tela Portugal","description":"","potentialAction":[{"@type":"SearchAction","target":{"@type":"EntryPoint","urlTemplate":"https:\/\/portaltela.pt\/?s={search_term_string}"},"query-input":{"@type":"PropertyValueSpecification","valueRequired":true,"valueName":"search_term_string"}}],"inLanguage":"pt-PT"},{"@type":"Person","@id":"https:\/\/portaltela.pt\/#\/schema\/person\/c4278d4a6028830caff9ee44b42d32ed","name":"Telinha","image":{"@type":"ImageObject","inLanguage":"pt-PT","@id":"https:\/\/portaltela.pt\/s.01k8rhncp4jt1\/2025\/11\/talking-bot-125x125.png","url":"https:\/\/portaltela.pt\/s.01k8rhncp4jt1\/2025\/11\/talking-bot-125x125.png","contentUrl":"https:\/\/portaltela.pt\/s.01k8rhncp4jt1\/2025\/11\/talking-bot-125x125.png","caption":"Telinha"},"sameAs":["https:\/\/portaltela.pt\/"],"url":"https:\/\/portaltela.pt\/por\/367410592786\/"}]}},"_links":{"self":[{"href":"https:\/\/portaltela.pt\/api\/wp\/v2\/posts\/439428","targetHints":{"allow":["GET"]}}],"collection":[{"href":"https:\/\/portaltela.pt\/api\/wp\/v2\/posts"}],"about":[{"href":"https:\/\/portaltela.pt\/api\/wp\/v2\/types\/post"}],"author":[{"embeddable":true,"href":"https:\/\/portaltela.pt\/api\/wp\/v2\/users\/2"}],"replies":[{"embeddable":true,"href":"https:\/\/portaltela.pt\/api\/wp\/v2\/comments?post=439428"}],"version-history":[{"count":0,"href":"https:\/\/portaltela.pt\/api\/wp\/v2\/posts\/439428\/revisions"}],"wp:featuredmedia":[{"embeddable":true,"href":"https:\/\/portaltela.pt\/api\/wp\/v2\/media\/439431"}],"wp:attachment":[{"href":"https:\/\/portaltela.pt\/api\/wp\/v2\/media?parent=439428"}],"wp:term":[{"taxonomy":"category","embeddable":true,"href":"https:\/\/portaltela.pt\/api\/wp\/v2\/categories?post=439428"},{"taxonomy":"post_tag","embeddable":true,"href":"https:\/\/portaltela.pt\/api\/wp\/v2\/tags?post=439428"}],"curies":[{"name":"wp","href":"https:\/\/api.w.org\/{rel}","templated":true}]}}