{"id":439411,"date":"2026-04-10T11:17:04","date_gmt":"2026-04-10T14:17:04","guid":{"rendered":"https:\/\/portaltela.pt\/noticias\/2026\/04\/10\/papa-afirma-que-deus-nao-abencoa-guerras-e-cristaos-nao-apoiam-bombardeios\/"},"modified":"2026-04-10T11:17:04","modified_gmt":"2026-04-10T14:17:04","slug":"papa-afirma-que-deus-nao-abencoa-guerras-e-cristaos-nao-apoiam-bombardeios","status":"publish","type":"post","link":"https:\/\/portaltela.pt\/sociedade\/2026\/04\/10\/papa-afirma-que-deus-nao-abencoa-guerras-e-cristaos-nao-apoiam-bombardeios\/","title":{"rendered":"Papa afirma que Deus n\u00e3o aben\u00e7oa guerras e crist\u00e3os n\u00e3o apoiam bombardeios"},"content":{"rendered":"<p>O Papa afirmou hoje que Deus n\u00e3o aben\u00e7oa conflitos nem guerras, refor\u00e7ando a posi\u00e7\u00e3o de que os disc\u00edpulos de Cristo n\u00e3o apoiam quem lan\u00e7a bombas. A declara\u00e7\u00e3o foi feita durante uma audi\u00eancia no Vaticano com os membros do S\u00ednodo da Igreja Caldeia de Bagdad.<\/p>\n<p>O encontro ocorreu no Vaticano, onde o l\u00edder cat\u00f3lico recebeu representantes da comunidade caldaia para ouvir relatos sobre f\u00e9, paz e conviv\u00eancia entre comunidades religiosas no Iraque. A mensagem enfatizou o compromisso crist\u00e3o com a n\u00e3o viol\u00eancia.<\/p>\n<p>Segundo a agenda oficial, o Papa sublinhou que a f\u00e9 crist\u00e3 convoca \u00e0 reconcilia\u00e7\u00e3o e \u00e0 ajuda aos oprimidos, sem justificar a\u00e7\u00f5es violentas. A dist\u00e2ncia entre a \u00e9tica crist\u00e3 e o uso da viol\u00eancia foi apresentada como um princ\u00edpio basilar da miss\u00e3o da Igreja.<\/p>\n","protected":false},"excerpt":{"rendered":"<ul>\n<li>O Papa afirmou que \u201cDeus n\u00e3o aben\u00e7oa nenhum conflito\u201d durante a audi\u00eancia no Vaticano.<\/li>\n<li>Disse que os \u201cdisc\u00edpulos de Cristo\u201d nunca est\u00e3o do lado daqueles que \u201clan\u00e7am bombas\u201d.<\/li>\n<li>A declara\u00e7\u00e3o foi proferida ao receber os membros do S\u00ednodo da Igreja Caldeia de Bagdad.<\/li>\n<li>O encontro aconteceu no Vaticano, hoje.<\/li>\n<li>O conte\u00fado completo est\u00e1 dispon\u00edvel apenas para subscritores.<\/li>\n<\/ul>\n","protected":false},"author":2,"featured_media":439415,"comment_status":"closed","ping_status":"closed","sticky":false,"template":"","format":"standard","meta":{"footnotes":""},"categories":[7384,6871],"tags":[103,6339,254,126,102,104],"class_list":["post-439411","post","type-post","status-publish","format-standard","has-post-thumbnail","hentry","category-curiosidades","category-sociedade","tag-catolicismo","tag-catolicos","tag-conflito","tag-fe","tag-igreja","tag-religiao"],"yoast_head":"<!-- This site is optimized with the Yoast SEO plugin v27.2 - https:\/\/yoast.com\/product\/yoast-seo-wordpress\/ -->\n<title>Papa afirma que Deus n\u00e3o aben\u00e7oa guerras e crist\u00e3os n\u00e3o apoiam bombardeios - Portal Tela Portugal<\/title>\n<meta name=\"robots\" content=\"index, follow, max-snippet:-1, max-image-preview:large, max-video-preview:-1\" \/>\n<meta property=\"og:locale\" content=\"pt_PT\" \/>\n<meta property=\"og:type\" content=\"article\" \/>\n<meta property=\"og:title\" content=\"Papa afirma que Deus n\u00e3o aben\u00e7oa guerras e crist\u00e3os n\u00e3o apoiam bombardeios - Portal Tela Portugal\" \/>\n<meta property=\"og:description\" content=\"O Papa afirmou que \u201cDeus n\u00e3o aben\u00e7oa nenhum conflito\u201d durante a audi\u00eancia no Vaticano. Disse que os \u201cdisc\u00edpulos de Cristo\u201d nunca est\u00e3o do lado daqueles que \u201clan\u00e7am bombas\u201d. A declara\u00e7\u00e3o foi proferida ao receber os membros do S\u00ednodo da Igreja Caldeia de Bagdad. O encontro aconteceu no Vaticano, hoje. O conte\u00fado completo est\u00e1 dispon\u00edvel apenas para subscritores.\" \/>\n<meta property=\"og:url\" content=\"https:\/\/portaltela.pt\/noticias\/2026\/04\/10\/papa-afirma-que-deus-nao-abencoa-guerras-e-cristaos-nao-apoiam-bombardeios\/\" \/>\n<meta property=\"og:site_name\" content=\"Portal Tela Portugal\" \/>\n<meta property=\"article:published_time\" content=\"2026-04-10T14:17:04+00:00\" \/>\n<meta name=\"author\" content=\"Telinha\" \/>\n<meta name=\"twitter:card\" content=\"summary_large_image\" \/>\n<meta name=\"twitter:label1\" content=\"Escrito por\" \/>\n\t<meta name=\"twitter:data1\" content=\"Telinha\" \/>\n\t<meta name=\"twitter:label2\" content=\"Tempo estimado de leitura\" \/>\n\t<meta name=\"twitter:data2\" content=\"1 minuto\" \/>\n<script type=\"application\/ld+json\" class=\"yoast-schema-graph\">{\"@context\":\"https:\/\/schema.org\",\"@graph\":[{\"@type\":\"Article\",\"@id\":\"https:\/\/portaltela.pt\/noticias\/2026\/04\/10\/papa-afirma-que-deus-nao-abencoa-guerras-e-cristaos-nao-apoiam-bombardeios\/#article\",\"isPartOf\":{\"@id\":\"https:\/\/portaltela.pt\/noticias\/2026\/04\/10\/papa-afirma-que-deus-nao-abencoa-guerras-e-cristaos-nao-apoiam-bombardeios\/\"},\"author\":{\"name\":\"Telinha\",\"@id\":\"https:\/\/portaltela.pt\/#\/schema\/person\/c4278d4a6028830caff9ee44b42d32ed\"},\"headline\":\"Papa afirma que Deus n\u00e3o aben\u00e7oa guerras e crist\u00e3os n\u00e3o apoiam bombardeios\",\"datePublished\":\"2026-04-10T14:17:04+00:00\",\"mainEntityOfPage\":{\"@id\":\"https:\/\/portaltela.pt\/noticias\/2026\/04\/10\/papa-afirma-que-deus-nao-abencoa-guerras-e-cristaos-nao-apoiam-bombardeios\/\"},\"wordCount\":161,\"image\":{\"@id\":\"https:\/\/portaltela.pt\/noticias\/2026\/04\/10\/papa-afirma-que-deus-nao-abencoa-guerras-e-cristaos-nao-apoiam-bombardeios\/#primaryimage\"},\"thumbnailUrl\":\"https:\/\/portaltela.pt\/s.01k8rhncp4jt1\/2026\/04\/CACHE_780X1200_ANALOG_WATERMARKED_46906751_9777506291533.jpg\",\"keywords\":[\"catolicismo\",\"cat\u00f3licos\",\"conflito\",\"f\u00e9\",\"igreja\",\"religi\u00e3o\"],\"articleSection\":[\"Curiosidades\",\"Sociedade\"],\"inLanguage\":\"pt-PT\"},{\"@type\":\"WebPage\",\"@id\":\"https:\/\/portaltela.pt\/noticias\/2026\/04\/10\/papa-afirma-que-deus-nao-abencoa-guerras-e-cristaos-nao-apoiam-bombardeios\/\",\"url\":\"https:\/\/portaltela.pt\/noticias\/2026\/04\/10\/papa-afirma-que-deus-nao-abencoa-guerras-e-cristaos-nao-apoiam-bombardeios\/\",\"name\":\"Papa afirma que Deus n\u00e3o aben\u00e7oa guerras e crist\u00e3os n\u00e3o apoiam bombardeios - Portal Tela Portugal\",\"isPartOf\":{\"@id\":\"https:\/\/portaltela.pt\/#website\"},\"primaryImageOfPage\":{\"@id\":\"https:\/\/portaltela.pt\/noticias\/2026\/04\/10\/papa-afirma-que-deus-nao-abencoa-guerras-e-cristaos-nao-apoiam-bombardeios\/#primaryimage\"},\"image\":{\"@id\":\"https:\/\/portaltela.pt\/noticias\/2026\/04\/10\/papa-afirma-que-deus-nao-abencoa-guerras-e-cristaos-nao-apoiam-bombardeios\/#primaryimage\"},\"thumbnailUrl\":\"https:\/\/portaltela.pt\/s.01k8rhncp4jt1\/2026\/04\/CACHE_780X1200_ANALOG_WATERMARKED_46906751_9777506291533.jpg\",\"datePublished\":\"2026-04-10T14:17:04+00:00\",\"author\":{\"@id\":\"https:\/\/portaltela.pt\/#\/schema\/person\/c4278d4a6028830caff9ee44b42d32ed\"},\"breadcrumb\":{\"@id\":\"https:\/\/portaltela.pt\/noticias\/2026\/04\/10\/papa-afirma-que-deus-nao-abencoa-guerras-e-cristaos-nao-apoiam-bombardeios\/#breadcrumb\"},\"inLanguage\":\"pt-PT\",\"potentialAction\":[{\"@type\":\"ReadAction\",\"target\":[\"https:\/\/portaltela.pt\/noticias\/2026\/04\/10\/papa-afirma-que-deus-nao-abencoa-guerras-e-cristaos-nao-apoiam-bombardeios\/\"]}]},{\"@type\":\"ImageObject\",\"inLanguage\":\"pt-PT\",\"@id\":\"https:\/\/portaltela.pt\/noticias\/2026\/04\/10\/papa-afirma-que-deus-nao-abencoa-guerras-e-cristaos-nao-apoiam-bombardeios\/#primaryimage\",\"url\":\"https:\/\/portaltela.pt\/s.01k8rhncp4jt1\/2026\/04\/CACHE_780X1200_ANALOG_WATERMARKED_46906751_9777506291533.jpg\",\"contentUrl\":\"https:\/\/portaltela.pt\/s.01k8rhncp4jt1\/2026\/04\/CACHE_780X1200_ANALOG_WATERMARKED_46906751_9777506291533.jpg\",\"width\":796,\"height\":448,\"caption\":\"Papa diz que Deus n\u00e3o aben\u00e7oa guerras e crist\u00e3os n\u00e3o apoiam quem bombardeia\"},{\"@type\":\"BreadcrumbList\",\"@id\":\"https:\/\/portaltela.pt\/noticias\/2026\/04\/10\/papa-afirma-que-deus-nao-abencoa-guerras-e-cristaos-nao-apoiam-bombardeios\/#breadcrumb\",\"itemListElement\":[{\"@type\":\"ListItem\",\"position\":1,\"name\":\"In\u00edcio\",\"item\":\"https:\/\/portaltela.pt\/\"},{\"@type\":\"ListItem\",\"position\":2,\"name\":\"Papa afirma que Deus n\u00e3o aben\u00e7oa guerras e crist\u00e3os n\u00e3o apoiam bombardeios\"}]},{\"@type\":\"WebSite\",\"@id\":\"https:\/\/portaltela.pt\/#website\",\"url\":\"https:\/\/portaltela.pt\/\",\"name\":\"Portal Tela Portugal\",\"description\":\"\",\"potentialAction\":[{\"@type\":\"SearchAction\",\"target\":{\"@type\":\"EntryPoint\",\"urlTemplate\":\"https:\/\/portaltela.pt\/?s={search_term_string}\"},\"query-input\":{\"@type\":\"PropertyValueSpecification\",\"valueRequired\":true,\"valueName\":\"search_term_string\"}}],\"inLanguage\":\"pt-PT\"},{\"@type\":\"Person\",\"@id\":\"https:\/\/portaltela.pt\/#\/schema\/person\/c4278d4a6028830caff9ee44b42d32ed\",\"name\":\"Telinha\",\"image\":{\"@type\":\"ImageObject\",\"inLanguage\":\"pt-PT\",\"@id\":\"https:\/\/portaltela.pt\/s.01k8rhncp4jt1\/2025\/11\/talking-bot-125x125.png\",\"url\":\"https:\/\/portaltela.pt\/s.01k8rhncp4jt1\/2025\/11\/talking-bot-125x125.png\",\"contentUrl\":\"https:\/\/portaltela.pt\/s.01k8rhncp4jt1\/2025\/11\/talking-bot-125x125.png\",\"caption\":\"Telinha\"},\"sameAs\":[\"https:\/\/portaltela.pt\/\"],\"url\":\"https:\/\/portaltela.pt\/por\/367410592786\/\"}]}<\/script>\n<!-- \/ Yoast SEO plugin. -->","yoast_head_json":{"title":"Papa afirma que Deus n\u00e3o aben\u00e7oa guerras e crist\u00e3os n\u00e3o apoiam bombardeios - Portal Tela Portugal","robots":{"index":"index","follow":"follow","max-snippet":"max-snippet:-1","max-image-preview":"max-image-preview:large","max-video-preview":"max-video-preview:-1"},"og_locale":"pt_PT","og_type":"article","og_title":"Papa afirma que Deus n\u00e3o aben\u00e7oa guerras e crist\u00e3os n\u00e3o apoiam bombardeios - Portal Tela Portugal","og_description":"O Papa afirmou que \u201cDeus n\u00e3o aben\u00e7oa nenhum conflito\u201d durante a audi\u00eancia no Vaticano. Disse que os \u201cdisc\u00edpulos de Cristo\u201d nunca est\u00e3o do lado daqueles que \u201clan\u00e7am bombas\u201d. A declara\u00e7\u00e3o foi proferida ao receber os membros do S\u00ednodo da Igreja Caldeia de Bagdad. O encontro aconteceu no Vaticano, hoje. O conte\u00fado completo est\u00e1 dispon\u00edvel apenas para subscritores.","og_url":"https:\/\/portaltela.pt\/noticias\/2026\/04\/10\/papa-afirma-que-deus-nao-abencoa-guerras-e-cristaos-nao-apoiam-bombardeios\/","og_site_name":"Portal Tela Portugal","article_published_time":"2026-04-10T14:17:04+00:00","author":"Telinha","twitter_card":"summary_large_image","twitter_misc":{"Escrito por":"Telinha","Tempo estimado de leitura":"1 minuto"},"schema":{"@context":"https:\/\/schema.org","@graph":[{"@type":"Article","@id":"https:\/\/portaltela.pt\/noticias\/2026\/04\/10\/papa-afirma-que-deus-nao-abencoa-guerras-e-cristaos-nao-apoiam-bombardeios\/#article","isPartOf":{"@id":"https:\/\/portaltela.pt\/noticias\/2026\/04\/10\/papa-afirma-que-deus-nao-abencoa-guerras-e-cristaos-nao-apoiam-bombardeios\/"},"author":{"name":"Telinha","@id":"https:\/\/portaltela.pt\/#\/schema\/person\/c4278d4a6028830caff9ee44b42d32ed"},"headline":"Papa afirma que Deus n\u00e3o aben\u00e7oa guerras e crist\u00e3os n\u00e3o apoiam bombardeios","datePublished":"2026-04-10T14:17:04+00:00","mainEntityOfPage":{"@id":"https:\/\/portaltela.pt\/noticias\/2026\/04\/10\/papa-afirma-que-deus-nao-abencoa-guerras-e-cristaos-nao-apoiam-bombardeios\/"},"wordCount":161,"image":{"@id":"https:\/\/portaltela.pt\/noticias\/2026\/04\/10\/papa-afirma-que-deus-nao-abencoa-guerras-e-cristaos-nao-apoiam-bombardeios\/#primaryimage"},"thumbnailUrl":"https:\/\/portaltela.pt\/s.01k8rhncp4jt1\/2026\/04\/CACHE_780X1200_ANALOG_WATERMARKED_46906751_9777506291533.jpg","keywords":["catolicismo","cat\u00f3licos","conflito","f\u00e9","igreja","religi\u00e3o"],"articleSection":["Curiosidades","Sociedade"],"inLanguage":"pt-PT"},{"@type":"WebPage","@id":"https:\/\/portaltela.pt\/noticias\/2026\/04\/10\/papa-afirma-que-deus-nao-abencoa-guerras-e-cristaos-nao-apoiam-bombardeios\/","url":"https:\/\/portaltela.pt\/noticias\/2026\/04\/10\/papa-afirma-que-deus-nao-abencoa-guerras-e-cristaos-nao-apoiam-bombardeios\/","name":"Papa afirma que Deus n\u00e3o aben\u00e7oa guerras e crist\u00e3os n\u00e3o apoiam bombardeios - Portal Tela Portugal","isPartOf":{"@id":"https:\/\/portaltela.pt\/#website"},"primaryImageOfPage":{"@id":"https:\/\/portaltela.pt\/noticias\/2026\/04\/10\/papa-afirma-que-deus-nao-abencoa-guerras-e-cristaos-nao-apoiam-bombardeios\/#primaryimage"},"image":{"@id":"https:\/\/portaltela.pt\/noticias\/2026\/04\/10\/papa-afirma-que-deus-nao-abencoa-guerras-e-cristaos-nao-apoiam-bombardeios\/#primaryimage"},"thumbnailUrl":"https:\/\/portaltela.pt\/s.01k8rhncp4jt1\/2026\/04\/CACHE_780X1200_ANALOG_WATERMARKED_46906751_9777506291533.jpg","datePublished":"2026-04-10T14:17:04+00:00","author":{"@id":"https:\/\/portaltela.pt\/#\/schema\/person\/c4278d4a6028830caff9ee44b42d32ed"},"breadcrumb":{"@id":"https:\/\/portaltela.pt\/noticias\/2026\/04\/10\/papa-afirma-que-deus-nao-abencoa-guerras-e-cristaos-nao-apoiam-bombardeios\/#breadcrumb"},"inLanguage":"pt-PT","potentialAction":[{"@type":"ReadAction","target":["https:\/\/portaltela.pt\/noticias\/2026\/04\/10\/papa-afirma-que-deus-nao-abencoa-guerras-e-cristaos-nao-apoiam-bombardeios\/"]}]},{"@type":"ImageObject","inLanguage":"pt-PT","@id":"https:\/\/portaltela.pt\/noticias\/2026\/04\/10\/papa-afirma-que-deus-nao-abencoa-guerras-e-cristaos-nao-apoiam-bombardeios\/#primaryimage","url":"https:\/\/portaltela.pt\/s.01k8rhncp4jt1\/2026\/04\/CACHE_780X1200_ANALOG_WATERMARKED_46906751_9777506291533.jpg","contentUrl":"https:\/\/portaltela.pt\/s.01k8rhncp4jt1\/2026\/04\/CACHE_780X1200_ANALOG_WATERMARKED_46906751_9777506291533.jpg","width":796,"height":448,"caption":"Papa diz que Deus n\u00e3o aben\u00e7oa guerras e crist\u00e3os n\u00e3o apoiam quem bombardeia"},{"@type":"BreadcrumbList","@id":"https:\/\/portaltela.pt\/noticias\/2026\/04\/10\/papa-afirma-que-deus-nao-abencoa-guerras-e-cristaos-nao-apoiam-bombardeios\/#breadcrumb","itemListElement":[{"@type":"ListItem","position":1,"name":"In\u00edcio","item":"https:\/\/portaltela.pt\/"},{"@type":"ListItem","position":2,"name":"Papa afirma que Deus n\u00e3o aben\u00e7oa guerras e crist\u00e3os n\u00e3o apoiam bombardeios"}]},{"@type":"WebSite","@id":"https:\/\/portaltela.pt\/#website","url":"https:\/\/portaltela.pt\/","name":"Portal Tela Portugal","description":"","potentialAction":[{"@type":"SearchAction","target":{"@type":"EntryPoint","urlTemplate":"https:\/\/portaltela.pt\/?s={search_term_string}"},"query-input":{"@type":"PropertyValueSpecification","valueRequired":true,"valueName":"search_term_string"}}],"inLanguage":"pt-PT"},{"@type":"Person","@id":"https:\/\/portaltela.pt\/#\/schema\/person\/c4278d4a6028830caff9ee44b42d32ed","name":"Telinha","image":{"@type":"ImageObject","inLanguage":"pt-PT","@id":"https:\/\/portaltela.pt\/s.01k8rhncp4jt1\/2025\/11\/talking-bot-125x125.png","url":"https:\/\/portaltela.pt\/s.01k8rhncp4jt1\/2025\/11\/talking-bot-125x125.png","contentUrl":"https:\/\/portaltela.pt\/s.01k8rhncp4jt1\/2025\/11\/talking-bot-125x125.png","caption":"Telinha"},"sameAs":["https:\/\/portaltela.pt\/"],"url":"https:\/\/portaltela.pt\/por\/367410592786\/"}]}},"_links":{"self":[{"href":"https:\/\/portaltela.pt\/api\/wp\/v2\/posts\/439411","targetHints":{"allow":["GET"]}}],"collection":[{"href":"https:\/\/portaltela.pt\/api\/wp\/v2\/posts"}],"about":[{"href":"https:\/\/portaltela.pt\/api\/wp\/v2\/types\/post"}],"author":[{"embeddable":true,"href":"https:\/\/portaltela.pt\/api\/wp\/v2\/users\/2"}],"replies":[{"embeddable":true,"href":"https:\/\/portaltela.pt\/api\/wp\/v2\/comments?post=439411"}],"version-history":[{"count":0,"href":"https:\/\/portaltela.pt\/api\/wp\/v2\/posts\/439411\/revisions"}],"wp:featuredmedia":[{"embeddable":true,"href":"https:\/\/portaltela.pt\/api\/wp\/v2\/media\/439415"}],"wp:attachment":[{"href":"https:\/\/portaltela.pt\/api\/wp\/v2\/media?parent=439411"}],"wp:term":[{"taxonomy":"category","embeddable":true,"href":"https:\/\/portaltela.pt\/api\/wp\/v2\/categories?post=439411"},{"taxonomy":"post_tag","embeddable":true,"href":"https:\/\/portaltela.pt\/api\/wp\/v2\/tags?post=439411"}],"curies":[{"name":"wp","href":"https:\/\/api.w.org\/{rel}","templated":true}]}}