{"id":439402,"date":"2026-04-10T11:02:32","date_gmt":"2026-04-10T14:02:32","guid":{"rendered":"https:\/\/portaltela.pt\/noticias\/2026\/04\/10\/seis-familias-da-marinha-grande-realojadas-em-casas-modulares\/"},"modified":"2026-04-10T11:02:32","modified_gmt":"2026-04-10T14:02:32","slug":"seis-familias-da-marinha-grande-realojadas-em-casas-modulares","status":"publish","type":"post","link":"https:\/\/portaltela.pt\/tempo\/2026\/04\/10\/seis-familias-da-marinha-grande-realojadas-em-casas-modulares\/","title":{"rendered":"Seis fam\u00edlias da Marinha Grande realojadas em casas modulares"},"content":{"rendered":"<p>Seis fam\u00edlias desalojadas na sequ\u00eancia da depress\u00e3o Kristin, que atingiu o concelho da Marinha Grande a 28 de janeiro, v\u00e3o ser realojadas em casas modulares. A decis\u00e3o foi confirmada pela vereadora Carla Santana, respons\u00e1vel pela a\u00e7\u00e3o social.<\/p>\n<p>A C\u00e2mara Municipal comprou seis casas modulares, T3, com destino a alojamento tempor\u00e1rio. Quatro v\u00e3o ficar na Marinha Grande e duas em Vieira de Leiria, nas freguesias de Casal de Malta e Casal d\u2019Anja, respetivamente.<\/p>\n<p>Nas habita\u00e7\u00f5es em Casal de Malta, j\u00e1 em instala\u00e7\u00e3o, v\u00e3o residir oito adultos e seis crian\u00e7as. Em Casal d\u2019Anja, ser\u00e3o quatro adultos. A autarquia estima que at\u00e9 ao final do m\u00eas estejam todos a ocupar as casas.<\/p>\n<h3>Investimento e funcionamento<\/h3>\n<p>O investimento municipal ascende a 90 mil euros, com habita\u00e7\u00f5es completamente equipadas e prontas a receber os seis agregados. Servir\u00e3o at\u00e9 \u00e0s recupera\u00e7\u00f5es das habita\u00e7\u00f5es de origem.<\/p>\n<p>Segundo a C\u00e2mara, estas casas representam uma solu\u00e7\u00e3o estruturada e duradoura. Quando n\u00e3o houver necessidade, podem ser utilizadas por outras fam\u00edlias em emerg\u00eancia.<\/p>\n<h3>Situa\u00e7\u00e3o alargada no concelho<\/h3>\n<p>Carla Santana indicou ainda que existem outros seis agregados desalojados, em hot\u00e9is ou na casa de familiares, cuja solu\u00e7\u00e3o est\u00e1 em curso. A autarquia est\u00e1 a acompanhar estes casos.<\/p>\n<p>No \u00e2mbito do mau tempo, a C\u00e2mara disponibilizou monoblocos para 38 pessoas, incluindo crian\u00e7as, que estiveram em centros de acolhimento municipais.<\/p>\n","protected":false},"excerpt":{"rendered":"<ul>\n<li>Seis fam\u00edlias desalojadas pela depress\u00e3o Kristin em Marinha Grande v\u00e3o ser realojadas em casas modulares T3 adquiridas pela C\u00e2mara, por um investimento de 90 mil euros.<\/li>\n<li>Quatro casas ficar\u00e3o em Marinha Grande (Casal de Malta) e duas em Casal d&#8217;Anja, Vieira de Leiria; a ocupa\u00e7\u00e3o est\u00e1 prevista at\u00e9 ao final do m\u00eas.<\/li>\n<li>Nas casas instaladas na sede do concelho, ocupadas por oito adultos e seis crian\u00e7as, e nas de Vieira de Leiria, com quatro adultos, o objetivo \u00e9 alojamento tempor\u00e1rio.<\/li>\n<li>A autarquia afirma que estas casas oferecem uma solu\u00e7\u00e3o estruturada e duradoura, que pode ser utilizada depois por outras fam\u00edlias de emerg\u00eancia.<\/li>\n<li>Ainda h\u00e1 seis agregados familiares sem solu\u00e7\u00e3o definitiva, enquanto a C\u00e2mara disponibilizou monoblocos para mais 38 pessoas que estiveram em centros de acolhimento.<\/li>\n<\/ul>\n","protected":false},"author":2,"featured_media":439408,"comment_status":"closed","ping_status":"closed","sticky":false,"template":"","format":"standard","meta":{"footnotes":""},"categories":[7380,7365],"tags":[7791,7815,7816,5618,703,3004],"class_list":["post-439402","post","type-post","status-publish","format-standard","has-post-thumbnail","hentry","category-clima","category-tempo","tag-_habitacao","tag-_habitacao-publica","tag-_habitacao-social","tag-a-marinha","tag-camara","tag-desalojados"],"yoast_head":"<!-- This site is optimized with the Yoast SEO plugin v27.2 - https:\/\/yoast.com\/product\/yoast-seo-wordpress\/ -->\n<title>Seis fam\u00edlias da Marinha Grande realojadas em casas modulares - Portal Tela Portugal<\/title>\n<meta name=\"robots\" content=\"index, follow, max-snippet:-1, max-image-preview:large, max-video-preview:-1\" \/>\n<meta property=\"og:locale\" content=\"pt_PT\" \/>\n<meta property=\"og:type\" content=\"article\" \/>\n<meta property=\"og:title\" content=\"Seis fam\u00edlias da Marinha Grande realojadas em casas modulares - Portal Tela Portugal\" \/>\n<meta property=\"og:description\" content=\"Seis fam\u00edlias desalojadas pela depress\u00e3o Kristin em Marinha Grande v\u00e3o ser realojadas em casas modulares T3 adquiridas pela C\u00e2mara, por um investimento de 90 mil euros. Quatro casas ficar\u00e3o em Marinha Grande (Casal de Malta) e duas em Casal d&#039;Anja, Vieira de Leiria; a ocupa\u00e7\u00e3o est\u00e1 prevista at\u00e9 ao final do m\u00eas. Nas casas instaladas na sede do concelho, ocupadas por oito adultos e seis crian\u00e7as, e nas de Vieira de Leiria, com quatro adultos, o objetivo \u00e9 alojamento tempor\u00e1rio. A autarquia afirma que estas casas oferecem uma solu\u00e7\u00e3o estruturada e duradoura, que pode ser utilizada depois por outras fam\u00edlias de emerg\u00eancia. Ainda h\u00e1 seis agregados familiares sem solu\u00e7\u00e3o definitiva, enquanto a C\u00e2mara disponibilizou monoblocos para mais 38 pessoas que estiveram em centros de acolhimento.\" \/>\n<meta property=\"og:url\" content=\"https:\/\/portaltela.pt\/noticias\/2026\/04\/10\/seis-familias-da-marinha-grande-realojadas-em-casas-modulares\/\" \/>\n<meta property=\"og:site_name\" content=\"Portal Tela Portugal\" \/>\n<meta property=\"article:published_time\" content=\"2026-04-10T14:02:32+00:00\" \/>\n<meta name=\"author\" content=\"Telinha\" \/>\n<meta name=\"twitter:card\" content=\"summary_large_image\" \/>\n<meta name=\"twitter:label1\" content=\"Escrito por\" \/>\n\t<meta name=\"twitter:data1\" content=\"Telinha\" \/>\n\t<meta name=\"twitter:label2\" content=\"Tempo estimado de leitura\" \/>\n\t<meta name=\"twitter:data2\" content=\"1 minuto\" \/>\n<script type=\"application\/ld+json\" class=\"yoast-schema-graph\">{\"@context\":\"https:\/\/schema.org\",\"@graph\":[{\"@type\":\"Article\",\"@id\":\"https:\/\/portaltela.pt\/noticias\/2026\/04\/10\/seis-familias-da-marinha-grande-realojadas-em-casas-modulares\/#article\",\"isPartOf\":{\"@id\":\"https:\/\/portaltela.pt\/noticias\/2026\/04\/10\/seis-familias-da-marinha-grande-realojadas-em-casas-modulares\/\"},\"author\":{\"name\":\"Telinha\",\"@id\":\"https:\/\/portaltela.pt\/#\/schema\/person\/c4278d4a6028830caff9ee44b42d32ed\"},\"headline\":\"Seis fam\u00edlias da Marinha Grande realojadas em casas modulares\",\"datePublished\":\"2026-04-10T14:02:32+00:00\",\"mainEntityOfPage\":{\"@id\":\"https:\/\/portaltela.pt\/noticias\/2026\/04\/10\/seis-familias-da-marinha-grande-realojadas-em-casas-modulares\/\"},\"wordCount\":255,\"image\":{\"@id\":\"https:\/\/portaltela.pt\/noticias\/2026\/04\/10\/seis-familias-da-marinha-grande-realojadas-em-casas-modulares\/#primaryimage\"},\"thumbnailUrl\":\"https:\/\/portaltela.pt\/s.01k8rhncp4jt1\/2026\/04\/image-600.jpg\",\"keywords\":[\"_habita\u00e7\u00e3o\",\"_habita\u00e7\u00e3o p\u00fablica\",\"_habita\u00e7\u00e3o social\",\"A Marinha\",\"c\u00e2mara\",\"desalojados\"],\"articleSection\":[\"Clima\",\"Tempo\"],\"inLanguage\":\"pt-PT\"},{\"@type\":\"WebPage\",\"@id\":\"https:\/\/portaltela.pt\/noticias\/2026\/04\/10\/seis-familias-da-marinha-grande-realojadas-em-casas-modulares\/\",\"url\":\"https:\/\/portaltela.pt\/noticias\/2026\/04\/10\/seis-familias-da-marinha-grande-realojadas-em-casas-modulares\/\",\"name\":\"Seis fam\u00edlias da Marinha Grande realojadas em casas modulares - Portal Tela Portugal\",\"isPartOf\":{\"@id\":\"https:\/\/portaltela.pt\/#website\"},\"primaryImageOfPage\":{\"@id\":\"https:\/\/portaltela.pt\/noticias\/2026\/04\/10\/seis-familias-da-marinha-grande-realojadas-em-casas-modulares\/#primaryimage\"},\"image\":{\"@id\":\"https:\/\/portaltela.pt\/noticias\/2026\/04\/10\/seis-familias-da-marinha-grande-realojadas-em-casas-modulares\/#primaryimage\"},\"thumbnailUrl\":\"https:\/\/portaltela.pt\/s.01k8rhncp4jt1\/2026\/04\/image-600.jpg\",\"datePublished\":\"2026-04-10T14:02:32+00:00\",\"author\":{\"@id\":\"https:\/\/portaltela.pt\/#\/schema\/person\/c4278d4a6028830caff9ee44b42d32ed\"},\"breadcrumb\":{\"@id\":\"https:\/\/portaltela.pt\/noticias\/2026\/04\/10\/seis-familias-da-marinha-grande-realojadas-em-casas-modulares\/#breadcrumb\"},\"inLanguage\":\"pt-PT\",\"potentialAction\":[{\"@type\":\"ReadAction\",\"target\":[\"https:\/\/portaltela.pt\/noticias\/2026\/04\/10\/seis-familias-da-marinha-grande-realojadas-em-casas-modulares\/\"]}]},{\"@type\":\"ImageObject\",\"inLanguage\":\"pt-PT\",\"@id\":\"https:\/\/portaltela.pt\/noticias\/2026\/04\/10\/seis-familias-da-marinha-grande-realojadas-em-casas-modulares\/#primaryimage\",\"url\":\"https:\/\/portaltela.pt\/s.01k8rhncp4jt1\/2026\/04\/image-600.jpg\",\"contentUrl\":\"https:\/\/portaltela.pt\/s.01k8rhncp4jt1\/2026\/04\/image-600.jpg\",\"width\":796,\"height\":448,\"caption\":\"Os temporais, que atingiram o territ\u00f3rio continental durante cerca de tr\u00eas semanas, provocaram a destrui\u00e7\u00e3o total ou parcial de milhares de casas\"},{\"@type\":\"BreadcrumbList\",\"@id\":\"https:\/\/portaltela.pt\/noticias\/2026\/04\/10\/seis-familias-da-marinha-grande-realojadas-em-casas-modulares\/#breadcrumb\",\"itemListElement\":[{\"@type\":\"ListItem\",\"position\":1,\"name\":\"In\u00edcio\",\"item\":\"https:\/\/portaltela.pt\/\"},{\"@type\":\"ListItem\",\"position\":2,\"name\":\"Seis fam\u00edlias da Marinha Grande realojadas em casas modulares\"}]},{\"@type\":\"WebSite\",\"@id\":\"https:\/\/portaltela.pt\/#website\",\"url\":\"https:\/\/portaltela.pt\/\",\"name\":\"Portal Tela Portugal\",\"description\":\"\",\"potentialAction\":[{\"@type\":\"SearchAction\",\"target\":{\"@type\":\"EntryPoint\",\"urlTemplate\":\"https:\/\/portaltela.pt\/?s={search_term_string}\"},\"query-input\":{\"@type\":\"PropertyValueSpecification\",\"valueRequired\":true,\"valueName\":\"search_term_string\"}}],\"inLanguage\":\"pt-PT\"},{\"@type\":\"Person\",\"@id\":\"https:\/\/portaltela.pt\/#\/schema\/person\/c4278d4a6028830caff9ee44b42d32ed\",\"name\":\"Telinha\",\"image\":{\"@type\":\"ImageObject\",\"inLanguage\":\"pt-PT\",\"@id\":\"https:\/\/portaltela.pt\/s.01k8rhncp4jt1\/2025\/11\/talking-bot-125x125.png\",\"url\":\"https:\/\/portaltela.pt\/s.01k8rhncp4jt1\/2025\/11\/talking-bot-125x125.png\",\"contentUrl\":\"https:\/\/portaltela.pt\/s.01k8rhncp4jt1\/2025\/11\/talking-bot-125x125.png\",\"caption\":\"Telinha\"},\"sameAs\":[\"https:\/\/portaltela.pt\/\"],\"url\":\"https:\/\/portaltela.pt\/por\/367410592786\/\"}]}<\/script>\n<!-- \/ Yoast SEO plugin. -->","yoast_head_json":{"title":"Seis fam\u00edlias da Marinha Grande realojadas em casas modulares - Portal Tela Portugal","robots":{"index":"index","follow":"follow","max-snippet":"max-snippet:-1","max-image-preview":"max-image-preview:large","max-video-preview":"max-video-preview:-1"},"og_locale":"pt_PT","og_type":"article","og_title":"Seis fam\u00edlias da Marinha Grande realojadas em casas modulares - Portal Tela Portugal","og_description":"Seis fam\u00edlias desalojadas pela depress\u00e3o Kristin em Marinha Grande v\u00e3o ser realojadas em casas modulares T3 adquiridas pela C\u00e2mara, por um investimento de 90 mil euros. Quatro casas ficar\u00e3o em Marinha Grande (Casal de Malta) e duas em Casal d'Anja, Vieira de Leiria; a ocupa\u00e7\u00e3o est\u00e1 prevista at\u00e9 ao final do m\u00eas. Nas casas instaladas na sede do concelho, ocupadas por oito adultos e seis crian\u00e7as, e nas de Vieira de Leiria, com quatro adultos, o objetivo \u00e9 alojamento tempor\u00e1rio. A autarquia afirma que estas casas oferecem uma solu\u00e7\u00e3o estruturada e duradoura, que pode ser utilizada depois por outras fam\u00edlias de emerg\u00eancia. Ainda h\u00e1 seis agregados familiares sem solu\u00e7\u00e3o definitiva, enquanto a C\u00e2mara disponibilizou monoblocos para mais 38 pessoas que estiveram em centros de acolhimento.","og_url":"https:\/\/portaltela.pt\/noticias\/2026\/04\/10\/seis-familias-da-marinha-grande-realojadas-em-casas-modulares\/","og_site_name":"Portal Tela Portugal","article_published_time":"2026-04-10T14:02:32+00:00","author":"Telinha","twitter_card":"summary_large_image","twitter_misc":{"Escrito por":"Telinha","Tempo estimado de leitura":"1 minuto"},"schema":{"@context":"https:\/\/schema.org","@graph":[{"@type":"Article","@id":"https:\/\/portaltela.pt\/noticias\/2026\/04\/10\/seis-familias-da-marinha-grande-realojadas-em-casas-modulares\/#article","isPartOf":{"@id":"https:\/\/portaltela.pt\/noticias\/2026\/04\/10\/seis-familias-da-marinha-grande-realojadas-em-casas-modulares\/"},"author":{"name":"Telinha","@id":"https:\/\/portaltela.pt\/#\/schema\/person\/c4278d4a6028830caff9ee44b42d32ed"},"headline":"Seis fam\u00edlias da Marinha Grande realojadas em casas modulares","datePublished":"2026-04-10T14:02:32+00:00","mainEntityOfPage":{"@id":"https:\/\/portaltela.pt\/noticias\/2026\/04\/10\/seis-familias-da-marinha-grande-realojadas-em-casas-modulares\/"},"wordCount":255,"image":{"@id":"https:\/\/portaltela.pt\/noticias\/2026\/04\/10\/seis-familias-da-marinha-grande-realojadas-em-casas-modulares\/#primaryimage"},"thumbnailUrl":"https:\/\/portaltela.pt\/s.01k8rhncp4jt1\/2026\/04\/image-600.jpg","keywords":["_habita\u00e7\u00e3o","_habita\u00e7\u00e3o p\u00fablica","_habita\u00e7\u00e3o social","A Marinha","c\u00e2mara","desalojados"],"articleSection":["Clima","Tempo"],"inLanguage":"pt-PT"},{"@type":"WebPage","@id":"https:\/\/portaltela.pt\/noticias\/2026\/04\/10\/seis-familias-da-marinha-grande-realojadas-em-casas-modulares\/","url":"https:\/\/portaltela.pt\/noticias\/2026\/04\/10\/seis-familias-da-marinha-grande-realojadas-em-casas-modulares\/","name":"Seis fam\u00edlias da Marinha Grande realojadas em casas modulares - Portal Tela Portugal","isPartOf":{"@id":"https:\/\/portaltela.pt\/#website"},"primaryImageOfPage":{"@id":"https:\/\/portaltela.pt\/noticias\/2026\/04\/10\/seis-familias-da-marinha-grande-realojadas-em-casas-modulares\/#primaryimage"},"image":{"@id":"https:\/\/portaltela.pt\/noticias\/2026\/04\/10\/seis-familias-da-marinha-grande-realojadas-em-casas-modulares\/#primaryimage"},"thumbnailUrl":"https:\/\/portaltela.pt\/s.01k8rhncp4jt1\/2026\/04\/image-600.jpg","datePublished":"2026-04-10T14:02:32+00:00","author":{"@id":"https:\/\/portaltela.pt\/#\/schema\/person\/c4278d4a6028830caff9ee44b42d32ed"},"breadcrumb":{"@id":"https:\/\/portaltela.pt\/noticias\/2026\/04\/10\/seis-familias-da-marinha-grande-realojadas-em-casas-modulares\/#breadcrumb"},"inLanguage":"pt-PT","potentialAction":[{"@type":"ReadAction","target":["https:\/\/portaltela.pt\/noticias\/2026\/04\/10\/seis-familias-da-marinha-grande-realojadas-em-casas-modulares\/"]}]},{"@type":"ImageObject","inLanguage":"pt-PT","@id":"https:\/\/portaltela.pt\/noticias\/2026\/04\/10\/seis-familias-da-marinha-grande-realojadas-em-casas-modulares\/#primaryimage","url":"https:\/\/portaltela.pt\/s.01k8rhncp4jt1\/2026\/04\/image-600.jpg","contentUrl":"https:\/\/portaltela.pt\/s.01k8rhncp4jt1\/2026\/04\/image-600.jpg","width":796,"height":448,"caption":"Os temporais, que atingiram o territ\u00f3rio continental durante cerca de tr\u00eas semanas, provocaram a destrui\u00e7\u00e3o total ou parcial de milhares de casas"},{"@type":"BreadcrumbList","@id":"https:\/\/portaltela.pt\/noticias\/2026\/04\/10\/seis-familias-da-marinha-grande-realojadas-em-casas-modulares\/#breadcrumb","itemListElement":[{"@type":"ListItem","position":1,"name":"In\u00edcio","item":"https:\/\/portaltela.pt\/"},{"@type":"ListItem","position":2,"name":"Seis fam\u00edlias da Marinha Grande realojadas em casas modulares"}]},{"@type":"WebSite","@id":"https:\/\/portaltela.pt\/#website","url":"https:\/\/portaltela.pt\/","name":"Portal Tela Portugal","description":"","potentialAction":[{"@type":"SearchAction","target":{"@type":"EntryPoint","urlTemplate":"https:\/\/portaltela.pt\/?s={search_term_string}"},"query-input":{"@type":"PropertyValueSpecification","valueRequired":true,"valueName":"search_term_string"}}],"inLanguage":"pt-PT"},{"@type":"Person","@id":"https:\/\/portaltela.pt\/#\/schema\/person\/c4278d4a6028830caff9ee44b42d32ed","name":"Telinha","image":{"@type":"ImageObject","inLanguage":"pt-PT","@id":"https:\/\/portaltela.pt\/s.01k8rhncp4jt1\/2025\/11\/talking-bot-125x125.png","url":"https:\/\/portaltela.pt\/s.01k8rhncp4jt1\/2025\/11\/talking-bot-125x125.png","contentUrl":"https:\/\/portaltela.pt\/s.01k8rhncp4jt1\/2025\/11\/talking-bot-125x125.png","caption":"Telinha"},"sameAs":["https:\/\/portaltela.pt\/"],"url":"https:\/\/portaltela.pt\/por\/367410592786\/"}]}},"_links":{"self":[{"href":"https:\/\/portaltela.pt\/api\/wp\/v2\/posts\/439402","targetHints":{"allow":["GET"]}}],"collection":[{"href":"https:\/\/portaltela.pt\/api\/wp\/v2\/posts"}],"about":[{"href":"https:\/\/portaltela.pt\/api\/wp\/v2\/types\/post"}],"author":[{"embeddable":true,"href":"https:\/\/portaltela.pt\/api\/wp\/v2\/users\/2"}],"replies":[{"embeddable":true,"href":"https:\/\/portaltela.pt\/api\/wp\/v2\/comments?post=439402"}],"version-history":[{"count":0,"href":"https:\/\/portaltela.pt\/api\/wp\/v2\/posts\/439402\/revisions"}],"wp:featuredmedia":[{"embeddable":true,"href":"https:\/\/portaltela.pt\/api\/wp\/v2\/media\/439408"}],"wp:attachment":[{"href":"https:\/\/portaltela.pt\/api\/wp\/v2\/media?parent=439402"}],"wp:term":[{"taxonomy":"category","embeddable":true,"href":"https:\/\/portaltela.pt\/api\/wp\/v2\/categories?post=439402"},{"taxonomy":"post_tag","embeddable":true,"href":"https:\/\/portaltela.pt\/api\/wp\/v2\/tags?post=439402"}],"curies":[{"name":"wp","href":"https:\/\/api.w.org\/{rel}","templated":true}]}}