{"id":439394,"date":"2026-04-10T11:02:18","date_gmt":"2026-04-10T14:02:18","guid":{"rendered":"https:\/\/portaltela.pt\/noticias\/2026\/04\/10\/xavier-sem-vaga-em-creches-publicas-com-beneficios-a-empresas-criadoras\/"},"modified":"2026-04-10T11:02:18","modified_gmt":"2026-04-10T14:02:18","slug":"xavier-sem-vaga-em-creches-publicas-com-beneficios-a-empresas-criadoras","status":"publish","type":"post","link":"https:\/\/portaltela.pt\/noticias\/politica\/2026\/04\/10\/xavier-sem-vaga-em-creches-publicas-com-beneficios-a-empresas-criadoras\/","title":{"rendered":"Xavier sem vaga em creches p\u00fablicas, com benef\u00edcios a empresas criadoras"},"content":{"rendered":"<p>O Parlamento rejeitou na manh\u00e3 desta sexta-feira propostas para criar uma rede p\u00fablica de creches. A iniciativa partiu do PCP, que defendia a integra\u00e7\u00e3o da educa\u00e7\u00e3o das crian\u00e7as at\u00e9 aos tr\u00eas anos no Minist\u00e9rio da Educa\u00e7\u00e3o. A rejei\u00e7\u00e3o abrangeu tamb\u00e9m propostas do Livre e do Bloco de Esquerda com o mesmo objetivo.<\/p>\n<p>Apesar da rejei\u00e7\u00e3o, o Parlamento aprovou outras medidas. Foram autorizados benef\u00edcios fiscais para empresas que queiram abrir creches nas suas instala\u00e7\u00f5es, uma proposta apresentada pelo CDS-PP. Tamb\u00e9m ficou aprovada a cria\u00e7\u00e3o de novos equipamentos no \u00e2mbito do programa PARES, defendida pelo PS, para refor\u00e7ar as respostas existentes.<\/p>\n<h3>Medidas aprovadas<\/h3>\n<p>As medidas aprovadas visam estimular a cria\u00e7\u00e3o de creches por entidades privadas que queiram acolher funcion\u00e1rias(as) da empresa. O incentivo fiscal pretende tornar mais vi\u00e1vel o investimento, mantendo o foco no apoio \u00e0 parentalidade e \u00e0 concilia\u00e7\u00e3o.<\/p>\n<h3>Programa PARES e refor\u00e7o de vagas<\/h3>\n<p>Paralelamente, o PS avan\u00e7ou com a flexibiliza\u00e7\u00e3o de respostas atrav\u00e9s do PARES, visando ampliar a oferta de creches j\u00e1 existentes e melhorar a distribui\u00e7\u00e3o de vagas em \u00e1reas com maior procura. A decis\u00e3o ocorre no contexto de buscas por solu\u00e7\u00f5es de curto prazo para atendimento infantil.<\/p>\n","protected":false},"excerpt":{"rendered":"<ul>\n<li>O Parlamento rejeitou a cria\u00e7\u00e3o de uma rede p\u00fablica de creches, proposta pelo PCP e partilhada pelo Livre e pelo Bloco de Esquerda.<\/li>\n<li>Ficou aprovada a aplica\u00e7\u00e3o de benef\u00edcios fiscais para empresas que pretendam abrir creches nas suas instala\u00e7\u00f5es (proposta do CDS-PP).<\/li>\n<li>O Parlamento tamb\u00e9m aprovou a proposta do PS para refor\u00e7ar respostas com novos equipamentos no \u00e2mbito do programa PARES.<\/li>\n<li>As propostas de cria\u00e7\u00e3o de uma rede p\u00fablica de creches, apresentadas pelo PCP, pelo Livre e pelo Bloco de Esquerda, foram rejeitadas.<\/li>\n<li>A mat\u00e9ria envolve ainda a abertura de vagas no \u00e2mbito do programa PARES, conforme decis\u00e3o parlamentar.<\/li>\n<\/ul>\n","protected":false},"author":2,"featured_media":439396,"comment_status":"closed","ping_status":"closed","sticky":false,"template":"","format":"standard","meta":{"footnotes":""},"categories":[1,5],"tags":[7795,1084,5955,2443,1140,2832],"class_list":["post-439394","post","type-post","status-publish","format-standard","has-post-thumbnail","hentry","category-noticias","category-politica","tag-_educacao","tag-acao-social","tag-educacao-infantil","tag-educacao-publica","tag-parentalidade","tag-politica"],"yoast_head":"<!-- This site is optimized with the Yoast SEO plugin v27.2 - https:\/\/yoast.com\/product\/yoast-seo-wordpress\/ -->\n<title>Xavier sem vaga em creches p\u00fablicas, com benef\u00edcios a empresas criadoras - Portal Tela Portugal<\/title>\n<meta name=\"robots\" content=\"index, follow, max-snippet:-1, max-image-preview:large, max-video-preview:-1\" \/>\n<meta property=\"og:locale\" content=\"pt_PT\" \/>\n<meta property=\"og:type\" content=\"article\" \/>\n<meta property=\"og:title\" content=\"Xavier sem vaga em creches p\u00fablicas, com benef\u00edcios a empresas criadoras - Portal Tela Portugal\" \/>\n<meta property=\"og:description\" content=\"O Parlamento rejeitou a cria\u00e7\u00e3o de uma rede p\u00fablica de creches, proposta pelo PCP e partilhada pelo Livre e pelo Bloco de Esquerda. Ficou aprovada a aplica\u00e7\u00e3o de benef\u00edcios fiscais para empresas que pretendam abrir creches nas suas instala\u00e7\u00f5es (proposta do CDS-PP). O Parlamento tamb\u00e9m aprovou a proposta do PS para refor\u00e7ar respostas com novos equipamentos no \u00e2mbito do programa PARES. As propostas de cria\u00e7\u00e3o de uma rede p\u00fablica de creches, apresentadas pelo PCP, pelo Livre e pelo Bloco de Esquerda, foram rejeitadas. A mat\u00e9ria envolve ainda a abertura de vagas no \u00e2mbito do programa PARES, conforme decis\u00e3o parlamentar.\" \/>\n<meta property=\"og:url\" content=\"https:\/\/portaltela.pt\/noticias\/2026\/04\/10\/xavier-sem-vaga-em-creches-publicas-com-beneficios-a-empresas-criadoras\/\" \/>\n<meta property=\"og:site_name\" content=\"Portal Tela Portugal\" \/>\n<meta property=\"article:published_time\" content=\"2026-04-10T14:02:18+00:00\" \/>\n<meta name=\"author\" content=\"Telinha\" \/>\n<meta name=\"twitter:card\" content=\"summary_large_image\" \/>\n<meta name=\"twitter:label1\" content=\"Escrito por\" \/>\n\t<meta name=\"twitter:data1\" content=\"Telinha\" \/>\n\t<meta name=\"twitter:label2\" content=\"Tempo estimado de leitura\" \/>\n\t<meta name=\"twitter:data2\" content=\"1 minuto\" \/>\n<script type=\"application\/ld+json\" class=\"yoast-schema-graph\">{\"@context\":\"https:\/\/schema.org\",\"@graph\":[{\"@type\":\"Article\",\"@id\":\"https:\/\/portaltela.pt\/noticias\/2026\/04\/10\/xavier-sem-vaga-em-creches-publicas-com-beneficios-a-empresas-criadoras\/#article\",\"isPartOf\":{\"@id\":\"https:\/\/portaltela.pt\/noticias\/2026\/04\/10\/xavier-sem-vaga-em-creches-publicas-com-beneficios-a-empresas-criadoras\/\"},\"author\":{\"name\":\"Telinha\",\"@id\":\"https:\/\/portaltela.pt\/#\/schema\/person\/c4278d4a6028830caff9ee44b42d32ed\"},\"headline\":\"Xavier sem vaga em creches p\u00fablicas, com benef\u00edcios a empresas criadoras\",\"datePublished\":\"2026-04-10T14:02:18+00:00\",\"mainEntityOfPage\":{\"@id\":\"https:\/\/portaltela.pt\/noticias\/2026\/04\/10\/xavier-sem-vaga-em-creches-publicas-com-beneficios-a-empresas-criadoras\/\"},\"wordCount\":228,\"image\":{\"@id\":\"https:\/\/portaltela.pt\/noticias\/2026\/04\/10\/xavier-sem-vaga-em-creches-publicas-com-beneficios-a-empresas-criadoras\/#primaryimage\"},\"thumbnailUrl\":\"https:\/\/portaltela.pt\/s.01k8rhncp4jt1\/2026\/04\/2080489.jpg\",\"keywords\":[\"_educa\u00e7\u00e3o\",\"A\u00e7\u00e3o Social\",\"educa\u00e7\u00e3o infantil\",\"educa\u00e7\u00e3o p\u00fablica\",\"parentalidade\",\"pol\u00edtica\"],\"articleSection\":[\"Not\u00edcias\",\"Pol\u00edtica\"],\"inLanguage\":\"pt-PT\"},{\"@type\":\"WebPage\",\"@id\":\"https:\/\/portaltela.pt\/noticias\/2026\/04\/10\/xavier-sem-vaga-em-creches-publicas-com-beneficios-a-empresas-criadoras\/\",\"url\":\"https:\/\/portaltela.pt\/noticias\/2026\/04\/10\/xavier-sem-vaga-em-creches-publicas-com-beneficios-a-empresas-criadoras\/\",\"name\":\"Xavier sem vaga em creches p\u00fablicas, com benef\u00edcios a empresas criadoras - Portal Tela Portugal\",\"isPartOf\":{\"@id\":\"https:\/\/portaltela.pt\/#website\"},\"primaryImageOfPage\":{\"@id\":\"https:\/\/portaltela.pt\/noticias\/2026\/04\/10\/xavier-sem-vaga-em-creches-publicas-com-beneficios-a-empresas-criadoras\/#primaryimage\"},\"image\":{\"@id\":\"https:\/\/portaltela.pt\/noticias\/2026\/04\/10\/xavier-sem-vaga-em-creches-publicas-com-beneficios-a-empresas-criadoras\/#primaryimage\"},\"thumbnailUrl\":\"https:\/\/portaltela.pt\/s.01k8rhncp4jt1\/2026\/04\/2080489.jpg\",\"datePublished\":\"2026-04-10T14:02:18+00:00\",\"author\":{\"@id\":\"https:\/\/portaltela.pt\/#\/schema\/person\/c4278d4a6028830caff9ee44b42d32ed\"},\"breadcrumb\":{\"@id\":\"https:\/\/portaltela.pt\/noticias\/2026\/04\/10\/xavier-sem-vaga-em-creches-publicas-com-beneficios-a-empresas-criadoras\/#breadcrumb\"},\"inLanguage\":\"pt-PT\",\"potentialAction\":[{\"@type\":\"ReadAction\",\"target\":[\"https:\/\/portaltela.pt\/noticias\/2026\/04\/10\/xavier-sem-vaga-em-creches-publicas-com-beneficios-a-empresas-criadoras\/\"]}]},{\"@type\":\"ImageObject\",\"inLanguage\":\"pt-PT\",\"@id\":\"https:\/\/portaltela.pt\/noticias\/2026\/04\/10\/xavier-sem-vaga-em-creches-publicas-com-beneficios-a-empresas-criadoras\/#primaryimage\",\"url\":\"https:\/\/portaltela.pt\/s.01k8rhncp4jt1\/2026\/04\/2080489.jpg\",\"contentUrl\":\"https:\/\/portaltela.pt\/s.01k8rhncp4jt1\/2026\/04\/2080489.jpg\",\"width\":796,\"height\":448,\"caption\":\"PCP, Livre e Bloco de Esquerda queriam que fosse aprovada uma rede p\u00fablica de creches, como j\u00e1 existe no pr\u00e9-escolar, mas propostas foram rejeitadas\"},{\"@type\":\"BreadcrumbList\",\"@id\":\"https:\/\/portaltela.pt\/noticias\/2026\/04\/10\/xavier-sem-vaga-em-creches-publicas-com-beneficios-a-empresas-criadoras\/#breadcrumb\",\"itemListElement\":[{\"@type\":\"ListItem\",\"position\":1,\"name\":\"In\u00edcio\",\"item\":\"https:\/\/portaltela.pt\/\"},{\"@type\":\"ListItem\",\"position\":2,\"name\":\"Xavier sem vaga em creches p\u00fablicas, com benef\u00edcios a empresas criadoras\"}]},{\"@type\":\"WebSite\",\"@id\":\"https:\/\/portaltela.pt\/#website\",\"url\":\"https:\/\/portaltela.pt\/\",\"name\":\"Portal Tela Portugal\",\"description\":\"\",\"potentialAction\":[{\"@type\":\"SearchAction\",\"target\":{\"@type\":\"EntryPoint\",\"urlTemplate\":\"https:\/\/portaltela.pt\/?s={search_term_string}\"},\"query-input\":{\"@type\":\"PropertyValueSpecification\",\"valueRequired\":true,\"valueName\":\"search_term_string\"}}],\"inLanguage\":\"pt-PT\"},{\"@type\":\"Person\",\"@id\":\"https:\/\/portaltela.pt\/#\/schema\/person\/c4278d4a6028830caff9ee44b42d32ed\",\"name\":\"Telinha\",\"image\":{\"@type\":\"ImageObject\",\"inLanguage\":\"pt-PT\",\"@id\":\"https:\/\/portaltela.pt\/s.01k8rhncp4jt1\/2025\/11\/talking-bot-125x125.png\",\"url\":\"https:\/\/portaltela.pt\/s.01k8rhncp4jt1\/2025\/11\/talking-bot-125x125.png\",\"contentUrl\":\"https:\/\/portaltela.pt\/s.01k8rhncp4jt1\/2025\/11\/talking-bot-125x125.png\",\"caption\":\"Telinha\"},\"sameAs\":[\"https:\/\/portaltela.pt\/\"],\"url\":\"https:\/\/portaltela.pt\/por\/367410592786\/\"}]}<\/script>\n<!-- \/ Yoast SEO plugin. -->","yoast_head_json":{"title":"Xavier sem vaga em creches p\u00fablicas, com benef\u00edcios a empresas criadoras - Portal Tela Portugal","robots":{"index":"index","follow":"follow","max-snippet":"max-snippet:-1","max-image-preview":"max-image-preview:large","max-video-preview":"max-video-preview:-1"},"og_locale":"pt_PT","og_type":"article","og_title":"Xavier sem vaga em creches p\u00fablicas, com benef\u00edcios a empresas criadoras - Portal Tela Portugal","og_description":"O Parlamento rejeitou a cria\u00e7\u00e3o de uma rede p\u00fablica de creches, proposta pelo PCP e partilhada pelo Livre e pelo Bloco de Esquerda. Ficou aprovada a aplica\u00e7\u00e3o de benef\u00edcios fiscais para empresas que pretendam abrir creches nas suas instala\u00e7\u00f5es (proposta do CDS-PP). O Parlamento tamb\u00e9m aprovou a proposta do PS para refor\u00e7ar respostas com novos equipamentos no \u00e2mbito do programa PARES. As propostas de cria\u00e7\u00e3o de uma rede p\u00fablica de creches, apresentadas pelo PCP, pelo Livre e pelo Bloco de Esquerda, foram rejeitadas. A mat\u00e9ria envolve ainda a abertura de vagas no \u00e2mbito do programa PARES, conforme decis\u00e3o parlamentar.","og_url":"https:\/\/portaltela.pt\/noticias\/2026\/04\/10\/xavier-sem-vaga-em-creches-publicas-com-beneficios-a-empresas-criadoras\/","og_site_name":"Portal Tela Portugal","article_published_time":"2026-04-10T14:02:18+00:00","author":"Telinha","twitter_card":"summary_large_image","twitter_misc":{"Escrito por":"Telinha","Tempo estimado de leitura":"1 minuto"},"schema":{"@context":"https:\/\/schema.org","@graph":[{"@type":"Article","@id":"https:\/\/portaltela.pt\/noticias\/2026\/04\/10\/xavier-sem-vaga-em-creches-publicas-com-beneficios-a-empresas-criadoras\/#article","isPartOf":{"@id":"https:\/\/portaltela.pt\/noticias\/2026\/04\/10\/xavier-sem-vaga-em-creches-publicas-com-beneficios-a-empresas-criadoras\/"},"author":{"name":"Telinha","@id":"https:\/\/portaltela.pt\/#\/schema\/person\/c4278d4a6028830caff9ee44b42d32ed"},"headline":"Xavier sem vaga em creches p\u00fablicas, com benef\u00edcios a empresas criadoras","datePublished":"2026-04-10T14:02:18+00:00","mainEntityOfPage":{"@id":"https:\/\/portaltela.pt\/noticias\/2026\/04\/10\/xavier-sem-vaga-em-creches-publicas-com-beneficios-a-empresas-criadoras\/"},"wordCount":228,"image":{"@id":"https:\/\/portaltela.pt\/noticias\/2026\/04\/10\/xavier-sem-vaga-em-creches-publicas-com-beneficios-a-empresas-criadoras\/#primaryimage"},"thumbnailUrl":"https:\/\/portaltela.pt\/s.01k8rhncp4jt1\/2026\/04\/2080489.jpg","keywords":["_educa\u00e7\u00e3o","A\u00e7\u00e3o Social","educa\u00e7\u00e3o infantil","educa\u00e7\u00e3o p\u00fablica","parentalidade","pol\u00edtica"],"articleSection":["Not\u00edcias","Pol\u00edtica"],"inLanguage":"pt-PT"},{"@type":"WebPage","@id":"https:\/\/portaltela.pt\/noticias\/2026\/04\/10\/xavier-sem-vaga-em-creches-publicas-com-beneficios-a-empresas-criadoras\/","url":"https:\/\/portaltela.pt\/noticias\/2026\/04\/10\/xavier-sem-vaga-em-creches-publicas-com-beneficios-a-empresas-criadoras\/","name":"Xavier sem vaga em creches p\u00fablicas, com benef\u00edcios a empresas criadoras - Portal Tela Portugal","isPartOf":{"@id":"https:\/\/portaltela.pt\/#website"},"primaryImageOfPage":{"@id":"https:\/\/portaltela.pt\/noticias\/2026\/04\/10\/xavier-sem-vaga-em-creches-publicas-com-beneficios-a-empresas-criadoras\/#primaryimage"},"image":{"@id":"https:\/\/portaltela.pt\/noticias\/2026\/04\/10\/xavier-sem-vaga-em-creches-publicas-com-beneficios-a-empresas-criadoras\/#primaryimage"},"thumbnailUrl":"https:\/\/portaltela.pt\/s.01k8rhncp4jt1\/2026\/04\/2080489.jpg","datePublished":"2026-04-10T14:02:18+00:00","author":{"@id":"https:\/\/portaltela.pt\/#\/schema\/person\/c4278d4a6028830caff9ee44b42d32ed"},"breadcrumb":{"@id":"https:\/\/portaltela.pt\/noticias\/2026\/04\/10\/xavier-sem-vaga-em-creches-publicas-com-beneficios-a-empresas-criadoras\/#breadcrumb"},"inLanguage":"pt-PT","potentialAction":[{"@type":"ReadAction","target":["https:\/\/portaltela.pt\/noticias\/2026\/04\/10\/xavier-sem-vaga-em-creches-publicas-com-beneficios-a-empresas-criadoras\/"]}]},{"@type":"ImageObject","inLanguage":"pt-PT","@id":"https:\/\/portaltela.pt\/noticias\/2026\/04\/10\/xavier-sem-vaga-em-creches-publicas-com-beneficios-a-empresas-criadoras\/#primaryimage","url":"https:\/\/portaltela.pt\/s.01k8rhncp4jt1\/2026\/04\/2080489.jpg","contentUrl":"https:\/\/portaltela.pt\/s.01k8rhncp4jt1\/2026\/04\/2080489.jpg","width":796,"height":448,"caption":"PCP, Livre e Bloco de Esquerda queriam que fosse aprovada uma rede p\u00fablica de creches, como j\u00e1 existe no pr\u00e9-escolar, mas propostas foram rejeitadas"},{"@type":"BreadcrumbList","@id":"https:\/\/portaltela.pt\/noticias\/2026\/04\/10\/xavier-sem-vaga-em-creches-publicas-com-beneficios-a-empresas-criadoras\/#breadcrumb","itemListElement":[{"@type":"ListItem","position":1,"name":"In\u00edcio","item":"https:\/\/portaltela.pt\/"},{"@type":"ListItem","position":2,"name":"Xavier sem vaga em creches p\u00fablicas, com benef\u00edcios a empresas criadoras"}]},{"@type":"WebSite","@id":"https:\/\/portaltela.pt\/#website","url":"https:\/\/portaltela.pt\/","name":"Portal Tela Portugal","description":"","potentialAction":[{"@type":"SearchAction","target":{"@type":"EntryPoint","urlTemplate":"https:\/\/portaltela.pt\/?s={search_term_string}"},"query-input":{"@type":"PropertyValueSpecification","valueRequired":true,"valueName":"search_term_string"}}],"inLanguage":"pt-PT"},{"@type":"Person","@id":"https:\/\/portaltela.pt\/#\/schema\/person\/c4278d4a6028830caff9ee44b42d32ed","name":"Telinha","image":{"@type":"ImageObject","inLanguage":"pt-PT","@id":"https:\/\/portaltela.pt\/s.01k8rhncp4jt1\/2025\/11\/talking-bot-125x125.png","url":"https:\/\/portaltela.pt\/s.01k8rhncp4jt1\/2025\/11\/talking-bot-125x125.png","contentUrl":"https:\/\/portaltela.pt\/s.01k8rhncp4jt1\/2025\/11\/talking-bot-125x125.png","caption":"Telinha"},"sameAs":["https:\/\/portaltela.pt\/"],"url":"https:\/\/portaltela.pt\/por\/367410592786\/"}]}},"_links":{"self":[{"href":"https:\/\/portaltela.pt\/api\/wp\/v2\/posts\/439394","targetHints":{"allow":["GET"]}}],"collection":[{"href":"https:\/\/portaltela.pt\/api\/wp\/v2\/posts"}],"about":[{"href":"https:\/\/portaltela.pt\/api\/wp\/v2\/types\/post"}],"author":[{"embeddable":true,"href":"https:\/\/portaltela.pt\/api\/wp\/v2\/users\/2"}],"replies":[{"embeddable":true,"href":"https:\/\/portaltela.pt\/api\/wp\/v2\/comments?post=439394"}],"version-history":[{"count":0,"href":"https:\/\/portaltela.pt\/api\/wp\/v2\/posts\/439394\/revisions"}],"wp:featuredmedia":[{"embeddable":true,"href":"https:\/\/portaltela.pt\/api\/wp\/v2\/media\/439396"}],"wp:attachment":[{"href":"https:\/\/portaltela.pt\/api\/wp\/v2\/media?parent=439394"}],"wp:term":[{"taxonomy":"category","embeddable":true,"href":"https:\/\/portaltela.pt\/api\/wp\/v2\/categories?post=439394"},{"taxonomy":"post_tag","embeddable":true,"href":"https:\/\/portaltela.pt\/api\/wp\/v2\/tags?post=439394"}],"curies":[{"name":"wp","href":"https:\/\/api.w.org\/{rel}","templated":true}]}}