{"id":439392,"date":"2026-04-10T10:47:20","date_gmt":"2026-04-10T13:47:20","guid":{"rendered":"https:\/\/portaltela.pt\/noticias\/2026\/04\/10\/parlamento-aprova-afastamento-de-operadores-da-gestao-de-terminais-rodoviarios\/"},"modified":"2026-04-10T10:47:20","modified_gmt":"2026-04-10T13:47:20","slug":"parlamento-aprova-afastamento-de-operadores-da-gestao-de-terminais-rodoviarios","status":"publish","type":"post","link":"https:\/\/portaltela.pt\/noticias\/economia\/2026\/04\/10\/parlamento-aprova-afastamento-de-operadores-da-gestao-de-terminais-rodoviarios\/","title":{"rendered":"Parlamento aprova afastamento de operadores da gest\u00e3o de terminais rodovi\u00e1rios"},"content":{"rendered":"<p>O parlamento aprovou na generalidade um projeto de lei da IL que impede que as empresas gestoras de terminais rodovi\u00e1rios estejam associadas a operadoras de transportes p\u00fablicos. A vota\u00e7\u00e3o ocorreu nesta sexta-feira, com muitos votos a favor e v\u00e1rias absten\u00e7\u00f5es.<\/p>\n<p>A iniciativa surge de um argumento de conflito de interesses: operadoras de terminais, que tamb\u00e9m prestam servi\u00e7os de transporte, poderiam defender seus pr\u00f3prios interesses em detrimento de concorrentes. O texto segue para discuss\u00e3o na comiss\u00e3o de Infraestruturas, Mobilidade e Habita\u00e7\u00e3o.<\/p>\n<p>A IL anunciou o diploma a 10 de mar\u00e7o, coincidindo com uma decis\u00e3o do Tribunal Administrativo do C\u00edrculo de Lisboa. O tribunal deu raz\u00e3o \u00e0 FlixBus na disputa contra a Rede Expressos para acesso ao Terminal de Sete Rios, em Lisboa, conduzindo a uma concess\u00e3o imediata, dentro da capacidade dispon\u00edvel.<\/p>\n<p>O projeto prop\u00f5e um prazo m\u00e1ximo de 15 dias para decis\u00f5es sobre pedidos de acesso \u00e0s instala\u00e7\u00f5es, em vez dos 30 atuais. Prop\u00f5e ainda proibir qualquer \u201crela\u00e7\u00e3o de grupo\u201d entre operadores de terminais e de servi\u00e7os p\u00fablicos de passageiros.<\/p>\n<p>Caso haja empresas comuns entre terminal e operador de servi\u00e7os, a IL defende que o contrato seja adjudicado por concurso p\u00fablico, com condi\u00e7\u00f5es equitativas, n\u00e3o discriminat\u00f3rias e transparentes, aberto a operadores de interface ou de terminal.<\/p>\n<p>A medida tamb\u00e9m atribuiria \u00e0 Autoridade da Concorr\u00eancia (AdC) responsabilidade sancionat\u00f3ria sobre mat\u00e9rias que afetam a concorr\u00eancia na gest\u00e3o de terminais de expressos, segundo o diploma.<\/p>\n","protected":false},"excerpt":{"rendered":"<ul>\n<li>O Parlamento aprovou na generalidade um projeto de lei da Iniciativa Liberal para impedir que operadores de terminais rodovi\u00e1rios estejam associados a operadoras de transportes p\u00fablicos, seguindo para a comiss\u00e3o de Infraestruturas, Mobilidade e Habita\u00e7\u00e3o.<\/li>\n<li>A proposta conta com o apoio de PS, IL, Livre, PAN e JPP, e visa eliminar conflitos de interesses e impedir que operadores de terminais neguem acesso a concorrentes.<\/li>\n<li>Prop\u00f5e um prazo m\u00e1ximo de quinze dias para decidir pedidos de acesso \u00e0s instala\u00e7\u00f5es, em vez de trinta, e pro\u00edbe qualquer rela\u00e7\u00e3o de grupo entre operadores de terminais e servi\u00e7os de transporte p\u00fablico.<\/li>\n<li>Em casos em que a mesma empresa detenha o operador de servi\u00e7os p\u00fablicos e o terminal, o contrato de concess\u00e3o dever\u00e1 ser adjudicado atrav\u00e9s de concurso, com condi\u00e7\u00f5es equitativas, n\u00e3o discriminat\u00f3rias e transparentes, aberto a interessados; a Autoridade da Concorr\u00eancia fica com responsabilidade sancionat\u00f3ria.<\/li>\n<li>A iniciativa surge na sequ\u00eancia de uma a\u00e7\u00e3o da FlixBus contra a Rede Nacional de Expressos, e de uma decis\u00e3o do Tribunal Administrativo de Lisboa que ordenou acesso imediato ao Terminal de Sete Rios, limitado \u00e0 capacidade dispon\u00edvel.<\/li>\n<\/ul>\n","protected":false},"author":2,"featured_media":439393,"comment_status":"closed","ping_status":"closed","sticky":false,"template":"","format":"standard","meta":{"footnotes":""},"categories":[2,6735],"tags":[6115,2207,5539,2832,5196,192],"class_list":["post-439392","post","type-post","status-publish","format-standard","has-post-thumbnail","hentry","category-economia","category-negocios","tag-_economia","tag-concorrencia","tag-lei","tag-politica","tag-servico-publico","tag-transporte"],"yoast_head":"<!-- This site is optimized with the Yoast SEO plugin v27.2 - https:\/\/yoast.com\/product\/yoast-seo-wordpress\/ -->\n<title>Parlamento aprova afastamento de operadores da gest\u00e3o de terminais rodovi\u00e1rios - Portal Tela Portugal<\/title>\n<meta name=\"robots\" content=\"index, follow, max-snippet:-1, max-image-preview:large, max-video-preview:-1\" \/>\n<meta property=\"og:locale\" content=\"pt_PT\" \/>\n<meta property=\"og:type\" content=\"article\" \/>\n<meta property=\"og:title\" content=\"Parlamento aprova afastamento de operadores da gest\u00e3o de terminais rodovi\u00e1rios - Portal Tela Portugal\" \/>\n<meta property=\"og:description\" content=\"O Parlamento aprovou na generalidade um projeto de lei da Iniciativa Liberal para impedir que operadores de terminais rodovi\u00e1rios estejam associados a operadoras de transportes p\u00fablicos, seguindo para a comiss\u00e3o de Infraestruturas, Mobilidade e Habita\u00e7\u00e3o. A proposta conta com o apoio de PS, IL, Livre, PAN e JPP, e visa eliminar conflitos de interesses e impedir que operadores de terminais neguem acesso a concorrentes. Prop\u00f5e um prazo m\u00e1ximo de quinze dias para decidir pedidos de acesso \u00e0s instala\u00e7\u00f5es, em vez de trinta, e pro\u00edbe qualquer rela\u00e7\u00e3o de grupo entre operadores de terminais e servi\u00e7os de transporte p\u00fablico. Em casos em que a mesma empresa detenha o operador de servi\u00e7os p\u00fablicos e o terminal, o contrato de concess\u00e3o dever\u00e1 ser adjudicado atrav\u00e9s de concurso, com condi\u00e7\u00f5es equitativas, n\u00e3o discriminat\u00f3rias e transparentes, aberto a interessados; a Autoridade da Concorr\u00eancia fica com responsabilidade sancionat\u00f3ria. A iniciativa surge na sequ\u00eancia de uma a\u00e7\u00e3o da FlixBus contra a Rede Nacional de Expressos, e de uma decis\u00e3o do Tribunal Administrativo de Lisboa que ordenou acesso imediato ao Terminal de Sete Rios, limitado \u00e0 capacidade dispon\u00edvel.\" \/>\n<meta property=\"og:url\" content=\"https:\/\/portaltela.pt\/noticias\/2026\/04\/10\/parlamento-aprova-afastamento-de-operadores-da-gestao-de-terminais-rodoviarios\/\" \/>\n<meta property=\"og:site_name\" content=\"Portal Tela Portugal\" \/>\n<meta property=\"article:published_time\" content=\"2026-04-10T13:47:20+00:00\" \/>\n<meta name=\"author\" content=\"Telinha\" \/>\n<meta name=\"twitter:card\" content=\"summary_large_image\" \/>\n<meta name=\"twitter:label1\" content=\"Escrito por\" \/>\n\t<meta name=\"twitter:data1\" content=\"Telinha\" \/>\n\t<meta name=\"twitter:label2\" content=\"Tempo estimado de leitura\" \/>\n\t<meta name=\"twitter:data2\" content=\"1 minuto\" \/>\n<script type=\"application\/ld+json\" class=\"yoast-schema-graph\">{\"@context\":\"https:\/\/schema.org\",\"@graph\":[{\"@type\":\"Article\",\"@id\":\"https:\/\/portaltela.pt\/noticias\/2026\/04\/10\/parlamento-aprova-afastamento-de-operadores-da-gestao-de-terminais-rodoviarios\/#article\",\"isPartOf\":{\"@id\":\"https:\/\/portaltela.pt\/noticias\/2026\/04\/10\/parlamento-aprova-afastamento-de-operadores-da-gestao-de-terminais-rodoviarios\/\"},\"author\":{\"name\":\"Telinha\",\"@id\":\"https:\/\/portaltela.pt\/#\/schema\/person\/c4278d4a6028830caff9ee44b42d32ed\"},\"headline\":\"Parlamento aprova afastamento de operadores da gest\u00e3o de terminais rodovi\u00e1rios\",\"datePublished\":\"2026-04-10T13:47:20+00:00\",\"mainEntityOfPage\":{\"@id\":\"https:\/\/portaltela.pt\/noticias\/2026\/04\/10\/parlamento-aprova-afastamento-de-operadores-da-gestao-de-terminais-rodoviarios\/\"},\"wordCount\":274,\"image\":{\"@id\":\"https:\/\/portaltela.pt\/noticias\/2026\/04\/10\/parlamento-aprova-afastamento-de-operadores-da-gestao-de-terminais-rodoviarios\/#primaryimage\"},\"thumbnailUrl\":\"https:\/\/portaltela.pt\/s.01k8rhncp4jt1\/2026\/04\/img_1500x1000uu2026-04-09-13-47-19-2277490.jpg\",\"keywords\":[\"_economia\",\"concorr\u00eancia\",\"lei\",\"pol\u00edtica\",\"servi\u00e7o p\u00fablico\",\"transporte\"],\"articleSection\":[\"Economia\",\"Neg\u00f3cios\"],\"inLanguage\":\"pt-PT\"},{\"@type\":\"WebPage\",\"@id\":\"https:\/\/portaltela.pt\/noticias\/2026\/04\/10\/parlamento-aprova-afastamento-de-operadores-da-gestao-de-terminais-rodoviarios\/\",\"url\":\"https:\/\/portaltela.pt\/noticias\/2026\/04\/10\/parlamento-aprova-afastamento-de-operadores-da-gestao-de-terminais-rodoviarios\/\",\"name\":\"Parlamento aprova afastamento de operadores da gest\u00e3o de terminais rodovi\u00e1rios - Portal Tela Portugal\",\"isPartOf\":{\"@id\":\"https:\/\/portaltela.pt\/#website\"},\"primaryImageOfPage\":{\"@id\":\"https:\/\/portaltela.pt\/noticias\/2026\/04\/10\/parlamento-aprova-afastamento-de-operadores-da-gestao-de-terminais-rodoviarios\/#primaryimage\"},\"image\":{\"@id\":\"https:\/\/portaltela.pt\/noticias\/2026\/04\/10\/parlamento-aprova-afastamento-de-operadores-da-gestao-de-terminais-rodoviarios\/#primaryimage\"},\"thumbnailUrl\":\"https:\/\/portaltela.pt\/s.01k8rhncp4jt1\/2026\/04\/img_1500x1000uu2026-04-09-13-47-19-2277490.jpg\",\"datePublished\":\"2026-04-10T13:47:20+00:00\",\"author\":{\"@id\":\"https:\/\/portaltela.pt\/#\/schema\/person\/c4278d4a6028830caff9ee44b42d32ed\"},\"breadcrumb\":{\"@id\":\"https:\/\/portaltela.pt\/noticias\/2026\/04\/10\/parlamento-aprova-afastamento-de-operadores-da-gestao-de-terminais-rodoviarios\/#breadcrumb\"},\"inLanguage\":\"pt-PT\",\"potentialAction\":[{\"@type\":\"ReadAction\",\"target\":[\"https:\/\/portaltela.pt\/noticias\/2026\/04\/10\/parlamento-aprova-afastamento-de-operadores-da-gestao-de-terminais-rodoviarios\/\"]}]},{\"@type\":\"ImageObject\",\"inLanguage\":\"pt-PT\",\"@id\":\"https:\/\/portaltela.pt\/noticias\/2026\/04\/10\/parlamento-aprova-afastamento-de-operadores-da-gestao-de-terminais-rodoviarios\/#primaryimage\",\"url\":\"https:\/\/portaltela.pt\/s.01k8rhncp4jt1\/2026\/04\/img_1500x1000uu2026-04-09-13-47-19-2277490.jpg\",\"contentUrl\":\"https:\/\/portaltela.pt\/s.01k8rhncp4jt1\/2026\/04\/img_1500x1000uu2026-04-09-13-47-19-2277490.jpg\",\"width\":796,\"height\":448,\"caption\":\"Parlamento\"},{\"@type\":\"BreadcrumbList\",\"@id\":\"https:\/\/portaltela.pt\/noticias\/2026\/04\/10\/parlamento-aprova-afastamento-de-operadores-da-gestao-de-terminais-rodoviarios\/#breadcrumb\",\"itemListElement\":[{\"@type\":\"ListItem\",\"position\":1,\"name\":\"In\u00edcio\",\"item\":\"https:\/\/portaltela.pt\/\"},{\"@type\":\"ListItem\",\"position\":2,\"name\":\"Parlamento aprova afastamento de operadores da gest\u00e3o de terminais rodovi\u00e1rios\"}]},{\"@type\":\"WebSite\",\"@id\":\"https:\/\/portaltela.pt\/#website\",\"url\":\"https:\/\/portaltela.pt\/\",\"name\":\"Portal Tela Portugal\",\"description\":\"\",\"potentialAction\":[{\"@type\":\"SearchAction\",\"target\":{\"@type\":\"EntryPoint\",\"urlTemplate\":\"https:\/\/portaltela.pt\/?s={search_term_string}\"},\"query-input\":{\"@type\":\"PropertyValueSpecification\",\"valueRequired\":true,\"valueName\":\"search_term_string\"}}],\"inLanguage\":\"pt-PT\"},{\"@type\":\"Person\",\"@id\":\"https:\/\/portaltela.pt\/#\/schema\/person\/c4278d4a6028830caff9ee44b42d32ed\",\"name\":\"Telinha\",\"image\":{\"@type\":\"ImageObject\",\"inLanguage\":\"pt-PT\",\"@id\":\"https:\/\/portaltela.pt\/s.01k8rhncp4jt1\/2025\/11\/talking-bot-125x125.png\",\"url\":\"https:\/\/portaltela.pt\/s.01k8rhncp4jt1\/2025\/11\/talking-bot-125x125.png\",\"contentUrl\":\"https:\/\/portaltela.pt\/s.01k8rhncp4jt1\/2025\/11\/talking-bot-125x125.png\",\"caption\":\"Telinha\"},\"sameAs\":[\"https:\/\/portaltela.pt\/\"],\"url\":\"https:\/\/portaltela.pt\/por\/367410592786\/\"}]}<\/script>\n<!-- \/ Yoast SEO plugin. -->","yoast_head_json":{"title":"Parlamento aprova afastamento de operadores da gest\u00e3o de terminais rodovi\u00e1rios - Portal Tela Portugal","robots":{"index":"index","follow":"follow","max-snippet":"max-snippet:-1","max-image-preview":"max-image-preview:large","max-video-preview":"max-video-preview:-1"},"og_locale":"pt_PT","og_type":"article","og_title":"Parlamento aprova afastamento de operadores da gest\u00e3o de terminais rodovi\u00e1rios - Portal Tela Portugal","og_description":"O Parlamento aprovou na generalidade um projeto de lei da Iniciativa Liberal para impedir que operadores de terminais rodovi\u00e1rios estejam associados a operadoras de transportes p\u00fablicos, seguindo para a comiss\u00e3o de Infraestruturas, Mobilidade e Habita\u00e7\u00e3o. A proposta conta com o apoio de PS, IL, Livre, PAN e JPP, e visa eliminar conflitos de interesses e impedir que operadores de terminais neguem acesso a concorrentes. Prop\u00f5e um prazo m\u00e1ximo de quinze dias para decidir pedidos de acesso \u00e0s instala\u00e7\u00f5es, em vez de trinta, e pro\u00edbe qualquer rela\u00e7\u00e3o de grupo entre operadores de terminais e servi\u00e7os de transporte p\u00fablico. Em casos em que a mesma empresa detenha o operador de servi\u00e7os p\u00fablicos e o terminal, o contrato de concess\u00e3o dever\u00e1 ser adjudicado atrav\u00e9s de concurso, com condi\u00e7\u00f5es equitativas, n\u00e3o discriminat\u00f3rias e transparentes, aberto a interessados; a Autoridade da Concorr\u00eancia fica com responsabilidade sancionat\u00f3ria. A iniciativa surge na sequ\u00eancia de uma a\u00e7\u00e3o da FlixBus contra a Rede Nacional de Expressos, e de uma decis\u00e3o do Tribunal Administrativo de Lisboa que ordenou acesso imediato ao Terminal de Sete Rios, limitado \u00e0 capacidade dispon\u00edvel.","og_url":"https:\/\/portaltela.pt\/noticias\/2026\/04\/10\/parlamento-aprova-afastamento-de-operadores-da-gestao-de-terminais-rodoviarios\/","og_site_name":"Portal Tela Portugal","article_published_time":"2026-04-10T13:47:20+00:00","author":"Telinha","twitter_card":"summary_large_image","twitter_misc":{"Escrito por":"Telinha","Tempo estimado de leitura":"1 minuto"},"schema":{"@context":"https:\/\/schema.org","@graph":[{"@type":"Article","@id":"https:\/\/portaltela.pt\/noticias\/2026\/04\/10\/parlamento-aprova-afastamento-de-operadores-da-gestao-de-terminais-rodoviarios\/#article","isPartOf":{"@id":"https:\/\/portaltela.pt\/noticias\/2026\/04\/10\/parlamento-aprova-afastamento-de-operadores-da-gestao-de-terminais-rodoviarios\/"},"author":{"name":"Telinha","@id":"https:\/\/portaltela.pt\/#\/schema\/person\/c4278d4a6028830caff9ee44b42d32ed"},"headline":"Parlamento aprova afastamento de operadores da gest\u00e3o de terminais rodovi\u00e1rios","datePublished":"2026-04-10T13:47:20+00:00","mainEntityOfPage":{"@id":"https:\/\/portaltela.pt\/noticias\/2026\/04\/10\/parlamento-aprova-afastamento-de-operadores-da-gestao-de-terminais-rodoviarios\/"},"wordCount":274,"image":{"@id":"https:\/\/portaltela.pt\/noticias\/2026\/04\/10\/parlamento-aprova-afastamento-de-operadores-da-gestao-de-terminais-rodoviarios\/#primaryimage"},"thumbnailUrl":"https:\/\/portaltela.pt\/s.01k8rhncp4jt1\/2026\/04\/img_1500x1000uu2026-04-09-13-47-19-2277490.jpg","keywords":["_economia","concorr\u00eancia","lei","pol\u00edtica","servi\u00e7o p\u00fablico","transporte"],"articleSection":["Economia","Neg\u00f3cios"],"inLanguage":"pt-PT"},{"@type":"WebPage","@id":"https:\/\/portaltela.pt\/noticias\/2026\/04\/10\/parlamento-aprova-afastamento-de-operadores-da-gestao-de-terminais-rodoviarios\/","url":"https:\/\/portaltela.pt\/noticias\/2026\/04\/10\/parlamento-aprova-afastamento-de-operadores-da-gestao-de-terminais-rodoviarios\/","name":"Parlamento aprova afastamento de operadores da gest\u00e3o de terminais rodovi\u00e1rios - Portal Tela Portugal","isPartOf":{"@id":"https:\/\/portaltela.pt\/#website"},"primaryImageOfPage":{"@id":"https:\/\/portaltela.pt\/noticias\/2026\/04\/10\/parlamento-aprova-afastamento-de-operadores-da-gestao-de-terminais-rodoviarios\/#primaryimage"},"image":{"@id":"https:\/\/portaltela.pt\/noticias\/2026\/04\/10\/parlamento-aprova-afastamento-de-operadores-da-gestao-de-terminais-rodoviarios\/#primaryimage"},"thumbnailUrl":"https:\/\/portaltela.pt\/s.01k8rhncp4jt1\/2026\/04\/img_1500x1000uu2026-04-09-13-47-19-2277490.jpg","datePublished":"2026-04-10T13:47:20+00:00","author":{"@id":"https:\/\/portaltela.pt\/#\/schema\/person\/c4278d4a6028830caff9ee44b42d32ed"},"breadcrumb":{"@id":"https:\/\/portaltela.pt\/noticias\/2026\/04\/10\/parlamento-aprova-afastamento-de-operadores-da-gestao-de-terminais-rodoviarios\/#breadcrumb"},"inLanguage":"pt-PT","potentialAction":[{"@type":"ReadAction","target":["https:\/\/portaltela.pt\/noticias\/2026\/04\/10\/parlamento-aprova-afastamento-de-operadores-da-gestao-de-terminais-rodoviarios\/"]}]},{"@type":"ImageObject","inLanguage":"pt-PT","@id":"https:\/\/portaltela.pt\/noticias\/2026\/04\/10\/parlamento-aprova-afastamento-de-operadores-da-gestao-de-terminais-rodoviarios\/#primaryimage","url":"https:\/\/portaltela.pt\/s.01k8rhncp4jt1\/2026\/04\/img_1500x1000uu2026-04-09-13-47-19-2277490.jpg","contentUrl":"https:\/\/portaltela.pt\/s.01k8rhncp4jt1\/2026\/04\/img_1500x1000uu2026-04-09-13-47-19-2277490.jpg","width":796,"height":448,"caption":"Parlamento"},{"@type":"BreadcrumbList","@id":"https:\/\/portaltela.pt\/noticias\/2026\/04\/10\/parlamento-aprova-afastamento-de-operadores-da-gestao-de-terminais-rodoviarios\/#breadcrumb","itemListElement":[{"@type":"ListItem","position":1,"name":"In\u00edcio","item":"https:\/\/portaltela.pt\/"},{"@type":"ListItem","position":2,"name":"Parlamento aprova afastamento de operadores da gest\u00e3o de terminais rodovi\u00e1rios"}]},{"@type":"WebSite","@id":"https:\/\/portaltela.pt\/#website","url":"https:\/\/portaltela.pt\/","name":"Portal Tela Portugal","description":"","potentialAction":[{"@type":"SearchAction","target":{"@type":"EntryPoint","urlTemplate":"https:\/\/portaltela.pt\/?s={search_term_string}"},"query-input":{"@type":"PropertyValueSpecification","valueRequired":true,"valueName":"search_term_string"}}],"inLanguage":"pt-PT"},{"@type":"Person","@id":"https:\/\/portaltela.pt\/#\/schema\/person\/c4278d4a6028830caff9ee44b42d32ed","name":"Telinha","image":{"@type":"ImageObject","inLanguage":"pt-PT","@id":"https:\/\/portaltela.pt\/s.01k8rhncp4jt1\/2025\/11\/talking-bot-125x125.png","url":"https:\/\/portaltela.pt\/s.01k8rhncp4jt1\/2025\/11\/talking-bot-125x125.png","contentUrl":"https:\/\/portaltela.pt\/s.01k8rhncp4jt1\/2025\/11\/talking-bot-125x125.png","caption":"Telinha"},"sameAs":["https:\/\/portaltela.pt\/"],"url":"https:\/\/portaltela.pt\/por\/367410592786\/"}]}},"_links":{"self":[{"href":"https:\/\/portaltela.pt\/api\/wp\/v2\/posts\/439392","targetHints":{"allow":["GET"]}}],"collection":[{"href":"https:\/\/portaltela.pt\/api\/wp\/v2\/posts"}],"about":[{"href":"https:\/\/portaltela.pt\/api\/wp\/v2\/types\/post"}],"author":[{"embeddable":true,"href":"https:\/\/portaltela.pt\/api\/wp\/v2\/users\/2"}],"replies":[{"embeddable":true,"href":"https:\/\/portaltela.pt\/api\/wp\/v2\/comments?post=439392"}],"version-history":[{"count":0,"href":"https:\/\/portaltela.pt\/api\/wp\/v2\/posts\/439392\/revisions"}],"wp:featuredmedia":[{"embeddable":true,"href":"https:\/\/portaltela.pt\/api\/wp\/v2\/media\/439393"}],"wp:attachment":[{"href":"https:\/\/portaltela.pt\/api\/wp\/v2\/media?parent=439392"}],"wp:term":[{"taxonomy":"category","embeddable":true,"href":"https:\/\/portaltela.pt\/api\/wp\/v2\/categories?post=439392"},{"taxonomy":"post_tag","embeddable":true,"href":"https:\/\/portaltela.pt\/api\/wp\/v2\/tags?post=439392"}],"curies":[{"name":"wp","href":"https:\/\/api.w.org\/{rel}","templated":true}]}}