{"id":439381,"date":"2026-04-10T10:32:23","date_gmt":"2026-04-10T13:32:23","guid":{"rendered":"https:\/\/portaltela.pt\/noticias\/2026\/04\/10\/ps-acusa-governo-acoriano-de-opcao-enviesada-na-visita-da-vice-da-ce\/"},"modified":"2026-04-10T10:32:23","modified_gmt":"2026-04-10T13:32:23","slug":"ps-acusa-governo-acoriano-de-opcao-enviesada-na-visita-da-vice-da-ce","status":"publish","type":"post","link":"https:\/\/portaltela.pt\/noticias\/politica\/2026\/04\/10\/ps-acusa-governo-acoriano-de-opcao-enviesada-na-visita-da-vice-da-ce\/","title":{"rendered":"PS acusa governo a\u00e7oriano de op\u00e7\u00e3o enviesada na visita da vice da CE"},"content":{"rendered":"<p>O eurodeputado Andr\u00e9 Rodrigues (PS) criticou o Governo dos A\u00e7ores pela organiza\u00e7\u00e3o da visita do vice-presidente da Comiss\u00e3o Europeia, Raffaele Fitto, a S\u00e3o Miguel. O pol\u00edtico exp\u00f4s preocupa\u00e7\u00f5es sobre a exclus\u00e3o institucional de representantes de outras for\u00e7as pol\u00edticas.<\/p>\n<p>Segundo Rodrigues, a presen\u00e7a de apenas um eurodeputado durante a desloca\u00e7\u00e3o tende a criar um vi\u00e9s pol\u00edtico. O que est\u00e1 em causa, aponta, \u00e9 o respeito pelas regras democr\u00e1ticas e o funcionamento institucional, que devem representar toda a regi\u00e3o.<\/p>\n<p>O caso envolve o Governo regional, liderado por Jos\u00e9 Manuel Bolieiro (PSD), e o anfitri\u00e3o da visita. O eurodeputado Paulo Nascimento Cabral, eleito pelo PSD, acompanhou Fitto nas atividades realizadas na ilha.<\/p>\n<p>Raffaele Fitto reuniu-se com o Governo Regional e percorreu obras financiadas por fundos europeus, em S\u00e3o Miguel. A comitiva incluiu ainda o deputado regional e outros representantes, numa visita marcada por um tom institucional.<\/p>\n<p>Andr\u00e9 Rodrigues recorda que os A\u00e7ores s\u00e3o representados no Parlamento Europeu por deputados de v\u00e1rias fam\u00edlias pol\u00edticas. O socialista sustenta que a aus\u00eancia de pluralidade representa uma falha de protocolo e uma sinaliza\u00e7\u00e3o de desvaloriza\u00e7\u00e3o da representa\u00e7\u00e3o democr\u00e1tica.<\/p>\n<p>O eurodeputado defende uma distin\u00e7\u00e3o clara entre planos institucional e partid\u00e1rio, afirmando que iniciativas futuras devem refletir a diversidade democr\u00e1tica da regi\u00e3o e n\u00e3o favorecer apenas uma corrente partid\u00e1ria.<\/p>\n<p>A visita de Fitto foi apresentada como momento de relev\u00e2ncia institucional para os A\u00e7ores, com o foco nas especificidades das ultraperiferias. Em resposta, Rodrigues apelou a uma abordagem mais inclusiva e equilibrada do ponto de vista institucional.<\/p>\n","protected":false},"excerpt":{"rendered":"<ul>\n<li>O eurodeputado Andr\u00e9 Rodrigues (PS) criticou o Governo dos A\u00e7ores pela \u201cop\u00e7\u00e3o enviesada\u201d de convidar apenas um eurodeputado para a visita do vice-presidente da Comiss\u00e3o Europeia, Raffaele Fitto, \u00e0 ilha de S\u00e3o Miguel.<\/li>\n<li>Rodrigues afirma que a decis\u00e3o coloca em causa o funcionamento democr\u00e1tico e institucional, pedindo distin\u00e7\u00e3o entre plano institucional e pol\u00edtico-partid\u00e1rio.<\/li>\n<li>O l\u00edder do executivo regional, Jos\u00e9 Manuel Bolieiro (PSD), \u00e9 acusado de tratar Paulo Nascimento Cabral, eurodeputado do PSD, como subalterno ou emiss\u00e1rio oficioso.<\/li>\n<li>O deputado socialista lembra que h\u00e1 eurodeputados dos A\u00e7ores de diferentes fam\u00edlias pol\u00edticas e defende que a representa\u00e7\u00e3o regional seja plural e equitativa.<\/li>\n<li>A visita incluiu reuni\u00e3o de trabalho e visitas a obras financiadas com fundos europeus; Fitto prometeu atender \u00e0s especificidades das ultraperiferias.<\/li>\n<\/ul>\n","protected":false},"author":2,"featured_media":439385,"comment_status":"closed","ping_status":"closed","sticky":false,"template":"","format":"standard","meta":{"footnotes":""},"categories":[1,5],"tags":[822,2487,34,7153,2832,27],"class_list":["post-439381","post","type-post","status-publish","format-standard","has-post-thumbnail","hentry","category-noticias","category-politica","tag-acores","tag-europa","tag-governo","tag-parlamento-europeu","tag-politica","tag-relacoes-internacionais"],"yoast_head":"<!-- This site is optimized with the Yoast SEO plugin v27.2 - https:\/\/yoast.com\/product\/yoast-seo-wordpress\/ -->\n<title>PS acusa governo a\u00e7oriano de op\u00e7\u00e3o enviesada na visita da vice da CE - Portal Tela Portugal<\/title>\n<meta name=\"robots\" content=\"index, follow, max-snippet:-1, max-image-preview:large, max-video-preview:-1\" \/>\n<meta property=\"og:locale\" content=\"pt_PT\" \/>\n<meta property=\"og:type\" content=\"article\" \/>\n<meta property=\"og:title\" content=\"PS acusa governo a\u00e7oriano de op\u00e7\u00e3o enviesada na visita da vice da CE - Portal Tela Portugal\" \/>\n<meta property=\"og:description\" content=\"O eurodeputado Andr\u00e9 Rodrigues (PS) criticou o Governo dos A\u00e7ores pela \u201cop\u00e7\u00e3o enviesada\u201d de convidar apenas um eurodeputado para a visita do vice-presidente da Comiss\u00e3o Europeia, Raffaele Fitto, \u00e0 ilha de S\u00e3o Miguel. Rodrigues afirma que a decis\u00e3o coloca em causa o funcionamento democr\u00e1tico e institucional, pedindo distin\u00e7\u00e3o entre plano institucional e pol\u00edtico-partid\u00e1rio. O l\u00edder do executivo regional, Jos\u00e9 Manuel Bolieiro (PSD), \u00e9 acusado de tratar Paulo Nascimento Cabral, eurodeputado do PSD, como subalterno ou emiss\u00e1rio oficioso. O deputado socialista lembra que h\u00e1 eurodeputados dos A\u00e7ores de diferentes fam\u00edlias pol\u00edticas e defende que a representa\u00e7\u00e3o regional seja plural e equitativa. A visita incluiu reuni\u00e3o de trabalho e visitas a obras financiadas com fundos europeus; Fitto prometeu atender \u00e0s especificidades das ultraperiferias.\" \/>\n<meta property=\"og:url\" content=\"https:\/\/portaltela.pt\/noticias\/2026\/04\/10\/ps-acusa-governo-acoriano-de-opcao-enviesada-na-visita-da-vice-da-ce\/\" \/>\n<meta property=\"og:site_name\" content=\"Portal Tela Portugal\" \/>\n<meta property=\"article:published_time\" content=\"2026-04-10T13:32:23+00:00\" \/>\n<meta name=\"author\" content=\"Telinha\" \/>\n<meta name=\"twitter:card\" content=\"summary_large_image\" \/>\n<meta name=\"twitter:label1\" content=\"Escrito por\" \/>\n\t<meta name=\"twitter:data1\" content=\"Telinha\" \/>\n\t<meta name=\"twitter:label2\" content=\"Tempo estimado de leitura\" \/>\n\t<meta name=\"twitter:data2\" content=\"1 minuto\" \/>\n<script type=\"application\/ld+json\" class=\"yoast-schema-graph\">{\"@context\":\"https:\/\/schema.org\",\"@graph\":[{\"@type\":\"Article\",\"@id\":\"https:\/\/portaltela.pt\/noticias\/2026\/04\/10\/ps-acusa-governo-acoriano-de-opcao-enviesada-na-visita-da-vice-da-ce\/#article\",\"isPartOf\":{\"@id\":\"https:\/\/portaltela.pt\/noticias\/2026\/04\/10\/ps-acusa-governo-acoriano-de-opcao-enviesada-na-visita-da-vice-da-ce\/\"},\"author\":{\"name\":\"Telinha\",\"@id\":\"https:\/\/portaltela.pt\/#\/schema\/person\/c4278d4a6028830caff9ee44b42d32ed\"},\"headline\":\"PS acusa governo a\u00e7oriano de op\u00e7\u00e3o enviesada na visita da vice da CE\",\"datePublished\":\"2026-04-10T13:32:23+00:00\",\"mainEntityOfPage\":{\"@id\":\"https:\/\/portaltela.pt\/noticias\/2026\/04\/10\/ps-acusa-governo-acoriano-de-opcao-enviesada-na-visita-da-vice-da-ce\/\"},\"wordCount\":297,\"image\":{\"@id\":\"https:\/\/portaltela.pt\/noticias\/2026\/04\/10\/ps-acusa-governo-acoriano-de-opcao-enviesada-na-visita-da-vice-da-ce\/#primaryimage\"},\"thumbnailUrl\":\"https:\/\/portaltela.pt\/s.01k8rhncp4jt1\/2026\/04\/img_1280x721uu2026-04-08-12-20-10-2277233.jpg\",\"keywords\":[\"A\u00e7ores\",\"Europa\",\"governo\",\"Parlamento Europeu\",\"pol\u00edtica\",\"rela\u00e7\u00f5es internacionais\"],\"articleSection\":[\"Not\u00edcias\",\"Pol\u00edtica\"],\"inLanguage\":\"pt-PT\"},{\"@type\":\"WebPage\",\"@id\":\"https:\/\/portaltela.pt\/noticias\/2026\/04\/10\/ps-acusa-governo-acoriano-de-opcao-enviesada-na-visita-da-vice-da-ce\/\",\"url\":\"https:\/\/portaltela.pt\/noticias\/2026\/04\/10\/ps-acusa-governo-acoriano-de-opcao-enviesada-na-visita-da-vice-da-ce\/\",\"name\":\"PS acusa governo a\u00e7oriano de op\u00e7\u00e3o enviesada na visita da vice da CE - Portal Tela Portugal\",\"isPartOf\":{\"@id\":\"https:\/\/portaltela.pt\/#website\"},\"primaryImageOfPage\":{\"@id\":\"https:\/\/portaltela.pt\/noticias\/2026\/04\/10\/ps-acusa-governo-acoriano-de-opcao-enviesada-na-visita-da-vice-da-ce\/#primaryimage\"},\"image\":{\"@id\":\"https:\/\/portaltela.pt\/noticias\/2026\/04\/10\/ps-acusa-governo-acoriano-de-opcao-enviesada-na-visita-da-vice-da-ce\/#primaryimage\"},\"thumbnailUrl\":\"https:\/\/portaltela.pt\/s.01k8rhncp4jt1\/2026\/04\/img_1280x721uu2026-04-08-12-20-10-2277233.jpg\",\"datePublished\":\"2026-04-10T13:32:23+00:00\",\"author\":{\"@id\":\"https:\/\/portaltela.pt\/#\/schema\/person\/c4278d4a6028830caff9ee44b42d32ed\"},\"breadcrumb\":{\"@id\":\"https:\/\/portaltela.pt\/noticias\/2026\/04\/10\/ps-acusa-governo-acoriano-de-opcao-enviesada-na-visita-da-vice-da-ce\/#breadcrumb\"},\"inLanguage\":\"pt-PT\",\"potentialAction\":[{\"@type\":\"ReadAction\",\"target\":[\"https:\/\/portaltela.pt\/noticias\/2026\/04\/10\/ps-acusa-governo-acoriano-de-opcao-enviesada-na-visita-da-vice-da-ce\/\"]}]},{\"@type\":\"ImageObject\",\"inLanguage\":\"pt-PT\",\"@id\":\"https:\/\/portaltela.pt\/noticias\/2026\/04\/10\/ps-acusa-governo-acoriano-de-opcao-enviesada-na-visita-da-vice-da-ce\/#primaryimage\",\"url\":\"https:\/\/portaltela.pt\/s.01k8rhncp4jt1\/2026\/04\/img_1280x721uu2026-04-08-12-20-10-2277233.jpg\",\"contentUrl\":\"https:\/\/portaltela.pt\/s.01k8rhncp4jt1\/2026\/04\/img_1280x721uu2026-04-08-12-20-10-2277233.jpg\",\"width\":796,\"height\":448,\"caption\":\"Raffaele Fitto, vice-presidente da Comiss\u00e3o Europeia\"},{\"@type\":\"BreadcrumbList\",\"@id\":\"https:\/\/portaltela.pt\/noticias\/2026\/04\/10\/ps-acusa-governo-acoriano-de-opcao-enviesada-na-visita-da-vice-da-ce\/#breadcrumb\",\"itemListElement\":[{\"@type\":\"ListItem\",\"position\":1,\"name\":\"In\u00edcio\",\"item\":\"https:\/\/portaltela.pt\/\"},{\"@type\":\"ListItem\",\"position\":2,\"name\":\"PS acusa governo a\u00e7oriano de op\u00e7\u00e3o enviesada na visita da vice da CE\"}]},{\"@type\":\"WebSite\",\"@id\":\"https:\/\/portaltela.pt\/#website\",\"url\":\"https:\/\/portaltela.pt\/\",\"name\":\"Portal Tela Portugal\",\"description\":\"\",\"potentialAction\":[{\"@type\":\"SearchAction\",\"target\":{\"@type\":\"EntryPoint\",\"urlTemplate\":\"https:\/\/portaltela.pt\/?s={search_term_string}\"},\"query-input\":{\"@type\":\"PropertyValueSpecification\",\"valueRequired\":true,\"valueName\":\"search_term_string\"}}],\"inLanguage\":\"pt-PT\"},{\"@type\":\"Person\",\"@id\":\"https:\/\/portaltela.pt\/#\/schema\/person\/c4278d4a6028830caff9ee44b42d32ed\",\"name\":\"Telinha\",\"image\":{\"@type\":\"ImageObject\",\"inLanguage\":\"pt-PT\",\"@id\":\"https:\/\/portaltela.pt\/s.01k8rhncp4jt1\/2025\/11\/talking-bot-125x125.png\",\"url\":\"https:\/\/portaltela.pt\/s.01k8rhncp4jt1\/2025\/11\/talking-bot-125x125.png\",\"contentUrl\":\"https:\/\/portaltela.pt\/s.01k8rhncp4jt1\/2025\/11\/talking-bot-125x125.png\",\"caption\":\"Telinha\"},\"sameAs\":[\"https:\/\/portaltela.pt\/\"],\"url\":\"https:\/\/portaltela.pt\/por\/367410592786\/\"}]}<\/script>\n<!-- \/ Yoast SEO plugin. -->","yoast_head_json":{"title":"PS acusa governo a\u00e7oriano de op\u00e7\u00e3o enviesada na visita da vice da CE - Portal Tela Portugal","robots":{"index":"index","follow":"follow","max-snippet":"max-snippet:-1","max-image-preview":"max-image-preview:large","max-video-preview":"max-video-preview:-1"},"og_locale":"pt_PT","og_type":"article","og_title":"PS acusa governo a\u00e7oriano de op\u00e7\u00e3o enviesada na visita da vice da CE - Portal Tela Portugal","og_description":"O eurodeputado Andr\u00e9 Rodrigues (PS) criticou o Governo dos A\u00e7ores pela \u201cop\u00e7\u00e3o enviesada\u201d de convidar apenas um eurodeputado para a visita do vice-presidente da Comiss\u00e3o Europeia, Raffaele Fitto, \u00e0 ilha de S\u00e3o Miguel. Rodrigues afirma que a decis\u00e3o coloca em causa o funcionamento democr\u00e1tico e institucional, pedindo distin\u00e7\u00e3o entre plano institucional e pol\u00edtico-partid\u00e1rio. O l\u00edder do executivo regional, Jos\u00e9 Manuel Bolieiro (PSD), \u00e9 acusado de tratar Paulo Nascimento Cabral, eurodeputado do PSD, como subalterno ou emiss\u00e1rio oficioso. O deputado socialista lembra que h\u00e1 eurodeputados dos A\u00e7ores de diferentes fam\u00edlias pol\u00edticas e defende que a representa\u00e7\u00e3o regional seja plural e equitativa. A visita incluiu reuni\u00e3o de trabalho e visitas a obras financiadas com fundos europeus; Fitto prometeu atender \u00e0s especificidades das ultraperiferias.","og_url":"https:\/\/portaltela.pt\/noticias\/2026\/04\/10\/ps-acusa-governo-acoriano-de-opcao-enviesada-na-visita-da-vice-da-ce\/","og_site_name":"Portal Tela Portugal","article_published_time":"2026-04-10T13:32:23+00:00","author":"Telinha","twitter_card":"summary_large_image","twitter_misc":{"Escrito por":"Telinha","Tempo estimado de leitura":"1 minuto"},"schema":{"@context":"https:\/\/schema.org","@graph":[{"@type":"Article","@id":"https:\/\/portaltela.pt\/noticias\/2026\/04\/10\/ps-acusa-governo-acoriano-de-opcao-enviesada-na-visita-da-vice-da-ce\/#article","isPartOf":{"@id":"https:\/\/portaltela.pt\/noticias\/2026\/04\/10\/ps-acusa-governo-acoriano-de-opcao-enviesada-na-visita-da-vice-da-ce\/"},"author":{"name":"Telinha","@id":"https:\/\/portaltela.pt\/#\/schema\/person\/c4278d4a6028830caff9ee44b42d32ed"},"headline":"PS acusa governo a\u00e7oriano de op\u00e7\u00e3o enviesada na visita da vice da CE","datePublished":"2026-04-10T13:32:23+00:00","mainEntityOfPage":{"@id":"https:\/\/portaltela.pt\/noticias\/2026\/04\/10\/ps-acusa-governo-acoriano-de-opcao-enviesada-na-visita-da-vice-da-ce\/"},"wordCount":297,"image":{"@id":"https:\/\/portaltela.pt\/noticias\/2026\/04\/10\/ps-acusa-governo-acoriano-de-opcao-enviesada-na-visita-da-vice-da-ce\/#primaryimage"},"thumbnailUrl":"https:\/\/portaltela.pt\/s.01k8rhncp4jt1\/2026\/04\/img_1280x721uu2026-04-08-12-20-10-2277233.jpg","keywords":["A\u00e7ores","Europa","governo","Parlamento Europeu","pol\u00edtica","rela\u00e7\u00f5es internacionais"],"articleSection":["Not\u00edcias","Pol\u00edtica"],"inLanguage":"pt-PT"},{"@type":"WebPage","@id":"https:\/\/portaltela.pt\/noticias\/2026\/04\/10\/ps-acusa-governo-acoriano-de-opcao-enviesada-na-visita-da-vice-da-ce\/","url":"https:\/\/portaltela.pt\/noticias\/2026\/04\/10\/ps-acusa-governo-acoriano-de-opcao-enviesada-na-visita-da-vice-da-ce\/","name":"PS acusa governo a\u00e7oriano de op\u00e7\u00e3o enviesada na visita da vice da CE - Portal Tela Portugal","isPartOf":{"@id":"https:\/\/portaltela.pt\/#website"},"primaryImageOfPage":{"@id":"https:\/\/portaltela.pt\/noticias\/2026\/04\/10\/ps-acusa-governo-acoriano-de-opcao-enviesada-na-visita-da-vice-da-ce\/#primaryimage"},"image":{"@id":"https:\/\/portaltela.pt\/noticias\/2026\/04\/10\/ps-acusa-governo-acoriano-de-opcao-enviesada-na-visita-da-vice-da-ce\/#primaryimage"},"thumbnailUrl":"https:\/\/portaltela.pt\/s.01k8rhncp4jt1\/2026\/04\/img_1280x721uu2026-04-08-12-20-10-2277233.jpg","datePublished":"2026-04-10T13:32:23+00:00","author":{"@id":"https:\/\/portaltela.pt\/#\/schema\/person\/c4278d4a6028830caff9ee44b42d32ed"},"breadcrumb":{"@id":"https:\/\/portaltela.pt\/noticias\/2026\/04\/10\/ps-acusa-governo-acoriano-de-opcao-enviesada-na-visita-da-vice-da-ce\/#breadcrumb"},"inLanguage":"pt-PT","potentialAction":[{"@type":"ReadAction","target":["https:\/\/portaltela.pt\/noticias\/2026\/04\/10\/ps-acusa-governo-acoriano-de-opcao-enviesada-na-visita-da-vice-da-ce\/"]}]},{"@type":"ImageObject","inLanguage":"pt-PT","@id":"https:\/\/portaltela.pt\/noticias\/2026\/04\/10\/ps-acusa-governo-acoriano-de-opcao-enviesada-na-visita-da-vice-da-ce\/#primaryimage","url":"https:\/\/portaltela.pt\/s.01k8rhncp4jt1\/2026\/04\/img_1280x721uu2026-04-08-12-20-10-2277233.jpg","contentUrl":"https:\/\/portaltela.pt\/s.01k8rhncp4jt1\/2026\/04\/img_1280x721uu2026-04-08-12-20-10-2277233.jpg","width":796,"height":448,"caption":"Raffaele Fitto, vice-presidente da Comiss\u00e3o Europeia"},{"@type":"BreadcrumbList","@id":"https:\/\/portaltela.pt\/noticias\/2026\/04\/10\/ps-acusa-governo-acoriano-de-opcao-enviesada-na-visita-da-vice-da-ce\/#breadcrumb","itemListElement":[{"@type":"ListItem","position":1,"name":"In\u00edcio","item":"https:\/\/portaltela.pt\/"},{"@type":"ListItem","position":2,"name":"PS acusa governo a\u00e7oriano de op\u00e7\u00e3o enviesada na visita da vice da CE"}]},{"@type":"WebSite","@id":"https:\/\/portaltela.pt\/#website","url":"https:\/\/portaltela.pt\/","name":"Portal Tela Portugal","description":"","potentialAction":[{"@type":"SearchAction","target":{"@type":"EntryPoint","urlTemplate":"https:\/\/portaltela.pt\/?s={search_term_string}"},"query-input":{"@type":"PropertyValueSpecification","valueRequired":true,"valueName":"search_term_string"}}],"inLanguage":"pt-PT"},{"@type":"Person","@id":"https:\/\/portaltela.pt\/#\/schema\/person\/c4278d4a6028830caff9ee44b42d32ed","name":"Telinha","image":{"@type":"ImageObject","inLanguage":"pt-PT","@id":"https:\/\/portaltela.pt\/s.01k8rhncp4jt1\/2025\/11\/talking-bot-125x125.png","url":"https:\/\/portaltela.pt\/s.01k8rhncp4jt1\/2025\/11\/talking-bot-125x125.png","contentUrl":"https:\/\/portaltela.pt\/s.01k8rhncp4jt1\/2025\/11\/talking-bot-125x125.png","caption":"Telinha"},"sameAs":["https:\/\/portaltela.pt\/"],"url":"https:\/\/portaltela.pt\/por\/367410592786\/"}]}},"_links":{"self":[{"href":"https:\/\/portaltela.pt\/api\/wp\/v2\/posts\/439381","targetHints":{"allow":["GET"]}}],"collection":[{"href":"https:\/\/portaltela.pt\/api\/wp\/v2\/posts"}],"about":[{"href":"https:\/\/portaltela.pt\/api\/wp\/v2\/types\/post"}],"author":[{"embeddable":true,"href":"https:\/\/portaltela.pt\/api\/wp\/v2\/users\/2"}],"replies":[{"embeddable":true,"href":"https:\/\/portaltela.pt\/api\/wp\/v2\/comments?post=439381"}],"version-history":[{"count":0,"href":"https:\/\/portaltela.pt\/api\/wp\/v2\/posts\/439381\/revisions"}],"wp:featuredmedia":[{"embeddable":true,"href":"https:\/\/portaltela.pt\/api\/wp\/v2\/media\/439385"}],"wp:attachment":[{"href":"https:\/\/portaltela.pt\/api\/wp\/v2\/media?parent=439381"}],"wp:term":[{"taxonomy":"category","embeddable":true,"href":"https:\/\/portaltela.pt\/api\/wp\/v2\/categories?post=439381"},{"taxonomy":"post_tag","embeddable":true,"href":"https:\/\/portaltela.pt\/api\/wp\/v2\/tags?post=439381"}],"curies":[{"name":"wp","href":"https:\/\/api.w.org\/{rel}","templated":true}]}}