{"id":439377,"date":"2026-04-10T10:32:18","date_gmt":"2026-04-10T13:32:18","guid":{"rendered":"https:\/\/portaltela.pt\/noticias\/2026\/04\/10\/presidente-do-tribunal-de-contas-aponta-riscos-ao-dinheiro-dos-contribuintes\/"},"modified":"2026-04-10T10:32:18","modified_gmt":"2026-04-10T13:32:18","slug":"presidente-do-tribunal-de-contas-aponta-riscos-ao-dinheiro-dos-contribuintes","status":"publish","type":"post","link":"https:\/\/portaltela.pt\/noticias\/2026\/04\/10\/presidente-do-tribunal-de-contas-aponta-riscos-ao-dinheiro-dos-contribuintes\/","title":{"rendered":"Presidente do Tribunal de Contas aponta riscos ao dinheiro dos contribuintes"},"content":{"rendered":"<p>A presidente do Tribunal de Contas, Filipa Urbano Calv\u00e3o, expressou na sexta-feira preocupa\u00e7\u00e3o com a sustentabilidade das finan\u00e7as p\u00fablicas a m\u00e9dio e longo prazo. O sinal foi dado \u00e0 margem da apresenta\u00e7\u00e3o de medidas para rever a fiscaliza\u00e7\u00e3o da institui\u00e7\u00e3o.<\/p>\n<p>Calv\u00e3o afirmou que n\u00e3o conhece o conte\u00fado detalhado da proposta, mas que vai analisar com seriedade para assegurar boa gest\u00e3o dos recursos p\u00fablicos. O objetivo \u00e9 evitar riscos para os contribuintes.<\/p>\n<p>A dirigente reiterou que as regras do Estado n\u00e3o podem ser equiparadas \u00e0s de uma empresa privada. Defendeu que o controlo de legalidade sobre decis\u00f5es com impacto financeiro \u00e9 essencial e que o TdC n\u00e3o substitui o poder pol\u00edtico.<\/p>\n<h3>Desenho da proposta e consequ\u00eancias<\/h3>\n<p>As mudan\u00e7as anunciadas incluem a altera\u00e7\u00e3o do regime de fiscaliza\u00e7\u00e3o pr\u00e9via, com posible redu\u00e7\u00e3o de contratos fiscalizados. Mant\u00e9m-se a aposta numa fiscaliza\u00e7\u00e3o preventiva para evitar ilegalidades financeiras.<\/p>\n<p>Segundo o Governo, a regra passa a isentar controlo pr\u00e9vio para despesas at\u00e9 10 milh\u00f5es de euros. Contratos acima desse limiar podem ficar a depender de decis\u00e3o das entidades adjudicantes ou de um controlo interno certificado.<\/p>\n<p>Calv\u00e3o afirmou que o modelo n\u00e3o deve fragilizar a credibilidade externa nem a fiscaliza\u00e7\u00e3o. Adiantou que o TdC n\u00e3o participou na prepara\u00e7\u00e3o da proposta legislativa, mas poder\u00e1 intervir no debate parlamentar.<\/p>\n<h3>Outros aspetos e contexto<\/h3>\n<p>A presidente sublinhou dificuldades de recursos humanos na administra\u00e7\u00e3o p\u00fablica e a necessidade de regras claras na contrata\u00e7\u00e3o p\u00fablica. Alertou para o risco de que o controlo interno se torne apenas formal.<\/p>\n<p>Sobre o regime sancionat\u00f3rio, a respons\u00e1vel rejeitou equiparar gest\u00e3o p\u00fablica e privada. Argumentou que, para os contribuintes, o dinheiro est\u00e1 na aposta de que h\u00e1 responsabilidade dos gestores p\u00fablicos.<\/p>\n<p>Ao falar da efici\u00eancia da administra\u00e7\u00e3o, frisou que n\u00e3o pode contornar a lei. Disse ainda que a proposta atual n\u00e3o parece a melhor solu\u00e7\u00e3o para o dinheiro dos contribuintes.<\/p>\n<p>Filipa Urbano Calv\u00e3o participou em Luanda nas Jornadas Cient\u00edficas do Tribunal de Contas de Angola, com foco em moderniza\u00e7\u00e3o e coopera\u00e7\u00e3o. O evento decorreu entre quarta e hoje.<\/p>\n","protected":false},"excerpt":{"rendered":"<ul>\n<li>Filipa Urbano Calv\u00e3o, presidente do Tribunal de Contas, expressou preocupa\u00e7\u00e3o com a sustentabilidade das finan\u00e7as p\u00fablicas a m\u00e9dio e longo prazo face \u00e0 revis\u00e3o da fiscaliza\u00e7\u00e3o da institui\u00e7\u00e3o.<\/li>\n<li>As mudan\u00e7as propostas incluem a altera\u00e7\u00e3o do regime de fiscaliza\u00e7\u00e3o pr\u00e9via, com possibilidade de ficar reduzido a menos de uma centena de contratos, e o al\u00edvio do regime de responsabilidade financeira.<\/li>\n<li>A respons\u00e1vel rejeita que as decis\u00f5es do Tribunal de Contas sejam pol\u00edticas e explica que o \u00f3rg\u00e3o n\u00e3o se substitui ao poder pol\u00edtico, embora haja confus\u00e3o de pap\u00e9is por parte de titulares de cargos administrativos.<\/li>\n<li>O ministro respons\u00e1vel descreveu a medida como uma lei nova, pensada desde a raiz, aplicada de forma gradual, eliminando a fiscaliza\u00e7\u00e3o pr\u00e9via a mais de noventa por cento dos contratos; os restantes passam a depender de entidades adjudicantes ou de mecanismos de controlo interno certificados.<\/li>\n<li>Calv\u00e3o participou nas Jornadas Cient\u00edficas do Tribunal de Contas de Angola em Luanda e afirmou que n\u00e3o foi envolvida na prepara\u00e7\u00e3o da proposta, tendo a oportunidade de intervir no debate parlamentar.<\/li>\n<\/ul>\n","protected":false},"author":2,"featured_media":439378,"comment_status":"closed","ping_status":"closed","sticky":false,"template":"","format":"standard","meta":{"footnotes":""},"categories":[6850,1],"tags":[6115,168,4837,5306,1125,2832],"class_list":["post-439377","post","type-post","status-publish","format-standard","has-post-thumbnail","hentry","category-financas","category-noticias","tag-_economia","tag-administracao-publica","tag-angola","tag-contratacao-publica","tag-contratos","tag-politica"],"yoast_head":"<!-- This site is optimized with the Yoast SEO plugin v27.2 - https:\/\/yoast.com\/product\/yoast-seo-wordpress\/ -->\n<title>Presidente do Tribunal de Contas aponta riscos ao dinheiro dos contribuintes - Portal Tela Portugal<\/title>\n<meta name=\"robots\" content=\"index, follow, max-snippet:-1, max-image-preview:large, max-video-preview:-1\" \/>\n<meta property=\"og:locale\" content=\"pt_PT\" \/>\n<meta property=\"og:type\" content=\"article\" \/>\n<meta property=\"og:title\" content=\"Presidente do Tribunal de Contas aponta riscos ao dinheiro dos contribuintes - Portal Tela Portugal\" \/>\n<meta property=\"og:description\" content=\"Filipa Urbano Calv\u00e3o, presidente do Tribunal de Contas, expressou preocupa\u00e7\u00e3o com a sustentabilidade das finan\u00e7as p\u00fablicas a m\u00e9dio e longo prazo face \u00e0 revis\u00e3o da fiscaliza\u00e7\u00e3o da institui\u00e7\u00e3o. As mudan\u00e7as propostas incluem a altera\u00e7\u00e3o do regime de fiscaliza\u00e7\u00e3o pr\u00e9via, com possibilidade de ficar reduzido a menos de uma centena de contratos, e o al\u00edvio do regime de responsabilidade financeira. A respons\u00e1vel rejeita que as decis\u00f5es do Tribunal de Contas sejam pol\u00edticas e explica que o \u00f3rg\u00e3o n\u00e3o se substitui ao poder pol\u00edtico, embora haja confus\u00e3o de pap\u00e9is por parte de titulares de cargos administrativos. O ministro respons\u00e1vel descreveu a medida como uma lei nova, pensada desde a raiz, aplicada de forma gradual, eliminando a fiscaliza\u00e7\u00e3o pr\u00e9via a mais de noventa por cento dos contratos; os restantes passam a depender de entidades adjudicantes ou de mecanismos de controlo interno certificados. Calv\u00e3o participou nas Jornadas Cient\u00edficas do Tribunal de Contas de Angola em Luanda e afirmou que n\u00e3o foi envolvida na prepara\u00e7\u00e3o da proposta, tendo a oportunidade de intervir no debate parlamentar.\" \/>\n<meta property=\"og:url\" content=\"https:\/\/portaltela.pt\/noticias\/2026\/04\/10\/presidente-do-tribunal-de-contas-aponta-riscos-ao-dinheiro-dos-contribuintes\/\" \/>\n<meta property=\"og:site_name\" content=\"Portal Tela Portugal\" \/>\n<meta property=\"article:published_time\" content=\"2026-04-10T13:32:18+00:00\" \/>\n<meta name=\"author\" content=\"Telinha\" \/>\n<meta name=\"twitter:card\" content=\"summary_large_image\" \/>\n<meta name=\"twitter:label1\" content=\"Escrito por\" \/>\n\t<meta name=\"twitter:data1\" content=\"Telinha\" \/>\n\t<meta name=\"twitter:label2\" content=\"Tempo estimado de leitura\" \/>\n\t<meta name=\"twitter:data2\" content=\"2 minutos\" \/>\n<script type=\"application\/ld+json\" class=\"yoast-schema-graph\">{\"@context\":\"https:\/\/schema.org\",\"@graph\":[{\"@type\":\"Article\",\"@id\":\"https:\/\/portaltela.pt\/noticias\/2026\/04\/10\/presidente-do-tribunal-de-contas-aponta-riscos-ao-dinheiro-dos-contribuintes\/#article\",\"isPartOf\":{\"@id\":\"https:\/\/portaltela.pt\/noticias\/2026\/04\/10\/presidente-do-tribunal-de-contas-aponta-riscos-ao-dinheiro-dos-contribuintes\/\"},\"author\":{\"name\":\"Telinha\",\"@id\":\"https:\/\/portaltela.pt\/#\/schema\/person\/c4278d4a6028830caff9ee44b42d32ed\"},\"headline\":\"Presidente do Tribunal de Contas aponta riscos ao dinheiro dos contribuintes\",\"datePublished\":\"2026-04-10T13:32:18+00:00\",\"mainEntityOfPage\":{\"@id\":\"https:\/\/portaltela.pt\/noticias\/2026\/04\/10\/presidente-do-tribunal-de-contas-aponta-riscos-ao-dinheiro-dos-contribuintes\/\"},\"wordCount\":389,\"image\":{\"@id\":\"https:\/\/portaltela.pt\/noticias\/2026\/04\/10\/presidente-do-tribunal-de-contas-aponta-riscos-ao-dinheiro-dos-contribuintes\/#primaryimage\"},\"thumbnailUrl\":\"https:\/\/portaltela.pt\/s.01k8rhncp4jt1\/2026\/04\/2080487.jpg\",\"keywords\":[\"_economia\",\"administra\u00e7\u00e3o p\u00fablica\",\"Angola\",\"contrata\u00e7\u00e3o p\u00fablica\",\"contratos\",\"pol\u00edtica\"],\"articleSection\":[\"Finan\u00e7as\",\"Not\u00edcias\"],\"inLanguage\":\"pt-PT\"},{\"@type\":\"WebPage\",\"@id\":\"https:\/\/portaltela.pt\/noticias\/2026\/04\/10\/presidente-do-tribunal-de-contas-aponta-riscos-ao-dinheiro-dos-contribuintes\/\",\"url\":\"https:\/\/portaltela.pt\/noticias\/2026\/04\/10\/presidente-do-tribunal-de-contas-aponta-riscos-ao-dinheiro-dos-contribuintes\/\",\"name\":\"Presidente do Tribunal de Contas aponta riscos ao dinheiro dos contribuintes - Portal Tela Portugal\",\"isPartOf\":{\"@id\":\"https:\/\/portaltela.pt\/#website\"},\"primaryImageOfPage\":{\"@id\":\"https:\/\/portaltela.pt\/noticias\/2026\/04\/10\/presidente-do-tribunal-de-contas-aponta-riscos-ao-dinheiro-dos-contribuintes\/#primaryimage\"},\"image\":{\"@id\":\"https:\/\/portaltela.pt\/noticias\/2026\/04\/10\/presidente-do-tribunal-de-contas-aponta-riscos-ao-dinheiro-dos-contribuintes\/#primaryimage\"},\"thumbnailUrl\":\"https:\/\/portaltela.pt\/s.01k8rhncp4jt1\/2026\/04\/2080487.jpg\",\"datePublished\":\"2026-04-10T13:32:18+00:00\",\"author\":{\"@id\":\"https:\/\/portaltela.pt\/#\/schema\/person\/c4278d4a6028830caff9ee44b42d32ed\"},\"breadcrumb\":{\"@id\":\"https:\/\/portaltela.pt\/noticias\/2026\/04\/10\/presidente-do-tribunal-de-contas-aponta-riscos-ao-dinheiro-dos-contribuintes\/#breadcrumb\"},\"inLanguage\":\"pt-PT\",\"potentialAction\":[{\"@type\":\"ReadAction\",\"target\":[\"https:\/\/portaltela.pt\/noticias\/2026\/04\/10\/presidente-do-tribunal-de-contas-aponta-riscos-ao-dinheiro-dos-contribuintes\/\"]}]},{\"@type\":\"ImageObject\",\"inLanguage\":\"pt-PT\",\"@id\":\"https:\/\/portaltela.pt\/noticias\/2026\/04\/10\/presidente-do-tribunal-de-contas-aponta-riscos-ao-dinheiro-dos-contribuintes\/#primaryimage\",\"url\":\"https:\/\/portaltela.pt\/s.01k8rhncp4jt1\/2026\/04\/2080487.jpg\",\"contentUrl\":\"https:\/\/portaltela.pt\/s.01k8rhncp4jt1\/2026\/04\/2080487.jpg\",\"width\":796,\"height\":448,\"caption\":\"Filipa Urbano Calv\u00e3o, presidente do TdC\"},{\"@type\":\"BreadcrumbList\",\"@id\":\"https:\/\/portaltela.pt\/noticias\/2026\/04\/10\/presidente-do-tribunal-de-contas-aponta-riscos-ao-dinheiro-dos-contribuintes\/#breadcrumb\",\"itemListElement\":[{\"@type\":\"ListItem\",\"position\":1,\"name\":\"In\u00edcio\",\"item\":\"https:\/\/portaltela.pt\/\"},{\"@type\":\"ListItem\",\"position\":2,\"name\":\"Presidente do Tribunal de Contas aponta riscos ao dinheiro dos contribuintes\"}]},{\"@type\":\"WebSite\",\"@id\":\"https:\/\/portaltela.pt\/#website\",\"url\":\"https:\/\/portaltela.pt\/\",\"name\":\"Portal Tela Portugal\",\"description\":\"\",\"potentialAction\":[{\"@type\":\"SearchAction\",\"target\":{\"@type\":\"EntryPoint\",\"urlTemplate\":\"https:\/\/portaltela.pt\/?s={search_term_string}\"},\"query-input\":{\"@type\":\"PropertyValueSpecification\",\"valueRequired\":true,\"valueName\":\"search_term_string\"}}],\"inLanguage\":\"pt-PT\"},{\"@type\":\"Person\",\"@id\":\"https:\/\/portaltela.pt\/#\/schema\/person\/c4278d4a6028830caff9ee44b42d32ed\",\"name\":\"Telinha\",\"image\":{\"@type\":\"ImageObject\",\"inLanguage\":\"pt-PT\",\"@id\":\"https:\/\/portaltela.pt\/s.01k8rhncp4jt1\/2025\/11\/talking-bot-125x125.png\",\"url\":\"https:\/\/portaltela.pt\/s.01k8rhncp4jt1\/2025\/11\/talking-bot-125x125.png\",\"contentUrl\":\"https:\/\/portaltela.pt\/s.01k8rhncp4jt1\/2025\/11\/talking-bot-125x125.png\",\"caption\":\"Telinha\"},\"sameAs\":[\"https:\/\/portaltela.pt\/\"],\"url\":\"https:\/\/portaltela.pt\/por\/367410592786\/\"}]}<\/script>\n<!-- \/ Yoast SEO plugin. -->","yoast_head_json":{"title":"Presidente do Tribunal de Contas aponta riscos ao dinheiro dos contribuintes - Portal Tela Portugal","robots":{"index":"index","follow":"follow","max-snippet":"max-snippet:-1","max-image-preview":"max-image-preview:large","max-video-preview":"max-video-preview:-1"},"og_locale":"pt_PT","og_type":"article","og_title":"Presidente do Tribunal de Contas aponta riscos ao dinheiro dos contribuintes - Portal Tela Portugal","og_description":"Filipa Urbano Calv\u00e3o, presidente do Tribunal de Contas, expressou preocupa\u00e7\u00e3o com a sustentabilidade das finan\u00e7as p\u00fablicas a m\u00e9dio e longo prazo face \u00e0 revis\u00e3o da fiscaliza\u00e7\u00e3o da institui\u00e7\u00e3o. As mudan\u00e7as propostas incluem a altera\u00e7\u00e3o do regime de fiscaliza\u00e7\u00e3o pr\u00e9via, com possibilidade de ficar reduzido a menos de uma centena de contratos, e o al\u00edvio do regime de responsabilidade financeira. A respons\u00e1vel rejeita que as decis\u00f5es do Tribunal de Contas sejam pol\u00edticas e explica que o \u00f3rg\u00e3o n\u00e3o se substitui ao poder pol\u00edtico, embora haja confus\u00e3o de pap\u00e9is por parte de titulares de cargos administrativos. O ministro respons\u00e1vel descreveu a medida como uma lei nova, pensada desde a raiz, aplicada de forma gradual, eliminando a fiscaliza\u00e7\u00e3o pr\u00e9via a mais de noventa por cento dos contratos; os restantes passam a depender de entidades adjudicantes ou de mecanismos de controlo interno certificados. Calv\u00e3o participou nas Jornadas Cient\u00edficas do Tribunal de Contas de Angola em Luanda e afirmou que n\u00e3o foi envolvida na prepara\u00e7\u00e3o da proposta, tendo a oportunidade de intervir no debate parlamentar.","og_url":"https:\/\/portaltela.pt\/noticias\/2026\/04\/10\/presidente-do-tribunal-de-contas-aponta-riscos-ao-dinheiro-dos-contribuintes\/","og_site_name":"Portal Tela Portugal","article_published_time":"2026-04-10T13:32:18+00:00","author":"Telinha","twitter_card":"summary_large_image","twitter_misc":{"Escrito por":"Telinha","Tempo estimado de leitura":"2 minutos"},"schema":{"@context":"https:\/\/schema.org","@graph":[{"@type":"Article","@id":"https:\/\/portaltela.pt\/noticias\/2026\/04\/10\/presidente-do-tribunal-de-contas-aponta-riscos-ao-dinheiro-dos-contribuintes\/#article","isPartOf":{"@id":"https:\/\/portaltela.pt\/noticias\/2026\/04\/10\/presidente-do-tribunal-de-contas-aponta-riscos-ao-dinheiro-dos-contribuintes\/"},"author":{"name":"Telinha","@id":"https:\/\/portaltela.pt\/#\/schema\/person\/c4278d4a6028830caff9ee44b42d32ed"},"headline":"Presidente do Tribunal de Contas aponta riscos ao dinheiro dos contribuintes","datePublished":"2026-04-10T13:32:18+00:00","mainEntityOfPage":{"@id":"https:\/\/portaltela.pt\/noticias\/2026\/04\/10\/presidente-do-tribunal-de-contas-aponta-riscos-ao-dinheiro-dos-contribuintes\/"},"wordCount":389,"image":{"@id":"https:\/\/portaltela.pt\/noticias\/2026\/04\/10\/presidente-do-tribunal-de-contas-aponta-riscos-ao-dinheiro-dos-contribuintes\/#primaryimage"},"thumbnailUrl":"https:\/\/portaltela.pt\/s.01k8rhncp4jt1\/2026\/04\/2080487.jpg","keywords":["_economia","administra\u00e7\u00e3o p\u00fablica","Angola","contrata\u00e7\u00e3o p\u00fablica","contratos","pol\u00edtica"],"articleSection":["Finan\u00e7as","Not\u00edcias"],"inLanguage":"pt-PT"},{"@type":"WebPage","@id":"https:\/\/portaltela.pt\/noticias\/2026\/04\/10\/presidente-do-tribunal-de-contas-aponta-riscos-ao-dinheiro-dos-contribuintes\/","url":"https:\/\/portaltela.pt\/noticias\/2026\/04\/10\/presidente-do-tribunal-de-contas-aponta-riscos-ao-dinheiro-dos-contribuintes\/","name":"Presidente do Tribunal de Contas aponta riscos ao dinheiro dos contribuintes - Portal Tela Portugal","isPartOf":{"@id":"https:\/\/portaltela.pt\/#website"},"primaryImageOfPage":{"@id":"https:\/\/portaltela.pt\/noticias\/2026\/04\/10\/presidente-do-tribunal-de-contas-aponta-riscos-ao-dinheiro-dos-contribuintes\/#primaryimage"},"image":{"@id":"https:\/\/portaltela.pt\/noticias\/2026\/04\/10\/presidente-do-tribunal-de-contas-aponta-riscos-ao-dinheiro-dos-contribuintes\/#primaryimage"},"thumbnailUrl":"https:\/\/portaltela.pt\/s.01k8rhncp4jt1\/2026\/04\/2080487.jpg","datePublished":"2026-04-10T13:32:18+00:00","author":{"@id":"https:\/\/portaltela.pt\/#\/schema\/person\/c4278d4a6028830caff9ee44b42d32ed"},"breadcrumb":{"@id":"https:\/\/portaltela.pt\/noticias\/2026\/04\/10\/presidente-do-tribunal-de-contas-aponta-riscos-ao-dinheiro-dos-contribuintes\/#breadcrumb"},"inLanguage":"pt-PT","potentialAction":[{"@type":"ReadAction","target":["https:\/\/portaltela.pt\/noticias\/2026\/04\/10\/presidente-do-tribunal-de-contas-aponta-riscos-ao-dinheiro-dos-contribuintes\/"]}]},{"@type":"ImageObject","inLanguage":"pt-PT","@id":"https:\/\/portaltela.pt\/noticias\/2026\/04\/10\/presidente-do-tribunal-de-contas-aponta-riscos-ao-dinheiro-dos-contribuintes\/#primaryimage","url":"https:\/\/portaltela.pt\/s.01k8rhncp4jt1\/2026\/04\/2080487.jpg","contentUrl":"https:\/\/portaltela.pt\/s.01k8rhncp4jt1\/2026\/04\/2080487.jpg","width":796,"height":448,"caption":"Filipa Urbano Calv\u00e3o, presidente do TdC"},{"@type":"BreadcrumbList","@id":"https:\/\/portaltela.pt\/noticias\/2026\/04\/10\/presidente-do-tribunal-de-contas-aponta-riscos-ao-dinheiro-dos-contribuintes\/#breadcrumb","itemListElement":[{"@type":"ListItem","position":1,"name":"In\u00edcio","item":"https:\/\/portaltela.pt\/"},{"@type":"ListItem","position":2,"name":"Presidente do Tribunal de Contas aponta riscos ao dinheiro dos contribuintes"}]},{"@type":"WebSite","@id":"https:\/\/portaltela.pt\/#website","url":"https:\/\/portaltela.pt\/","name":"Portal Tela Portugal","description":"","potentialAction":[{"@type":"SearchAction","target":{"@type":"EntryPoint","urlTemplate":"https:\/\/portaltela.pt\/?s={search_term_string}"},"query-input":{"@type":"PropertyValueSpecification","valueRequired":true,"valueName":"search_term_string"}}],"inLanguage":"pt-PT"},{"@type":"Person","@id":"https:\/\/portaltela.pt\/#\/schema\/person\/c4278d4a6028830caff9ee44b42d32ed","name":"Telinha","image":{"@type":"ImageObject","inLanguage":"pt-PT","@id":"https:\/\/portaltela.pt\/s.01k8rhncp4jt1\/2025\/11\/talking-bot-125x125.png","url":"https:\/\/portaltela.pt\/s.01k8rhncp4jt1\/2025\/11\/talking-bot-125x125.png","contentUrl":"https:\/\/portaltela.pt\/s.01k8rhncp4jt1\/2025\/11\/talking-bot-125x125.png","caption":"Telinha"},"sameAs":["https:\/\/portaltela.pt\/"],"url":"https:\/\/portaltela.pt\/por\/367410592786\/"}]}},"_links":{"self":[{"href":"https:\/\/portaltela.pt\/api\/wp\/v2\/posts\/439377","targetHints":{"allow":["GET"]}}],"collection":[{"href":"https:\/\/portaltela.pt\/api\/wp\/v2\/posts"}],"about":[{"href":"https:\/\/portaltela.pt\/api\/wp\/v2\/types\/post"}],"author":[{"embeddable":true,"href":"https:\/\/portaltela.pt\/api\/wp\/v2\/users\/2"}],"replies":[{"embeddable":true,"href":"https:\/\/portaltela.pt\/api\/wp\/v2\/comments?post=439377"}],"version-history":[{"count":0,"href":"https:\/\/portaltela.pt\/api\/wp\/v2\/posts\/439377\/revisions"}],"wp:featuredmedia":[{"embeddable":true,"href":"https:\/\/portaltela.pt\/api\/wp\/v2\/media\/439378"}],"wp:attachment":[{"href":"https:\/\/portaltela.pt\/api\/wp\/v2\/media?parent=439377"}],"wp:term":[{"taxonomy":"category","embeddable":true,"href":"https:\/\/portaltela.pt\/api\/wp\/v2\/categories?post=439377"},{"taxonomy":"post_tag","embeddable":true,"href":"https:\/\/portaltela.pt\/api\/wp\/v2\/tags?post=439377"}],"curies":[{"name":"wp","href":"https:\/\/api.w.org\/{rel}","templated":true}]}}