{"id":439371,"date":"2026-04-10T10:32:12","date_gmt":"2026-04-10T13:32:12","guid":{"rendered":"https:\/\/portaltela.pt\/noticias\/2026\/04\/10\/pequenos-retalhistas-franceses-divididos-quanto-a-trabalhar-no-1-de-maio\/"},"modified":"2026-04-10T10:32:12","modified_gmt":"2026-04-10T13:32:12","slug":"pequenos-retalhistas-franceses-divididos-quanto-a-trabalhar-no-1-de-maio","status":"publish","type":"post","link":"https:\/\/portaltela.pt\/noticias\/politica\/2026\/04\/10\/pequenos-retalhistas-franceses-divididos-quanto-a-trabalhar-no-1-de-maio\/","title":{"rendered":"Pequenos retalhistas franceses divididos quanto a trabalhar no 1 de maio"},"content":{"rendered":"<p>O que est\u00e1 em debate em Fran\u00e7a \u00e9 a possibilidade de permitir a abertura de certos estabelecimentos no dia 1 de maio, feriado, para que os seus trabalhadores possam laborar. O projeto de lei, j\u00e1 aprovado pelo Senado no Ver\u00e3o passado, est\u00e1 a ser discutido na Assembleia Nacional e dever\u00e1 ser analisado na sexta-feira, 10 de abril.<\/p>\n<p>O texto apresentado por dois senadores centristas, com backing do governo, prev\u00ea a liberdade de abrir no 1 de maio para padeiros e floristas, sem impor trabalho obrigat\u00f3rio. O objetivo \u00e9 clarificar regras que, at\u00e9 agora, geravam interpreta\u00e7\u00f5es distintas entre os comerciantes.<\/p>\n<p>Ainda que a proposta tenha encontrado apoio entre o governo, defensores da medida destacam que o dia de maio pode ser uma oportunidade para ampliar atendimento ao p\u00fablico e dinamizar neg\u00f3cios locais. Avalia-se tamb\u00e9m o impacto financeiro para empresas artesanais.<\/p>\n<p>Alguns protagonistas locais j\u00e1 discutiram a mat\u00e9ria com trabalhadores. A gerente de uma florista em Lyon afirma que a abertura no feriado poderia responder a uma demanda da popula\u00e7\u00e3o, mas reconhece d\u00favidas sobre rentabilidade e viabilidade operacional.<\/p>\n<p>A opini\u00e3o de sindicalistas diverge: cr\u00edticos alertam para a press\u00e3o sobre os trabalhadores e apontam que a decis\u00e3o pode beneficiar grandes grupos empresariais. A CGT sustenta que o voluntarismo n\u00e3o substitui obriga\u00e7\u00f5es laborais constantes no C\u00f3digo do Trabalho, com receio de precariza\u00e7\u00e3o.<\/p>\n<p>Defensores da medida sustentam que o texto prev\u00ea regras claras para quem recusa trabalhar, sem repercuss\u00f5es negativas, e que o vocacionado para o dia pode trabalhar voluntariamente. Ainda assim, persiste o debate sobre como gerir a circula\u00e7\u00e3o de trabalho e a compensa\u00e7\u00e3o em feriados.<\/p>\n<p>Entre os setores citados pelo projeto de lei, est\u00e3o atividades que vendem produtos alimentares para consumo imediato, retalho de alimentos, venda de flores naturais e atividades culturais. A discuss\u00e3o envolve ainda o impacto em grandes cadeias de retalho e a poss\u00edvel extens\u00e3o a outras categorias.<\/p>\n","protected":false},"excerpt":{"rendered":"<ul>\n<li>Um projeto de lei, apoiado pelo governo, pretende permitir que certas empresas obriguem trabalhadores a abrir no dia 1 de maio; a mat\u00e9ria ser\u00e1 debatida na Assembleia Nacional a 10 de abril.<\/li>\n<li>O foco inicial s\u00e3o padarias e floristas, mas o texto pode abranger outras atividades de retalho alimentar, venda de flores naturais e atividades culturais.<\/li>\n<li>Defensores dizem que a lei traria clareza e permitia remunerar o dia de trabalho; cr\u00edticos sustentam que obrigar trabalhadores a trabalhar pode aumentar encargos e custos para as empresas.<\/li>\n<li>Sindicatos e a oposi\u00e7\u00e3o salientam que o voluntariado n\u00e3o \u00e9 suficiente e que a mudan\u00e7a beneficiaria sobretudo grandes grupos, n\u00e3o as pequenas empresas artesanais.<\/li>\n<li>A CGT avisa que a altera\u00e7\u00e3o pode afectar pelo menos 1,4 milh\u00f5es de trabalhadores e questiona quem sai ganhando, se a lei for aprovada.<\/li>\n<\/ul>\n","protected":false},"author":2,"featured_media":439375,"comment_status":"closed","ping_status":"closed","sticky":false,"template":"","format":"standard","meta":{"footnotes":""},"categories":[1,5],"tags":[6115,86,244,2043,1044,2201],"class_list":["post-439371","post","type-post","status-publish","format-standard","has-post-thumbnail","hentry","category-noticias","category-politica","tag-_economia","tag-alimentacao","tag-comercio","tag-flores","tag-retalho","tag-trabalho"],"yoast_head":"<!-- This site is optimized with the Yoast SEO plugin v27.2 - https:\/\/yoast.com\/product\/yoast-seo-wordpress\/ -->\n<title>Pequenos retalhistas franceses divididos quanto a trabalhar no 1 de maio - Portal Tela Portugal<\/title>\n<meta name=\"robots\" content=\"index, follow, max-snippet:-1, max-image-preview:large, max-video-preview:-1\" \/>\n<meta property=\"og:locale\" content=\"pt_PT\" \/>\n<meta property=\"og:type\" content=\"article\" \/>\n<meta property=\"og:title\" content=\"Pequenos retalhistas franceses divididos quanto a trabalhar no 1 de maio - Portal Tela Portugal\" \/>\n<meta property=\"og:description\" content=\"Um projeto de lei, apoiado pelo governo, pretende permitir que certas empresas obriguem trabalhadores a abrir no dia 1 de maio; a mat\u00e9ria ser\u00e1 debatida na Assembleia Nacional a 10 de abril. O foco inicial s\u00e3o padarias e floristas, mas o texto pode abranger outras atividades de retalho alimentar, venda de flores naturais e atividades culturais. Defensores dizem que a lei traria clareza e permitia remunerar o dia de trabalho; cr\u00edticos sustentam que obrigar trabalhadores a trabalhar pode aumentar encargos e custos para as empresas. Sindicatos e a oposi\u00e7\u00e3o salientam que o voluntariado n\u00e3o \u00e9 suficiente e que a mudan\u00e7a beneficiaria sobretudo grandes grupos, n\u00e3o as pequenas empresas artesanais. A CGT avisa que a altera\u00e7\u00e3o pode afectar pelo menos 1,4 milh\u00f5es de trabalhadores e questiona quem sai ganhando, se a lei for aprovada.\" \/>\n<meta property=\"og:url\" content=\"https:\/\/portaltela.pt\/noticias\/2026\/04\/10\/pequenos-retalhistas-franceses-divididos-quanto-a-trabalhar-no-1-de-maio\/\" \/>\n<meta property=\"og:site_name\" content=\"Portal Tela Portugal\" \/>\n<meta property=\"article:published_time\" content=\"2026-04-10T13:32:12+00:00\" \/>\n<meta name=\"author\" content=\"Telinha\" \/>\n<meta name=\"twitter:card\" content=\"summary_large_image\" \/>\n<meta name=\"twitter:label1\" content=\"Escrito por\" \/>\n\t<meta name=\"twitter:data1\" content=\"Telinha\" \/>\n\t<meta name=\"twitter:label2\" content=\"Tempo estimado de leitura\" \/>\n\t<meta name=\"twitter:data2\" content=\"2 minutos\" \/>\n<script type=\"application\/ld+json\" class=\"yoast-schema-graph\">{\"@context\":\"https:\/\/schema.org\",\"@graph\":[{\"@type\":\"Article\",\"@id\":\"https:\/\/portaltela.pt\/noticias\/2026\/04\/10\/pequenos-retalhistas-franceses-divididos-quanto-a-trabalhar-no-1-de-maio\/#article\",\"isPartOf\":{\"@id\":\"https:\/\/portaltela.pt\/noticias\/2026\/04\/10\/pequenos-retalhistas-franceses-divididos-quanto-a-trabalhar-no-1-de-maio\/\"},\"author\":{\"name\":\"Telinha\",\"@id\":\"https:\/\/portaltela.pt\/#\/schema\/person\/c4278d4a6028830caff9ee44b42d32ed\"},\"headline\":\"Pequenos retalhistas franceses divididos quanto a trabalhar no 1 de maio\",\"datePublished\":\"2026-04-10T13:32:12+00:00\",\"mainEntityOfPage\":{\"@id\":\"https:\/\/portaltela.pt\/noticias\/2026\/04\/10\/pequenos-retalhistas-franceses-divididos-quanto-a-trabalhar-no-1-de-maio\/\"},\"wordCount\":337,\"image\":{\"@id\":\"https:\/\/portaltela.pt\/noticias\/2026\/04\/10\/pequenos-retalhistas-franceses-divididos-quanto-a-trabalhar-no-1-de-maio\/#primaryimage\"},\"thumbnailUrl\":\"https:\/\/portaltela.pt\/s.01k8rhncp4jt1\/2026\/04\/1536x864_cmsv2_a6341d29-a24f-5d4b-91d0-e751868d5215-9716891.jpg\",\"keywords\":[\"_economia\",\"alimenta\u00e7\u00e3o\",\"com\u00e9rcio\",\"Flores\",\"retalho\",\"trabalho\"],\"articleSection\":[\"Not\u00edcias\",\"Pol\u00edtica\"],\"inLanguage\":\"pt-PT\"},{\"@type\":\"WebPage\",\"@id\":\"https:\/\/portaltela.pt\/noticias\/2026\/04\/10\/pequenos-retalhistas-franceses-divididos-quanto-a-trabalhar-no-1-de-maio\/\",\"url\":\"https:\/\/portaltela.pt\/noticias\/2026\/04\/10\/pequenos-retalhistas-franceses-divididos-quanto-a-trabalhar-no-1-de-maio\/\",\"name\":\"Pequenos retalhistas franceses divididos quanto a trabalhar no 1 de maio - Portal Tela Portugal\",\"isPartOf\":{\"@id\":\"https:\/\/portaltela.pt\/#website\"},\"primaryImageOfPage\":{\"@id\":\"https:\/\/portaltela.pt\/noticias\/2026\/04\/10\/pequenos-retalhistas-franceses-divididos-quanto-a-trabalhar-no-1-de-maio\/#primaryimage\"},\"image\":{\"@id\":\"https:\/\/portaltela.pt\/noticias\/2026\/04\/10\/pequenos-retalhistas-franceses-divididos-quanto-a-trabalhar-no-1-de-maio\/#primaryimage\"},\"thumbnailUrl\":\"https:\/\/portaltela.pt\/s.01k8rhncp4jt1\/2026\/04\/1536x864_cmsv2_a6341d29-a24f-5d4b-91d0-e751868d5215-9716891.jpg\",\"datePublished\":\"2026-04-10T13:32:12+00:00\",\"author\":{\"@id\":\"https:\/\/portaltela.pt\/#\/schema\/person\/c4278d4a6028830caff9ee44b42d32ed\"},\"breadcrumb\":{\"@id\":\"https:\/\/portaltela.pt\/noticias\/2026\/04\/10\/pequenos-retalhistas-franceses-divididos-quanto-a-trabalhar-no-1-de-maio\/#breadcrumb\"},\"inLanguage\":\"pt-PT\",\"potentialAction\":[{\"@type\":\"ReadAction\",\"target\":[\"https:\/\/portaltela.pt\/noticias\/2026\/04\/10\/pequenos-retalhistas-franceses-divididos-quanto-a-trabalhar-no-1-de-maio\/\"]}]},{\"@type\":\"ImageObject\",\"inLanguage\":\"pt-PT\",\"@id\":\"https:\/\/portaltela.pt\/noticias\/2026\/04\/10\/pequenos-retalhistas-franceses-divididos-quanto-a-trabalhar-no-1-de-maio\/#primaryimage\",\"url\":\"https:\/\/portaltela.pt\/s.01k8rhncp4jt1\/2026\/04\/1536x864_cmsv2_a6341d29-a24f-5d4b-91d0-e751868d5215-9716891.jpg\",\"contentUrl\":\"https:\/\/portaltela.pt\/s.01k8rhncp4jt1\/2026\/04\/1536x864_cmsv2_a6341d29-a24f-5d4b-91d0-e751868d5215-9716891.jpg\",\"width\":796,\"height\":448,\"caption\":\"Um projeto de lei para permitir que as padarias e floristas abram no dia 1 de maio est\u00e1 a ser debatido na Assembleia Nacional francesa esta sexta-feira.\"},{\"@type\":\"BreadcrumbList\",\"@id\":\"https:\/\/portaltela.pt\/noticias\/2026\/04\/10\/pequenos-retalhistas-franceses-divididos-quanto-a-trabalhar-no-1-de-maio\/#breadcrumb\",\"itemListElement\":[{\"@type\":\"ListItem\",\"position\":1,\"name\":\"In\u00edcio\",\"item\":\"https:\/\/portaltela.pt\/\"},{\"@type\":\"ListItem\",\"position\":2,\"name\":\"Pequenos retalhistas franceses divididos quanto a trabalhar no 1 de maio\"}]},{\"@type\":\"WebSite\",\"@id\":\"https:\/\/portaltela.pt\/#website\",\"url\":\"https:\/\/portaltela.pt\/\",\"name\":\"Portal Tela Portugal\",\"description\":\"\",\"potentialAction\":[{\"@type\":\"SearchAction\",\"target\":{\"@type\":\"EntryPoint\",\"urlTemplate\":\"https:\/\/portaltela.pt\/?s={search_term_string}\"},\"query-input\":{\"@type\":\"PropertyValueSpecification\",\"valueRequired\":true,\"valueName\":\"search_term_string\"}}],\"inLanguage\":\"pt-PT\"},{\"@type\":\"Person\",\"@id\":\"https:\/\/portaltela.pt\/#\/schema\/person\/c4278d4a6028830caff9ee44b42d32ed\",\"name\":\"Telinha\",\"image\":{\"@type\":\"ImageObject\",\"inLanguage\":\"pt-PT\",\"@id\":\"https:\/\/portaltela.pt\/s.01k8rhncp4jt1\/2025\/11\/talking-bot-125x125.png\",\"url\":\"https:\/\/portaltela.pt\/s.01k8rhncp4jt1\/2025\/11\/talking-bot-125x125.png\",\"contentUrl\":\"https:\/\/portaltela.pt\/s.01k8rhncp4jt1\/2025\/11\/talking-bot-125x125.png\",\"caption\":\"Telinha\"},\"sameAs\":[\"https:\/\/portaltela.pt\/\"],\"url\":\"https:\/\/portaltela.pt\/por\/367410592786\/\"}]}<\/script>\n<!-- \/ Yoast SEO plugin. -->","yoast_head_json":{"title":"Pequenos retalhistas franceses divididos quanto a trabalhar no 1 de maio - Portal Tela Portugal","robots":{"index":"index","follow":"follow","max-snippet":"max-snippet:-1","max-image-preview":"max-image-preview:large","max-video-preview":"max-video-preview:-1"},"og_locale":"pt_PT","og_type":"article","og_title":"Pequenos retalhistas franceses divididos quanto a trabalhar no 1 de maio - Portal Tela Portugal","og_description":"Um projeto de lei, apoiado pelo governo, pretende permitir que certas empresas obriguem trabalhadores a abrir no dia 1 de maio; a mat\u00e9ria ser\u00e1 debatida na Assembleia Nacional a 10 de abril. O foco inicial s\u00e3o padarias e floristas, mas o texto pode abranger outras atividades de retalho alimentar, venda de flores naturais e atividades culturais. Defensores dizem que a lei traria clareza e permitia remunerar o dia de trabalho; cr\u00edticos sustentam que obrigar trabalhadores a trabalhar pode aumentar encargos e custos para as empresas. Sindicatos e a oposi\u00e7\u00e3o salientam que o voluntariado n\u00e3o \u00e9 suficiente e que a mudan\u00e7a beneficiaria sobretudo grandes grupos, n\u00e3o as pequenas empresas artesanais. A CGT avisa que a altera\u00e7\u00e3o pode afectar pelo menos 1,4 milh\u00f5es de trabalhadores e questiona quem sai ganhando, se a lei for aprovada.","og_url":"https:\/\/portaltela.pt\/noticias\/2026\/04\/10\/pequenos-retalhistas-franceses-divididos-quanto-a-trabalhar-no-1-de-maio\/","og_site_name":"Portal Tela Portugal","article_published_time":"2026-04-10T13:32:12+00:00","author":"Telinha","twitter_card":"summary_large_image","twitter_misc":{"Escrito por":"Telinha","Tempo estimado de leitura":"2 minutos"},"schema":{"@context":"https:\/\/schema.org","@graph":[{"@type":"Article","@id":"https:\/\/portaltela.pt\/noticias\/2026\/04\/10\/pequenos-retalhistas-franceses-divididos-quanto-a-trabalhar-no-1-de-maio\/#article","isPartOf":{"@id":"https:\/\/portaltela.pt\/noticias\/2026\/04\/10\/pequenos-retalhistas-franceses-divididos-quanto-a-trabalhar-no-1-de-maio\/"},"author":{"name":"Telinha","@id":"https:\/\/portaltela.pt\/#\/schema\/person\/c4278d4a6028830caff9ee44b42d32ed"},"headline":"Pequenos retalhistas franceses divididos quanto a trabalhar no 1 de maio","datePublished":"2026-04-10T13:32:12+00:00","mainEntityOfPage":{"@id":"https:\/\/portaltela.pt\/noticias\/2026\/04\/10\/pequenos-retalhistas-franceses-divididos-quanto-a-trabalhar-no-1-de-maio\/"},"wordCount":337,"image":{"@id":"https:\/\/portaltela.pt\/noticias\/2026\/04\/10\/pequenos-retalhistas-franceses-divididos-quanto-a-trabalhar-no-1-de-maio\/#primaryimage"},"thumbnailUrl":"https:\/\/portaltela.pt\/s.01k8rhncp4jt1\/2026\/04\/1536x864_cmsv2_a6341d29-a24f-5d4b-91d0-e751868d5215-9716891.jpg","keywords":["_economia","alimenta\u00e7\u00e3o","com\u00e9rcio","Flores","retalho","trabalho"],"articleSection":["Not\u00edcias","Pol\u00edtica"],"inLanguage":"pt-PT"},{"@type":"WebPage","@id":"https:\/\/portaltela.pt\/noticias\/2026\/04\/10\/pequenos-retalhistas-franceses-divididos-quanto-a-trabalhar-no-1-de-maio\/","url":"https:\/\/portaltela.pt\/noticias\/2026\/04\/10\/pequenos-retalhistas-franceses-divididos-quanto-a-trabalhar-no-1-de-maio\/","name":"Pequenos retalhistas franceses divididos quanto a trabalhar no 1 de maio - Portal Tela Portugal","isPartOf":{"@id":"https:\/\/portaltela.pt\/#website"},"primaryImageOfPage":{"@id":"https:\/\/portaltela.pt\/noticias\/2026\/04\/10\/pequenos-retalhistas-franceses-divididos-quanto-a-trabalhar-no-1-de-maio\/#primaryimage"},"image":{"@id":"https:\/\/portaltela.pt\/noticias\/2026\/04\/10\/pequenos-retalhistas-franceses-divididos-quanto-a-trabalhar-no-1-de-maio\/#primaryimage"},"thumbnailUrl":"https:\/\/portaltela.pt\/s.01k8rhncp4jt1\/2026\/04\/1536x864_cmsv2_a6341d29-a24f-5d4b-91d0-e751868d5215-9716891.jpg","datePublished":"2026-04-10T13:32:12+00:00","author":{"@id":"https:\/\/portaltela.pt\/#\/schema\/person\/c4278d4a6028830caff9ee44b42d32ed"},"breadcrumb":{"@id":"https:\/\/portaltela.pt\/noticias\/2026\/04\/10\/pequenos-retalhistas-franceses-divididos-quanto-a-trabalhar-no-1-de-maio\/#breadcrumb"},"inLanguage":"pt-PT","potentialAction":[{"@type":"ReadAction","target":["https:\/\/portaltela.pt\/noticias\/2026\/04\/10\/pequenos-retalhistas-franceses-divididos-quanto-a-trabalhar-no-1-de-maio\/"]}]},{"@type":"ImageObject","inLanguage":"pt-PT","@id":"https:\/\/portaltela.pt\/noticias\/2026\/04\/10\/pequenos-retalhistas-franceses-divididos-quanto-a-trabalhar-no-1-de-maio\/#primaryimage","url":"https:\/\/portaltela.pt\/s.01k8rhncp4jt1\/2026\/04\/1536x864_cmsv2_a6341d29-a24f-5d4b-91d0-e751868d5215-9716891.jpg","contentUrl":"https:\/\/portaltela.pt\/s.01k8rhncp4jt1\/2026\/04\/1536x864_cmsv2_a6341d29-a24f-5d4b-91d0-e751868d5215-9716891.jpg","width":796,"height":448,"caption":"Um projeto de lei para permitir que as padarias e floristas abram no dia 1 de maio est\u00e1 a ser debatido na Assembleia Nacional francesa esta sexta-feira."},{"@type":"BreadcrumbList","@id":"https:\/\/portaltela.pt\/noticias\/2026\/04\/10\/pequenos-retalhistas-franceses-divididos-quanto-a-trabalhar-no-1-de-maio\/#breadcrumb","itemListElement":[{"@type":"ListItem","position":1,"name":"In\u00edcio","item":"https:\/\/portaltela.pt\/"},{"@type":"ListItem","position":2,"name":"Pequenos retalhistas franceses divididos quanto a trabalhar no 1 de maio"}]},{"@type":"WebSite","@id":"https:\/\/portaltela.pt\/#website","url":"https:\/\/portaltela.pt\/","name":"Portal Tela Portugal","description":"","potentialAction":[{"@type":"SearchAction","target":{"@type":"EntryPoint","urlTemplate":"https:\/\/portaltela.pt\/?s={search_term_string}"},"query-input":{"@type":"PropertyValueSpecification","valueRequired":true,"valueName":"search_term_string"}}],"inLanguage":"pt-PT"},{"@type":"Person","@id":"https:\/\/portaltela.pt\/#\/schema\/person\/c4278d4a6028830caff9ee44b42d32ed","name":"Telinha","image":{"@type":"ImageObject","inLanguage":"pt-PT","@id":"https:\/\/portaltela.pt\/s.01k8rhncp4jt1\/2025\/11\/talking-bot-125x125.png","url":"https:\/\/portaltela.pt\/s.01k8rhncp4jt1\/2025\/11\/talking-bot-125x125.png","contentUrl":"https:\/\/portaltela.pt\/s.01k8rhncp4jt1\/2025\/11\/talking-bot-125x125.png","caption":"Telinha"},"sameAs":["https:\/\/portaltela.pt\/"],"url":"https:\/\/portaltela.pt\/por\/367410592786\/"}]}},"_links":{"self":[{"href":"https:\/\/portaltela.pt\/api\/wp\/v2\/posts\/439371","targetHints":{"allow":["GET"]}}],"collection":[{"href":"https:\/\/portaltela.pt\/api\/wp\/v2\/posts"}],"about":[{"href":"https:\/\/portaltela.pt\/api\/wp\/v2\/types\/post"}],"author":[{"embeddable":true,"href":"https:\/\/portaltela.pt\/api\/wp\/v2\/users\/2"}],"replies":[{"embeddable":true,"href":"https:\/\/portaltela.pt\/api\/wp\/v2\/comments?post=439371"}],"version-history":[{"count":0,"href":"https:\/\/portaltela.pt\/api\/wp\/v2\/posts\/439371\/revisions"}],"wp:featuredmedia":[{"embeddable":true,"href":"https:\/\/portaltela.pt\/api\/wp\/v2\/media\/439375"}],"wp:attachment":[{"href":"https:\/\/portaltela.pt\/api\/wp\/v2\/media?parent=439371"}],"wp:term":[{"taxonomy":"category","embeddable":true,"href":"https:\/\/portaltela.pt\/api\/wp\/v2\/categories?post=439371"},{"taxonomy":"post_tag","embeddable":true,"href":"https:\/\/portaltela.pt\/api\/wp\/v2\/tags?post=439371"}],"curies":[{"name":"wp","href":"https:\/\/api.w.org\/{rel}","templated":true}]}}