{"id":439368,"date":"2026-04-09T16:18:00","date_gmt":"2026-04-09T19:18:00","guid":{"rendered":"https:\/\/portaltela.pt\/noticias\/2026\/04\/09\/melania-trump-nega-ligacoes-com-abusos-de-epstein\/"},"modified":"2026-04-09T16:18:00","modified_gmt":"2026-04-09T19:18:00","slug":"melania-trump-nega-ligacoes-com-abusos-de-epstein","status":"publish","type":"post","link":"https:\/\/portaltela.pt\/noticias\/internacional\/2026\/04\/09\/melania-trump-nega-ligacoes-com-abusos-de-epstein\/","title":{"rendered":"Melania Trump nega liga\u00e7\u00f5es com abusos de Epstein"},"content":{"rendered":"<p>Melania Trump negou nesta quinta-feira qualquer liga\u00e7\u00e3o \u00e0 rede de abusos associada a Jeffrey Epstein, destacando que as acusa\u00e7\u00f5es n\u00e3o s\u00e3o verdadeiras. A primeira-dama dos EUA respondeu numa declara\u00e7\u00e3o na Casa Branca, sem detalhar as raz\u00f5es da men\u00e7\u00e3o a Epstein.<\/p>\n<p>A antiga modelo, de 55 anos, afirmou que as informa\u00e7\u00f5es vinculando-a ao caso s\u00e3o falsas, inconsistentes e criadas h\u00e1 anos. Garantiu que n\u00e3o esteve envolvida em atividades de Epstein, nem viajou no avi\u00e3o ou visitou a ilha privada associada ao empres\u00e1rio.<\/p>\n<p>O esc\u00e2ndalo ganhou nova aten\u00e7\u00e3o p\u00fablica numa altura em que o foco medi\u00e1tico j\u00e1 se centrava em outras mat\u00e9rias internacionais envolvendo o governo de Donald Trump. Epstein morreu em 2019, enquanto aguardava julgamento por explora\u00e7\u00e3o de menores.<\/p>\n<p>O Departamento de Justi\u00e7a dos EUA tem, ao longo de 2023 e 2024, tornado p\u00fablicos v\u00e1rios ficheiros relacionados com Epstein. O presidente expressou reiteradamente que n\u00e3o tem liga\u00e7\u00e3o com os crimes do empres\u00e1rio.<\/p>\n<p>Melania Trump insistiu que nunca teve conhecimento dos abusos de Epstein contra as v\u00edtimas e pediu ao Congresso que realize uma audi\u00e7\u00e3o p\u00fablica. A finalidade seria permitir que sobreviventes deporem sob juramento.<\/p>\n<p>Al\u00e9m disso, a primeira-dama pediu que n\u00e3o se espalhem imagens ou declara\u00e7\u00f5es falsas sobre Epstein e sobre si, assegurando que tais conte\u00fados circulam online h\u00e1 muitos anos.<\/p>\n","protected":false},"excerpt":{"rendered":"<ul>\n<li>Melania Trump negou qualquer participa\u00e7\u00e3o no esc\u00e2ndalo envolvendo Jeffrey Epstein, em declara\u00e7\u00e3o na Casa Branca.<\/li>\n<li>A primeira-dama afirmou que as mentiras que a ligam a Epstein devem acabar, e criticou quem as propagou.<\/li>\n<li>Reiterou que imagens e declara\u00e7\u00f5es falsas sobre Epstein circulam nas redes sociais h\u00e1 anos.<\/li>\n<li>Epstein morreu em 2019, em cust\u00f3dia federal, enquanto aguardava julgamento por crimes de tr\u00e1fico sexual envolvendo menores; o Departamento de Justi\u00e7a divulgou ficheiros relacionados.<\/li>\n<li>Pediu ao Congresso uma audi\u00e7\u00e3o p\u00fablica para que sobreviventes dos abusos possam depor sob juramento.<\/li>\n<\/ul>\n","protected":false},"author":2,"featured_media":439374,"comment_status":"closed","ping_status":"closed","sticky":false,"template":"","format":"standard","meta":{"footnotes":""},"categories":[4,1],"tags":[637,147,3990,4953,5661,2832],"class_list":["post-439368","post","type-post","status-publish","format-standard","has-post-thumbnail","hentry","category-internacional","category-noticias","tag-assuntos-internacionais","tag-crime","tag-crimes-sexuais","tag-donald-trump","tag-pessoas-publicas","tag-politica"],"yoast_head":"<!-- This site is optimized with the Yoast SEO plugin v27.2 - https:\/\/yoast.com\/product\/yoast-seo-wordpress\/ -->\n<title>Melania Trump nega liga\u00e7\u00f5es com abusos de Epstein - Portal Tela Portugal<\/title>\n<meta name=\"robots\" content=\"index, follow, max-snippet:-1, max-image-preview:large, max-video-preview:-1\" \/>\n<meta property=\"og:locale\" content=\"pt_PT\" \/>\n<meta property=\"og:type\" content=\"article\" \/>\n<meta property=\"og:title\" content=\"Melania Trump nega liga\u00e7\u00f5es com abusos de Epstein - Portal Tela Portugal\" \/>\n<meta property=\"og:description\" content=\"Melania Trump negou qualquer participa\u00e7\u00e3o no esc\u00e2ndalo envolvendo Jeffrey Epstein, em declara\u00e7\u00e3o na Casa Branca. A primeira-dama afirmou que as mentiras que a ligam a Epstein devem acabar, e criticou quem as propagou. Reiterou que imagens e declara\u00e7\u00f5es falsas sobre Epstein circulam nas redes sociais h\u00e1 anos. Epstein morreu em 2019, em cust\u00f3dia federal, enquanto aguardava julgamento por crimes de tr\u00e1fico sexual envolvendo menores; o Departamento de Justi\u00e7a divulgou ficheiros relacionados. Pediu ao Congresso uma audi\u00e7\u00e3o p\u00fablica para que sobreviventes dos abusos possam depor sob juramento.\" \/>\n<meta property=\"og:url\" content=\"https:\/\/portaltela.pt\/noticias\/2026\/04\/09\/melania-trump-nega-ligacoes-com-abusos-de-epstein\/\" \/>\n<meta property=\"og:site_name\" content=\"Portal Tela Portugal\" \/>\n<meta property=\"article:published_time\" content=\"2026-04-09T19:18:00+00:00\" \/>\n<meta name=\"author\" content=\"Telinha\" \/>\n<meta name=\"twitter:card\" content=\"summary_large_image\" \/>\n<meta name=\"twitter:label1\" content=\"Escrito por\" \/>\n\t<meta name=\"twitter:data1\" content=\"Telinha\" \/>\n\t<meta name=\"twitter:label2\" content=\"Tempo estimado de leitura\" \/>\n\t<meta name=\"twitter:data2\" content=\"1 minuto\" \/>\n<script type=\"application\/ld+json\" class=\"yoast-schema-graph\">{\"@context\":\"https:\/\/schema.org\",\"@graph\":[{\"@type\":\"Article\",\"@id\":\"https:\/\/portaltela.pt\/noticias\/2026\/04\/09\/melania-trump-nega-ligacoes-com-abusos-de-epstein\/#article\",\"isPartOf\":{\"@id\":\"https:\/\/portaltela.pt\/noticias\/2026\/04\/09\/melania-trump-nega-ligacoes-com-abusos-de-epstein\/\"},\"author\":{\"name\":\"Telinha\",\"@id\":\"https:\/\/portaltela.pt\/#\/schema\/person\/c4278d4a6028830caff9ee44b42d32ed\"},\"headline\":\"Melania Trump nega liga\u00e7\u00f5es com abusos de Epstein\",\"datePublished\":\"2026-04-09T19:18:00+00:00\",\"mainEntityOfPage\":{\"@id\":\"https:\/\/portaltela.pt\/noticias\/2026\/04\/09\/melania-trump-nega-ligacoes-com-abusos-de-epstein\/\"},\"wordCount\":245,\"image\":{\"@id\":\"https:\/\/portaltela.pt\/noticias\/2026\/04\/09\/melania-trump-nega-ligacoes-com-abusos-de-epstein\/#primaryimage\"},\"thumbnailUrl\":\"https:\/\/portaltela.pt\/s.01k8rhncp4jt1\/2026\/04\/image-595.jpg\",\"keywords\":[\"assuntos internacionais\",\"crime\",\"crimes sexuais\",\"Donald Trump\",\"pessoas p\u00fablicas\",\"pol\u00edtica\"],\"articleSection\":[\"Internacional\",\"Not\u00edcias\"],\"inLanguage\":\"pt-PT\"},{\"@type\":\"WebPage\",\"@id\":\"https:\/\/portaltela.pt\/noticias\/2026\/04\/09\/melania-trump-nega-ligacoes-com-abusos-de-epstein\/\",\"url\":\"https:\/\/portaltela.pt\/noticias\/2026\/04\/09\/melania-trump-nega-ligacoes-com-abusos-de-epstein\/\",\"name\":\"Melania Trump nega liga\u00e7\u00f5es com abusos de Epstein - Portal Tela Portugal\",\"isPartOf\":{\"@id\":\"https:\/\/portaltela.pt\/#website\"},\"primaryImageOfPage\":{\"@id\":\"https:\/\/portaltela.pt\/noticias\/2026\/04\/09\/melania-trump-nega-ligacoes-com-abusos-de-epstein\/#primaryimage\"},\"image\":{\"@id\":\"https:\/\/portaltela.pt\/noticias\/2026\/04\/09\/melania-trump-nega-ligacoes-com-abusos-de-epstein\/#primaryimage\"},\"thumbnailUrl\":\"https:\/\/portaltela.pt\/s.01k8rhncp4jt1\/2026\/04\/image-595.jpg\",\"datePublished\":\"2026-04-09T19:18:00+00:00\",\"author\":{\"@id\":\"https:\/\/portaltela.pt\/#\/schema\/person\/c4278d4a6028830caff9ee44b42d32ed\"},\"breadcrumb\":{\"@id\":\"https:\/\/portaltela.pt\/noticias\/2026\/04\/09\/melania-trump-nega-ligacoes-com-abusos-de-epstein\/#breadcrumb\"},\"inLanguage\":\"pt-PT\",\"potentialAction\":[{\"@type\":\"ReadAction\",\"target\":[\"https:\/\/portaltela.pt\/noticias\/2026\/04\/09\/melania-trump-nega-ligacoes-com-abusos-de-epstein\/\"]}]},{\"@type\":\"ImageObject\",\"inLanguage\":\"pt-PT\",\"@id\":\"https:\/\/portaltela.pt\/noticias\/2026\/04\/09\/melania-trump-nega-ligacoes-com-abusos-de-epstein\/#primaryimage\",\"url\":\"https:\/\/portaltela.pt\/s.01k8rhncp4jt1\/2026\/04\/image-595.jpg\",\"contentUrl\":\"https:\/\/portaltela.pt\/s.01k8rhncp4jt1\/2026\/04\/image-595.jpg\",\"width\":796,\"height\":448,\"caption\":\"Primeira-dama dos EUA, Melania Trump, nega qualquer participa\u00e7\u00e3o no esc\u00e2ndalo do criminoso sexual Jeffrey Epstein\"},{\"@type\":\"BreadcrumbList\",\"@id\":\"https:\/\/portaltela.pt\/noticias\/2026\/04\/09\/melania-trump-nega-ligacoes-com-abusos-de-epstein\/#breadcrumb\",\"itemListElement\":[{\"@type\":\"ListItem\",\"position\":1,\"name\":\"In\u00edcio\",\"item\":\"https:\/\/portaltela.pt\/\"},{\"@type\":\"ListItem\",\"position\":2,\"name\":\"Melania Trump nega liga\u00e7\u00f5es com abusos de Epstein\"}]},{\"@type\":\"WebSite\",\"@id\":\"https:\/\/portaltela.pt\/#website\",\"url\":\"https:\/\/portaltela.pt\/\",\"name\":\"Portal Tela Portugal\",\"description\":\"\",\"potentialAction\":[{\"@type\":\"SearchAction\",\"target\":{\"@type\":\"EntryPoint\",\"urlTemplate\":\"https:\/\/portaltela.pt\/?s={search_term_string}\"},\"query-input\":{\"@type\":\"PropertyValueSpecification\",\"valueRequired\":true,\"valueName\":\"search_term_string\"}}],\"inLanguage\":\"pt-PT\"},{\"@type\":\"Person\",\"@id\":\"https:\/\/portaltela.pt\/#\/schema\/person\/c4278d4a6028830caff9ee44b42d32ed\",\"name\":\"Telinha\",\"image\":{\"@type\":\"ImageObject\",\"inLanguage\":\"pt-PT\",\"@id\":\"https:\/\/portaltela.pt\/s.01k8rhncp4jt1\/2025\/11\/talking-bot-125x125.png\",\"url\":\"https:\/\/portaltela.pt\/s.01k8rhncp4jt1\/2025\/11\/talking-bot-125x125.png\",\"contentUrl\":\"https:\/\/portaltela.pt\/s.01k8rhncp4jt1\/2025\/11\/talking-bot-125x125.png\",\"caption\":\"Telinha\"},\"sameAs\":[\"https:\/\/portaltela.pt\/\"],\"url\":\"https:\/\/portaltela.pt\/por\/367410592786\/\"}]}<\/script>\n<!-- \/ Yoast SEO plugin. -->","yoast_head_json":{"title":"Melania Trump nega liga\u00e7\u00f5es com abusos de Epstein - Portal Tela Portugal","robots":{"index":"index","follow":"follow","max-snippet":"max-snippet:-1","max-image-preview":"max-image-preview:large","max-video-preview":"max-video-preview:-1"},"og_locale":"pt_PT","og_type":"article","og_title":"Melania Trump nega liga\u00e7\u00f5es com abusos de Epstein - Portal Tela Portugal","og_description":"Melania Trump negou qualquer participa\u00e7\u00e3o no esc\u00e2ndalo envolvendo Jeffrey Epstein, em declara\u00e7\u00e3o na Casa Branca. A primeira-dama afirmou que as mentiras que a ligam a Epstein devem acabar, e criticou quem as propagou. Reiterou que imagens e declara\u00e7\u00f5es falsas sobre Epstein circulam nas redes sociais h\u00e1 anos. Epstein morreu em 2019, em cust\u00f3dia federal, enquanto aguardava julgamento por crimes de tr\u00e1fico sexual envolvendo menores; o Departamento de Justi\u00e7a divulgou ficheiros relacionados. Pediu ao Congresso uma audi\u00e7\u00e3o p\u00fablica para que sobreviventes dos abusos possam depor sob juramento.","og_url":"https:\/\/portaltela.pt\/noticias\/2026\/04\/09\/melania-trump-nega-ligacoes-com-abusos-de-epstein\/","og_site_name":"Portal Tela Portugal","article_published_time":"2026-04-09T19:18:00+00:00","author":"Telinha","twitter_card":"summary_large_image","twitter_misc":{"Escrito por":"Telinha","Tempo estimado de leitura":"1 minuto"},"schema":{"@context":"https:\/\/schema.org","@graph":[{"@type":"Article","@id":"https:\/\/portaltela.pt\/noticias\/2026\/04\/09\/melania-trump-nega-ligacoes-com-abusos-de-epstein\/#article","isPartOf":{"@id":"https:\/\/portaltela.pt\/noticias\/2026\/04\/09\/melania-trump-nega-ligacoes-com-abusos-de-epstein\/"},"author":{"name":"Telinha","@id":"https:\/\/portaltela.pt\/#\/schema\/person\/c4278d4a6028830caff9ee44b42d32ed"},"headline":"Melania Trump nega liga\u00e7\u00f5es com abusos de Epstein","datePublished":"2026-04-09T19:18:00+00:00","mainEntityOfPage":{"@id":"https:\/\/portaltela.pt\/noticias\/2026\/04\/09\/melania-trump-nega-ligacoes-com-abusos-de-epstein\/"},"wordCount":245,"image":{"@id":"https:\/\/portaltela.pt\/noticias\/2026\/04\/09\/melania-trump-nega-ligacoes-com-abusos-de-epstein\/#primaryimage"},"thumbnailUrl":"https:\/\/portaltela.pt\/s.01k8rhncp4jt1\/2026\/04\/image-595.jpg","keywords":["assuntos internacionais","crime","crimes sexuais","Donald Trump","pessoas p\u00fablicas","pol\u00edtica"],"articleSection":["Internacional","Not\u00edcias"],"inLanguage":"pt-PT"},{"@type":"WebPage","@id":"https:\/\/portaltela.pt\/noticias\/2026\/04\/09\/melania-trump-nega-ligacoes-com-abusos-de-epstein\/","url":"https:\/\/portaltela.pt\/noticias\/2026\/04\/09\/melania-trump-nega-ligacoes-com-abusos-de-epstein\/","name":"Melania Trump nega liga\u00e7\u00f5es com abusos de Epstein - Portal Tela Portugal","isPartOf":{"@id":"https:\/\/portaltela.pt\/#website"},"primaryImageOfPage":{"@id":"https:\/\/portaltela.pt\/noticias\/2026\/04\/09\/melania-trump-nega-ligacoes-com-abusos-de-epstein\/#primaryimage"},"image":{"@id":"https:\/\/portaltela.pt\/noticias\/2026\/04\/09\/melania-trump-nega-ligacoes-com-abusos-de-epstein\/#primaryimage"},"thumbnailUrl":"https:\/\/portaltela.pt\/s.01k8rhncp4jt1\/2026\/04\/image-595.jpg","datePublished":"2026-04-09T19:18:00+00:00","author":{"@id":"https:\/\/portaltela.pt\/#\/schema\/person\/c4278d4a6028830caff9ee44b42d32ed"},"breadcrumb":{"@id":"https:\/\/portaltela.pt\/noticias\/2026\/04\/09\/melania-trump-nega-ligacoes-com-abusos-de-epstein\/#breadcrumb"},"inLanguage":"pt-PT","potentialAction":[{"@type":"ReadAction","target":["https:\/\/portaltela.pt\/noticias\/2026\/04\/09\/melania-trump-nega-ligacoes-com-abusos-de-epstein\/"]}]},{"@type":"ImageObject","inLanguage":"pt-PT","@id":"https:\/\/portaltela.pt\/noticias\/2026\/04\/09\/melania-trump-nega-ligacoes-com-abusos-de-epstein\/#primaryimage","url":"https:\/\/portaltela.pt\/s.01k8rhncp4jt1\/2026\/04\/image-595.jpg","contentUrl":"https:\/\/portaltela.pt\/s.01k8rhncp4jt1\/2026\/04\/image-595.jpg","width":796,"height":448,"caption":"Primeira-dama dos EUA, Melania Trump, nega qualquer participa\u00e7\u00e3o no esc\u00e2ndalo do criminoso sexual Jeffrey Epstein"},{"@type":"BreadcrumbList","@id":"https:\/\/portaltela.pt\/noticias\/2026\/04\/09\/melania-trump-nega-ligacoes-com-abusos-de-epstein\/#breadcrumb","itemListElement":[{"@type":"ListItem","position":1,"name":"In\u00edcio","item":"https:\/\/portaltela.pt\/"},{"@type":"ListItem","position":2,"name":"Melania Trump nega liga\u00e7\u00f5es com abusos de Epstein"}]},{"@type":"WebSite","@id":"https:\/\/portaltela.pt\/#website","url":"https:\/\/portaltela.pt\/","name":"Portal Tela Portugal","description":"","potentialAction":[{"@type":"SearchAction","target":{"@type":"EntryPoint","urlTemplate":"https:\/\/portaltela.pt\/?s={search_term_string}"},"query-input":{"@type":"PropertyValueSpecification","valueRequired":true,"valueName":"search_term_string"}}],"inLanguage":"pt-PT"},{"@type":"Person","@id":"https:\/\/portaltela.pt\/#\/schema\/person\/c4278d4a6028830caff9ee44b42d32ed","name":"Telinha","image":{"@type":"ImageObject","inLanguage":"pt-PT","@id":"https:\/\/portaltela.pt\/s.01k8rhncp4jt1\/2025\/11\/talking-bot-125x125.png","url":"https:\/\/portaltela.pt\/s.01k8rhncp4jt1\/2025\/11\/talking-bot-125x125.png","contentUrl":"https:\/\/portaltela.pt\/s.01k8rhncp4jt1\/2025\/11\/talking-bot-125x125.png","caption":"Telinha"},"sameAs":["https:\/\/portaltela.pt\/"],"url":"https:\/\/portaltela.pt\/por\/367410592786\/"}]}},"_links":{"self":[{"href":"https:\/\/portaltela.pt\/api\/wp\/v2\/posts\/439368","targetHints":{"allow":["GET"]}}],"collection":[{"href":"https:\/\/portaltela.pt\/api\/wp\/v2\/posts"}],"about":[{"href":"https:\/\/portaltela.pt\/api\/wp\/v2\/types\/post"}],"author":[{"embeddable":true,"href":"https:\/\/portaltela.pt\/api\/wp\/v2\/users\/2"}],"replies":[{"embeddable":true,"href":"https:\/\/portaltela.pt\/api\/wp\/v2\/comments?post=439368"}],"version-history":[{"count":0,"href":"https:\/\/portaltela.pt\/api\/wp\/v2\/posts\/439368\/revisions"}],"wp:featuredmedia":[{"embeddable":true,"href":"https:\/\/portaltela.pt\/api\/wp\/v2\/media\/439374"}],"wp:attachment":[{"href":"https:\/\/portaltela.pt\/api\/wp\/v2\/media?parent=439368"}],"wp:term":[{"taxonomy":"category","embeddable":true,"href":"https:\/\/portaltela.pt\/api\/wp\/v2\/categories?post=439368"},{"taxonomy":"post_tag","embeddable":true,"href":"https:\/\/portaltela.pt\/api\/wp\/v2\/tags?post=439368"}],"curies":[{"name":"wp","href":"https:\/\/api.w.org\/{rel}","templated":true}]}}