{"id":439364,"date":"2026-04-10T10:17:31","date_gmt":"2026-04-10T13:17:31","guid":{"rendered":"https:\/\/portaltela.pt\/noticias\/2026\/04\/10\/salvar-o-interior-governo-lanca-medidas-para-fixar-populacao-rural\/"},"modified":"2026-04-10T10:17:31","modified_gmt":"2026-04-10T13:17:31","slug":"salvar-o-interior-governo-lanca-medidas-para-fixar-populacao-rural","status":"publish","type":"post","link":"https:\/\/portaltela.pt\/sociedade\/2026\/04\/10\/salvar-o-interior-governo-lanca-medidas-para-fixar-populacao-rural\/","title":{"rendered":"Salvar o Interior: Governo lan\u00e7a medidas para fixar popula\u00e7\u00e3o rural"},"content":{"rendered":"<p>A autora percorre o pa\u00eds rural de norte a sul e descreve um padr\u00e3o que se repete: aldeias a perder popula\u00e7\u00e3o, escolas sem crian\u00e7as e casas fechadas ao longo do ano. O patrim\u00f3nio fica em ru\u00edna e h\u00e1 campos agr\u00edcolas abandonados. A biomassa acumula-se nos milh\u00f5es de hectares sem uso produtivo, pronta a arder no ver\u00e3o, com seca prolongada, temperaturas acima de 30 \u00b0C, ventos fortes e humidade baixa.<\/p>\n<p>Este cen\u00e1rio, segundo a an\u00e1lise apresentada, explica o risco de trag\u00e9dia para a coes\u00e3o territorial. A autora defende urg\u00eancia na fixa\u00e7\u00e3o de jovens no rural, entre 18 e 40 anos, incluindo empres\u00e1rios rurais, tanto agr\u00edcolas como n\u00e3o agr\u00edcolas. Sem renova\u00e7\u00e3o geracional, permanece o ciclo de abandono e fragiliza\u00e7\u00e3o.<\/p>\n<p>A Pol\u00edtica Agr\u00edcola Comum (PAC) surge como uma via com impacto real, sobretudo pelos apoios \u00e0 primeira instala\u00e7\u00e3o de jovens agricultores. A recomenda\u00e7\u00e3o \u00e9 manter candidaturas abertas, com decis\u00f5es r\u00e1pidas e financiamento garantido para as propostas aprovadas.<\/p>\n<p>Preocupam-se os impactos do atual PEPAC, que transforma apoios n\u00e3o reembols\u00e1veis em empr\u00e9stimos sem juros. An\u00e1lises econ\u00f3mico-financeiras mostram margens reduzidas na maioria das culturas e atividades pecu\u00e1rias, tornando o servi\u00e7o da d\u00edvida duvidoso para cerca de 80% das atividades.<\/p>\n<p>Para al\u00e9m do setor agr\u00edcola, a renova\u00e7\u00e3o do mundo rural exige que outros fundos europeus apoiem jovens empres\u00e1rios rurais n\u00e3o agr\u00edcolas. S\u00e3o necess\u00e1rios pr\u00e9mios n\u00e3o reembols\u00e1veis \u00e0 instala\u00e7\u00e3o e apoios ao investimento produtivo em servi\u00e7os, ind\u00fastria, tecnologia, turismo sustent\u00e1vel e economia criativa.<\/p>\n<h3>Medidas para a renova\u00e7\u00e3o<\/h3>\n<p>As candidaturas \u00e0 instala\u00e7\u00e3o devem ser geridas por uma estrutura de miss\u00e3o, articulada com o IAPMEI, para assegurar maior efici\u00eancia. A implementa\u00e7\u00e3o dever\u00e1 favorecer empreendedores com horizontes de 15 a 30 anos, adaptando planos \u00e0 realidade de minif\u00fandios e economia de escala.<\/p>\n","protected":false},"excerpt":{"rendered":"<ul>\n<li>O texto aponta uma depopula\u00e7\u00e3o do interior: aldeias com menos gente, escolas sem crian\u00e7as, casas fechadas e campos agr\u00edcolas abandonados, com milh\u00f5es de hectares sem uso produtivo.<\/li>\n<li>A situa\u00e7\u00e3o clim\u00e1tica aumenta o risco de inc\u00eandios: seca prolongada, temperaturas acima de 30 \u00b0C, ventos fortes e humidade baixa.<\/li>\n<li>Prop\u00f5e renovar o mundo rural pela PAC, com apoios \u00e0 primeira instala\u00e7\u00e3o de jovens agricultores entre 18 e 40 anos; candidaturas deveriam permanecer abertas e com decis\u00f5es r\u00e1pidas e financiadas.<\/li>\n<li>Alerta para problemas do PEPAC: apoios n\u00e3o reembols\u00e1veis transformados em empr\u00e9stimos sem juros, com margens reduzidas que comprometem a sustentabilidade econ\u00f3mica de muitos projetos; podem exigir prazos de 15 a 30 anos.<\/li>\n<li>Defende que a renova\u00e7\u00e3o v\u00e1 al\u00e9m da agricultura: apoio a jovens empres\u00e1rios rurais n\u00e3o agr\u00edcolas e a setores como servi\u00e7os, ind\u00fastria, tecnologia, turismo sustent\u00e1vel e economia criativa, geridos por uma miss\u00e3o espec\u00edfica em parceria com o IAPMEI.<\/li>\n<\/ul>\n","protected":false},"author":2,"featured_media":439365,"comment_status":"closed","ping_status":"closed","sticky":false,"template":"","format":"standard","meta":{"footnotes":""},"categories":[6725,6871],"tags":[6115,4914,1409,2844,251,3445],"class_list":["post-439364","post","type-post","status-publish","format-standard","has-post-thumbnail","hentry","category-meio-ambiente","category-sociedade","tag-_economia","tag-a-agricultura","tag-desenvolvimento-regional","tag-jovens","tag-juventude","tag-turismo-sustentavel"],"yoast_head":"<!-- This site is optimized with the Yoast SEO plugin v27.2 - https:\/\/yoast.com\/product\/yoast-seo-wordpress\/ -->\n<title>Salvar o Interior: Governo lan\u00e7a medidas para fixar popula\u00e7\u00e3o rural - Portal Tela Portugal<\/title>\n<meta name=\"robots\" content=\"index, follow, max-snippet:-1, max-image-preview:large, max-video-preview:-1\" \/>\n<meta property=\"og:locale\" content=\"pt_PT\" \/>\n<meta property=\"og:type\" content=\"article\" \/>\n<meta property=\"og:title\" content=\"Salvar o Interior: Governo lan\u00e7a medidas para fixar popula\u00e7\u00e3o rural - Portal Tela Portugal\" \/>\n<meta property=\"og:description\" content=\"O texto aponta uma depopula\u00e7\u00e3o do interior: aldeias com menos gente, escolas sem crian\u00e7as, casas fechadas e campos agr\u00edcolas abandonados, com milh\u00f5es de hectares sem uso produtivo. A situa\u00e7\u00e3o clim\u00e1tica aumenta o risco de inc\u00eandios: seca prolongada, temperaturas acima de 30 \u00b0C, ventos fortes e humidade baixa. Prop\u00f5e renovar o mundo rural pela PAC, com apoios \u00e0 primeira instala\u00e7\u00e3o de jovens agricultores entre 18 e 40 anos; candidaturas deveriam permanecer abertas e com decis\u00f5es r\u00e1pidas e financiadas. Alerta para problemas do PEPAC: apoios n\u00e3o reembols\u00e1veis transformados em empr\u00e9stimos sem juros, com margens reduzidas que comprometem a sustentabilidade econ\u00f3mica de muitos projetos; podem exigir prazos de 15 a 30 anos. Defende que a renova\u00e7\u00e3o v\u00e1 al\u00e9m da agricultura: apoio a jovens empres\u00e1rios rurais n\u00e3o agr\u00edcolas e a setores como servi\u00e7os, ind\u00fastria, tecnologia, turismo sustent\u00e1vel e economia criativa, geridos por uma miss\u00e3o espec\u00edfica em parceria com o IAPMEI.\" \/>\n<meta property=\"og:url\" content=\"https:\/\/portaltela.pt\/noticias\/2026\/04\/10\/salvar-o-interior-governo-lanca-medidas-para-fixar-populacao-rural\/\" \/>\n<meta property=\"og:site_name\" content=\"Portal Tela Portugal\" \/>\n<meta property=\"article:published_time\" content=\"2026-04-10T13:17:31+00:00\" \/>\n<meta name=\"author\" content=\"Telinha\" \/>\n<meta name=\"twitter:card\" content=\"summary_large_image\" \/>\n<meta name=\"twitter:label1\" content=\"Escrito por\" \/>\n\t<meta name=\"twitter:data1\" content=\"Telinha\" \/>\n\t<meta name=\"twitter:label2\" content=\"Tempo estimado de leitura\" \/>\n\t<meta name=\"twitter:data2\" content=\"2 minutos\" \/>\n<script type=\"application\/ld+json\" class=\"yoast-schema-graph\">{\"@context\":\"https:\/\/schema.org\",\"@graph\":[{\"@type\":\"Article\",\"@id\":\"https:\/\/portaltela.pt\/noticias\/2026\/04\/10\/salvar-o-interior-governo-lanca-medidas-para-fixar-populacao-rural\/#article\",\"isPartOf\":{\"@id\":\"https:\/\/portaltela.pt\/noticias\/2026\/04\/10\/salvar-o-interior-governo-lanca-medidas-para-fixar-populacao-rural\/\"},\"author\":{\"name\":\"Telinha\",\"@id\":\"https:\/\/portaltela.pt\/#\/schema\/person\/c4278d4a6028830caff9ee44b42d32ed\"},\"headline\":\"Salvar o Interior: Governo lan\u00e7a medidas para fixar popula\u00e7\u00e3o rural\",\"datePublished\":\"2026-04-10T13:17:31+00:00\",\"mainEntityOfPage\":{\"@id\":\"https:\/\/portaltela.pt\/noticias\/2026\/04\/10\/salvar-o-interior-governo-lanca-medidas-para-fixar-populacao-rural\/\"},\"wordCount\":338,\"image\":{\"@id\":\"https:\/\/portaltela.pt\/noticias\/2026\/04\/10\/salvar-o-interior-governo-lanca-medidas-para-fixar-populacao-rural\/#primaryimage\"},\"thumbnailUrl\":\"https:\/\/portaltela.pt\/s.01k8rhncp4jt1\/2026\/04\/48bb6c73-466e-4335-bd9d-c5ad86427e02_1200x675.jpg\",\"keywords\":[\"_economia\",\"A agricultura\",\"desenvolvimento regional\",\"jovens\",\"juventude\",\"Turismo Sustent\u00e1vel\"],\"articleSection\":[\"Meio Ambiente\",\"Sociedade\"],\"inLanguage\":\"pt-PT\"},{\"@type\":\"WebPage\",\"@id\":\"https:\/\/portaltela.pt\/noticias\/2026\/04\/10\/salvar-o-interior-governo-lanca-medidas-para-fixar-populacao-rural\/\",\"url\":\"https:\/\/portaltela.pt\/noticias\/2026\/04\/10\/salvar-o-interior-governo-lanca-medidas-para-fixar-populacao-rural\/\",\"name\":\"Salvar o Interior: Governo lan\u00e7a medidas para fixar popula\u00e7\u00e3o rural - Portal Tela Portugal\",\"isPartOf\":{\"@id\":\"https:\/\/portaltela.pt\/#website\"},\"primaryImageOfPage\":{\"@id\":\"https:\/\/portaltela.pt\/noticias\/2026\/04\/10\/salvar-o-interior-governo-lanca-medidas-para-fixar-populacao-rural\/#primaryimage\"},\"image\":{\"@id\":\"https:\/\/portaltela.pt\/noticias\/2026\/04\/10\/salvar-o-interior-governo-lanca-medidas-para-fixar-populacao-rural\/#primaryimage\"},\"thumbnailUrl\":\"https:\/\/portaltela.pt\/s.01k8rhncp4jt1\/2026\/04\/48bb6c73-466e-4335-bd9d-c5ad86427e02_1200x675.jpg\",\"datePublished\":\"2026-04-10T13:17:31+00:00\",\"author\":{\"@id\":\"https:\/\/portaltela.pt\/#\/schema\/person\/c4278d4a6028830caff9ee44b42d32ed\"},\"breadcrumb\":{\"@id\":\"https:\/\/portaltela.pt\/noticias\/2026\/04\/10\/salvar-o-interior-governo-lanca-medidas-para-fixar-populacao-rural\/#breadcrumb\"},\"inLanguage\":\"pt-PT\",\"potentialAction\":[{\"@type\":\"ReadAction\",\"target\":[\"https:\/\/portaltela.pt\/noticias\/2026\/04\/10\/salvar-o-interior-governo-lanca-medidas-para-fixar-populacao-rural\/\"]}]},{\"@type\":\"ImageObject\",\"inLanguage\":\"pt-PT\",\"@id\":\"https:\/\/portaltela.pt\/noticias\/2026\/04\/10\/salvar-o-interior-governo-lanca-medidas-para-fixar-populacao-rural\/#primaryimage\",\"url\":\"https:\/\/portaltela.pt\/s.01k8rhncp4jt1\/2026\/04\/48bb6c73-466e-4335-bd9d-c5ad86427e02_1200x675.jpg\",\"contentUrl\":\"https:\/\/portaltela.pt\/s.01k8rhncp4jt1\/2026\/04\/48bb6c73-466e-4335-bd9d-c5ad86427e02_1200x675.jpg\",\"width\":796,\"height\":448,\"caption\":\"Photo\"},{\"@type\":\"BreadcrumbList\",\"@id\":\"https:\/\/portaltela.pt\/noticias\/2026\/04\/10\/salvar-o-interior-governo-lanca-medidas-para-fixar-populacao-rural\/#breadcrumb\",\"itemListElement\":[{\"@type\":\"ListItem\",\"position\":1,\"name\":\"In\u00edcio\",\"item\":\"https:\/\/portaltela.pt\/\"},{\"@type\":\"ListItem\",\"position\":2,\"name\":\"Salvar o Interior: Governo lan\u00e7a medidas para fixar popula\u00e7\u00e3o rural\"}]},{\"@type\":\"WebSite\",\"@id\":\"https:\/\/portaltela.pt\/#website\",\"url\":\"https:\/\/portaltela.pt\/\",\"name\":\"Portal Tela Portugal\",\"description\":\"\",\"potentialAction\":[{\"@type\":\"SearchAction\",\"target\":{\"@type\":\"EntryPoint\",\"urlTemplate\":\"https:\/\/portaltela.pt\/?s={search_term_string}\"},\"query-input\":{\"@type\":\"PropertyValueSpecification\",\"valueRequired\":true,\"valueName\":\"search_term_string\"}}],\"inLanguage\":\"pt-PT\"},{\"@type\":\"Person\",\"@id\":\"https:\/\/portaltela.pt\/#\/schema\/person\/c4278d4a6028830caff9ee44b42d32ed\",\"name\":\"Telinha\",\"image\":{\"@type\":\"ImageObject\",\"inLanguage\":\"pt-PT\",\"@id\":\"https:\/\/portaltela.pt\/s.01k8rhncp4jt1\/2025\/11\/talking-bot-125x125.png\",\"url\":\"https:\/\/portaltela.pt\/s.01k8rhncp4jt1\/2025\/11\/talking-bot-125x125.png\",\"contentUrl\":\"https:\/\/portaltela.pt\/s.01k8rhncp4jt1\/2025\/11\/talking-bot-125x125.png\",\"caption\":\"Telinha\"},\"sameAs\":[\"https:\/\/portaltela.pt\/\"],\"url\":\"https:\/\/portaltela.pt\/por\/367410592786\/\"}]}<\/script>\n<!-- \/ Yoast SEO plugin. -->","yoast_head_json":{"title":"Salvar o Interior: Governo lan\u00e7a medidas para fixar popula\u00e7\u00e3o rural - Portal Tela Portugal","robots":{"index":"index","follow":"follow","max-snippet":"max-snippet:-1","max-image-preview":"max-image-preview:large","max-video-preview":"max-video-preview:-1"},"og_locale":"pt_PT","og_type":"article","og_title":"Salvar o Interior: Governo lan\u00e7a medidas para fixar popula\u00e7\u00e3o rural - Portal Tela Portugal","og_description":"O texto aponta uma depopula\u00e7\u00e3o do interior: aldeias com menos gente, escolas sem crian\u00e7as, casas fechadas e campos agr\u00edcolas abandonados, com milh\u00f5es de hectares sem uso produtivo. A situa\u00e7\u00e3o clim\u00e1tica aumenta o risco de inc\u00eandios: seca prolongada, temperaturas acima de 30 \u00b0C, ventos fortes e humidade baixa. Prop\u00f5e renovar o mundo rural pela PAC, com apoios \u00e0 primeira instala\u00e7\u00e3o de jovens agricultores entre 18 e 40 anos; candidaturas deveriam permanecer abertas e com decis\u00f5es r\u00e1pidas e financiadas. Alerta para problemas do PEPAC: apoios n\u00e3o reembols\u00e1veis transformados em empr\u00e9stimos sem juros, com margens reduzidas que comprometem a sustentabilidade econ\u00f3mica de muitos projetos; podem exigir prazos de 15 a 30 anos. Defende que a renova\u00e7\u00e3o v\u00e1 al\u00e9m da agricultura: apoio a jovens empres\u00e1rios rurais n\u00e3o agr\u00edcolas e a setores como servi\u00e7os, ind\u00fastria, tecnologia, turismo sustent\u00e1vel e economia criativa, geridos por uma miss\u00e3o espec\u00edfica em parceria com o IAPMEI.","og_url":"https:\/\/portaltela.pt\/noticias\/2026\/04\/10\/salvar-o-interior-governo-lanca-medidas-para-fixar-populacao-rural\/","og_site_name":"Portal Tela Portugal","article_published_time":"2026-04-10T13:17:31+00:00","author":"Telinha","twitter_card":"summary_large_image","twitter_misc":{"Escrito por":"Telinha","Tempo estimado de leitura":"2 minutos"},"schema":{"@context":"https:\/\/schema.org","@graph":[{"@type":"Article","@id":"https:\/\/portaltela.pt\/noticias\/2026\/04\/10\/salvar-o-interior-governo-lanca-medidas-para-fixar-populacao-rural\/#article","isPartOf":{"@id":"https:\/\/portaltela.pt\/noticias\/2026\/04\/10\/salvar-o-interior-governo-lanca-medidas-para-fixar-populacao-rural\/"},"author":{"name":"Telinha","@id":"https:\/\/portaltela.pt\/#\/schema\/person\/c4278d4a6028830caff9ee44b42d32ed"},"headline":"Salvar o Interior: Governo lan\u00e7a medidas para fixar popula\u00e7\u00e3o rural","datePublished":"2026-04-10T13:17:31+00:00","mainEntityOfPage":{"@id":"https:\/\/portaltela.pt\/noticias\/2026\/04\/10\/salvar-o-interior-governo-lanca-medidas-para-fixar-populacao-rural\/"},"wordCount":338,"image":{"@id":"https:\/\/portaltela.pt\/noticias\/2026\/04\/10\/salvar-o-interior-governo-lanca-medidas-para-fixar-populacao-rural\/#primaryimage"},"thumbnailUrl":"https:\/\/portaltela.pt\/s.01k8rhncp4jt1\/2026\/04\/48bb6c73-466e-4335-bd9d-c5ad86427e02_1200x675.jpg","keywords":["_economia","A agricultura","desenvolvimento regional","jovens","juventude","Turismo Sustent\u00e1vel"],"articleSection":["Meio Ambiente","Sociedade"],"inLanguage":"pt-PT"},{"@type":"WebPage","@id":"https:\/\/portaltela.pt\/noticias\/2026\/04\/10\/salvar-o-interior-governo-lanca-medidas-para-fixar-populacao-rural\/","url":"https:\/\/portaltela.pt\/noticias\/2026\/04\/10\/salvar-o-interior-governo-lanca-medidas-para-fixar-populacao-rural\/","name":"Salvar o Interior: Governo lan\u00e7a medidas para fixar popula\u00e7\u00e3o rural - Portal Tela Portugal","isPartOf":{"@id":"https:\/\/portaltela.pt\/#website"},"primaryImageOfPage":{"@id":"https:\/\/portaltela.pt\/noticias\/2026\/04\/10\/salvar-o-interior-governo-lanca-medidas-para-fixar-populacao-rural\/#primaryimage"},"image":{"@id":"https:\/\/portaltela.pt\/noticias\/2026\/04\/10\/salvar-o-interior-governo-lanca-medidas-para-fixar-populacao-rural\/#primaryimage"},"thumbnailUrl":"https:\/\/portaltela.pt\/s.01k8rhncp4jt1\/2026\/04\/48bb6c73-466e-4335-bd9d-c5ad86427e02_1200x675.jpg","datePublished":"2026-04-10T13:17:31+00:00","author":{"@id":"https:\/\/portaltela.pt\/#\/schema\/person\/c4278d4a6028830caff9ee44b42d32ed"},"breadcrumb":{"@id":"https:\/\/portaltela.pt\/noticias\/2026\/04\/10\/salvar-o-interior-governo-lanca-medidas-para-fixar-populacao-rural\/#breadcrumb"},"inLanguage":"pt-PT","potentialAction":[{"@type":"ReadAction","target":["https:\/\/portaltela.pt\/noticias\/2026\/04\/10\/salvar-o-interior-governo-lanca-medidas-para-fixar-populacao-rural\/"]}]},{"@type":"ImageObject","inLanguage":"pt-PT","@id":"https:\/\/portaltela.pt\/noticias\/2026\/04\/10\/salvar-o-interior-governo-lanca-medidas-para-fixar-populacao-rural\/#primaryimage","url":"https:\/\/portaltela.pt\/s.01k8rhncp4jt1\/2026\/04\/48bb6c73-466e-4335-bd9d-c5ad86427e02_1200x675.jpg","contentUrl":"https:\/\/portaltela.pt\/s.01k8rhncp4jt1\/2026\/04\/48bb6c73-466e-4335-bd9d-c5ad86427e02_1200x675.jpg","width":796,"height":448,"caption":"Photo"},{"@type":"BreadcrumbList","@id":"https:\/\/portaltela.pt\/noticias\/2026\/04\/10\/salvar-o-interior-governo-lanca-medidas-para-fixar-populacao-rural\/#breadcrumb","itemListElement":[{"@type":"ListItem","position":1,"name":"In\u00edcio","item":"https:\/\/portaltela.pt\/"},{"@type":"ListItem","position":2,"name":"Salvar o Interior: Governo lan\u00e7a medidas para fixar popula\u00e7\u00e3o rural"}]},{"@type":"WebSite","@id":"https:\/\/portaltela.pt\/#website","url":"https:\/\/portaltela.pt\/","name":"Portal Tela Portugal","description":"","potentialAction":[{"@type":"SearchAction","target":{"@type":"EntryPoint","urlTemplate":"https:\/\/portaltela.pt\/?s={search_term_string}"},"query-input":{"@type":"PropertyValueSpecification","valueRequired":true,"valueName":"search_term_string"}}],"inLanguage":"pt-PT"},{"@type":"Person","@id":"https:\/\/portaltela.pt\/#\/schema\/person\/c4278d4a6028830caff9ee44b42d32ed","name":"Telinha","image":{"@type":"ImageObject","inLanguage":"pt-PT","@id":"https:\/\/portaltela.pt\/s.01k8rhncp4jt1\/2025\/11\/talking-bot-125x125.png","url":"https:\/\/portaltela.pt\/s.01k8rhncp4jt1\/2025\/11\/talking-bot-125x125.png","contentUrl":"https:\/\/portaltela.pt\/s.01k8rhncp4jt1\/2025\/11\/talking-bot-125x125.png","caption":"Telinha"},"sameAs":["https:\/\/portaltela.pt\/"],"url":"https:\/\/portaltela.pt\/por\/367410592786\/"}]}},"_links":{"self":[{"href":"https:\/\/portaltela.pt\/api\/wp\/v2\/posts\/439364","targetHints":{"allow":["GET"]}}],"collection":[{"href":"https:\/\/portaltela.pt\/api\/wp\/v2\/posts"}],"about":[{"href":"https:\/\/portaltela.pt\/api\/wp\/v2\/types\/post"}],"author":[{"embeddable":true,"href":"https:\/\/portaltela.pt\/api\/wp\/v2\/users\/2"}],"replies":[{"embeddable":true,"href":"https:\/\/portaltela.pt\/api\/wp\/v2\/comments?post=439364"}],"version-history":[{"count":0,"href":"https:\/\/portaltela.pt\/api\/wp\/v2\/posts\/439364\/revisions"}],"wp:featuredmedia":[{"embeddable":true,"href":"https:\/\/portaltela.pt\/api\/wp\/v2\/media\/439365"}],"wp:attachment":[{"href":"https:\/\/portaltela.pt\/api\/wp\/v2\/media?parent=439364"}],"wp:term":[{"taxonomy":"category","embeddable":true,"href":"https:\/\/portaltela.pt\/api\/wp\/v2\/categories?post=439364"},{"taxonomy":"post_tag","embeddable":true,"href":"https:\/\/portaltela.pt\/api\/wp\/v2\/tags?post=439364"}],"curies":[{"name":"wp","href":"https:\/\/api.w.org\/{rel}","templated":true}]}}