{"id":439362,"date":"2026-04-10T10:17:25","date_gmt":"2026-04-10T13:17:25","guid":{"rendered":"https:\/\/portaltela.pt\/noticias\/2026\/04\/10\/parlamento-levanta-imunidade-a-deputado-do-chega-em-processo-por-difamacao\/"},"modified":"2026-04-10T10:17:25","modified_gmt":"2026-04-10T13:17:25","slug":"parlamento-levanta-imunidade-a-deputado-do-chega-em-processo-por-difamacao","status":"publish","type":"post","link":"https:\/\/portaltela.pt\/noticias\/2026\/04\/10\/parlamento-levanta-imunidade-a-deputado-do-chega-em-processo-por-difamacao\/","title":{"rendered":"Parlamento levanta imunidade a deputado do Chega em processo por difama\u00e7\u00e3o"},"content":{"rendered":"<p>A Assembleia da Rep\u00fablica aprovou, esta sexta-feira, por unanimidade, o parecer da Comiss\u00e3o da Transpar\u00eancia que autoriza o levantamento da imunidade ao deputado do Chega, Jo\u00e3o Ribeiro. O processo por difama\u00e7\u00e3o corre no Tribunal Judicial da Comarca de Castelo Branco, onde o deputado foi eleito no \u00faltimo ato eleitoral.<\/p>\n<p>Jo\u00e3o Ribeiro tem 38 anos, trabalha na gest\u00e3o do Ensino Superior e \u00e9 administrador de profiss\u00e3o. O caso surgiu a partir de uma acusa\u00e7\u00e3o de extors\u00e3o, que deu origem ao processo por difama\u00e7\u00e3o, conforme o parecer aprovado pelos deputados.<\/p>\n<p>O deputado integra a Comiss\u00e3o de Or\u00e7amento, Finan\u00e7as e Administra\u00e7\u00e3o P\u00fablica e \u00e9 suplente na Comiss\u00e3o de Economia e Coes\u00e3o Territorial. Tamb\u00e9m ocupa a vice-presid\u00eancia na Comiss\u00e3o da Reforma do Estado e Poder Local. O processo insere-se no contexto de uma disputa empresarial entre as partes envolvidas.<\/p>\n<h3>Situa\u00e7\u00e3o processual e posi\u00e7\u00f5es<\/h3>\n<p>A posi\u00e7\u00e3o do Parlamento foi aprovada sem absten\u00e7\u00f5es. Ribeiro afirmou, \u00e0 ag\u00eancia Lusa, que n\u00e3o se op\u00f4s ao levantamento da imunidade parlamentar e que o Chega tamb\u00e9m n\u00e3o se op\u00f5e a esse passo. A investiga\u00e7\u00e3o mant\u00e9m-se centrada nos factos do pleito empresarial que motivam a acusa\u00e7\u00e3o.<\/p>\n","protected":false},"excerpt":{"rendered":"<ul>\n<li>A Assembleia da Rep\u00fablica aprovou, por unanimidade, o levantamento da imunidade ao deputado do Chega Jo\u00e3o Ribeiro.<\/li>\n<li>O processo por difama\u00e7\u00e3o corre no Tribunal Judicial da Comarca de Castelo Branco, c\u00edrculo pelo qual o deputado foi eleito nas elei\u00e7\u00f5es legislativas do ano passado.<\/li>\n<li>Jo\u00e3o Ribeiro, 38 anos, com experi\u00eancia em gest\u00e3o no Ensino Superior e como administrador, enfrenta o processo relacionado com um diferendo empresarial.<\/li>\n<li>O deputado afirmou que nunca se op\u00f4s ao levantamento da imunidade e que o Chega tamb\u00e9m n\u00e3o se op\u00f5e \u00e0 medida.<\/li>\n<li>Ribeiro \u00e9 membro da Comiss\u00e3o de Or\u00e7amento, Finan\u00e7as e Administra\u00e7\u00e3o P\u00fablica, suplente na Comiss\u00e3o de Economia e Coes\u00e3o Territorial e vice-presidente da Comiss\u00e3o da Reforma do Estado e Poder Local.<\/li>\n<\/ul>\n","protected":false},"author":2,"featured_media":439363,"comment_status":"closed","ping_status":"closed","sticky":false,"template":"","format":"standard","meta":{"footnotes":""},"categories":[6815,1],"tags":[1041,2442,7283,5108,2832,6208],"class_list":["post-439362","post","type-post","status-publish","format-standard","has-post-thumbnail","hentry","category-justica","category-noticias","tag-comissoes","tag-difamacao","tag-instituicao-publica","tag-poder-publico","tag-politica","tag-tribunais"],"yoast_head":"<!-- This site is optimized with the Yoast SEO plugin v27.2 - https:\/\/yoast.com\/product\/yoast-seo-wordpress\/ -->\n<title>Parlamento levanta imunidade a deputado do Chega em processo por difama\u00e7\u00e3o - Portal Tela Portugal<\/title>\n<meta name=\"robots\" content=\"index, follow, max-snippet:-1, max-image-preview:large, max-video-preview:-1\" \/>\n<meta property=\"og:locale\" content=\"pt_PT\" \/>\n<meta property=\"og:type\" content=\"article\" \/>\n<meta property=\"og:title\" content=\"Parlamento levanta imunidade a deputado do Chega em processo por difama\u00e7\u00e3o - Portal Tela Portugal\" \/>\n<meta property=\"og:description\" content=\"A Assembleia da Rep\u00fablica aprovou, por unanimidade, o levantamento da imunidade ao deputado do Chega Jo\u00e3o Ribeiro. O processo por difama\u00e7\u00e3o corre no Tribunal Judicial da Comarca de Castelo Branco, c\u00edrculo pelo qual o deputado foi eleito nas elei\u00e7\u00f5es legislativas do ano passado. Jo\u00e3o Ribeiro, 38 anos, com experi\u00eancia em gest\u00e3o no Ensino Superior e como administrador, enfrenta o processo relacionado com um diferendo empresarial. O deputado afirmou que nunca se op\u00f4s ao levantamento da imunidade e que o Chega tamb\u00e9m n\u00e3o se op\u00f5e \u00e0 medida. Ribeiro \u00e9 membro da Comiss\u00e3o de Or\u00e7amento, Finan\u00e7as e Administra\u00e7\u00e3o P\u00fablica, suplente na Comiss\u00e3o de Economia e Coes\u00e3o Territorial e vice-presidente da Comiss\u00e3o da Reforma do Estado e Poder Local.\" \/>\n<meta property=\"og:url\" content=\"https:\/\/portaltela.pt\/noticias\/2026\/04\/10\/parlamento-levanta-imunidade-a-deputado-do-chega-em-processo-por-difamacao\/\" \/>\n<meta property=\"og:site_name\" content=\"Portal Tela Portugal\" \/>\n<meta property=\"article:published_time\" content=\"2026-04-10T13:17:25+00:00\" \/>\n<meta name=\"author\" content=\"Telinha\" \/>\n<meta name=\"twitter:card\" content=\"summary_large_image\" \/>\n<meta name=\"twitter:label1\" content=\"Escrito por\" \/>\n\t<meta name=\"twitter:data1\" content=\"Telinha\" \/>\n\t<meta name=\"twitter:label2\" content=\"Tempo estimado de leitura\" \/>\n\t<meta name=\"twitter:data2\" content=\"1 minuto\" \/>\n<script type=\"application\/ld+json\" class=\"yoast-schema-graph\">{\"@context\":\"https:\/\/schema.org\",\"@graph\":[{\"@type\":\"Article\",\"@id\":\"https:\/\/portaltela.pt\/noticias\/2026\/04\/10\/parlamento-levanta-imunidade-a-deputado-do-chega-em-processo-por-difamacao\/#article\",\"isPartOf\":{\"@id\":\"https:\/\/portaltela.pt\/noticias\/2026\/04\/10\/parlamento-levanta-imunidade-a-deputado-do-chega-em-processo-por-difamacao\/\"},\"author\":{\"name\":\"Telinha\",\"@id\":\"https:\/\/portaltela.pt\/#\/schema\/person\/c4278d4a6028830caff9ee44b42d32ed\"},\"headline\":\"Parlamento levanta imunidade a deputado do Chega em processo por difama\u00e7\u00e3o\",\"datePublished\":\"2026-04-10T13:17:25+00:00\",\"mainEntityOfPage\":{\"@id\":\"https:\/\/portaltela.pt\/noticias\/2026\/04\/10\/parlamento-levanta-imunidade-a-deputado-do-chega-em-processo-por-difamacao\/\"},\"wordCount\":227,\"image\":{\"@id\":\"https:\/\/portaltela.pt\/noticias\/2026\/04\/10\/parlamento-levanta-imunidade-a-deputado-do-chega-em-processo-por-difamacao\/#primaryimage\"},\"thumbnailUrl\":\"https:\/\/portaltela.pt\/s.01k8rhncp4jt1\/2026\/04\/image-594.jpg\",\"keywords\":[\"comiss\u00f5es\",\"difama\u00e7\u00e3o\",\"institui\u00e7\u00e3o p\u00fablica\",\"poder p\u00fablico\",\"pol\u00edtica\",\"Tribunais\"],\"articleSection\":[\"Justi\u00e7a\",\"Not\u00edcias\"],\"inLanguage\":\"pt-PT\"},{\"@type\":\"WebPage\",\"@id\":\"https:\/\/portaltela.pt\/noticias\/2026\/04\/10\/parlamento-levanta-imunidade-a-deputado-do-chega-em-processo-por-difamacao\/\",\"url\":\"https:\/\/portaltela.pt\/noticias\/2026\/04\/10\/parlamento-levanta-imunidade-a-deputado-do-chega-em-processo-por-difamacao\/\",\"name\":\"Parlamento levanta imunidade a deputado do Chega em processo por difama\u00e7\u00e3o - Portal Tela Portugal\",\"isPartOf\":{\"@id\":\"https:\/\/portaltela.pt\/#website\"},\"primaryImageOfPage\":{\"@id\":\"https:\/\/portaltela.pt\/noticias\/2026\/04\/10\/parlamento-levanta-imunidade-a-deputado-do-chega-em-processo-por-difamacao\/#primaryimage\"},\"image\":{\"@id\":\"https:\/\/portaltela.pt\/noticias\/2026\/04\/10\/parlamento-levanta-imunidade-a-deputado-do-chega-em-processo-por-difamacao\/#primaryimage\"},\"thumbnailUrl\":\"https:\/\/portaltela.pt\/s.01k8rhncp4jt1\/2026\/04\/image-594.jpg\",\"datePublished\":\"2026-04-10T13:17:25+00:00\",\"author\":{\"@id\":\"https:\/\/portaltela.pt\/#\/schema\/person\/c4278d4a6028830caff9ee44b42d32ed\"},\"breadcrumb\":{\"@id\":\"https:\/\/portaltela.pt\/noticias\/2026\/04\/10\/parlamento-levanta-imunidade-a-deputado-do-chega-em-processo-por-difamacao\/#breadcrumb\"},\"inLanguage\":\"pt-PT\",\"potentialAction\":[{\"@type\":\"ReadAction\",\"target\":[\"https:\/\/portaltela.pt\/noticias\/2026\/04\/10\/parlamento-levanta-imunidade-a-deputado-do-chega-em-processo-por-difamacao\/\"]}]},{\"@type\":\"ImageObject\",\"inLanguage\":\"pt-PT\",\"@id\":\"https:\/\/portaltela.pt\/noticias\/2026\/04\/10\/parlamento-levanta-imunidade-a-deputado-do-chega-em-processo-por-difamacao\/#primaryimage\",\"url\":\"https:\/\/portaltela.pt\/s.01k8rhncp4jt1\/2026\/04\/image-594.jpg\",\"contentUrl\":\"https:\/\/portaltela.pt\/s.01k8rhncp4jt1\/2026\/04\/image-594.jpg\",\"width\":796,\"height\":448,\"caption\":\"Foto: Pedro Granadeiro\"},{\"@type\":\"BreadcrumbList\",\"@id\":\"https:\/\/portaltela.pt\/noticias\/2026\/04\/10\/parlamento-levanta-imunidade-a-deputado-do-chega-em-processo-por-difamacao\/#breadcrumb\",\"itemListElement\":[{\"@type\":\"ListItem\",\"position\":1,\"name\":\"In\u00edcio\",\"item\":\"https:\/\/portaltela.pt\/\"},{\"@type\":\"ListItem\",\"position\":2,\"name\":\"Parlamento levanta imunidade a deputado do Chega em processo por difama\u00e7\u00e3o\"}]},{\"@type\":\"WebSite\",\"@id\":\"https:\/\/portaltela.pt\/#website\",\"url\":\"https:\/\/portaltela.pt\/\",\"name\":\"Portal Tela Portugal\",\"description\":\"\",\"potentialAction\":[{\"@type\":\"SearchAction\",\"target\":{\"@type\":\"EntryPoint\",\"urlTemplate\":\"https:\/\/portaltela.pt\/?s={search_term_string}\"},\"query-input\":{\"@type\":\"PropertyValueSpecification\",\"valueRequired\":true,\"valueName\":\"search_term_string\"}}],\"inLanguage\":\"pt-PT\"},{\"@type\":\"Person\",\"@id\":\"https:\/\/portaltela.pt\/#\/schema\/person\/c4278d4a6028830caff9ee44b42d32ed\",\"name\":\"Telinha\",\"image\":{\"@type\":\"ImageObject\",\"inLanguage\":\"pt-PT\",\"@id\":\"https:\/\/portaltela.pt\/s.01k8rhncp4jt1\/2025\/11\/talking-bot-125x125.png\",\"url\":\"https:\/\/portaltela.pt\/s.01k8rhncp4jt1\/2025\/11\/talking-bot-125x125.png\",\"contentUrl\":\"https:\/\/portaltela.pt\/s.01k8rhncp4jt1\/2025\/11\/talking-bot-125x125.png\",\"caption\":\"Telinha\"},\"sameAs\":[\"https:\/\/portaltela.pt\/\"],\"url\":\"https:\/\/portaltela.pt\/por\/367410592786\/\"}]}<\/script>\n<!-- \/ Yoast SEO plugin. -->","yoast_head_json":{"title":"Parlamento levanta imunidade a deputado do Chega em processo por difama\u00e7\u00e3o - Portal Tela Portugal","robots":{"index":"index","follow":"follow","max-snippet":"max-snippet:-1","max-image-preview":"max-image-preview:large","max-video-preview":"max-video-preview:-1"},"og_locale":"pt_PT","og_type":"article","og_title":"Parlamento levanta imunidade a deputado do Chega em processo por difama\u00e7\u00e3o - Portal Tela Portugal","og_description":"A Assembleia da Rep\u00fablica aprovou, por unanimidade, o levantamento da imunidade ao deputado do Chega Jo\u00e3o Ribeiro. O processo por difama\u00e7\u00e3o corre no Tribunal Judicial da Comarca de Castelo Branco, c\u00edrculo pelo qual o deputado foi eleito nas elei\u00e7\u00f5es legislativas do ano passado. Jo\u00e3o Ribeiro, 38 anos, com experi\u00eancia em gest\u00e3o no Ensino Superior e como administrador, enfrenta o processo relacionado com um diferendo empresarial. O deputado afirmou que nunca se op\u00f4s ao levantamento da imunidade e que o Chega tamb\u00e9m n\u00e3o se op\u00f5e \u00e0 medida. Ribeiro \u00e9 membro da Comiss\u00e3o de Or\u00e7amento, Finan\u00e7as e Administra\u00e7\u00e3o P\u00fablica, suplente na Comiss\u00e3o de Economia e Coes\u00e3o Territorial e vice-presidente da Comiss\u00e3o da Reforma do Estado e Poder Local.","og_url":"https:\/\/portaltela.pt\/noticias\/2026\/04\/10\/parlamento-levanta-imunidade-a-deputado-do-chega-em-processo-por-difamacao\/","og_site_name":"Portal Tela Portugal","article_published_time":"2026-04-10T13:17:25+00:00","author":"Telinha","twitter_card":"summary_large_image","twitter_misc":{"Escrito por":"Telinha","Tempo estimado de leitura":"1 minuto"},"schema":{"@context":"https:\/\/schema.org","@graph":[{"@type":"Article","@id":"https:\/\/portaltela.pt\/noticias\/2026\/04\/10\/parlamento-levanta-imunidade-a-deputado-do-chega-em-processo-por-difamacao\/#article","isPartOf":{"@id":"https:\/\/portaltela.pt\/noticias\/2026\/04\/10\/parlamento-levanta-imunidade-a-deputado-do-chega-em-processo-por-difamacao\/"},"author":{"name":"Telinha","@id":"https:\/\/portaltela.pt\/#\/schema\/person\/c4278d4a6028830caff9ee44b42d32ed"},"headline":"Parlamento levanta imunidade a deputado do Chega em processo por difama\u00e7\u00e3o","datePublished":"2026-04-10T13:17:25+00:00","mainEntityOfPage":{"@id":"https:\/\/portaltela.pt\/noticias\/2026\/04\/10\/parlamento-levanta-imunidade-a-deputado-do-chega-em-processo-por-difamacao\/"},"wordCount":227,"image":{"@id":"https:\/\/portaltela.pt\/noticias\/2026\/04\/10\/parlamento-levanta-imunidade-a-deputado-do-chega-em-processo-por-difamacao\/#primaryimage"},"thumbnailUrl":"https:\/\/portaltela.pt\/s.01k8rhncp4jt1\/2026\/04\/image-594.jpg","keywords":["comiss\u00f5es","difama\u00e7\u00e3o","institui\u00e7\u00e3o p\u00fablica","poder p\u00fablico","pol\u00edtica","Tribunais"],"articleSection":["Justi\u00e7a","Not\u00edcias"],"inLanguage":"pt-PT"},{"@type":"WebPage","@id":"https:\/\/portaltela.pt\/noticias\/2026\/04\/10\/parlamento-levanta-imunidade-a-deputado-do-chega-em-processo-por-difamacao\/","url":"https:\/\/portaltela.pt\/noticias\/2026\/04\/10\/parlamento-levanta-imunidade-a-deputado-do-chega-em-processo-por-difamacao\/","name":"Parlamento levanta imunidade a deputado do Chega em processo por difama\u00e7\u00e3o - Portal Tela Portugal","isPartOf":{"@id":"https:\/\/portaltela.pt\/#website"},"primaryImageOfPage":{"@id":"https:\/\/portaltela.pt\/noticias\/2026\/04\/10\/parlamento-levanta-imunidade-a-deputado-do-chega-em-processo-por-difamacao\/#primaryimage"},"image":{"@id":"https:\/\/portaltela.pt\/noticias\/2026\/04\/10\/parlamento-levanta-imunidade-a-deputado-do-chega-em-processo-por-difamacao\/#primaryimage"},"thumbnailUrl":"https:\/\/portaltela.pt\/s.01k8rhncp4jt1\/2026\/04\/image-594.jpg","datePublished":"2026-04-10T13:17:25+00:00","author":{"@id":"https:\/\/portaltela.pt\/#\/schema\/person\/c4278d4a6028830caff9ee44b42d32ed"},"breadcrumb":{"@id":"https:\/\/portaltela.pt\/noticias\/2026\/04\/10\/parlamento-levanta-imunidade-a-deputado-do-chega-em-processo-por-difamacao\/#breadcrumb"},"inLanguage":"pt-PT","potentialAction":[{"@type":"ReadAction","target":["https:\/\/portaltela.pt\/noticias\/2026\/04\/10\/parlamento-levanta-imunidade-a-deputado-do-chega-em-processo-por-difamacao\/"]}]},{"@type":"ImageObject","inLanguage":"pt-PT","@id":"https:\/\/portaltela.pt\/noticias\/2026\/04\/10\/parlamento-levanta-imunidade-a-deputado-do-chega-em-processo-por-difamacao\/#primaryimage","url":"https:\/\/portaltela.pt\/s.01k8rhncp4jt1\/2026\/04\/image-594.jpg","contentUrl":"https:\/\/portaltela.pt\/s.01k8rhncp4jt1\/2026\/04\/image-594.jpg","width":796,"height":448,"caption":"Foto: Pedro Granadeiro"},{"@type":"BreadcrumbList","@id":"https:\/\/portaltela.pt\/noticias\/2026\/04\/10\/parlamento-levanta-imunidade-a-deputado-do-chega-em-processo-por-difamacao\/#breadcrumb","itemListElement":[{"@type":"ListItem","position":1,"name":"In\u00edcio","item":"https:\/\/portaltela.pt\/"},{"@type":"ListItem","position":2,"name":"Parlamento levanta imunidade a deputado do Chega em processo por difama\u00e7\u00e3o"}]},{"@type":"WebSite","@id":"https:\/\/portaltela.pt\/#website","url":"https:\/\/portaltela.pt\/","name":"Portal Tela Portugal","description":"","potentialAction":[{"@type":"SearchAction","target":{"@type":"EntryPoint","urlTemplate":"https:\/\/portaltela.pt\/?s={search_term_string}"},"query-input":{"@type":"PropertyValueSpecification","valueRequired":true,"valueName":"search_term_string"}}],"inLanguage":"pt-PT"},{"@type":"Person","@id":"https:\/\/portaltela.pt\/#\/schema\/person\/c4278d4a6028830caff9ee44b42d32ed","name":"Telinha","image":{"@type":"ImageObject","inLanguage":"pt-PT","@id":"https:\/\/portaltela.pt\/s.01k8rhncp4jt1\/2025\/11\/talking-bot-125x125.png","url":"https:\/\/portaltela.pt\/s.01k8rhncp4jt1\/2025\/11\/talking-bot-125x125.png","contentUrl":"https:\/\/portaltela.pt\/s.01k8rhncp4jt1\/2025\/11\/talking-bot-125x125.png","caption":"Telinha"},"sameAs":["https:\/\/portaltela.pt\/"],"url":"https:\/\/portaltela.pt\/por\/367410592786\/"}]}},"_links":{"self":[{"href":"https:\/\/portaltela.pt\/api\/wp\/v2\/posts\/439362","targetHints":{"allow":["GET"]}}],"collection":[{"href":"https:\/\/portaltela.pt\/api\/wp\/v2\/posts"}],"about":[{"href":"https:\/\/portaltela.pt\/api\/wp\/v2\/types\/post"}],"author":[{"embeddable":true,"href":"https:\/\/portaltela.pt\/api\/wp\/v2\/users\/2"}],"replies":[{"embeddable":true,"href":"https:\/\/portaltela.pt\/api\/wp\/v2\/comments?post=439362"}],"version-history":[{"count":0,"href":"https:\/\/portaltela.pt\/api\/wp\/v2\/posts\/439362\/revisions"}],"wp:featuredmedia":[{"embeddable":true,"href":"https:\/\/portaltela.pt\/api\/wp\/v2\/media\/439363"}],"wp:attachment":[{"href":"https:\/\/portaltela.pt\/api\/wp\/v2\/media?parent=439362"}],"wp:term":[{"taxonomy":"category","embeddable":true,"href":"https:\/\/portaltela.pt\/api\/wp\/v2\/categories?post=439362"},{"taxonomy":"post_tag","embeddable":true,"href":"https:\/\/portaltela.pt\/api\/wp\/v2\/tags?post=439362"}],"curies":[{"name":"wp","href":"https:\/\/api.w.org\/{rel}","templated":true}]}}