{"id":439359,"date":"2026-04-10T10:17:18","date_gmt":"2026-04-10T13:17:18","guid":{"rendered":"https:\/\/portaltela.pt\/noticias\/2026\/04\/10\/europa-regista-segundo-marco-mais-quente-apos-fevereiro-chuvoso\/"},"modified":"2026-04-10T10:17:18","modified_gmt":"2026-04-10T13:17:18","slug":"europa-regista-segundo-marco-mais-quente-apos-fevereiro-chuvoso","status":"publish","type":"post","link":"https:\/\/portaltela.pt\/clima\/2026\/04\/10\/europa-regista-segundo-marco-mais-quente-apos-fevereiro-chuvoso\/","title":{"rendered":"Europa regista segundo mar\u00e7o mais quente ap\u00f3s fevereiro chuvoso"},"content":{"rendered":"<p>O Copernicus Climate Change Service (C3S), da UE, divulgou dados que apontam para uma prov\u00e1vel transi\u00e7\u00e3o para El Ni\u00f1o, com temperaturas globais em alta. Em mar\u00e7o de 2026, a temperatura m\u00e9dia da superf\u00edcie do mar atingiu o segundo valor mais elevado de sempre para o m\u00eas.<\/p>\n<p>Paralelamente, o mesmo servi\u00e7o confirmou que mar\u00e7o ficou marcado pela segunda maior temperatura global de superf\u00edcie j\u00e1 registada, cerca de 1,48 \u00b0C acima dos valores pr\u00e9-industriais, refor\u00e7ando a tend\u00eancia de calor extremo no planeta.<\/p>\n<h3>Europa mais quente no m\u00eas<\/h3>\n<p>A temperatura m\u00e9dia europeia em mar\u00e7o de 2026 alcan\u00e7ou 5,88 \u00b0C, cerca de 2,27 \u00b0C acima de mar\u00e7o entre 1991 e 2020, sem superar o recorde de 2025. Quase todo o continente registou valores acima da m\u00e9dia.<\/p>\n<p>Anomalias destacadas localizaram-se no noroeste da R\u00fassia, no norte da Finoescandia e nos Estados B\u00e1lticos. Regi\u00f5es mais frias ficaram na Turquia, no sul da Europa e na maior parte da Isl\u00e2ndia.<\/p>\n<h3>Precipita\u00e7\u00e3o e cen\u00e1rio clim\u00e1tico<\/h3>\n<p>Al\u00e9m do calor, grande parte da Europa continental apresentou condi\u00e7\u00f5es mais secas que o habitual. Contudo, zonas da Isl\u00e2ndia, do norte do Reino Unido e da Escandin\u00e1via registaram humidade superior \u00e0 m\u00e9dia, acompanhada de precipita\u00e7\u00e3o intensa em v\u00e1rias regi\u00f5es.<\/p>\n<p>Fora do continente, EUA e partes da regi\u00e3o \u00e1rtica tamb\u00e9m conheceram per\u00edodos acima da m\u00e9dia, enquanto \u00e1reas do Alasca, Canad\u00e1 e sul da Gronel\u00e2ndia viram temperaturas mais frias do que o normal.<\/p>\n<h3>SST e perspetivas<\/h3>\n<p>A temperatura m\u00e9dia da superf\u00edcie do mar em mar\u00e7o foi de 20,97 \u00b0C, o segundo valor mais alto para o m\u00eas. O m\u00eas de mar\u00e7o de 2024 permaneceu como o recorde, ligado a El Ni\u00f1o anterior. A previs\u00e3o aponta para uma transi\u00e7\u00e3o para El Ni\u00f1o na segunda metade do ano, com impactos potenciais na temperatura global.<\/p>\n<h3>Mensagem para pol\u00edticas clim\u00e1ticas<\/h3>\n<p>O C3S destaca que dados fi\u00e1veis, obtidos por sat\u00e9lites, navios e esta\u00e7\u00f5es, s\u00e3o fundamentais para orienta\u00e7\u00e3o de pol\u00edticas p\u00fablicas e adapta\u00e7\u00f5es clim\u00e1ticas. Observa-se press\u00e3o cont\u00ednua no sistema clim\u00e1tico global devido ao aquecimento.<\/p>\n<p>A an\u00e1lise sublinha a necessidade de redu\u00e7\u00e3o de emiss\u00f5es e uma transi\u00e7\u00e3o para energias renov\u00e1veis, adiantando que o atual panorama refor\u00e7a a urg\u00eancia de afastar combust\u00edveis f\u00f3sseis.<\/p>\n","protected":false},"excerpt":{"rendered":"<ul>\n<li>O Servi\u00e7o de Altera\u00e7\u00f5es Clim\u00e1ticas Copernicus (C3S) indica que mar\u00e7o de 2026 foi o segundo mar\u00e7o mais quente j\u00e1 registado a n\u00edvel global.<\/li>\n<li>A temperatura m\u00e9dia na Europa em mar\u00e7o de 2026 atingiu 5,88 \u00b0C, cerca de 2,27 \u00b0C acima da m\u00e9dia de mar\u00e7o entre 1991 e 2020.<\/li>\n<li>A maior parte da Europa teve temperaturas superiores \u00e0 m\u00e9dia, com maior intensidade no noroeste da R\u00fassia, norte da Escandin\u00e1via e Estados B\u00e1lticos; zonas do sul e Isl\u00e2ndia estiveram ligeiramente mais frias.<\/li>\n<li>A precipita\u00e7\u00e3o variou, sendo mais seca na maior parte da Europa continental e mais h\u00famida no norte do Reino Unido, noroeste da R\u00fassia, Escandin\u00e1via, Mediterr\u00e2neo e C\u00e1ucaso, com inunda\u00e7\u00f5es em v\u00e1rios pa\u00edses associadas a tempestades.<\/li>\n<li>A temperatura m\u00e9dia da superf\u00edcie do mar em mar\u00e7o de 2026 foi de 20,97 \u00b0C, o segundo valor mais alto para o m\u00eas, com previs\u00e3o de transi\u00e7\u00e3o para El Ni\u00f1o na segunda metade do ano.<\/li>\n<\/ul>\n","protected":false},"author":2,"featured_media":439361,"comment_status":"closed","ping_status":"closed","sticky":false,"template":"","format":"standard","meta":{"footnotes":""},"categories":[7380],"tags":[7767,2665,5224,174,3603,4364],"class_list":["post-439359","post","type-post","status-publish","format-standard","has-post-thumbnail","hentry","category-clima","tag-_meio-ambiente","tag-alteracoes-climaticas","tag-clima","tag-energia","tag-energias-renovaveis","tag-meteorologia"],"yoast_head":"<!-- This site is optimized with the Yoast SEO plugin v27.2 - https:\/\/yoast.com\/product\/yoast-seo-wordpress\/ -->\n<title>Europa regista segundo mar\u00e7o mais quente ap\u00f3s fevereiro chuvoso - Portal Tela Portugal<\/title>\n<meta name=\"robots\" content=\"index, follow, max-snippet:-1, max-image-preview:large, max-video-preview:-1\" \/>\n<meta property=\"og:locale\" content=\"pt_PT\" \/>\n<meta property=\"og:type\" content=\"article\" \/>\n<meta property=\"og:title\" content=\"Europa regista segundo mar\u00e7o mais quente ap\u00f3s fevereiro chuvoso - Portal Tela Portugal\" \/>\n<meta property=\"og:description\" content=\"O Servi\u00e7o de Altera\u00e7\u00f5es Clim\u00e1ticas Copernicus (C3S) indica que mar\u00e7o de 2026 foi o segundo mar\u00e7o mais quente j\u00e1 registado a n\u00edvel global. A temperatura m\u00e9dia na Europa em mar\u00e7o de 2026 atingiu 5,88 \u00b0C, cerca de 2,27 \u00b0C acima da m\u00e9dia de mar\u00e7o entre 1991 e 2020. A maior parte da Europa teve temperaturas superiores \u00e0 m\u00e9dia, com maior intensidade no noroeste da R\u00fassia, norte da Escandin\u00e1via e Estados B\u00e1lticos; zonas do sul e Isl\u00e2ndia estiveram ligeiramente mais frias. A precipita\u00e7\u00e3o variou, sendo mais seca na maior parte da Europa continental e mais h\u00famida no norte do Reino Unido, noroeste da R\u00fassia, Escandin\u00e1via, Mediterr\u00e2neo e C\u00e1ucaso, com inunda\u00e7\u00f5es em v\u00e1rios pa\u00edses associadas a tempestades. A temperatura m\u00e9dia da superf\u00edcie do mar em mar\u00e7o de 2026 foi de 20,97 \u00b0C, o segundo valor mais alto para o m\u00eas, com previs\u00e3o de transi\u00e7\u00e3o para El Ni\u00f1o na segunda metade do ano.\" \/>\n<meta property=\"og:url\" content=\"https:\/\/portaltela.pt\/noticias\/2026\/04\/10\/europa-regista-segundo-marco-mais-quente-apos-fevereiro-chuvoso\/\" \/>\n<meta property=\"og:site_name\" content=\"Portal Tela Portugal\" \/>\n<meta property=\"article:published_time\" content=\"2026-04-10T13:17:18+00:00\" \/>\n<meta name=\"author\" content=\"Telinha\" \/>\n<meta name=\"twitter:card\" content=\"summary_large_image\" \/>\n<meta name=\"twitter:label1\" content=\"Escrito por\" \/>\n\t<meta name=\"twitter:data1\" content=\"Telinha\" \/>\n\t<meta name=\"twitter:label2\" content=\"Tempo estimado de leitura\" \/>\n\t<meta name=\"twitter:data2\" content=\"2 minutos\" \/>\n<script type=\"application\/ld+json\" class=\"yoast-schema-graph\">{\"@context\":\"https:\/\/schema.org\",\"@graph\":[{\"@type\":\"Article\",\"@id\":\"https:\/\/portaltela.pt\/noticias\/2026\/04\/10\/europa-regista-segundo-marco-mais-quente-apos-fevereiro-chuvoso\/#article\",\"isPartOf\":{\"@id\":\"https:\/\/portaltela.pt\/noticias\/2026\/04\/10\/europa-regista-segundo-marco-mais-quente-apos-fevereiro-chuvoso\/\"},\"author\":{\"name\":\"Telinha\",\"@id\":\"https:\/\/portaltela.pt\/#\/schema\/person\/c4278d4a6028830caff9ee44b42d32ed\"},\"headline\":\"Europa regista segundo mar\u00e7o mais quente ap\u00f3s fevereiro chuvoso\",\"datePublished\":\"2026-04-10T13:17:18+00:00\",\"mainEntityOfPage\":{\"@id\":\"https:\/\/portaltela.pt\/noticias\/2026\/04\/10\/europa-regista-segundo-marco-mais-quente-apos-fevereiro-chuvoso\/\"},\"wordCount\":424,\"image\":{\"@id\":\"https:\/\/portaltela.pt\/noticias\/2026\/04\/10\/europa-regista-segundo-marco-mais-quente-apos-fevereiro-chuvoso\/#primaryimage\"},\"thumbnailUrl\":\"https:\/\/portaltela.pt\/s.01k8rhncp4jt1\/2026\/04\/1536x864_cmsv2_d9bfe1d6-0d8a-5726-a0dd-213d0fb53b6e-9716982.jpg\",\"keywords\":[\"_meio-ambiente\",\"Altera\u00e7\u00f5es Clim\u00e1ticas\",\"clima\",\"energia\",\"energias renov\u00e1veis\",\"meteorologia\"],\"articleSection\":[\"Clima\"],\"inLanguage\":\"pt-PT\"},{\"@type\":\"WebPage\",\"@id\":\"https:\/\/portaltela.pt\/noticias\/2026\/04\/10\/europa-regista-segundo-marco-mais-quente-apos-fevereiro-chuvoso\/\",\"url\":\"https:\/\/portaltela.pt\/noticias\/2026\/04\/10\/europa-regista-segundo-marco-mais-quente-apos-fevereiro-chuvoso\/\",\"name\":\"Europa regista segundo mar\u00e7o mais quente ap\u00f3s fevereiro chuvoso - Portal Tela Portugal\",\"isPartOf\":{\"@id\":\"https:\/\/portaltela.pt\/#website\"},\"primaryImageOfPage\":{\"@id\":\"https:\/\/portaltela.pt\/noticias\/2026\/04\/10\/europa-regista-segundo-marco-mais-quente-apos-fevereiro-chuvoso\/#primaryimage\"},\"image\":{\"@id\":\"https:\/\/portaltela.pt\/noticias\/2026\/04\/10\/europa-regista-segundo-marco-mais-quente-apos-fevereiro-chuvoso\/#primaryimage\"},\"thumbnailUrl\":\"https:\/\/portaltela.pt\/s.01k8rhncp4jt1\/2026\/04\/1536x864_cmsv2_d9bfe1d6-0d8a-5726-a0dd-213d0fb53b6e-9716982.jpg\",\"datePublished\":\"2026-04-10T13:17:18+00:00\",\"author\":{\"@id\":\"https:\/\/portaltela.pt\/#\/schema\/person\/c4278d4a6028830caff9ee44b42d32ed\"},\"breadcrumb\":{\"@id\":\"https:\/\/portaltela.pt\/noticias\/2026\/04\/10\/europa-regista-segundo-marco-mais-quente-apos-fevereiro-chuvoso\/#breadcrumb\"},\"inLanguage\":\"pt-PT\",\"potentialAction\":[{\"@type\":\"ReadAction\",\"target\":[\"https:\/\/portaltela.pt\/noticias\/2026\/04\/10\/europa-regista-segundo-marco-mais-quente-apos-fevereiro-chuvoso\/\"]}]},{\"@type\":\"ImageObject\",\"inLanguage\":\"pt-PT\",\"@id\":\"https:\/\/portaltela.pt\/noticias\/2026\/04\/10\/europa-regista-segundo-marco-mais-quente-apos-fevereiro-chuvoso\/#primaryimage\",\"url\":\"https:\/\/portaltela.pt\/s.01k8rhncp4jt1\/2026\/04\/1536x864_cmsv2_d9bfe1d6-0d8a-5726-a0dd-213d0fb53b6e-9716982.jpg\",\"contentUrl\":\"https:\/\/portaltela.pt\/s.01k8rhncp4jt1\/2026\/04\/1536x864_cmsv2_d9bfe1d6-0d8a-5726-a0dd-213d0fb53b6e-9716982.jpg\",\"width\":796,\"height\":448,\"caption\":\"Casal passeia junto \u00e0 lagoa salgada ao p\u00f4r do sol, na cidade costeira de Larnaca, no sudeste da ilha mediterr\u00e2nica de Chipre, em 5 de setembro de 2022.\"},{\"@type\":\"BreadcrumbList\",\"@id\":\"https:\/\/portaltela.pt\/noticias\/2026\/04\/10\/europa-regista-segundo-marco-mais-quente-apos-fevereiro-chuvoso\/#breadcrumb\",\"itemListElement\":[{\"@type\":\"ListItem\",\"position\":1,\"name\":\"In\u00edcio\",\"item\":\"https:\/\/portaltela.pt\/\"},{\"@type\":\"ListItem\",\"position\":2,\"name\":\"Europa regista segundo mar\u00e7o mais quente ap\u00f3s fevereiro chuvoso\"}]},{\"@type\":\"WebSite\",\"@id\":\"https:\/\/portaltela.pt\/#website\",\"url\":\"https:\/\/portaltela.pt\/\",\"name\":\"Portal Tela Portugal\",\"description\":\"\",\"potentialAction\":[{\"@type\":\"SearchAction\",\"target\":{\"@type\":\"EntryPoint\",\"urlTemplate\":\"https:\/\/portaltela.pt\/?s={search_term_string}\"},\"query-input\":{\"@type\":\"PropertyValueSpecification\",\"valueRequired\":true,\"valueName\":\"search_term_string\"}}],\"inLanguage\":\"pt-PT\"},{\"@type\":\"Person\",\"@id\":\"https:\/\/portaltela.pt\/#\/schema\/person\/c4278d4a6028830caff9ee44b42d32ed\",\"name\":\"Telinha\",\"image\":{\"@type\":\"ImageObject\",\"inLanguage\":\"pt-PT\",\"@id\":\"https:\/\/portaltela.pt\/s.01k8rhncp4jt1\/2025\/11\/talking-bot-125x125.png\",\"url\":\"https:\/\/portaltela.pt\/s.01k8rhncp4jt1\/2025\/11\/talking-bot-125x125.png\",\"contentUrl\":\"https:\/\/portaltela.pt\/s.01k8rhncp4jt1\/2025\/11\/talking-bot-125x125.png\",\"caption\":\"Telinha\"},\"sameAs\":[\"https:\/\/portaltela.pt\/\"],\"url\":\"https:\/\/portaltela.pt\/por\/367410592786\/\"}]}<\/script>\n<!-- \/ Yoast SEO plugin. -->","yoast_head_json":{"title":"Europa regista segundo mar\u00e7o mais quente ap\u00f3s fevereiro chuvoso - Portal Tela Portugal","robots":{"index":"index","follow":"follow","max-snippet":"max-snippet:-1","max-image-preview":"max-image-preview:large","max-video-preview":"max-video-preview:-1"},"og_locale":"pt_PT","og_type":"article","og_title":"Europa regista segundo mar\u00e7o mais quente ap\u00f3s fevereiro chuvoso - Portal Tela Portugal","og_description":"O Servi\u00e7o de Altera\u00e7\u00f5es Clim\u00e1ticas Copernicus (C3S) indica que mar\u00e7o de 2026 foi o segundo mar\u00e7o mais quente j\u00e1 registado a n\u00edvel global. A temperatura m\u00e9dia na Europa em mar\u00e7o de 2026 atingiu 5,88 \u00b0C, cerca de 2,27 \u00b0C acima da m\u00e9dia de mar\u00e7o entre 1991 e 2020. A maior parte da Europa teve temperaturas superiores \u00e0 m\u00e9dia, com maior intensidade no noroeste da R\u00fassia, norte da Escandin\u00e1via e Estados B\u00e1lticos; zonas do sul e Isl\u00e2ndia estiveram ligeiramente mais frias. A precipita\u00e7\u00e3o variou, sendo mais seca na maior parte da Europa continental e mais h\u00famida no norte do Reino Unido, noroeste da R\u00fassia, Escandin\u00e1via, Mediterr\u00e2neo e C\u00e1ucaso, com inunda\u00e7\u00f5es em v\u00e1rios pa\u00edses associadas a tempestades. A temperatura m\u00e9dia da superf\u00edcie do mar em mar\u00e7o de 2026 foi de 20,97 \u00b0C, o segundo valor mais alto para o m\u00eas, com previs\u00e3o de transi\u00e7\u00e3o para El Ni\u00f1o na segunda metade do ano.","og_url":"https:\/\/portaltela.pt\/noticias\/2026\/04\/10\/europa-regista-segundo-marco-mais-quente-apos-fevereiro-chuvoso\/","og_site_name":"Portal Tela Portugal","article_published_time":"2026-04-10T13:17:18+00:00","author":"Telinha","twitter_card":"summary_large_image","twitter_misc":{"Escrito por":"Telinha","Tempo estimado de leitura":"2 minutos"},"schema":{"@context":"https:\/\/schema.org","@graph":[{"@type":"Article","@id":"https:\/\/portaltela.pt\/noticias\/2026\/04\/10\/europa-regista-segundo-marco-mais-quente-apos-fevereiro-chuvoso\/#article","isPartOf":{"@id":"https:\/\/portaltela.pt\/noticias\/2026\/04\/10\/europa-regista-segundo-marco-mais-quente-apos-fevereiro-chuvoso\/"},"author":{"name":"Telinha","@id":"https:\/\/portaltela.pt\/#\/schema\/person\/c4278d4a6028830caff9ee44b42d32ed"},"headline":"Europa regista segundo mar\u00e7o mais quente ap\u00f3s fevereiro chuvoso","datePublished":"2026-04-10T13:17:18+00:00","mainEntityOfPage":{"@id":"https:\/\/portaltela.pt\/noticias\/2026\/04\/10\/europa-regista-segundo-marco-mais-quente-apos-fevereiro-chuvoso\/"},"wordCount":424,"image":{"@id":"https:\/\/portaltela.pt\/noticias\/2026\/04\/10\/europa-regista-segundo-marco-mais-quente-apos-fevereiro-chuvoso\/#primaryimage"},"thumbnailUrl":"https:\/\/portaltela.pt\/s.01k8rhncp4jt1\/2026\/04\/1536x864_cmsv2_d9bfe1d6-0d8a-5726-a0dd-213d0fb53b6e-9716982.jpg","keywords":["_meio-ambiente","Altera\u00e7\u00f5es Clim\u00e1ticas","clima","energia","energias renov\u00e1veis","meteorologia"],"articleSection":["Clima"],"inLanguage":"pt-PT"},{"@type":"WebPage","@id":"https:\/\/portaltela.pt\/noticias\/2026\/04\/10\/europa-regista-segundo-marco-mais-quente-apos-fevereiro-chuvoso\/","url":"https:\/\/portaltela.pt\/noticias\/2026\/04\/10\/europa-regista-segundo-marco-mais-quente-apos-fevereiro-chuvoso\/","name":"Europa regista segundo mar\u00e7o mais quente ap\u00f3s fevereiro chuvoso - Portal Tela Portugal","isPartOf":{"@id":"https:\/\/portaltela.pt\/#website"},"primaryImageOfPage":{"@id":"https:\/\/portaltela.pt\/noticias\/2026\/04\/10\/europa-regista-segundo-marco-mais-quente-apos-fevereiro-chuvoso\/#primaryimage"},"image":{"@id":"https:\/\/portaltela.pt\/noticias\/2026\/04\/10\/europa-regista-segundo-marco-mais-quente-apos-fevereiro-chuvoso\/#primaryimage"},"thumbnailUrl":"https:\/\/portaltela.pt\/s.01k8rhncp4jt1\/2026\/04\/1536x864_cmsv2_d9bfe1d6-0d8a-5726-a0dd-213d0fb53b6e-9716982.jpg","datePublished":"2026-04-10T13:17:18+00:00","author":{"@id":"https:\/\/portaltela.pt\/#\/schema\/person\/c4278d4a6028830caff9ee44b42d32ed"},"breadcrumb":{"@id":"https:\/\/portaltela.pt\/noticias\/2026\/04\/10\/europa-regista-segundo-marco-mais-quente-apos-fevereiro-chuvoso\/#breadcrumb"},"inLanguage":"pt-PT","potentialAction":[{"@type":"ReadAction","target":["https:\/\/portaltela.pt\/noticias\/2026\/04\/10\/europa-regista-segundo-marco-mais-quente-apos-fevereiro-chuvoso\/"]}]},{"@type":"ImageObject","inLanguage":"pt-PT","@id":"https:\/\/portaltela.pt\/noticias\/2026\/04\/10\/europa-regista-segundo-marco-mais-quente-apos-fevereiro-chuvoso\/#primaryimage","url":"https:\/\/portaltela.pt\/s.01k8rhncp4jt1\/2026\/04\/1536x864_cmsv2_d9bfe1d6-0d8a-5726-a0dd-213d0fb53b6e-9716982.jpg","contentUrl":"https:\/\/portaltela.pt\/s.01k8rhncp4jt1\/2026\/04\/1536x864_cmsv2_d9bfe1d6-0d8a-5726-a0dd-213d0fb53b6e-9716982.jpg","width":796,"height":448,"caption":"Casal passeia junto \u00e0 lagoa salgada ao p\u00f4r do sol, na cidade costeira de Larnaca, no sudeste da ilha mediterr\u00e2nica de Chipre, em 5 de setembro de 2022."},{"@type":"BreadcrumbList","@id":"https:\/\/portaltela.pt\/noticias\/2026\/04\/10\/europa-regista-segundo-marco-mais-quente-apos-fevereiro-chuvoso\/#breadcrumb","itemListElement":[{"@type":"ListItem","position":1,"name":"In\u00edcio","item":"https:\/\/portaltela.pt\/"},{"@type":"ListItem","position":2,"name":"Europa regista segundo mar\u00e7o mais quente ap\u00f3s fevereiro chuvoso"}]},{"@type":"WebSite","@id":"https:\/\/portaltela.pt\/#website","url":"https:\/\/portaltela.pt\/","name":"Portal Tela Portugal","description":"","potentialAction":[{"@type":"SearchAction","target":{"@type":"EntryPoint","urlTemplate":"https:\/\/portaltela.pt\/?s={search_term_string}"},"query-input":{"@type":"PropertyValueSpecification","valueRequired":true,"valueName":"search_term_string"}}],"inLanguage":"pt-PT"},{"@type":"Person","@id":"https:\/\/portaltela.pt\/#\/schema\/person\/c4278d4a6028830caff9ee44b42d32ed","name":"Telinha","image":{"@type":"ImageObject","inLanguage":"pt-PT","@id":"https:\/\/portaltela.pt\/s.01k8rhncp4jt1\/2025\/11\/talking-bot-125x125.png","url":"https:\/\/portaltela.pt\/s.01k8rhncp4jt1\/2025\/11\/talking-bot-125x125.png","contentUrl":"https:\/\/portaltela.pt\/s.01k8rhncp4jt1\/2025\/11\/talking-bot-125x125.png","caption":"Telinha"},"sameAs":["https:\/\/portaltela.pt\/"],"url":"https:\/\/portaltela.pt\/por\/367410592786\/"}]}},"_links":{"self":[{"href":"https:\/\/portaltela.pt\/api\/wp\/v2\/posts\/439359","targetHints":{"allow":["GET"]}}],"collection":[{"href":"https:\/\/portaltela.pt\/api\/wp\/v2\/posts"}],"about":[{"href":"https:\/\/portaltela.pt\/api\/wp\/v2\/types\/post"}],"author":[{"embeddable":true,"href":"https:\/\/portaltela.pt\/api\/wp\/v2\/users\/2"}],"replies":[{"embeddable":true,"href":"https:\/\/portaltela.pt\/api\/wp\/v2\/comments?post=439359"}],"version-history":[{"count":0,"href":"https:\/\/portaltela.pt\/api\/wp\/v2\/posts\/439359\/revisions"}],"wp:featuredmedia":[{"embeddable":true,"href":"https:\/\/portaltela.pt\/api\/wp\/v2\/media\/439361"}],"wp:attachment":[{"href":"https:\/\/portaltela.pt\/api\/wp\/v2\/media?parent=439359"}],"wp:term":[{"taxonomy":"category","embeddable":true,"href":"https:\/\/portaltela.pt\/api\/wp\/v2\/categories?post=439359"},{"taxonomy":"post_tag","embeddable":true,"href":"https:\/\/portaltela.pt\/api\/wp\/v2\/tags?post=439359"}],"curies":[{"name":"wp","href":"https:\/\/api.w.org\/{rel}","templated":true}]}}