{"id":439355,"date":"2026-04-10T10:17:13","date_gmt":"2026-04-10T13:17:13","guid":{"rendered":"https:\/\/portaltela.pt\/noticias\/2026\/04\/10\/parlamento-levanta-imunidade-a-joao-ribeiro-alvo-de-processo-por-difamacao\/"},"modified":"2026-04-10T10:17:13","modified_gmt":"2026-04-10T13:17:13","slug":"parlamento-levanta-imunidade-a-joao-ribeiro-alvo-de-processo-por-difamacao","status":"publish","type":"post","link":"https:\/\/portaltela.pt\/noticias\/politica\/2026\/04\/10\/parlamento-levanta-imunidade-a-joao-ribeiro-alvo-de-processo-por-difamacao\/","title":{"rendered":"Parlamento levanta imunidade a Jo\u00e3o Ribeiro, alvo de processo por difama\u00e7\u00e3o"},"content":{"rendered":"<p>O Parlamento aprovou, por unanimidade, o parecer da Comiss\u00e3o da Transpar\u00eancia que autoriza o levantamento da imunidade ao deputado Jo\u00e3o Ribeiro, do Chega. O processo \u00e9 por difama\u00e7\u00e3o, relacionado com um diferendo empresarial.<\/p>\n<p>O processo tramita no Tribunal Judicial da Comarca de Castelo Branco, regi\u00e3o onde Ribeiro foi eleito nas \u00faltimas elei\u00e7\u00f5es legislativas. O deputado, de 38 anos, \u00e9 tamb\u00e9m gestor acad\u00e9mico de forma\u00e7\u00e3o e exerce fun\u00e7\u00f5es no setor privado.<\/p>\n<p>Segundo Ribeiro, nunca houve oposi\u00e7\u00e3o ao levantamento da imunidade em contextos de natureza empresarial. O Chega declarou n\u00e3o se opor ao procedimento, acrescentando que n\u00e3o houve obje\u00e7\u00f5es por parte do partido.<\/p>\n<h3>Contexto institucional<\/h3>\n<p>Jo\u00e3o Ribeiro \u00e9 membro da Comiss\u00e3o de Or\u00e7amento, Finan\u00e7as e Administra\u00e7\u00e3o P\u00fablica e suplente na Comiss\u00e3o de Economia e Coes\u00e3o Territorial. \u00c9 ainda vice-presidente da Comiss\u00e3o da Reforma do Estado e Poder Local. O caso continua sem indica\u00e7\u00e3o de prazos para a decis\u00e3o judicial.<\/p>\n<p>Fonte: ag\u00eancia Lusa.<\/p>\n","protected":false},"excerpt":{"rendered":"<ul>\n<li>A Assembleia da Rep\u00fablica aprovou, por unanimidade, o levantamento da imunidade ao deputado Jo\u00e3o Ribeiro, do Chega, alvo de um processo por difama\u00e7\u00e3o.<\/li>\n<li>O processo corre no Tribunal Judicial da Comarca de Castelo Branco, regi\u00e3o onde o deputado foi eleito nas \u00faltimas elei\u00e7\u00f5es legislativas.<\/li>\n<li>Jo\u00e3o Ribeiro, 38 anos, \u00e9 gestor acad\u00e9mico e administrador de profiss\u00e3o, com atua\u00e7\u00e3o em v\u00e1rias comiss\u00f5es da Assembleia.<\/li>\n<li>O pr\u00f3prio deputado afirmou que, desde o in\u00edcio, n\u00e3o se op\u00f5e ao levantamento da imunidade num processo de natureza empresarial e que o Chega acompanha o tema.<\/li>\n<li>Al\u00e9m de deputado, Jo\u00e3o Ribeiro \u00e9 membro da Comiss\u00e3o de Or\u00e7amento, Finan\u00e7as e Administra\u00e7\u00e3o P\u00fablica, suplente na Comiss\u00e3o de Economia e Coes\u00e3o Territorial e vice-presidente da Comiss\u00e3o da Reforma do Estado e Poder Local.<\/li>\n<\/ul>\n","protected":false},"author":2,"featured_media":439358,"comment_status":"closed","ping_status":"closed","sticky":false,"template":"","format":"standard","meta":{"footnotes":""},"categories":[1,5],"tags":[1112,2442,215,5661,2832,6208],"class_list":["post-439355","post","type-post","status-publish","format-standard","has-post-thumbnail","hentry","category-noticias","category-politica","tag-castelo-branco","tag-difamacao","tag-investigacao","tag-pessoas-publicas","tag-politica","tag-tribunais"],"yoast_head":"<!-- This site is optimized with the Yoast SEO plugin v27.2 - https:\/\/yoast.com\/product\/yoast-seo-wordpress\/ -->\n<title>Parlamento levanta imunidade a Jo\u00e3o Ribeiro, alvo de processo por difama\u00e7\u00e3o - Portal Tela Portugal<\/title>\n<meta name=\"robots\" content=\"index, follow, max-snippet:-1, max-image-preview:large, max-video-preview:-1\" \/>\n<meta property=\"og:locale\" content=\"pt_PT\" \/>\n<meta property=\"og:type\" content=\"article\" \/>\n<meta property=\"og:title\" content=\"Parlamento levanta imunidade a Jo\u00e3o Ribeiro, alvo de processo por difama\u00e7\u00e3o - Portal Tela Portugal\" \/>\n<meta property=\"og:description\" content=\"A Assembleia da Rep\u00fablica aprovou, por unanimidade, o levantamento da imunidade ao deputado Jo\u00e3o Ribeiro, do Chega, alvo de um processo por difama\u00e7\u00e3o. O processo corre no Tribunal Judicial da Comarca de Castelo Branco, regi\u00e3o onde o deputado foi eleito nas \u00faltimas elei\u00e7\u00f5es legislativas. Jo\u00e3o Ribeiro, 38 anos, \u00e9 gestor acad\u00e9mico e administrador de profiss\u00e3o, com atua\u00e7\u00e3o em v\u00e1rias comiss\u00f5es da Assembleia. O pr\u00f3prio deputado afirmou que, desde o in\u00edcio, n\u00e3o se op\u00f5e ao levantamento da imunidade num processo de natureza empresarial e que o Chega acompanha o tema. Al\u00e9m de deputado, Jo\u00e3o Ribeiro \u00e9 membro da Comiss\u00e3o de Or\u00e7amento, Finan\u00e7as e Administra\u00e7\u00e3o P\u00fablica, suplente na Comiss\u00e3o de Economia e Coes\u00e3o Territorial e vice-presidente da Comiss\u00e3o da Reforma do Estado e Poder Local.\" \/>\n<meta property=\"og:url\" content=\"https:\/\/portaltela.pt\/noticias\/2026\/04\/10\/parlamento-levanta-imunidade-a-joao-ribeiro-alvo-de-processo-por-difamacao\/\" \/>\n<meta property=\"og:site_name\" content=\"Portal Tela Portugal\" \/>\n<meta property=\"article:published_time\" content=\"2026-04-10T13:17:13+00:00\" \/>\n<meta name=\"author\" content=\"Telinha\" \/>\n<meta name=\"twitter:card\" content=\"summary_large_image\" \/>\n<meta name=\"twitter:label1\" content=\"Escrito por\" \/>\n\t<meta name=\"twitter:data1\" content=\"Telinha\" \/>\n\t<meta name=\"twitter:label2\" content=\"Tempo estimado de leitura\" \/>\n\t<meta name=\"twitter:data2\" content=\"1 minuto\" \/>\n<script type=\"application\/ld+json\" class=\"yoast-schema-graph\">{\"@context\":\"https:\/\/schema.org\",\"@graph\":[{\"@type\":\"Article\",\"@id\":\"https:\/\/portaltela.pt\/noticias\/2026\/04\/10\/parlamento-levanta-imunidade-a-joao-ribeiro-alvo-de-processo-por-difamacao\/#article\",\"isPartOf\":{\"@id\":\"https:\/\/portaltela.pt\/noticias\/2026\/04\/10\/parlamento-levanta-imunidade-a-joao-ribeiro-alvo-de-processo-por-difamacao\/\"},\"author\":{\"name\":\"Telinha\",\"@id\":\"https:\/\/portaltela.pt\/#\/schema\/person\/c4278d4a6028830caff9ee44b42d32ed\"},\"headline\":\"Parlamento levanta imunidade a Jo\u00e3o Ribeiro, alvo de processo por difama\u00e7\u00e3o\",\"datePublished\":\"2026-04-10T13:17:13+00:00\",\"mainEntityOfPage\":{\"@id\":\"https:\/\/portaltela.pt\/noticias\/2026\/04\/10\/parlamento-levanta-imunidade-a-joao-ribeiro-alvo-de-processo-por-difamacao\/\"},\"wordCount\":184,\"image\":{\"@id\":\"https:\/\/portaltela.pt\/noticias\/2026\/04\/10\/parlamento-levanta-imunidade-a-joao-ribeiro-alvo-de-processo-por-difamacao\/#primaryimage\"},\"thumbnailUrl\":\"https:\/\/portaltela.pt\/s.01k8rhncp4jt1\/2026\/04\/img_1500x1000uu2025-03-13-18-41-19-2197902-im-639114268223036179.jpg\",\"keywords\":[\"Castelo Branco\",\"difama\u00e7\u00e3o\",\"investiga\u00e7\u00e3o\",\"pessoas p\u00fablicas\",\"pol\u00edtica\",\"Tribunais\"],\"articleSection\":[\"Not\u00edcias\",\"Pol\u00edtica\"],\"inLanguage\":\"pt-PT\"},{\"@type\":\"WebPage\",\"@id\":\"https:\/\/portaltela.pt\/noticias\/2026\/04\/10\/parlamento-levanta-imunidade-a-joao-ribeiro-alvo-de-processo-por-difamacao\/\",\"url\":\"https:\/\/portaltela.pt\/noticias\/2026\/04\/10\/parlamento-levanta-imunidade-a-joao-ribeiro-alvo-de-processo-por-difamacao\/\",\"name\":\"Parlamento levanta imunidade a Jo\u00e3o Ribeiro, alvo de processo por difama\u00e7\u00e3o - Portal Tela Portugal\",\"isPartOf\":{\"@id\":\"https:\/\/portaltela.pt\/#website\"},\"primaryImageOfPage\":{\"@id\":\"https:\/\/portaltela.pt\/noticias\/2026\/04\/10\/parlamento-levanta-imunidade-a-joao-ribeiro-alvo-de-processo-por-difamacao\/#primaryimage\"},\"image\":{\"@id\":\"https:\/\/portaltela.pt\/noticias\/2026\/04\/10\/parlamento-levanta-imunidade-a-joao-ribeiro-alvo-de-processo-por-difamacao\/#primaryimage\"},\"thumbnailUrl\":\"https:\/\/portaltela.pt\/s.01k8rhncp4jt1\/2026\/04\/img_1500x1000uu2025-03-13-18-41-19-2197902-im-639114268223036179.jpg\",\"datePublished\":\"2026-04-10T13:17:13+00:00\",\"author\":{\"@id\":\"https:\/\/portaltela.pt\/#\/schema\/person\/c4278d4a6028830caff9ee44b42d32ed\"},\"breadcrumb\":{\"@id\":\"https:\/\/portaltela.pt\/noticias\/2026\/04\/10\/parlamento-levanta-imunidade-a-joao-ribeiro-alvo-de-processo-por-difamacao\/#breadcrumb\"},\"inLanguage\":\"pt-PT\",\"potentialAction\":[{\"@type\":\"ReadAction\",\"target\":[\"https:\/\/portaltela.pt\/noticias\/2026\/04\/10\/parlamento-levanta-imunidade-a-joao-ribeiro-alvo-de-processo-por-difamacao\/\"]}]},{\"@type\":\"ImageObject\",\"inLanguage\":\"pt-PT\",\"@id\":\"https:\/\/portaltela.pt\/noticias\/2026\/04\/10\/parlamento-levanta-imunidade-a-joao-ribeiro-alvo-de-processo-por-difamacao\/#primaryimage\",\"url\":\"https:\/\/portaltela.pt\/s.01k8rhncp4jt1\/2026\/04\/img_1500x1000uu2025-03-13-18-41-19-2197902-im-639114268223036179.jpg\",\"contentUrl\":\"https:\/\/portaltela.pt\/s.01k8rhncp4jt1\/2026\/04\/img_1500x1000uu2025-03-13-18-41-19-2197902-im-639114268223036179.jpg\",\"width\":796,\"height\":448,\"caption\":\"Jo\u00e3o Ribeiro, do Chega\"},{\"@type\":\"BreadcrumbList\",\"@id\":\"https:\/\/portaltela.pt\/noticias\/2026\/04\/10\/parlamento-levanta-imunidade-a-joao-ribeiro-alvo-de-processo-por-difamacao\/#breadcrumb\",\"itemListElement\":[{\"@type\":\"ListItem\",\"position\":1,\"name\":\"In\u00edcio\",\"item\":\"https:\/\/portaltela.pt\/\"},{\"@type\":\"ListItem\",\"position\":2,\"name\":\"Parlamento levanta imunidade a Jo\u00e3o Ribeiro, alvo de processo por difama\u00e7\u00e3o\"}]},{\"@type\":\"WebSite\",\"@id\":\"https:\/\/portaltela.pt\/#website\",\"url\":\"https:\/\/portaltela.pt\/\",\"name\":\"Portal Tela Portugal\",\"description\":\"\",\"potentialAction\":[{\"@type\":\"SearchAction\",\"target\":{\"@type\":\"EntryPoint\",\"urlTemplate\":\"https:\/\/portaltela.pt\/?s={search_term_string}\"},\"query-input\":{\"@type\":\"PropertyValueSpecification\",\"valueRequired\":true,\"valueName\":\"search_term_string\"}}],\"inLanguage\":\"pt-PT\"},{\"@type\":\"Person\",\"@id\":\"https:\/\/portaltela.pt\/#\/schema\/person\/c4278d4a6028830caff9ee44b42d32ed\",\"name\":\"Telinha\",\"image\":{\"@type\":\"ImageObject\",\"inLanguage\":\"pt-PT\",\"@id\":\"https:\/\/portaltela.pt\/s.01k8rhncp4jt1\/2025\/11\/talking-bot-125x125.png\",\"url\":\"https:\/\/portaltela.pt\/s.01k8rhncp4jt1\/2025\/11\/talking-bot-125x125.png\",\"contentUrl\":\"https:\/\/portaltela.pt\/s.01k8rhncp4jt1\/2025\/11\/talking-bot-125x125.png\",\"caption\":\"Telinha\"},\"sameAs\":[\"https:\/\/portaltela.pt\/\"],\"url\":\"https:\/\/portaltela.pt\/por\/367410592786\/\"}]}<\/script>\n<!-- \/ Yoast SEO plugin. -->","yoast_head_json":{"title":"Parlamento levanta imunidade a Jo\u00e3o Ribeiro, alvo de processo por difama\u00e7\u00e3o - Portal Tela Portugal","robots":{"index":"index","follow":"follow","max-snippet":"max-snippet:-1","max-image-preview":"max-image-preview:large","max-video-preview":"max-video-preview:-1"},"og_locale":"pt_PT","og_type":"article","og_title":"Parlamento levanta imunidade a Jo\u00e3o Ribeiro, alvo de processo por difama\u00e7\u00e3o - Portal Tela Portugal","og_description":"A Assembleia da Rep\u00fablica aprovou, por unanimidade, o levantamento da imunidade ao deputado Jo\u00e3o Ribeiro, do Chega, alvo de um processo por difama\u00e7\u00e3o. O processo corre no Tribunal Judicial da Comarca de Castelo Branco, regi\u00e3o onde o deputado foi eleito nas \u00faltimas elei\u00e7\u00f5es legislativas. Jo\u00e3o Ribeiro, 38 anos, \u00e9 gestor acad\u00e9mico e administrador de profiss\u00e3o, com atua\u00e7\u00e3o em v\u00e1rias comiss\u00f5es da Assembleia. O pr\u00f3prio deputado afirmou que, desde o in\u00edcio, n\u00e3o se op\u00f5e ao levantamento da imunidade num processo de natureza empresarial e que o Chega acompanha o tema. Al\u00e9m de deputado, Jo\u00e3o Ribeiro \u00e9 membro da Comiss\u00e3o de Or\u00e7amento, Finan\u00e7as e Administra\u00e7\u00e3o P\u00fablica, suplente na Comiss\u00e3o de Economia e Coes\u00e3o Territorial e vice-presidente da Comiss\u00e3o da Reforma do Estado e Poder Local.","og_url":"https:\/\/portaltela.pt\/noticias\/2026\/04\/10\/parlamento-levanta-imunidade-a-joao-ribeiro-alvo-de-processo-por-difamacao\/","og_site_name":"Portal Tela Portugal","article_published_time":"2026-04-10T13:17:13+00:00","author":"Telinha","twitter_card":"summary_large_image","twitter_misc":{"Escrito por":"Telinha","Tempo estimado de leitura":"1 minuto"},"schema":{"@context":"https:\/\/schema.org","@graph":[{"@type":"Article","@id":"https:\/\/portaltela.pt\/noticias\/2026\/04\/10\/parlamento-levanta-imunidade-a-joao-ribeiro-alvo-de-processo-por-difamacao\/#article","isPartOf":{"@id":"https:\/\/portaltela.pt\/noticias\/2026\/04\/10\/parlamento-levanta-imunidade-a-joao-ribeiro-alvo-de-processo-por-difamacao\/"},"author":{"name":"Telinha","@id":"https:\/\/portaltela.pt\/#\/schema\/person\/c4278d4a6028830caff9ee44b42d32ed"},"headline":"Parlamento levanta imunidade a Jo\u00e3o Ribeiro, alvo de processo por difama\u00e7\u00e3o","datePublished":"2026-04-10T13:17:13+00:00","mainEntityOfPage":{"@id":"https:\/\/portaltela.pt\/noticias\/2026\/04\/10\/parlamento-levanta-imunidade-a-joao-ribeiro-alvo-de-processo-por-difamacao\/"},"wordCount":184,"image":{"@id":"https:\/\/portaltela.pt\/noticias\/2026\/04\/10\/parlamento-levanta-imunidade-a-joao-ribeiro-alvo-de-processo-por-difamacao\/#primaryimage"},"thumbnailUrl":"https:\/\/portaltela.pt\/s.01k8rhncp4jt1\/2026\/04\/img_1500x1000uu2025-03-13-18-41-19-2197902-im-639114268223036179.jpg","keywords":["Castelo Branco","difama\u00e7\u00e3o","investiga\u00e7\u00e3o","pessoas p\u00fablicas","pol\u00edtica","Tribunais"],"articleSection":["Not\u00edcias","Pol\u00edtica"],"inLanguage":"pt-PT"},{"@type":"WebPage","@id":"https:\/\/portaltela.pt\/noticias\/2026\/04\/10\/parlamento-levanta-imunidade-a-joao-ribeiro-alvo-de-processo-por-difamacao\/","url":"https:\/\/portaltela.pt\/noticias\/2026\/04\/10\/parlamento-levanta-imunidade-a-joao-ribeiro-alvo-de-processo-por-difamacao\/","name":"Parlamento levanta imunidade a Jo\u00e3o Ribeiro, alvo de processo por difama\u00e7\u00e3o - Portal Tela Portugal","isPartOf":{"@id":"https:\/\/portaltela.pt\/#website"},"primaryImageOfPage":{"@id":"https:\/\/portaltela.pt\/noticias\/2026\/04\/10\/parlamento-levanta-imunidade-a-joao-ribeiro-alvo-de-processo-por-difamacao\/#primaryimage"},"image":{"@id":"https:\/\/portaltela.pt\/noticias\/2026\/04\/10\/parlamento-levanta-imunidade-a-joao-ribeiro-alvo-de-processo-por-difamacao\/#primaryimage"},"thumbnailUrl":"https:\/\/portaltela.pt\/s.01k8rhncp4jt1\/2026\/04\/img_1500x1000uu2025-03-13-18-41-19-2197902-im-639114268223036179.jpg","datePublished":"2026-04-10T13:17:13+00:00","author":{"@id":"https:\/\/portaltela.pt\/#\/schema\/person\/c4278d4a6028830caff9ee44b42d32ed"},"breadcrumb":{"@id":"https:\/\/portaltela.pt\/noticias\/2026\/04\/10\/parlamento-levanta-imunidade-a-joao-ribeiro-alvo-de-processo-por-difamacao\/#breadcrumb"},"inLanguage":"pt-PT","potentialAction":[{"@type":"ReadAction","target":["https:\/\/portaltela.pt\/noticias\/2026\/04\/10\/parlamento-levanta-imunidade-a-joao-ribeiro-alvo-de-processo-por-difamacao\/"]}]},{"@type":"ImageObject","inLanguage":"pt-PT","@id":"https:\/\/portaltela.pt\/noticias\/2026\/04\/10\/parlamento-levanta-imunidade-a-joao-ribeiro-alvo-de-processo-por-difamacao\/#primaryimage","url":"https:\/\/portaltela.pt\/s.01k8rhncp4jt1\/2026\/04\/img_1500x1000uu2025-03-13-18-41-19-2197902-im-639114268223036179.jpg","contentUrl":"https:\/\/portaltela.pt\/s.01k8rhncp4jt1\/2026\/04\/img_1500x1000uu2025-03-13-18-41-19-2197902-im-639114268223036179.jpg","width":796,"height":448,"caption":"Jo\u00e3o Ribeiro, do Chega"},{"@type":"BreadcrumbList","@id":"https:\/\/portaltela.pt\/noticias\/2026\/04\/10\/parlamento-levanta-imunidade-a-joao-ribeiro-alvo-de-processo-por-difamacao\/#breadcrumb","itemListElement":[{"@type":"ListItem","position":1,"name":"In\u00edcio","item":"https:\/\/portaltela.pt\/"},{"@type":"ListItem","position":2,"name":"Parlamento levanta imunidade a Jo\u00e3o Ribeiro, alvo de processo por difama\u00e7\u00e3o"}]},{"@type":"WebSite","@id":"https:\/\/portaltela.pt\/#website","url":"https:\/\/portaltela.pt\/","name":"Portal Tela Portugal","description":"","potentialAction":[{"@type":"SearchAction","target":{"@type":"EntryPoint","urlTemplate":"https:\/\/portaltela.pt\/?s={search_term_string}"},"query-input":{"@type":"PropertyValueSpecification","valueRequired":true,"valueName":"search_term_string"}}],"inLanguage":"pt-PT"},{"@type":"Person","@id":"https:\/\/portaltela.pt\/#\/schema\/person\/c4278d4a6028830caff9ee44b42d32ed","name":"Telinha","image":{"@type":"ImageObject","inLanguage":"pt-PT","@id":"https:\/\/portaltela.pt\/s.01k8rhncp4jt1\/2025\/11\/talking-bot-125x125.png","url":"https:\/\/portaltela.pt\/s.01k8rhncp4jt1\/2025\/11\/talking-bot-125x125.png","contentUrl":"https:\/\/portaltela.pt\/s.01k8rhncp4jt1\/2025\/11\/talking-bot-125x125.png","caption":"Telinha"},"sameAs":["https:\/\/portaltela.pt\/"],"url":"https:\/\/portaltela.pt\/por\/367410592786\/"}]}},"_links":{"self":[{"href":"https:\/\/portaltela.pt\/api\/wp\/v2\/posts\/439355","targetHints":{"allow":["GET"]}}],"collection":[{"href":"https:\/\/portaltela.pt\/api\/wp\/v2\/posts"}],"about":[{"href":"https:\/\/portaltela.pt\/api\/wp\/v2\/types\/post"}],"author":[{"embeddable":true,"href":"https:\/\/portaltela.pt\/api\/wp\/v2\/users\/2"}],"replies":[{"embeddable":true,"href":"https:\/\/portaltela.pt\/api\/wp\/v2\/comments?post=439355"}],"version-history":[{"count":0,"href":"https:\/\/portaltela.pt\/api\/wp\/v2\/posts\/439355\/revisions"}],"wp:featuredmedia":[{"embeddable":true,"href":"https:\/\/portaltela.pt\/api\/wp\/v2\/media\/439358"}],"wp:attachment":[{"href":"https:\/\/portaltela.pt\/api\/wp\/v2\/media?parent=439355"}],"wp:term":[{"taxonomy":"category","embeddable":true,"href":"https:\/\/portaltela.pt\/api\/wp\/v2\/categories?post=439355"},{"taxonomy":"post_tag","embeddable":true,"href":"https:\/\/portaltela.pt\/api\/wp\/v2\/tags?post=439355"}],"curies":[{"name":"wp","href":"https:\/\/api.w.org\/{rel}","templated":true}]}}