{"id":439354,"date":"2026-04-10T10:17:13","date_gmt":"2026-04-10T13:17:13","guid":{"rendered":"https:\/\/portaltela.pt\/noticias\/2026\/04\/10\/montenegro-exclui-privatizacao-mas-quer-cgd-executar-politicas-publicas\/"},"modified":"2026-04-10T10:17:13","modified_gmt":"2026-04-10T13:17:13","slug":"montenegro-exclui-privatizacao-mas-quer-cgd-executar-politicas-publicas","status":"publish","type":"post","link":"https:\/\/portaltela.pt\/noticias\/economia\/2026\/04\/10\/montenegro-exclui-privatizacao-mas-quer-cgd-executar-politicas-publicas\/","title":{"rendered":"Montenegro exclui privatiza\u00e7\u00e3o, mas quer CGD executar pol\u00edticas p\u00fablicas"},"content":{"rendered":"<p>O Primeiro-Ministro Lu\u00eds Montenegro afirmou que a privatiza\u00e7\u00e3o da Caixa Geral de Dep\u00f3sitos (CGD) n\u00e3o est\u00e1 em cima da mesa, mantendo a CGD na esfera p\u00fablica. A posi\u00e7\u00e3o foi comunicada durante um evento de celebra\u00e7\u00e3o dos 150 anos do banco p\u00fablico.<\/p>\n<p>A declara\u00e7\u00e3o surge no contexto de debates sobre o papel da CGD na execu\u00e7\u00e3o de pol\u00edticas p\u00fablicas, com Montenegro a sublinhar a import\u00e2ncia social da institui\u00e7\u00e3o e a sua fun\u00e7\u00e3o de estabiliza\u00e7\u00e3o do sistema financeiro nacional. O chefe do Governo elogiou tamb\u00e9m o desempenho da CGD sob lideran\u00e7a de Paulo Macedo.<\/p>\n<p>No mesmo ato, Ant\u00f3nio Farinha Morais, presidente do conselho de administra\u00e7\u00e3o da CGD, preservou a vis\u00e3o institucional da banca p\u00fablica, lembrando que a CGD tem historicamente estado ligada ao Estado. O encontro reuniu v\u00e1rias personalidades pol\u00edticas e financeiras, refor\u00e7ando o alinhamento entre Governo, CGD e o papel social da institui\u00e7\u00e3o.<\/p>\n","protected":false},"excerpt":{"rendered":"<ul>\n<li>Montenegro garantiu que a privatiza\u00e7\u00e3o da Caixa Geral de Dep\u00f3sitos n\u00e3o \u00e9 uma hip\u00f3tese enquanto for primeiro-ministro.<\/li>\n<li>O primeiro-ministro afirmou que a CGD deve executar pol\u00edticas p\u00fablicas e manter-se na esfera p\u00fablica pelo seu papel social e de estabiliza\u00e7\u00e3o do sistema financeiro.<\/li>\n<li>O an\u00fancio foi feito durante o evento dos 150 anos da CGD, com a presen\u00e7a de Lu\u00eds Montenegro e do presidente do conselho de administra\u00e7\u00e3o, Ant\u00f3nio Farinha Morais.<\/li>\n<li>Ant\u00f3nio Farinha Morais disse: \u201cA Caixa \u00e9, foi e continuar\u00e1 a ser uma institui\u00e7\u00e3o do Estado\u201d, destacando o papel do banco p\u00fablico.<\/li>\n<li>O presidente do conselho elogiou Paulo Macedo e referiu-se aos dividendos pagos pela CGD.<\/li>\n<\/ul>\n","protected":false},"author":2,"featured_media":439357,"comment_status":"closed","ping_status":"closed","sticky":false,"template":"","format":"standard","meta":{"footnotes":""},"categories":[2,6850],"tags":[6115,733,34,7283,5108,1014],"class_list":["post-439354","post","type-post","status-publish","format-standard","has-post-thumbnail","hentry","category-economia","category-financas","tag-_economia","tag-financas-publicas","tag-governo","tag-instituicao-publica","tag-poder-publico","tag-portugal"],"yoast_head":"<!-- This site is optimized with the Yoast SEO plugin v27.2 - https:\/\/yoast.com\/product\/yoast-seo-wordpress\/ -->\n<title>Montenegro exclui privatiza\u00e7\u00e3o, mas quer CGD executar pol\u00edticas p\u00fablicas - Portal Tela Portugal<\/title>\n<meta name=\"robots\" content=\"index, follow, max-snippet:-1, max-image-preview:large, max-video-preview:-1\" \/>\n<meta property=\"og:locale\" content=\"pt_PT\" \/>\n<meta property=\"og:type\" content=\"article\" \/>\n<meta property=\"og:title\" content=\"Montenegro exclui privatiza\u00e7\u00e3o, mas quer CGD executar pol\u00edticas p\u00fablicas - Portal Tela Portugal\" \/>\n<meta property=\"og:description\" content=\"Montenegro garantiu que a privatiza\u00e7\u00e3o da Caixa Geral de Dep\u00f3sitos n\u00e3o \u00e9 uma hip\u00f3tese enquanto for primeiro-ministro. O primeiro-ministro afirmou que a CGD deve executar pol\u00edticas p\u00fablicas e manter-se na esfera p\u00fablica pelo seu papel social e de estabiliza\u00e7\u00e3o do sistema financeiro. O an\u00fancio foi feito durante o evento dos 150 anos da CGD, com a presen\u00e7a de Lu\u00eds Montenegro e do presidente do conselho de administra\u00e7\u00e3o, Ant\u00f3nio Farinha Morais. Ant\u00f3nio Farinha Morais disse: \u201cA Caixa \u00e9, foi e continuar\u00e1 a ser uma institui\u00e7\u00e3o do Estado\u201d, destacando o papel do banco p\u00fablico. O presidente do conselho elogiou Paulo Macedo e referiu-se aos dividendos pagos pela CGD.\" \/>\n<meta property=\"og:url\" content=\"https:\/\/portaltela.pt\/noticias\/2026\/04\/10\/montenegro-exclui-privatizacao-mas-quer-cgd-executar-politicas-publicas\/\" \/>\n<meta property=\"og:site_name\" content=\"Portal Tela Portugal\" \/>\n<meta property=\"article:published_time\" content=\"2026-04-10T13:17:13+00:00\" \/>\n<meta name=\"author\" content=\"Telinha\" \/>\n<meta name=\"twitter:card\" content=\"summary_large_image\" \/>\n<meta name=\"twitter:label1\" content=\"Escrito por\" \/>\n\t<meta name=\"twitter:data1\" content=\"Telinha\" \/>\n\t<meta name=\"twitter:label2\" content=\"Tempo estimado de leitura\" \/>\n\t<meta name=\"twitter:data2\" content=\"1 minuto\" \/>\n<script type=\"application\/ld+json\" class=\"yoast-schema-graph\">{\"@context\":\"https:\/\/schema.org\",\"@graph\":[{\"@type\":\"Article\",\"@id\":\"https:\/\/portaltela.pt\/noticias\/2026\/04\/10\/montenegro-exclui-privatizacao-mas-quer-cgd-executar-politicas-publicas\/#article\",\"isPartOf\":{\"@id\":\"https:\/\/portaltela.pt\/noticias\/2026\/04\/10\/montenegro-exclui-privatizacao-mas-quer-cgd-executar-politicas-publicas\/\"},\"author\":{\"name\":\"Telinha\",\"@id\":\"https:\/\/portaltela.pt\/#\/schema\/person\/c4278d4a6028830caff9ee44b42d32ed\"},\"headline\":\"Montenegro exclui privatiza\u00e7\u00e3o, mas quer CGD executar pol\u00edticas p\u00fablicas\",\"datePublished\":\"2026-04-10T13:17:13+00:00\",\"mainEntityOfPage\":{\"@id\":\"https:\/\/portaltela.pt\/noticias\/2026\/04\/10\/montenegro-exclui-privatizacao-mas-quer-cgd-executar-politicas-publicas\/\"},\"wordCount\":179,\"image\":{\"@id\":\"https:\/\/portaltela.pt\/noticias\/2026\/04\/10\/montenegro-exclui-privatizacao-mas-quer-cgd-executar-politicas-publicas\/#primaryimage\"},\"thumbnailUrl\":\"https:\/\/portaltela.pt\/s.01k8rhncp4jt1\/2026\/04\/2080483.jpg\",\"keywords\":[\"_economia\",\"finan\u00e7as p\u00fablicas\",\"governo\",\"institui\u00e7\u00e3o p\u00fablica\",\"poder p\u00fablico\",\"Portugal\"],\"articleSection\":[\"Economia\",\"Finan\u00e7as\"],\"inLanguage\":\"pt-PT\"},{\"@type\":\"WebPage\",\"@id\":\"https:\/\/portaltela.pt\/noticias\/2026\/04\/10\/montenegro-exclui-privatizacao-mas-quer-cgd-executar-politicas-publicas\/\",\"url\":\"https:\/\/portaltela.pt\/noticias\/2026\/04\/10\/montenegro-exclui-privatizacao-mas-quer-cgd-executar-politicas-publicas\/\",\"name\":\"Montenegro exclui privatiza\u00e7\u00e3o, mas quer CGD executar pol\u00edticas p\u00fablicas - Portal Tela Portugal\",\"isPartOf\":{\"@id\":\"https:\/\/portaltela.pt\/#website\"},\"primaryImageOfPage\":{\"@id\":\"https:\/\/portaltela.pt\/noticias\/2026\/04\/10\/montenegro-exclui-privatizacao-mas-quer-cgd-executar-politicas-publicas\/#primaryimage\"},\"image\":{\"@id\":\"https:\/\/portaltela.pt\/noticias\/2026\/04\/10\/montenegro-exclui-privatizacao-mas-quer-cgd-executar-politicas-publicas\/#primaryimage\"},\"thumbnailUrl\":\"https:\/\/portaltela.pt\/s.01k8rhncp4jt1\/2026\/04\/2080483.jpg\",\"datePublished\":\"2026-04-10T13:17:13+00:00\",\"author\":{\"@id\":\"https:\/\/portaltela.pt\/#\/schema\/person\/c4278d4a6028830caff9ee44b42d32ed\"},\"breadcrumb\":{\"@id\":\"https:\/\/portaltela.pt\/noticias\/2026\/04\/10\/montenegro-exclui-privatizacao-mas-quer-cgd-executar-politicas-publicas\/#breadcrumb\"},\"inLanguage\":\"pt-PT\",\"potentialAction\":[{\"@type\":\"ReadAction\",\"target\":[\"https:\/\/portaltela.pt\/noticias\/2026\/04\/10\/montenegro-exclui-privatizacao-mas-quer-cgd-executar-politicas-publicas\/\"]}]},{\"@type\":\"ImageObject\",\"inLanguage\":\"pt-PT\",\"@id\":\"https:\/\/portaltela.pt\/noticias\/2026\/04\/10\/montenegro-exclui-privatizacao-mas-quer-cgd-executar-politicas-publicas\/#primaryimage\",\"url\":\"https:\/\/portaltela.pt\/s.01k8rhncp4jt1\/2026\/04\/2080483.jpg\",\"contentUrl\":\"https:\/\/portaltela.pt\/s.01k8rhncp4jt1\/2026\/04\/2080483.jpg\",\"width\":796,\"height\":448,\"caption\":\"Montenegro est\u00e1 satisfeito com a gest\u00e3o da CGD\"},{\"@type\":\"BreadcrumbList\",\"@id\":\"https:\/\/portaltela.pt\/noticias\/2026\/04\/10\/montenegro-exclui-privatizacao-mas-quer-cgd-executar-politicas-publicas\/#breadcrumb\",\"itemListElement\":[{\"@type\":\"ListItem\",\"position\":1,\"name\":\"In\u00edcio\",\"item\":\"https:\/\/portaltela.pt\/\"},{\"@type\":\"ListItem\",\"position\":2,\"name\":\"Montenegro exclui privatiza\u00e7\u00e3o, mas quer CGD executar pol\u00edticas p\u00fablicas\"}]},{\"@type\":\"WebSite\",\"@id\":\"https:\/\/portaltela.pt\/#website\",\"url\":\"https:\/\/portaltela.pt\/\",\"name\":\"Portal Tela Portugal\",\"description\":\"\",\"potentialAction\":[{\"@type\":\"SearchAction\",\"target\":{\"@type\":\"EntryPoint\",\"urlTemplate\":\"https:\/\/portaltela.pt\/?s={search_term_string}\"},\"query-input\":{\"@type\":\"PropertyValueSpecification\",\"valueRequired\":true,\"valueName\":\"search_term_string\"}}],\"inLanguage\":\"pt-PT\"},{\"@type\":\"Person\",\"@id\":\"https:\/\/portaltela.pt\/#\/schema\/person\/c4278d4a6028830caff9ee44b42d32ed\",\"name\":\"Telinha\",\"image\":{\"@type\":\"ImageObject\",\"inLanguage\":\"pt-PT\",\"@id\":\"https:\/\/portaltela.pt\/s.01k8rhncp4jt1\/2025\/11\/talking-bot-125x125.png\",\"url\":\"https:\/\/portaltela.pt\/s.01k8rhncp4jt1\/2025\/11\/talking-bot-125x125.png\",\"contentUrl\":\"https:\/\/portaltela.pt\/s.01k8rhncp4jt1\/2025\/11\/talking-bot-125x125.png\",\"caption\":\"Telinha\"},\"sameAs\":[\"https:\/\/portaltela.pt\/\"],\"url\":\"https:\/\/portaltela.pt\/por\/367410592786\/\"}]}<\/script>\n<!-- \/ Yoast SEO plugin. -->","yoast_head_json":{"title":"Montenegro exclui privatiza\u00e7\u00e3o, mas quer CGD executar pol\u00edticas p\u00fablicas - Portal Tela Portugal","robots":{"index":"index","follow":"follow","max-snippet":"max-snippet:-1","max-image-preview":"max-image-preview:large","max-video-preview":"max-video-preview:-1"},"og_locale":"pt_PT","og_type":"article","og_title":"Montenegro exclui privatiza\u00e7\u00e3o, mas quer CGD executar pol\u00edticas p\u00fablicas - Portal Tela Portugal","og_description":"Montenegro garantiu que a privatiza\u00e7\u00e3o da Caixa Geral de Dep\u00f3sitos n\u00e3o \u00e9 uma hip\u00f3tese enquanto for primeiro-ministro. O primeiro-ministro afirmou que a CGD deve executar pol\u00edticas p\u00fablicas e manter-se na esfera p\u00fablica pelo seu papel social e de estabiliza\u00e7\u00e3o do sistema financeiro. O an\u00fancio foi feito durante o evento dos 150 anos da CGD, com a presen\u00e7a de Lu\u00eds Montenegro e do presidente do conselho de administra\u00e7\u00e3o, Ant\u00f3nio Farinha Morais. Ant\u00f3nio Farinha Morais disse: \u201cA Caixa \u00e9, foi e continuar\u00e1 a ser uma institui\u00e7\u00e3o do Estado\u201d, destacando o papel do banco p\u00fablico. O presidente do conselho elogiou Paulo Macedo e referiu-se aos dividendos pagos pela CGD.","og_url":"https:\/\/portaltela.pt\/noticias\/2026\/04\/10\/montenegro-exclui-privatizacao-mas-quer-cgd-executar-politicas-publicas\/","og_site_name":"Portal Tela Portugal","article_published_time":"2026-04-10T13:17:13+00:00","author":"Telinha","twitter_card":"summary_large_image","twitter_misc":{"Escrito por":"Telinha","Tempo estimado de leitura":"1 minuto"},"schema":{"@context":"https:\/\/schema.org","@graph":[{"@type":"Article","@id":"https:\/\/portaltela.pt\/noticias\/2026\/04\/10\/montenegro-exclui-privatizacao-mas-quer-cgd-executar-politicas-publicas\/#article","isPartOf":{"@id":"https:\/\/portaltela.pt\/noticias\/2026\/04\/10\/montenegro-exclui-privatizacao-mas-quer-cgd-executar-politicas-publicas\/"},"author":{"name":"Telinha","@id":"https:\/\/portaltela.pt\/#\/schema\/person\/c4278d4a6028830caff9ee44b42d32ed"},"headline":"Montenegro exclui privatiza\u00e7\u00e3o, mas quer CGD executar pol\u00edticas p\u00fablicas","datePublished":"2026-04-10T13:17:13+00:00","mainEntityOfPage":{"@id":"https:\/\/portaltela.pt\/noticias\/2026\/04\/10\/montenegro-exclui-privatizacao-mas-quer-cgd-executar-politicas-publicas\/"},"wordCount":179,"image":{"@id":"https:\/\/portaltela.pt\/noticias\/2026\/04\/10\/montenegro-exclui-privatizacao-mas-quer-cgd-executar-politicas-publicas\/#primaryimage"},"thumbnailUrl":"https:\/\/portaltela.pt\/s.01k8rhncp4jt1\/2026\/04\/2080483.jpg","keywords":["_economia","finan\u00e7as p\u00fablicas","governo","institui\u00e7\u00e3o p\u00fablica","poder p\u00fablico","Portugal"],"articleSection":["Economia","Finan\u00e7as"],"inLanguage":"pt-PT"},{"@type":"WebPage","@id":"https:\/\/portaltela.pt\/noticias\/2026\/04\/10\/montenegro-exclui-privatizacao-mas-quer-cgd-executar-politicas-publicas\/","url":"https:\/\/portaltela.pt\/noticias\/2026\/04\/10\/montenegro-exclui-privatizacao-mas-quer-cgd-executar-politicas-publicas\/","name":"Montenegro exclui privatiza\u00e7\u00e3o, mas quer CGD executar pol\u00edticas p\u00fablicas - Portal Tela Portugal","isPartOf":{"@id":"https:\/\/portaltela.pt\/#website"},"primaryImageOfPage":{"@id":"https:\/\/portaltela.pt\/noticias\/2026\/04\/10\/montenegro-exclui-privatizacao-mas-quer-cgd-executar-politicas-publicas\/#primaryimage"},"image":{"@id":"https:\/\/portaltela.pt\/noticias\/2026\/04\/10\/montenegro-exclui-privatizacao-mas-quer-cgd-executar-politicas-publicas\/#primaryimage"},"thumbnailUrl":"https:\/\/portaltela.pt\/s.01k8rhncp4jt1\/2026\/04\/2080483.jpg","datePublished":"2026-04-10T13:17:13+00:00","author":{"@id":"https:\/\/portaltela.pt\/#\/schema\/person\/c4278d4a6028830caff9ee44b42d32ed"},"breadcrumb":{"@id":"https:\/\/portaltela.pt\/noticias\/2026\/04\/10\/montenegro-exclui-privatizacao-mas-quer-cgd-executar-politicas-publicas\/#breadcrumb"},"inLanguage":"pt-PT","potentialAction":[{"@type":"ReadAction","target":["https:\/\/portaltela.pt\/noticias\/2026\/04\/10\/montenegro-exclui-privatizacao-mas-quer-cgd-executar-politicas-publicas\/"]}]},{"@type":"ImageObject","inLanguage":"pt-PT","@id":"https:\/\/portaltela.pt\/noticias\/2026\/04\/10\/montenegro-exclui-privatizacao-mas-quer-cgd-executar-politicas-publicas\/#primaryimage","url":"https:\/\/portaltela.pt\/s.01k8rhncp4jt1\/2026\/04\/2080483.jpg","contentUrl":"https:\/\/portaltela.pt\/s.01k8rhncp4jt1\/2026\/04\/2080483.jpg","width":796,"height":448,"caption":"Montenegro est\u00e1 satisfeito com a gest\u00e3o da CGD"},{"@type":"BreadcrumbList","@id":"https:\/\/portaltela.pt\/noticias\/2026\/04\/10\/montenegro-exclui-privatizacao-mas-quer-cgd-executar-politicas-publicas\/#breadcrumb","itemListElement":[{"@type":"ListItem","position":1,"name":"In\u00edcio","item":"https:\/\/portaltela.pt\/"},{"@type":"ListItem","position":2,"name":"Montenegro exclui privatiza\u00e7\u00e3o, mas quer CGD executar pol\u00edticas p\u00fablicas"}]},{"@type":"WebSite","@id":"https:\/\/portaltela.pt\/#website","url":"https:\/\/portaltela.pt\/","name":"Portal Tela Portugal","description":"","potentialAction":[{"@type":"SearchAction","target":{"@type":"EntryPoint","urlTemplate":"https:\/\/portaltela.pt\/?s={search_term_string}"},"query-input":{"@type":"PropertyValueSpecification","valueRequired":true,"valueName":"search_term_string"}}],"inLanguage":"pt-PT"},{"@type":"Person","@id":"https:\/\/portaltela.pt\/#\/schema\/person\/c4278d4a6028830caff9ee44b42d32ed","name":"Telinha","image":{"@type":"ImageObject","inLanguage":"pt-PT","@id":"https:\/\/portaltela.pt\/s.01k8rhncp4jt1\/2025\/11\/talking-bot-125x125.png","url":"https:\/\/portaltela.pt\/s.01k8rhncp4jt1\/2025\/11\/talking-bot-125x125.png","contentUrl":"https:\/\/portaltela.pt\/s.01k8rhncp4jt1\/2025\/11\/talking-bot-125x125.png","caption":"Telinha"},"sameAs":["https:\/\/portaltela.pt\/"],"url":"https:\/\/portaltela.pt\/por\/367410592786\/"}]}},"_links":{"self":[{"href":"https:\/\/portaltela.pt\/api\/wp\/v2\/posts\/439354","targetHints":{"allow":["GET"]}}],"collection":[{"href":"https:\/\/portaltela.pt\/api\/wp\/v2\/posts"}],"about":[{"href":"https:\/\/portaltela.pt\/api\/wp\/v2\/types\/post"}],"author":[{"embeddable":true,"href":"https:\/\/portaltela.pt\/api\/wp\/v2\/users\/2"}],"replies":[{"embeddable":true,"href":"https:\/\/portaltela.pt\/api\/wp\/v2\/comments?post=439354"}],"version-history":[{"count":0,"href":"https:\/\/portaltela.pt\/api\/wp\/v2\/posts\/439354\/revisions"}],"wp:featuredmedia":[{"embeddable":true,"href":"https:\/\/portaltela.pt\/api\/wp\/v2\/media\/439357"}],"wp:attachment":[{"href":"https:\/\/portaltela.pt\/api\/wp\/v2\/media?parent=439354"}],"wp:term":[{"taxonomy":"category","embeddable":true,"href":"https:\/\/portaltela.pt\/api\/wp\/v2\/categories?post=439354"},{"taxonomy":"post_tag","embeddable":true,"href":"https:\/\/portaltela.pt\/api\/wp\/v2\/tags?post=439354"}],"curies":[{"name":"wp","href":"https:\/\/api.w.org\/{rel}","templated":true}]}}