{"id":439350,"date":"2026-04-10T10:17:02","date_gmt":"2026-04-10T13:17:02","guid":{"rendered":"https:\/\/portaltela.pt\/noticias\/2026\/04\/10\/parlamento-rejeita-propostas-de-iva-zero-para-os-bens-alimentares-essenciais\/"},"modified":"2026-04-10T10:17:02","modified_gmt":"2026-04-10T13:17:02","slug":"parlamento-rejeita-propostas-de-iva-zero-para-os-bens-alimentares-essenciais","status":"publish","type":"post","link":"https:\/\/portaltela.pt\/noticias\/politica\/2026\/04\/10\/parlamento-rejeita-propostas-de-iva-zero-para-os-bens-alimentares-essenciais\/","title":{"rendered":"Parlamento rejeita propostas de IVA zero para os bens alimentares essenciais"},"content":{"rendered":"<p>O Parlamento chumbou nesta sexta-feira cinco propostas de IVA zero para bens alimentares essenciais. A Assembleia da Rep\u00fablica rejeitou as propostas apresentadas pelo Livre, Chega, PS, PCP e BE, num debate que decorreu pela manh\u00e3. O objetivo era isentar temporariamente de IVA um cabaz de bens b\u00e1sicos.<\/p>\n<p>As propostas visavam aliviar as fam\u00edlias face \u00e0 subida dos pre\u00e7os, em parte associada \u00e0 war no M\u00e9dio Oriente. Durante a sess\u00e3o, at\u00e9 uma sopa de legumes foi usada como exemplo pr\u00e1tico do que estaria abrangido pela eventual redu\u00e7\u00e3o tribut\u00e1ria.<\/p>\n<p>Apesar de o conjunto de propostas ter reunido oposi\u00e7\u00e3o \u00e0s medidas, n\u00e3o houve entendimento suficiente entre os partidos para impor a aplica\u00e7\u00e3o do IVA zero. A vota\u00e7\u00e3o devolveu \u00e0 carreira governamental a responsabilidade de respostas fiscais distintas para o custo de vida.<\/p>\n","protected":false},"excerpt":{"rendered":"<ul>\n<li>O Parlamento chumbou as cinco propostas para aplicar IVA zero nos bens alimentares essenciais.<\/li>\n<li>As iniciativas, apresentadas pelo Livre, Chega, PS, PCP e BE, visavam aliviar as fam\u00edlias face ao aumento dos pre\u00e7os devido \u00e0 guerra no M\u00e9dio Oriente.<\/li>\n<li>A discuss\u00e3o decorreu ao longo da manh\u00e3, com uma sopa de legumes a servir de exemplo ilustrativo.<\/li>\n<li>Apesar de as oposi\u00e7\u00f5es apontarem insufici\u00eancia da resposta do Governo, n\u00e3o houve entendimento capaz de aprovar a medida.<\/li>\n<li>Todas as propostas de isen\u00e7\u00e3o de IVA para bens alimentares essenciais foram rejeitadas pela Assembleia da Rep\u00fablica.<\/li>\n<\/ul>\n","protected":false},"author":2,"featured_media":439351,"comment_status":"closed","ping_status":"closed","sticky":false,"template":"","format":"standard","meta":{"footnotes":""},"categories":[1,5],"tags":[6115,3436,3613,6000,2832],"class_list":["post-439350","post","type-post","status-publish","format-standard","has-post-thumbnail","hentry","category-noticias","category-politica","tag-_economia","tag-imposto-sobre-consumo","tag-impostos","tag-orcamento","tag-politica"],"yoast_head":"<!-- This site is optimized with the Yoast SEO plugin v27.2 - https:\/\/yoast.com\/product\/yoast-seo-wordpress\/ -->\n<title>Parlamento rejeita propostas de IVA zero para os bens alimentares essenciais - Portal Tela Portugal<\/title>\n<meta name=\"robots\" content=\"index, follow, max-snippet:-1, max-image-preview:large, max-video-preview:-1\" \/>\n<meta property=\"og:locale\" content=\"pt_PT\" \/>\n<meta property=\"og:type\" content=\"article\" \/>\n<meta property=\"og:title\" content=\"Parlamento rejeita propostas de IVA zero para os bens alimentares essenciais - Portal Tela Portugal\" \/>\n<meta property=\"og:description\" content=\"O Parlamento chumbou as cinco propostas para aplicar IVA zero nos bens alimentares essenciais. As iniciativas, apresentadas pelo Livre, Chega, PS, PCP e BE, visavam aliviar as fam\u00edlias face ao aumento dos pre\u00e7os devido \u00e0 guerra no M\u00e9dio Oriente. A discuss\u00e3o decorreu ao longo da manh\u00e3, com uma sopa de legumes a servir de exemplo ilustrativo. Apesar de as oposi\u00e7\u00f5es apontarem insufici\u00eancia da resposta do Governo, n\u00e3o houve entendimento capaz de aprovar a medida. Todas as propostas de isen\u00e7\u00e3o de IVA para bens alimentares essenciais foram rejeitadas pela Assembleia da Rep\u00fablica.\" \/>\n<meta property=\"og:url\" content=\"https:\/\/portaltela.pt\/noticias\/2026\/04\/10\/parlamento-rejeita-propostas-de-iva-zero-para-os-bens-alimentares-essenciais\/\" \/>\n<meta property=\"og:site_name\" content=\"Portal Tela Portugal\" \/>\n<meta property=\"article:published_time\" content=\"2026-04-10T13:17:02+00:00\" \/>\n<meta name=\"author\" content=\"Telinha\" \/>\n<meta name=\"twitter:card\" content=\"summary_large_image\" \/>\n<meta name=\"twitter:label1\" content=\"Escrito por\" \/>\n\t<meta name=\"twitter:data1\" content=\"Telinha\" \/>\n\t<meta name=\"twitter:label2\" content=\"Tempo estimado de leitura\" \/>\n\t<meta name=\"twitter:data2\" content=\"1 minuto\" \/>\n<script type=\"application\/ld+json\" class=\"yoast-schema-graph\">{\"@context\":\"https:\/\/schema.org\",\"@graph\":[{\"@type\":\"Article\",\"@id\":\"https:\/\/portaltela.pt\/noticias\/2026\/04\/10\/parlamento-rejeita-propostas-de-iva-zero-para-os-bens-alimentares-essenciais\/#article\",\"isPartOf\":{\"@id\":\"https:\/\/portaltela.pt\/noticias\/2026\/04\/10\/parlamento-rejeita-propostas-de-iva-zero-para-os-bens-alimentares-essenciais\/\"},\"author\":{\"name\":\"Telinha\",\"@id\":\"https:\/\/portaltela.pt\/#\/schema\/person\/c4278d4a6028830caff9ee44b42d32ed\"},\"headline\":\"Parlamento rejeita propostas de IVA zero para os bens alimentares essenciais\",\"datePublished\":\"2026-04-10T13:17:02+00:00\",\"mainEntityOfPage\":{\"@id\":\"https:\/\/portaltela.pt\/noticias\/2026\/04\/10\/parlamento-rejeita-propostas-de-iva-zero-para-os-bens-alimentares-essenciais\/\"},\"wordCount\":150,\"image\":{\"@id\":\"https:\/\/portaltela.pt\/noticias\/2026\/04\/10\/parlamento-rejeita-propostas-de-iva-zero-para-os-bens-alimentares-essenciais\/#primaryimage\"},\"thumbnailUrl\":\"https:\/\/portaltela.pt\/s.01k8rhncp4jt1\/2026\/04\/2080421.jpg\",\"keywords\":[\"_economia\",\"imposto sobre consumo\",\"impostos\",\"or\u00e7amento\",\"pol\u00edtica\"],\"articleSection\":[\"Not\u00edcias\",\"Pol\u00edtica\"],\"inLanguage\":\"pt-PT\"},{\"@type\":\"WebPage\",\"@id\":\"https:\/\/portaltela.pt\/noticias\/2026\/04\/10\/parlamento-rejeita-propostas-de-iva-zero-para-os-bens-alimentares-essenciais\/\",\"url\":\"https:\/\/portaltela.pt\/noticias\/2026\/04\/10\/parlamento-rejeita-propostas-de-iva-zero-para-os-bens-alimentares-essenciais\/\",\"name\":\"Parlamento rejeita propostas de IVA zero para os bens alimentares essenciais - Portal Tela Portugal\",\"isPartOf\":{\"@id\":\"https:\/\/portaltela.pt\/#website\"},\"primaryImageOfPage\":{\"@id\":\"https:\/\/portaltela.pt\/noticias\/2026\/04\/10\/parlamento-rejeita-propostas-de-iva-zero-para-os-bens-alimentares-essenciais\/#primaryimage\"},\"image\":{\"@id\":\"https:\/\/portaltela.pt\/noticias\/2026\/04\/10\/parlamento-rejeita-propostas-de-iva-zero-para-os-bens-alimentares-essenciais\/#primaryimage\"},\"thumbnailUrl\":\"https:\/\/portaltela.pt\/s.01k8rhncp4jt1\/2026\/04\/2080421.jpg\",\"datePublished\":\"2026-04-10T13:17:02+00:00\",\"author\":{\"@id\":\"https:\/\/portaltela.pt\/#\/schema\/person\/c4278d4a6028830caff9ee44b42d32ed\"},\"breadcrumb\":{\"@id\":\"https:\/\/portaltela.pt\/noticias\/2026\/04\/10\/parlamento-rejeita-propostas-de-iva-zero-para-os-bens-alimentares-essenciais\/#breadcrumb\"},\"inLanguage\":\"pt-PT\",\"potentialAction\":[{\"@type\":\"ReadAction\",\"target\":[\"https:\/\/portaltela.pt\/noticias\/2026\/04\/10\/parlamento-rejeita-propostas-de-iva-zero-para-os-bens-alimentares-essenciais\/\"]}]},{\"@type\":\"ImageObject\",\"inLanguage\":\"pt-PT\",\"@id\":\"https:\/\/portaltela.pt\/noticias\/2026\/04\/10\/parlamento-rejeita-propostas-de-iva-zero-para-os-bens-alimentares-essenciais\/#primaryimage\",\"url\":\"https:\/\/portaltela.pt\/s.01k8rhncp4jt1\/2026\/04\/2080421.jpg\",\"contentUrl\":\"https:\/\/portaltela.pt\/s.01k8rhncp4jt1\/2026\/04\/2080421.jpg\",\"width\":796,\"height\":448,\"caption\":\"O pre\u00e7o do cabaz de bens essenciais atingiu um novo recorde hist\u00f3rico de 258 euros\"},{\"@type\":\"BreadcrumbList\",\"@id\":\"https:\/\/portaltela.pt\/noticias\/2026\/04\/10\/parlamento-rejeita-propostas-de-iva-zero-para-os-bens-alimentares-essenciais\/#breadcrumb\",\"itemListElement\":[{\"@type\":\"ListItem\",\"position\":1,\"name\":\"In\u00edcio\",\"item\":\"https:\/\/portaltela.pt\/\"},{\"@type\":\"ListItem\",\"position\":2,\"name\":\"Parlamento rejeita propostas de IVA zero para os bens alimentares essenciais\"}]},{\"@type\":\"WebSite\",\"@id\":\"https:\/\/portaltela.pt\/#website\",\"url\":\"https:\/\/portaltela.pt\/\",\"name\":\"Portal Tela Portugal\",\"description\":\"\",\"potentialAction\":[{\"@type\":\"SearchAction\",\"target\":{\"@type\":\"EntryPoint\",\"urlTemplate\":\"https:\/\/portaltela.pt\/?s={search_term_string}\"},\"query-input\":{\"@type\":\"PropertyValueSpecification\",\"valueRequired\":true,\"valueName\":\"search_term_string\"}}],\"inLanguage\":\"pt-PT\"},{\"@type\":\"Person\",\"@id\":\"https:\/\/portaltela.pt\/#\/schema\/person\/c4278d4a6028830caff9ee44b42d32ed\",\"name\":\"Telinha\",\"image\":{\"@type\":\"ImageObject\",\"inLanguage\":\"pt-PT\",\"@id\":\"https:\/\/portaltela.pt\/s.01k8rhncp4jt1\/2025\/11\/talking-bot-125x125.png\",\"url\":\"https:\/\/portaltela.pt\/s.01k8rhncp4jt1\/2025\/11\/talking-bot-125x125.png\",\"contentUrl\":\"https:\/\/portaltela.pt\/s.01k8rhncp4jt1\/2025\/11\/talking-bot-125x125.png\",\"caption\":\"Telinha\"},\"sameAs\":[\"https:\/\/portaltela.pt\/\"],\"url\":\"https:\/\/portaltela.pt\/por\/367410592786\/\"}]}<\/script>\n<!-- \/ Yoast SEO plugin. -->","yoast_head_json":{"title":"Parlamento rejeita propostas de IVA zero para os bens alimentares essenciais - Portal Tela Portugal","robots":{"index":"index","follow":"follow","max-snippet":"max-snippet:-1","max-image-preview":"max-image-preview:large","max-video-preview":"max-video-preview:-1"},"og_locale":"pt_PT","og_type":"article","og_title":"Parlamento rejeita propostas de IVA zero para os bens alimentares essenciais - Portal Tela Portugal","og_description":"O Parlamento chumbou as cinco propostas para aplicar IVA zero nos bens alimentares essenciais. As iniciativas, apresentadas pelo Livre, Chega, PS, PCP e BE, visavam aliviar as fam\u00edlias face ao aumento dos pre\u00e7os devido \u00e0 guerra no M\u00e9dio Oriente. A discuss\u00e3o decorreu ao longo da manh\u00e3, com uma sopa de legumes a servir de exemplo ilustrativo. Apesar de as oposi\u00e7\u00f5es apontarem insufici\u00eancia da resposta do Governo, n\u00e3o houve entendimento capaz de aprovar a medida. Todas as propostas de isen\u00e7\u00e3o de IVA para bens alimentares essenciais foram rejeitadas pela Assembleia da Rep\u00fablica.","og_url":"https:\/\/portaltela.pt\/noticias\/2026\/04\/10\/parlamento-rejeita-propostas-de-iva-zero-para-os-bens-alimentares-essenciais\/","og_site_name":"Portal Tela Portugal","article_published_time":"2026-04-10T13:17:02+00:00","author":"Telinha","twitter_card":"summary_large_image","twitter_misc":{"Escrito por":"Telinha","Tempo estimado de leitura":"1 minuto"},"schema":{"@context":"https:\/\/schema.org","@graph":[{"@type":"Article","@id":"https:\/\/portaltela.pt\/noticias\/2026\/04\/10\/parlamento-rejeita-propostas-de-iva-zero-para-os-bens-alimentares-essenciais\/#article","isPartOf":{"@id":"https:\/\/portaltela.pt\/noticias\/2026\/04\/10\/parlamento-rejeita-propostas-de-iva-zero-para-os-bens-alimentares-essenciais\/"},"author":{"name":"Telinha","@id":"https:\/\/portaltela.pt\/#\/schema\/person\/c4278d4a6028830caff9ee44b42d32ed"},"headline":"Parlamento rejeita propostas de IVA zero para os bens alimentares essenciais","datePublished":"2026-04-10T13:17:02+00:00","mainEntityOfPage":{"@id":"https:\/\/portaltela.pt\/noticias\/2026\/04\/10\/parlamento-rejeita-propostas-de-iva-zero-para-os-bens-alimentares-essenciais\/"},"wordCount":150,"image":{"@id":"https:\/\/portaltela.pt\/noticias\/2026\/04\/10\/parlamento-rejeita-propostas-de-iva-zero-para-os-bens-alimentares-essenciais\/#primaryimage"},"thumbnailUrl":"https:\/\/portaltela.pt\/s.01k8rhncp4jt1\/2026\/04\/2080421.jpg","keywords":["_economia","imposto sobre consumo","impostos","or\u00e7amento","pol\u00edtica"],"articleSection":["Not\u00edcias","Pol\u00edtica"],"inLanguage":"pt-PT"},{"@type":"WebPage","@id":"https:\/\/portaltela.pt\/noticias\/2026\/04\/10\/parlamento-rejeita-propostas-de-iva-zero-para-os-bens-alimentares-essenciais\/","url":"https:\/\/portaltela.pt\/noticias\/2026\/04\/10\/parlamento-rejeita-propostas-de-iva-zero-para-os-bens-alimentares-essenciais\/","name":"Parlamento rejeita propostas de IVA zero para os bens alimentares essenciais - Portal Tela Portugal","isPartOf":{"@id":"https:\/\/portaltela.pt\/#website"},"primaryImageOfPage":{"@id":"https:\/\/portaltela.pt\/noticias\/2026\/04\/10\/parlamento-rejeita-propostas-de-iva-zero-para-os-bens-alimentares-essenciais\/#primaryimage"},"image":{"@id":"https:\/\/portaltela.pt\/noticias\/2026\/04\/10\/parlamento-rejeita-propostas-de-iva-zero-para-os-bens-alimentares-essenciais\/#primaryimage"},"thumbnailUrl":"https:\/\/portaltela.pt\/s.01k8rhncp4jt1\/2026\/04\/2080421.jpg","datePublished":"2026-04-10T13:17:02+00:00","author":{"@id":"https:\/\/portaltela.pt\/#\/schema\/person\/c4278d4a6028830caff9ee44b42d32ed"},"breadcrumb":{"@id":"https:\/\/portaltela.pt\/noticias\/2026\/04\/10\/parlamento-rejeita-propostas-de-iva-zero-para-os-bens-alimentares-essenciais\/#breadcrumb"},"inLanguage":"pt-PT","potentialAction":[{"@type":"ReadAction","target":["https:\/\/portaltela.pt\/noticias\/2026\/04\/10\/parlamento-rejeita-propostas-de-iva-zero-para-os-bens-alimentares-essenciais\/"]}]},{"@type":"ImageObject","inLanguage":"pt-PT","@id":"https:\/\/portaltela.pt\/noticias\/2026\/04\/10\/parlamento-rejeita-propostas-de-iva-zero-para-os-bens-alimentares-essenciais\/#primaryimage","url":"https:\/\/portaltela.pt\/s.01k8rhncp4jt1\/2026\/04\/2080421.jpg","contentUrl":"https:\/\/portaltela.pt\/s.01k8rhncp4jt1\/2026\/04\/2080421.jpg","width":796,"height":448,"caption":"O pre\u00e7o do cabaz de bens essenciais atingiu um novo recorde hist\u00f3rico de 258 euros"},{"@type":"BreadcrumbList","@id":"https:\/\/portaltela.pt\/noticias\/2026\/04\/10\/parlamento-rejeita-propostas-de-iva-zero-para-os-bens-alimentares-essenciais\/#breadcrumb","itemListElement":[{"@type":"ListItem","position":1,"name":"In\u00edcio","item":"https:\/\/portaltela.pt\/"},{"@type":"ListItem","position":2,"name":"Parlamento rejeita propostas de IVA zero para os bens alimentares essenciais"}]},{"@type":"WebSite","@id":"https:\/\/portaltela.pt\/#website","url":"https:\/\/portaltela.pt\/","name":"Portal Tela Portugal","description":"","potentialAction":[{"@type":"SearchAction","target":{"@type":"EntryPoint","urlTemplate":"https:\/\/portaltela.pt\/?s={search_term_string}"},"query-input":{"@type":"PropertyValueSpecification","valueRequired":true,"valueName":"search_term_string"}}],"inLanguage":"pt-PT"},{"@type":"Person","@id":"https:\/\/portaltela.pt\/#\/schema\/person\/c4278d4a6028830caff9ee44b42d32ed","name":"Telinha","image":{"@type":"ImageObject","inLanguage":"pt-PT","@id":"https:\/\/portaltela.pt\/s.01k8rhncp4jt1\/2025\/11\/talking-bot-125x125.png","url":"https:\/\/portaltela.pt\/s.01k8rhncp4jt1\/2025\/11\/talking-bot-125x125.png","contentUrl":"https:\/\/portaltela.pt\/s.01k8rhncp4jt1\/2025\/11\/talking-bot-125x125.png","caption":"Telinha"},"sameAs":["https:\/\/portaltela.pt\/"],"url":"https:\/\/portaltela.pt\/por\/367410592786\/"}]}},"_links":{"self":[{"href":"https:\/\/portaltela.pt\/api\/wp\/v2\/posts\/439350","targetHints":{"allow":["GET"]}}],"collection":[{"href":"https:\/\/portaltela.pt\/api\/wp\/v2\/posts"}],"about":[{"href":"https:\/\/portaltela.pt\/api\/wp\/v2\/types\/post"}],"author":[{"embeddable":true,"href":"https:\/\/portaltela.pt\/api\/wp\/v2\/users\/2"}],"replies":[{"embeddable":true,"href":"https:\/\/portaltela.pt\/api\/wp\/v2\/comments?post=439350"}],"version-history":[{"count":0,"href":"https:\/\/portaltela.pt\/api\/wp\/v2\/posts\/439350\/revisions"}],"wp:featuredmedia":[{"embeddable":true,"href":"https:\/\/portaltela.pt\/api\/wp\/v2\/media\/439351"}],"wp:attachment":[{"href":"https:\/\/portaltela.pt\/api\/wp\/v2\/media?parent=439350"}],"wp:term":[{"taxonomy":"category","embeddable":true,"href":"https:\/\/portaltela.pt\/api\/wp\/v2\/categories?post=439350"},{"taxonomy":"post_tag","embeddable":true,"href":"https:\/\/portaltela.pt\/api\/wp\/v2\/tags?post=439350"}],"curies":[{"name":"wp","href":"https:\/\/api.w.org\/{rel}","templated":true}]}}