{"id":439341,"date":"2026-04-10T10:02:32","date_gmt":"2026-04-10T13:02:32","guid":{"rendered":"https:\/\/portaltela.pt\/noticias\/2026\/04\/10\/autarca-do-porto-antecipa-taca-do-mundo-e-reorganiza-espaco-para-mais-uma\/"},"modified":"2026-04-10T10:02:32","modified_gmt":"2026-04-10T13:02:32","slug":"autarca-do-porto-antecipa-taca-do-mundo-e-reorganiza-espaco-para-mais-uma","status":"publish","type":"post","link":"https:\/\/portaltela.pt\/desporto\/futebol\/2026\/04\/10\/autarca-do-porto-antecipa-taca-do-mundo-e-reorganiza-espaco-para-mais-uma\/","title":{"rendered":"Autarca do Porto antecipa Ta\u00e7a do Mundo e reorganiza espa\u00e7o para mais uma"},"content":{"rendered":"<p>O presidente da C\u00e2mara Municipal do Porto, Pedro Duarte, foi o anfitri\u00e3o da assinatura do protocolo entre a Federa\u00e7\u00e3o Portuguesa de Futebol, a Associa\u00e7\u00e3o de Futebol do Porto e a autarquia, realizada nos Pa\u00e7os do Concelho. Al\u00e9m disso, foi inaugurada a exposi\u00e7\u00e3o itinerante dos trof\u00e9us conquistados pelas sele\u00e7\u00f5es nacionais em 2025.<\/p>\n<p>Duarte disse que j\u00e1 est\u00e1 a pensar na organiza\u00e7\u00e3o de espa\u00e7o para receber mais uma ta\u00e7a, destacando que as conquistas de 2025 foram not\u00e1veis para o pa\u00eds e que h\u00e1 ambi\u00e7\u00e3o de alcan\u00e7ar pelo menos um t\u00edtulo em 2026. O edil apontou a import\u00e2ncia de manter o foco e a ambi\u00e7\u00e3o.<\/p>\n<p>O autarca enfatizou o papel da FPF na aproxima\u00e7\u00e3o do futebol a todo o territ\u00f3rio, defendendo que o desporto pode inspirar o pa\u00eds, formar jovens e, por vezes, exportar talento para o exterior. Afirmou que o futebol representa o potencial nacional e o que o pa\u00eds pode alcan\u00e7ar.<\/p>\n<h3>Coopera\u00e7\u00e3o entre entidades<\/h3>\n<p>O protocolo visa refor\u00e7ar a coopera\u00e7\u00e3o entre a FPF, a AF Porto e a CM Porto, promovendo iniciativas conjuntas no territ\u00f3rio e potenciando o desenvolvimento do futebol regional e nacional. A cerim\u00f3nia tamb\u00e9m serviu para apresentar a exposi\u00e7\u00e3o dos trof\u00e9us de 2025.<\/p>\n","protected":false},"excerpt":{"rendered":"<ul>\n<li>O presidente da C\u00e2mara Municipal do Porto, Pedro Duarte, anfitri\u00e3o da assinatura do protocolo entre a Federa\u00e7\u00e3o Portuguesa de Futebol, a Associa\u00e7\u00e3o de Futebol do Porto e a autarquia portuense.<\/li>\n<li>Foi inaugurada, nos Pa\u00e7os do Concelho, a exposi\u00e7\u00e3o itinerante dos trof\u00e9us conquistados pelas sele\u00e7\u00f5es nacionais em 2025.<\/li>\n<li>Pedro Duarte afirmou que j\u00e1 se est\u00e1 a pensar em reorganizar espa\u00e7o para acolher mais uma ta\u00e7a e manifestou ambi\u00e7\u00e3o de conquistar o t\u00edtulo mundial em 2026.<\/li>\n<li>O edil destacou a import\u00e2ncia do esfor\u00e7o da Federa\u00e7\u00e3o Portuguesa de Futebol para chegar a todos os pontos do pa\u00eds e servir de inspira\u00e7\u00e3o.<\/li>\n<li>Refor\u00e7ou que o futebol pode representar o pa\u00eds, valorizar talento e formar futuras gera\u00e7\u00f5es.<\/li>\n<\/ul>\n","protected":false},"author":2,"featured_media":439343,"comment_status":"closed","ping_status":"closed","sticky":false,"template":"","format":"standard","meta":{"footnotes":""},"categories":[21,24],"tags":[6367,4834,152,2705,32,982],"class_list":["post-439341","post","type-post","status-publish","format-standard","has-post-thumbnail","hentry","category-desporto","category-futebol","tag-copa2026","tag-af-porto","tag-desporto","tag-federacao-portuguesa-de-futebol","tag-futebol","tag-porto"],"yoast_head":"<!-- This site is optimized with the Yoast SEO plugin v27.2 - https:\/\/yoast.com\/product\/yoast-seo-wordpress\/ -->\n<title>Autarca do Porto antecipa Ta\u00e7a do Mundo e reorganiza espa\u00e7o para mais uma - Portal Tela Portugal<\/title>\n<meta name=\"robots\" content=\"index, follow, max-snippet:-1, max-image-preview:large, max-video-preview:-1\" \/>\n<meta property=\"og:locale\" content=\"pt_PT\" \/>\n<meta property=\"og:type\" content=\"article\" \/>\n<meta property=\"og:title\" content=\"Autarca do Porto antecipa Ta\u00e7a do Mundo e reorganiza espa\u00e7o para mais uma - Portal Tela Portugal\" \/>\n<meta property=\"og:description\" content=\"O presidente da C\u00e2mara Municipal do Porto, Pedro Duarte, anfitri\u00e3o da assinatura do protocolo entre a Federa\u00e7\u00e3o Portuguesa de Futebol, a Associa\u00e7\u00e3o de Futebol do Porto e a autarquia portuense. Foi inaugurada, nos Pa\u00e7os do Concelho, a exposi\u00e7\u00e3o itinerante dos trof\u00e9us conquistados pelas sele\u00e7\u00f5es nacionais em 2025. Pedro Duarte afirmou que j\u00e1 se est\u00e1 a pensar em reorganizar espa\u00e7o para acolher mais uma ta\u00e7a e manifestou ambi\u00e7\u00e3o de conquistar o t\u00edtulo mundial em 2026. O edil destacou a import\u00e2ncia do esfor\u00e7o da Federa\u00e7\u00e3o Portuguesa de Futebol para chegar a todos os pontos do pa\u00eds e servir de inspira\u00e7\u00e3o. Refor\u00e7ou que o futebol pode representar o pa\u00eds, valorizar talento e formar futuras gera\u00e7\u00f5es.\" \/>\n<meta property=\"og:url\" content=\"https:\/\/portaltela.pt\/noticias\/2026\/04\/10\/autarca-do-porto-antecipa-taca-do-mundo-e-reorganiza-espaco-para-mais-uma\/\" \/>\n<meta property=\"og:site_name\" content=\"Portal Tela Portugal\" \/>\n<meta property=\"article:published_time\" content=\"2026-04-10T13:02:32+00:00\" \/>\n<meta name=\"author\" content=\"Telinha\" \/>\n<meta name=\"twitter:card\" content=\"summary_large_image\" \/>\n<meta name=\"twitter:label1\" content=\"Escrito por\" \/>\n\t<meta name=\"twitter:data1\" content=\"Telinha\" \/>\n\t<meta name=\"twitter:label2\" content=\"Tempo estimado de leitura\" \/>\n\t<meta name=\"twitter:data2\" content=\"1 minuto\" \/>\n<script type=\"application\/ld+json\" class=\"yoast-schema-graph\">{\"@context\":\"https:\/\/schema.org\",\"@graph\":[{\"@type\":\"Article\",\"@id\":\"https:\/\/portaltela.pt\/noticias\/2026\/04\/10\/autarca-do-porto-antecipa-taca-do-mundo-e-reorganiza-espaco-para-mais-uma\/#article\",\"isPartOf\":{\"@id\":\"https:\/\/portaltela.pt\/noticias\/2026\/04\/10\/autarca-do-porto-antecipa-taca-do-mundo-e-reorganiza-espaco-para-mais-uma\/\"},\"author\":{\"name\":\"Telinha\",\"@id\":\"https:\/\/portaltela.pt\/#\/schema\/person\/c4278d4a6028830caff9ee44b42d32ed\"},\"headline\":\"Autarca do Porto antecipa Ta\u00e7a do Mundo e reorganiza espa\u00e7o para mais uma\",\"datePublished\":\"2026-04-10T13:02:32+00:00\",\"mainEntityOfPage\":{\"@id\":\"https:\/\/portaltela.pt\/noticias\/2026\/04\/10\/autarca-do-porto-antecipa-taca-do-mundo-e-reorganiza-espaco-para-mais-uma\/\"},\"wordCount\":238,\"image\":{\"@id\":\"https:\/\/portaltela.pt\/noticias\/2026\/04\/10\/autarca-do-porto-antecipa-taca-do-mundo-e-reorganiza-espaco-para-mais-uma\/#primaryimage\"},\"thumbnailUrl\":\"https:\/\/portaltela.pt\/s.01k8rhncp4jt1\/2026\/04\/img_920x518uu2025-12-05-10-02-16-2407213-im-639114257297952892.jpg\",\"keywords\":[\"#copa2026\",\"AF Porto\",\"desporto\",\"Federa\u00e7\u00e3o Portuguesa de Futebol\",\"futebol\",\"Porto\"],\"articleSection\":[\"Desporto\",\"Futebol\"],\"inLanguage\":\"pt-PT\"},{\"@type\":\"WebPage\",\"@id\":\"https:\/\/portaltela.pt\/noticias\/2026\/04\/10\/autarca-do-porto-antecipa-taca-do-mundo-e-reorganiza-espaco-para-mais-uma\/\",\"url\":\"https:\/\/portaltela.pt\/noticias\/2026\/04\/10\/autarca-do-porto-antecipa-taca-do-mundo-e-reorganiza-espaco-para-mais-uma\/\",\"name\":\"Autarca do Porto antecipa Ta\u00e7a do Mundo e reorganiza espa\u00e7o para mais uma - Portal Tela Portugal\",\"isPartOf\":{\"@id\":\"https:\/\/portaltela.pt\/#website\"},\"primaryImageOfPage\":{\"@id\":\"https:\/\/portaltela.pt\/noticias\/2026\/04\/10\/autarca-do-porto-antecipa-taca-do-mundo-e-reorganiza-espaco-para-mais-uma\/#primaryimage\"},\"image\":{\"@id\":\"https:\/\/portaltela.pt\/noticias\/2026\/04\/10\/autarca-do-porto-antecipa-taca-do-mundo-e-reorganiza-espaco-para-mais-uma\/#primaryimage\"},\"thumbnailUrl\":\"https:\/\/portaltela.pt\/s.01k8rhncp4jt1\/2026\/04\/img_920x518uu2025-12-05-10-02-16-2407213-im-639114257297952892.jpg\",\"datePublished\":\"2026-04-10T13:02:32+00:00\",\"author\":{\"@id\":\"https:\/\/portaltela.pt\/#\/schema\/person\/c4278d4a6028830caff9ee44b42d32ed\"},\"breadcrumb\":{\"@id\":\"https:\/\/portaltela.pt\/noticias\/2026\/04\/10\/autarca-do-porto-antecipa-taca-do-mundo-e-reorganiza-espaco-para-mais-uma\/#breadcrumb\"},\"inLanguage\":\"pt-PT\",\"potentialAction\":[{\"@type\":\"ReadAction\",\"target\":[\"https:\/\/portaltela.pt\/noticias\/2026\/04\/10\/autarca-do-porto-antecipa-taca-do-mundo-e-reorganiza-espaco-para-mais-uma\/\"]}]},{\"@type\":\"ImageObject\",\"inLanguage\":\"pt-PT\",\"@id\":\"https:\/\/portaltela.pt\/noticias\/2026\/04\/10\/autarca-do-porto-antecipa-taca-do-mundo-e-reorganiza-espaco-para-mais-uma\/#primaryimage\",\"url\":\"https:\/\/portaltela.pt\/s.01k8rhncp4jt1\/2026\/04\/img_920x518uu2025-12-05-10-02-16-2407213-im-639114257297952892.jpg\",\"contentUrl\":\"https:\/\/portaltela.pt\/s.01k8rhncp4jt1\/2026\/04\/img_920x518uu2025-12-05-10-02-16-2407213-im-639114257297952892.jpg\",\"width\":796,\"height\":448,\"caption\":\"Pedro Duarte, presidente da C\u00e2mara Municipal do Porto\"},{\"@type\":\"BreadcrumbList\",\"@id\":\"https:\/\/portaltela.pt\/noticias\/2026\/04\/10\/autarca-do-porto-antecipa-taca-do-mundo-e-reorganiza-espaco-para-mais-uma\/#breadcrumb\",\"itemListElement\":[{\"@type\":\"ListItem\",\"position\":1,\"name\":\"In\u00edcio\",\"item\":\"https:\/\/portaltela.pt\/\"},{\"@type\":\"ListItem\",\"position\":2,\"name\":\"Autarca do Porto antecipa Ta\u00e7a do Mundo e reorganiza espa\u00e7o para mais uma\"}]},{\"@type\":\"WebSite\",\"@id\":\"https:\/\/portaltela.pt\/#website\",\"url\":\"https:\/\/portaltela.pt\/\",\"name\":\"Portal Tela Portugal\",\"description\":\"\",\"potentialAction\":[{\"@type\":\"SearchAction\",\"target\":{\"@type\":\"EntryPoint\",\"urlTemplate\":\"https:\/\/portaltela.pt\/?s={search_term_string}\"},\"query-input\":{\"@type\":\"PropertyValueSpecification\",\"valueRequired\":true,\"valueName\":\"search_term_string\"}}],\"inLanguage\":\"pt-PT\"},{\"@type\":\"Person\",\"@id\":\"https:\/\/portaltela.pt\/#\/schema\/person\/c4278d4a6028830caff9ee44b42d32ed\",\"name\":\"Telinha\",\"image\":{\"@type\":\"ImageObject\",\"inLanguage\":\"pt-PT\",\"@id\":\"https:\/\/portaltela.pt\/s.01k8rhncp4jt1\/2025\/11\/talking-bot-125x125.png\",\"url\":\"https:\/\/portaltela.pt\/s.01k8rhncp4jt1\/2025\/11\/talking-bot-125x125.png\",\"contentUrl\":\"https:\/\/portaltela.pt\/s.01k8rhncp4jt1\/2025\/11\/talking-bot-125x125.png\",\"caption\":\"Telinha\"},\"sameAs\":[\"https:\/\/portaltela.pt\/\"],\"url\":\"https:\/\/portaltela.pt\/por\/367410592786\/\"}]}<\/script>\n<!-- \/ Yoast SEO plugin. -->","yoast_head_json":{"title":"Autarca do Porto antecipa Ta\u00e7a do Mundo e reorganiza espa\u00e7o para mais uma - Portal Tela Portugal","robots":{"index":"index","follow":"follow","max-snippet":"max-snippet:-1","max-image-preview":"max-image-preview:large","max-video-preview":"max-video-preview:-1"},"og_locale":"pt_PT","og_type":"article","og_title":"Autarca do Porto antecipa Ta\u00e7a do Mundo e reorganiza espa\u00e7o para mais uma - Portal Tela Portugal","og_description":"O presidente da C\u00e2mara Municipal do Porto, Pedro Duarte, anfitri\u00e3o da assinatura do protocolo entre a Federa\u00e7\u00e3o Portuguesa de Futebol, a Associa\u00e7\u00e3o de Futebol do Porto e a autarquia portuense. Foi inaugurada, nos Pa\u00e7os do Concelho, a exposi\u00e7\u00e3o itinerante dos trof\u00e9us conquistados pelas sele\u00e7\u00f5es nacionais em 2025. Pedro Duarte afirmou que j\u00e1 se est\u00e1 a pensar em reorganizar espa\u00e7o para acolher mais uma ta\u00e7a e manifestou ambi\u00e7\u00e3o de conquistar o t\u00edtulo mundial em 2026. O edil destacou a import\u00e2ncia do esfor\u00e7o da Federa\u00e7\u00e3o Portuguesa de Futebol para chegar a todos os pontos do pa\u00eds e servir de inspira\u00e7\u00e3o. Refor\u00e7ou que o futebol pode representar o pa\u00eds, valorizar talento e formar futuras gera\u00e7\u00f5es.","og_url":"https:\/\/portaltela.pt\/noticias\/2026\/04\/10\/autarca-do-porto-antecipa-taca-do-mundo-e-reorganiza-espaco-para-mais-uma\/","og_site_name":"Portal Tela Portugal","article_published_time":"2026-04-10T13:02:32+00:00","author":"Telinha","twitter_card":"summary_large_image","twitter_misc":{"Escrito por":"Telinha","Tempo estimado de leitura":"1 minuto"},"schema":{"@context":"https:\/\/schema.org","@graph":[{"@type":"Article","@id":"https:\/\/portaltela.pt\/noticias\/2026\/04\/10\/autarca-do-porto-antecipa-taca-do-mundo-e-reorganiza-espaco-para-mais-uma\/#article","isPartOf":{"@id":"https:\/\/portaltela.pt\/noticias\/2026\/04\/10\/autarca-do-porto-antecipa-taca-do-mundo-e-reorganiza-espaco-para-mais-uma\/"},"author":{"name":"Telinha","@id":"https:\/\/portaltela.pt\/#\/schema\/person\/c4278d4a6028830caff9ee44b42d32ed"},"headline":"Autarca do Porto antecipa Ta\u00e7a do Mundo e reorganiza espa\u00e7o para mais uma","datePublished":"2026-04-10T13:02:32+00:00","mainEntityOfPage":{"@id":"https:\/\/portaltela.pt\/noticias\/2026\/04\/10\/autarca-do-porto-antecipa-taca-do-mundo-e-reorganiza-espaco-para-mais-uma\/"},"wordCount":238,"image":{"@id":"https:\/\/portaltela.pt\/noticias\/2026\/04\/10\/autarca-do-porto-antecipa-taca-do-mundo-e-reorganiza-espaco-para-mais-uma\/#primaryimage"},"thumbnailUrl":"https:\/\/portaltela.pt\/s.01k8rhncp4jt1\/2026\/04\/img_920x518uu2025-12-05-10-02-16-2407213-im-639114257297952892.jpg","keywords":["#copa2026","AF Porto","desporto","Federa\u00e7\u00e3o Portuguesa de Futebol","futebol","Porto"],"articleSection":["Desporto","Futebol"],"inLanguage":"pt-PT"},{"@type":"WebPage","@id":"https:\/\/portaltela.pt\/noticias\/2026\/04\/10\/autarca-do-porto-antecipa-taca-do-mundo-e-reorganiza-espaco-para-mais-uma\/","url":"https:\/\/portaltela.pt\/noticias\/2026\/04\/10\/autarca-do-porto-antecipa-taca-do-mundo-e-reorganiza-espaco-para-mais-uma\/","name":"Autarca do Porto antecipa Ta\u00e7a do Mundo e reorganiza espa\u00e7o para mais uma - Portal Tela Portugal","isPartOf":{"@id":"https:\/\/portaltela.pt\/#website"},"primaryImageOfPage":{"@id":"https:\/\/portaltela.pt\/noticias\/2026\/04\/10\/autarca-do-porto-antecipa-taca-do-mundo-e-reorganiza-espaco-para-mais-uma\/#primaryimage"},"image":{"@id":"https:\/\/portaltela.pt\/noticias\/2026\/04\/10\/autarca-do-porto-antecipa-taca-do-mundo-e-reorganiza-espaco-para-mais-uma\/#primaryimage"},"thumbnailUrl":"https:\/\/portaltela.pt\/s.01k8rhncp4jt1\/2026\/04\/img_920x518uu2025-12-05-10-02-16-2407213-im-639114257297952892.jpg","datePublished":"2026-04-10T13:02:32+00:00","author":{"@id":"https:\/\/portaltela.pt\/#\/schema\/person\/c4278d4a6028830caff9ee44b42d32ed"},"breadcrumb":{"@id":"https:\/\/portaltela.pt\/noticias\/2026\/04\/10\/autarca-do-porto-antecipa-taca-do-mundo-e-reorganiza-espaco-para-mais-uma\/#breadcrumb"},"inLanguage":"pt-PT","potentialAction":[{"@type":"ReadAction","target":["https:\/\/portaltela.pt\/noticias\/2026\/04\/10\/autarca-do-porto-antecipa-taca-do-mundo-e-reorganiza-espaco-para-mais-uma\/"]}]},{"@type":"ImageObject","inLanguage":"pt-PT","@id":"https:\/\/portaltela.pt\/noticias\/2026\/04\/10\/autarca-do-porto-antecipa-taca-do-mundo-e-reorganiza-espaco-para-mais-uma\/#primaryimage","url":"https:\/\/portaltela.pt\/s.01k8rhncp4jt1\/2026\/04\/img_920x518uu2025-12-05-10-02-16-2407213-im-639114257297952892.jpg","contentUrl":"https:\/\/portaltela.pt\/s.01k8rhncp4jt1\/2026\/04\/img_920x518uu2025-12-05-10-02-16-2407213-im-639114257297952892.jpg","width":796,"height":448,"caption":"Pedro Duarte, presidente da C\u00e2mara Municipal do Porto"},{"@type":"BreadcrumbList","@id":"https:\/\/portaltela.pt\/noticias\/2026\/04\/10\/autarca-do-porto-antecipa-taca-do-mundo-e-reorganiza-espaco-para-mais-uma\/#breadcrumb","itemListElement":[{"@type":"ListItem","position":1,"name":"In\u00edcio","item":"https:\/\/portaltela.pt\/"},{"@type":"ListItem","position":2,"name":"Autarca do Porto antecipa Ta\u00e7a do Mundo e reorganiza espa\u00e7o para mais uma"}]},{"@type":"WebSite","@id":"https:\/\/portaltela.pt\/#website","url":"https:\/\/portaltela.pt\/","name":"Portal Tela Portugal","description":"","potentialAction":[{"@type":"SearchAction","target":{"@type":"EntryPoint","urlTemplate":"https:\/\/portaltela.pt\/?s={search_term_string}"},"query-input":{"@type":"PropertyValueSpecification","valueRequired":true,"valueName":"search_term_string"}}],"inLanguage":"pt-PT"},{"@type":"Person","@id":"https:\/\/portaltela.pt\/#\/schema\/person\/c4278d4a6028830caff9ee44b42d32ed","name":"Telinha","image":{"@type":"ImageObject","inLanguage":"pt-PT","@id":"https:\/\/portaltela.pt\/s.01k8rhncp4jt1\/2025\/11\/talking-bot-125x125.png","url":"https:\/\/portaltela.pt\/s.01k8rhncp4jt1\/2025\/11\/talking-bot-125x125.png","contentUrl":"https:\/\/portaltela.pt\/s.01k8rhncp4jt1\/2025\/11\/talking-bot-125x125.png","caption":"Telinha"},"sameAs":["https:\/\/portaltela.pt\/"],"url":"https:\/\/portaltela.pt\/por\/367410592786\/"}]}},"_links":{"self":[{"href":"https:\/\/portaltela.pt\/api\/wp\/v2\/posts\/439341","targetHints":{"allow":["GET"]}}],"collection":[{"href":"https:\/\/portaltela.pt\/api\/wp\/v2\/posts"}],"about":[{"href":"https:\/\/portaltela.pt\/api\/wp\/v2\/types\/post"}],"author":[{"embeddable":true,"href":"https:\/\/portaltela.pt\/api\/wp\/v2\/users\/2"}],"replies":[{"embeddable":true,"href":"https:\/\/portaltela.pt\/api\/wp\/v2\/comments?post=439341"}],"version-history":[{"count":0,"href":"https:\/\/portaltela.pt\/api\/wp\/v2\/posts\/439341\/revisions"}],"wp:featuredmedia":[{"embeddable":true,"href":"https:\/\/portaltela.pt\/api\/wp\/v2\/media\/439343"}],"wp:attachment":[{"href":"https:\/\/portaltela.pt\/api\/wp\/v2\/media?parent=439341"}],"wp:term":[{"taxonomy":"category","embeddable":true,"href":"https:\/\/portaltela.pt\/api\/wp\/v2\/categories?post=439341"},{"taxonomy":"post_tag","embeddable":true,"href":"https:\/\/portaltela.pt\/api\/wp\/v2\/tags?post=439341"}],"curies":[{"name":"wp","href":"https:\/\/api.w.org\/{rel}","templated":true}]}}