{"id":439329,"date":"2026-04-10T10:02:19","date_gmt":"2026-04-10T13:02:19","guid":{"rendered":"https:\/\/portaltela.pt\/noticias\/2026\/04\/10\/acores-integram-grupo-de-trabalho-interministerial-para-o-espaco\/"},"modified":"2026-04-10T10:02:19","modified_gmt":"2026-04-10T13:02:19","slug":"acores-integram-grupo-de-trabalho-interministerial-para-o-espaco","status":"publish","type":"post","link":"https:\/\/portaltela.pt\/tecnologia\/2026\/04\/10\/acores-integram-grupo-de-trabalho-interministerial-para-o-espaco\/","title":{"rendered":"A\u00e7ores integram Grupo de Trabalho Interministerial para o Espa\u00e7o"},"content":{"rendered":"<p>O Governo Regional dos A\u00e7ores anunciou que a regi\u00e3o passou a integrar oficialmente, como membro efetivo, o novo Grupo de Trabalho Interministerial para o Espa\u00e7o. A adi\u00e7\u00e3o foi formalizada esta semana, com o despacho publicado no Di\u00e1rio da Rep\u00fablica na quinta-feira.<\/p>\n<p>A inclus\u00e3o \u00e9 justificada pela import\u00e2ncia geoestrat\u00e9gica das ilhas atl\u00e2nticas no contexto nacional e europeu, segundo a nota oficial. O posicionamento a\u00e7oriano no Atl\u00e2ntico \u00e9 visto como um ponto de acesso e retorno spatial de elevada relev\u00e2ncia.<\/p>\n<p>Paulo Est\u00eav\u00e3o, secret\u00e1rio regional dos Assuntos Parlamentares e Comunidades, afirma que a participa\u00e7\u00e3o assegura a presen\u00e7a do Governo Regional nas reuni\u00f5es e decis\u00f5es estrat\u00e9gicas, incluindo a Madeira.<\/p>\n<h3>Relev\u00e2ncia estrat\u00e9gica e a\u00e7\u00f5es<\/h3>\n<p>O documento reconhece que a atua\u00e7\u00e3o dos A\u00e7ores na esfera europeia e nacional j\u00e1 produz efeitos pr\u00e1ticos elevados para o arquip\u00e9lago. A participa\u00e7\u00e3o j\u00e1 impulsionou o Centro Tecnol\u00f3gico Espacial de Santa Maria, com a assinatura de coopera\u00e7\u00e3o junto da ESA.<\/p>\n<p>O projeto em Santa Maria envolve um investimento global de cerca de 15 milh\u00f5es de euros, dos quais 3 milh\u00f5es s\u00e3o assegurados pela regi\u00e3o. A infraestrutura prev\u00ea a aterragem de ve\u00edculos espaciais n\u00e3o tripulados.<\/p>\n<h3>Forma\u00e7\u00e3o e futuro do ecossistema<\/h3>\n<p>A integra\u00e7\u00e3o no grupo refor\u00e7a a estrat\u00e9gia para o desenvolvimento do ecossistema espacial regional, indo al\u00e9m de infraestruturas. Est\u00e3o planeadas a\u00e7\u00f5es de capacita\u00e7\u00e3o de talento local, com protocolo de coopera\u00e7\u00e3o com a Universidade dos A\u00e7ores.<\/p>\n<p>A tutela destaca programas de literacia cient\u00edfica e a capta\u00e7\u00e3o de jovens. Este ano, 40 estudantes a\u00e7orianos foram selecionados para o programa Astronauta por um Dia, com voo parab\u00f3lico a partir de Santa Maria, em setembro.<\/p>\n<p>A prioridade do Governo Regional \u00e9 consolidar o ecossistema espacial, atuando em parceria com a Rep\u00fablica e com parceiros internacionais para atrair investimento e criar empregos qualificados.<\/p>\n","protected":false},"excerpt":{"rendered":"<ul>\n<li>Os A\u00e7ores passaram a integrar oficialmente, como membro efetivo, o novo Grupo de Trabalho Interministerial para o Espa\u00e7o, com composi\u00e7\u00e3o formalizada via Despacho n.\u00ba 4643\/2026.<\/li>\n<li>A inclus\u00e3o justifica-se pela import\u00e2ncia geoestrat\u00e9gica das ilhas atl\u00e2nticas no contexto nacional e europeu e d\u00e1 acesso direto \u00e0s reuni\u00f5es e decis\u00f5es relevantes.<\/li>\n<li>O grupo visa consolidar a estrat\u00e9gia de ecossistema espacial regional, incluindo a constru\u00e7\u00e3o do Centro Tecnol\u00f3gico Espacial de Santa Maria, com investimento global de cerca de 15 milh\u00f5es de euros (3 milh\u00f5es do governo a\u00e7oriano).<\/li>\n<li>O Centro de Santa Maria permitir\u00e1 a aterragem de ve\u00edculos espaciais n\u00e3o tripulados, em articula\u00e7\u00e3o com a Ag\u00eancia Espacial Europeia (ESA).<\/li>\n<li>O programa educativo ligado ao espa\u00e7o mant\u00e9m-se, com 40 estudantes a\u00e7orianos selecionados para a edi\u00e7\u00e3o de 2024 do programa Astronauta por um Dia, a realizar-se em Santa Maria em setembro.<\/li>\n<\/ul>\n","protected":false},"author":2,"featured_media":439333,"comment_status":"closed","ping_status":"closed","sticky":false,"template":"","format":"standard","meta":{"footnotes":""},"categories":[6716],"tags":[4558,822,2982,1992,163],"class_list":["post-439329","post","type-post","status-publish","format-standard","has-post-thumbnail","hentry","category-tecnologia","tag-a-aeronautica","tag-acores","tag-agencia-espacial-portuguesa","tag-ciencia","tag-educacao"],"yoast_head":"<!-- This site is optimized with the Yoast SEO plugin v27.2 - https:\/\/yoast.com\/product\/yoast-seo-wordpress\/ -->\n<title>A\u00e7ores integram Grupo de Trabalho Interministerial para o Espa\u00e7o - Portal Tela Portugal<\/title>\n<meta name=\"robots\" content=\"index, follow, max-snippet:-1, max-image-preview:large, max-video-preview:-1\" \/>\n<meta property=\"og:locale\" content=\"pt_PT\" \/>\n<meta property=\"og:type\" content=\"article\" \/>\n<meta property=\"og:title\" content=\"A\u00e7ores integram Grupo de Trabalho Interministerial para o Espa\u00e7o - Portal Tela Portugal\" \/>\n<meta property=\"og:description\" content=\"Os A\u00e7ores passaram a integrar oficialmente, como membro efetivo, o novo Grupo de Trabalho Interministerial para o Espa\u00e7o, com composi\u00e7\u00e3o formalizada via Despacho n.\u00ba 4643\/2026. A inclus\u00e3o justifica-se pela import\u00e2ncia geoestrat\u00e9gica das ilhas atl\u00e2nticas no contexto nacional e europeu e d\u00e1 acesso direto \u00e0s reuni\u00f5es e decis\u00f5es relevantes. O grupo visa consolidar a estrat\u00e9gia de ecossistema espacial regional, incluindo a constru\u00e7\u00e3o do Centro Tecnol\u00f3gico Espacial de Santa Maria, com investimento global de cerca de 15 milh\u00f5es de euros (3 milh\u00f5es do governo a\u00e7oriano). O Centro de Santa Maria permitir\u00e1 a aterragem de ve\u00edculos espaciais n\u00e3o tripulados, em articula\u00e7\u00e3o com a Ag\u00eancia Espacial Europeia (ESA). O programa educativo ligado ao espa\u00e7o mant\u00e9m-se, com 40 estudantes a\u00e7orianos selecionados para a edi\u00e7\u00e3o de 2024 do programa Astronauta por um Dia, a realizar-se em Santa Maria em setembro.\" \/>\n<meta property=\"og:url\" content=\"https:\/\/portaltela.pt\/noticias\/2026\/04\/10\/acores-integram-grupo-de-trabalho-interministerial-para-o-espaco\/\" \/>\n<meta property=\"og:site_name\" content=\"Portal Tela Portugal\" \/>\n<meta property=\"article:published_time\" content=\"2026-04-10T13:02:19+00:00\" \/>\n<meta name=\"author\" content=\"Telinha\" \/>\n<meta name=\"twitter:card\" content=\"summary_large_image\" \/>\n<meta name=\"twitter:label1\" content=\"Escrito por\" \/>\n\t<meta name=\"twitter:data1\" content=\"Telinha\" \/>\n\t<meta name=\"twitter:label2\" content=\"Tempo estimado de leitura\" \/>\n\t<meta name=\"twitter:data2\" content=\"2 minutos\" \/>\n<script type=\"application\/ld+json\" class=\"yoast-schema-graph\">{\"@context\":\"https:\/\/schema.org\",\"@graph\":[{\"@type\":\"Article\",\"@id\":\"https:\/\/portaltela.pt\/noticias\/2026\/04\/10\/acores-integram-grupo-de-trabalho-interministerial-para-o-espaco\/#article\",\"isPartOf\":{\"@id\":\"https:\/\/portaltela.pt\/noticias\/2026\/04\/10\/acores-integram-grupo-de-trabalho-interministerial-para-o-espaco\/\"},\"author\":{\"name\":\"Telinha\",\"@id\":\"https:\/\/portaltela.pt\/#\/schema\/person\/c4278d4a6028830caff9ee44b42d32ed\"},\"headline\":\"A\u00e7ores integram Grupo de Trabalho Interministerial para o Espa\u00e7o\",\"datePublished\":\"2026-04-10T13:02:19+00:00\",\"mainEntityOfPage\":{\"@id\":\"https:\/\/portaltela.pt\/noticias\/2026\/04\/10\/acores-integram-grupo-de-trabalho-interministerial-para-o-espaco\/\"},\"wordCount\":343,\"image\":{\"@id\":\"https:\/\/portaltela.pt\/noticias\/2026\/04\/10\/acores-integram-grupo-de-trabalho-interministerial-para-o-espaco\/#primaryimage\"},\"thumbnailUrl\":\"https:\/\/portaltela.pt\/s.01k8rhncp4jt1\/2026\/04\/img_1500x1000uu2016-08-29-08-54-00-560510.jpg\",\"keywords\":[\"a aeron\u00e1utica\",\"A\u00e7ores\",\"Ag\u00eancia Espacial Portuguesa\",\"ci\u00eancia\",\"educa\u00e7\u00e3o\"],\"articleSection\":[\"Tecnologia\"],\"inLanguage\":\"pt-PT\"},{\"@type\":\"WebPage\",\"@id\":\"https:\/\/portaltela.pt\/noticias\/2026\/04\/10\/acores-integram-grupo-de-trabalho-interministerial-para-o-espaco\/\",\"url\":\"https:\/\/portaltela.pt\/noticias\/2026\/04\/10\/acores-integram-grupo-de-trabalho-interministerial-para-o-espaco\/\",\"name\":\"A\u00e7ores integram Grupo de Trabalho Interministerial para o Espa\u00e7o - Portal Tela Portugal\",\"isPartOf\":{\"@id\":\"https:\/\/portaltela.pt\/#website\"},\"primaryImageOfPage\":{\"@id\":\"https:\/\/portaltela.pt\/noticias\/2026\/04\/10\/acores-integram-grupo-de-trabalho-interministerial-para-o-espaco\/#primaryimage\"},\"image\":{\"@id\":\"https:\/\/portaltela.pt\/noticias\/2026\/04\/10\/acores-integram-grupo-de-trabalho-interministerial-para-o-espaco\/#primaryimage\"},\"thumbnailUrl\":\"https:\/\/portaltela.pt\/s.01k8rhncp4jt1\/2026\/04\/img_1500x1000uu2016-08-29-08-54-00-560510.jpg\",\"datePublished\":\"2026-04-10T13:02:19+00:00\",\"author\":{\"@id\":\"https:\/\/portaltela.pt\/#\/schema\/person\/c4278d4a6028830caff9ee44b42d32ed\"},\"breadcrumb\":{\"@id\":\"https:\/\/portaltela.pt\/noticias\/2026\/04\/10\/acores-integram-grupo-de-trabalho-interministerial-para-o-espaco\/#breadcrumb\"},\"inLanguage\":\"pt-PT\",\"potentialAction\":[{\"@type\":\"ReadAction\",\"target\":[\"https:\/\/portaltela.pt\/noticias\/2026\/04\/10\/acores-integram-grupo-de-trabalho-interministerial-para-o-espaco\/\"]}]},{\"@type\":\"ImageObject\",\"inLanguage\":\"pt-PT\",\"@id\":\"https:\/\/portaltela.pt\/noticias\/2026\/04\/10\/acores-integram-grupo-de-trabalho-interministerial-para-o-espaco\/#primaryimage\",\"url\":\"https:\/\/portaltela.pt\/s.01k8rhncp4jt1\/2026\/04\/img_1500x1000uu2016-08-29-08-54-00-560510.jpg\",\"contentUrl\":\"https:\/\/portaltela.pt\/s.01k8rhncp4jt1\/2026\/04\/img_1500x1000uu2016-08-29-08-54-00-560510.jpg\",\"width\":796,\"height\":448,\"caption\":\"A\u00e7ores integram Grupo de Trabalho Interministerial para o Espa\u00e7o\"},{\"@type\":\"BreadcrumbList\",\"@id\":\"https:\/\/portaltela.pt\/noticias\/2026\/04\/10\/acores-integram-grupo-de-trabalho-interministerial-para-o-espaco\/#breadcrumb\",\"itemListElement\":[{\"@type\":\"ListItem\",\"position\":1,\"name\":\"In\u00edcio\",\"item\":\"https:\/\/portaltela.pt\/\"},{\"@type\":\"ListItem\",\"position\":2,\"name\":\"A\u00e7ores integram Grupo de Trabalho Interministerial para o Espa\u00e7o\"}]},{\"@type\":\"WebSite\",\"@id\":\"https:\/\/portaltela.pt\/#website\",\"url\":\"https:\/\/portaltela.pt\/\",\"name\":\"Portal Tela Portugal\",\"description\":\"\",\"potentialAction\":[{\"@type\":\"SearchAction\",\"target\":{\"@type\":\"EntryPoint\",\"urlTemplate\":\"https:\/\/portaltela.pt\/?s={search_term_string}\"},\"query-input\":{\"@type\":\"PropertyValueSpecification\",\"valueRequired\":true,\"valueName\":\"search_term_string\"}}],\"inLanguage\":\"pt-PT\"},{\"@type\":\"Person\",\"@id\":\"https:\/\/portaltela.pt\/#\/schema\/person\/c4278d4a6028830caff9ee44b42d32ed\",\"name\":\"Telinha\",\"image\":{\"@type\":\"ImageObject\",\"inLanguage\":\"pt-PT\",\"@id\":\"https:\/\/portaltela.pt\/s.01k8rhncp4jt1\/2025\/11\/talking-bot-125x125.png\",\"url\":\"https:\/\/portaltela.pt\/s.01k8rhncp4jt1\/2025\/11\/talking-bot-125x125.png\",\"contentUrl\":\"https:\/\/portaltela.pt\/s.01k8rhncp4jt1\/2025\/11\/talking-bot-125x125.png\",\"caption\":\"Telinha\"},\"sameAs\":[\"https:\/\/portaltela.pt\/\"],\"url\":\"https:\/\/portaltela.pt\/por\/367410592786\/\"}]}<\/script>\n<!-- \/ Yoast SEO plugin. -->","yoast_head_json":{"title":"A\u00e7ores integram Grupo de Trabalho Interministerial para o Espa\u00e7o - Portal Tela Portugal","robots":{"index":"index","follow":"follow","max-snippet":"max-snippet:-1","max-image-preview":"max-image-preview:large","max-video-preview":"max-video-preview:-1"},"og_locale":"pt_PT","og_type":"article","og_title":"A\u00e7ores integram Grupo de Trabalho Interministerial para o Espa\u00e7o - Portal Tela Portugal","og_description":"Os A\u00e7ores passaram a integrar oficialmente, como membro efetivo, o novo Grupo de Trabalho Interministerial para o Espa\u00e7o, com composi\u00e7\u00e3o formalizada via Despacho n.\u00ba 4643\/2026. A inclus\u00e3o justifica-se pela import\u00e2ncia geoestrat\u00e9gica das ilhas atl\u00e2nticas no contexto nacional e europeu e d\u00e1 acesso direto \u00e0s reuni\u00f5es e decis\u00f5es relevantes. O grupo visa consolidar a estrat\u00e9gia de ecossistema espacial regional, incluindo a constru\u00e7\u00e3o do Centro Tecnol\u00f3gico Espacial de Santa Maria, com investimento global de cerca de 15 milh\u00f5es de euros (3 milh\u00f5es do governo a\u00e7oriano). O Centro de Santa Maria permitir\u00e1 a aterragem de ve\u00edculos espaciais n\u00e3o tripulados, em articula\u00e7\u00e3o com a Ag\u00eancia Espacial Europeia (ESA). O programa educativo ligado ao espa\u00e7o mant\u00e9m-se, com 40 estudantes a\u00e7orianos selecionados para a edi\u00e7\u00e3o de 2024 do programa Astronauta por um Dia, a realizar-se em Santa Maria em setembro.","og_url":"https:\/\/portaltela.pt\/noticias\/2026\/04\/10\/acores-integram-grupo-de-trabalho-interministerial-para-o-espaco\/","og_site_name":"Portal Tela Portugal","article_published_time":"2026-04-10T13:02:19+00:00","author":"Telinha","twitter_card":"summary_large_image","twitter_misc":{"Escrito por":"Telinha","Tempo estimado de leitura":"2 minutos"},"schema":{"@context":"https:\/\/schema.org","@graph":[{"@type":"Article","@id":"https:\/\/portaltela.pt\/noticias\/2026\/04\/10\/acores-integram-grupo-de-trabalho-interministerial-para-o-espaco\/#article","isPartOf":{"@id":"https:\/\/portaltela.pt\/noticias\/2026\/04\/10\/acores-integram-grupo-de-trabalho-interministerial-para-o-espaco\/"},"author":{"name":"Telinha","@id":"https:\/\/portaltela.pt\/#\/schema\/person\/c4278d4a6028830caff9ee44b42d32ed"},"headline":"A\u00e7ores integram Grupo de Trabalho Interministerial para o Espa\u00e7o","datePublished":"2026-04-10T13:02:19+00:00","mainEntityOfPage":{"@id":"https:\/\/portaltela.pt\/noticias\/2026\/04\/10\/acores-integram-grupo-de-trabalho-interministerial-para-o-espaco\/"},"wordCount":343,"image":{"@id":"https:\/\/portaltela.pt\/noticias\/2026\/04\/10\/acores-integram-grupo-de-trabalho-interministerial-para-o-espaco\/#primaryimage"},"thumbnailUrl":"https:\/\/portaltela.pt\/s.01k8rhncp4jt1\/2026\/04\/img_1500x1000uu2016-08-29-08-54-00-560510.jpg","keywords":["a aeron\u00e1utica","A\u00e7ores","Ag\u00eancia Espacial Portuguesa","ci\u00eancia","educa\u00e7\u00e3o"],"articleSection":["Tecnologia"],"inLanguage":"pt-PT"},{"@type":"WebPage","@id":"https:\/\/portaltela.pt\/noticias\/2026\/04\/10\/acores-integram-grupo-de-trabalho-interministerial-para-o-espaco\/","url":"https:\/\/portaltela.pt\/noticias\/2026\/04\/10\/acores-integram-grupo-de-trabalho-interministerial-para-o-espaco\/","name":"A\u00e7ores integram Grupo de Trabalho Interministerial para o Espa\u00e7o - Portal Tela Portugal","isPartOf":{"@id":"https:\/\/portaltela.pt\/#website"},"primaryImageOfPage":{"@id":"https:\/\/portaltela.pt\/noticias\/2026\/04\/10\/acores-integram-grupo-de-trabalho-interministerial-para-o-espaco\/#primaryimage"},"image":{"@id":"https:\/\/portaltela.pt\/noticias\/2026\/04\/10\/acores-integram-grupo-de-trabalho-interministerial-para-o-espaco\/#primaryimage"},"thumbnailUrl":"https:\/\/portaltela.pt\/s.01k8rhncp4jt1\/2026\/04\/img_1500x1000uu2016-08-29-08-54-00-560510.jpg","datePublished":"2026-04-10T13:02:19+00:00","author":{"@id":"https:\/\/portaltela.pt\/#\/schema\/person\/c4278d4a6028830caff9ee44b42d32ed"},"breadcrumb":{"@id":"https:\/\/portaltela.pt\/noticias\/2026\/04\/10\/acores-integram-grupo-de-trabalho-interministerial-para-o-espaco\/#breadcrumb"},"inLanguage":"pt-PT","potentialAction":[{"@type":"ReadAction","target":["https:\/\/portaltela.pt\/noticias\/2026\/04\/10\/acores-integram-grupo-de-trabalho-interministerial-para-o-espaco\/"]}]},{"@type":"ImageObject","inLanguage":"pt-PT","@id":"https:\/\/portaltela.pt\/noticias\/2026\/04\/10\/acores-integram-grupo-de-trabalho-interministerial-para-o-espaco\/#primaryimage","url":"https:\/\/portaltela.pt\/s.01k8rhncp4jt1\/2026\/04\/img_1500x1000uu2016-08-29-08-54-00-560510.jpg","contentUrl":"https:\/\/portaltela.pt\/s.01k8rhncp4jt1\/2026\/04\/img_1500x1000uu2016-08-29-08-54-00-560510.jpg","width":796,"height":448,"caption":"A\u00e7ores integram Grupo de Trabalho Interministerial para o Espa\u00e7o"},{"@type":"BreadcrumbList","@id":"https:\/\/portaltela.pt\/noticias\/2026\/04\/10\/acores-integram-grupo-de-trabalho-interministerial-para-o-espaco\/#breadcrumb","itemListElement":[{"@type":"ListItem","position":1,"name":"In\u00edcio","item":"https:\/\/portaltela.pt\/"},{"@type":"ListItem","position":2,"name":"A\u00e7ores integram Grupo de Trabalho Interministerial para o Espa\u00e7o"}]},{"@type":"WebSite","@id":"https:\/\/portaltela.pt\/#website","url":"https:\/\/portaltela.pt\/","name":"Portal Tela Portugal","description":"","potentialAction":[{"@type":"SearchAction","target":{"@type":"EntryPoint","urlTemplate":"https:\/\/portaltela.pt\/?s={search_term_string}"},"query-input":{"@type":"PropertyValueSpecification","valueRequired":true,"valueName":"search_term_string"}}],"inLanguage":"pt-PT"},{"@type":"Person","@id":"https:\/\/portaltela.pt\/#\/schema\/person\/c4278d4a6028830caff9ee44b42d32ed","name":"Telinha","image":{"@type":"ImageObject","inLanguage":"pt-PT","@id":"https:\/\/portaltela.pt\/s.01k8rhncp4jt1\/2025\/11\/talking-bot-125x125.png","url":"https:\/\/portaltela.pt\/s.01k8rhncp4jt1\/2025\/11\/talking-bot-125x125.png","contentUrl":"https:\/\/portaltela.pt\/s.01k8rhncp4jt1\/2025\/11\/talking-bot-125x125.png","caption":"Telinha"},"sameAs":["https:\/\/portaltela.pt\/"],"url":"https:\/\/portaltela.pt\/por\/367410592786\/"}]}},"_links":{"self":[{"href":"https:\/\/portaltela.pt\/api\/wp\/v2\/posts\/439329","targetHints":{"allow":["GET"]}}],"collection":[{"href":"https:\/\/portaltela.pt\/api\/wp\/v2\/posts"}],"about":[{"href":"https:\/\/portaltela.pt\/api\/wp\/v2\/types\/post"}],"author":[{"embeddable":true,"href":"https:\/\/portaltela.pt\/api\/wp\/v2\/users\/2"}],"replies":[{"embeddable":true,"href":"https:\/\/portaltela.pt\/api\/wp\/v2\/comments?post=439329"}],"version-history":[{"count":0,"href":"https:\/\/portaltela.pt\/api\/wp\/v2\/posts\/439329\/revisions"}],"wp:featuredmedia":[{"embeddable":true,"href":"https:\/\/portaltela.pt\/api\/wp\/v2\/media\/439333"}],"wp:attachment":[{"href":"https:\/\/portaltela.pt\/api\/wp\/v2\/media?parent=439329"}],"wp:term":[{"taxonomy":"category","embeddable":true,"href":"https:\/\/portaltela.pt\/api\/wp\/v2\/categories?post=439329"},{"taxonomy":"post_tag","embeddable":true,"href":"https:\/\/portaltela.pt\/api\/wp\/v2\/tags?post=439329"}],"curies":[{"name":"wp","href":"https:\/\/api.w.org\/{rel}","templated":true}]}}