{"id":439309,"date":"2026-04-10T09:47:06","date_gmt":"2026-04-10T12:47:06","guid":{"rendered":"https:\/\/portaltela.pt\/noticias\/2026\/04\/10\/seguro-promulga-decreto-que-reduz-os-limites-minimos-do-isp-ate-30-de-junho\/"},"modified":"2026-04-10T09:47:06","modified_gmt":"2026-04-10T12:47:06","slug":"seguro-promulga-decreto-que-reduz-os-limites-minimos-do-isp-ate-30-de-junho","status":"publish","type":"post","link":"https:\/\/portaltela.pt\/noticias\/economia\/2026\/04\/10\/seguro-promulga-decreto-que-reduz-os-limites-minimos-do-isp-ate-30-de-junho\/","title":{"rendered":"Seguro promulga decreto que reduz os limites m\u00ednimos do ISP at\u00e9 30 de junho"},"content":{"rendered":"<p>Ant\u00f3nio Jos\u00e9 Seguro promulgou hoje, em Tomar, o decreto da Assembleia da Rep\u00fablica que altera temporariamente os limites m\u00ednimos das taxas unit\u00e1rias do ISP. A promulga\u00e7\u00e3o ocorreu duas dias ap\u00f3s a aprova\u00e7\u00e3o un\u00e2nime no parlamento da medida, no contexto do aumento dos combust\u00edveis provocado pela situa\u00e7\u00e3o no M\u00e9dio Oriente.<\/p>\n<p>Segundo o texto, os limites m\u00ednimos passam a ser de 199,89 euros por mil litros para a gasolina sem chumbo e de 156,66 euros por mil litros para o gas\u00f3leo. A decis\u00e3o surge para permitir ao Governo manter o desconto do ISP atrav\u00e9s da devolu\u00e7\u00e3o da receita adicional de IVA, assegurando limites compat\u00edveis com a legisla\u00e7\u00e3o europeia.<\/p>\n<h3>Contexto e objetivo do decreto<\/h3>\n<p>Na exposi\u00e7\u00e3o de motivos, o executivo PSD\/CDS-PP afirma que a medida cria margem para continuar a aplica\u00e7\u00e3o do desconto enquanto a crise internacional se mant\u00e9m. Durante o debate, a secret\u00e1ria de Estado dos Assuntos Fiscais, Cl\u00e1udia Reis Duarte, defendeu a necessidade de agir face \u00e0 realidade excecional e \u00e0s consequ\u00eancias para fam\u00edlias e empresas.<\/p>\n<p>Os partidos Chega, IL e BE apresentaram propostas de altera\u00e7\u00e3o, mas n\u00e3o foram admitidas pelo presidente da Assembleia da Rep\u00fablica. Alega-se viola\u00e7\u00e3o da norma-trav\u00e3o (Chega e BE) e reserva de ordem constitucional (IL). O decreto foi promulgado na primeira Presid\u00eancia Aberta de Seguro, dirigida \u00e0s zonas mais afetadas pelas tempestades de inverno.<\/p>\n","protected":false},"excerpt":{"rendered":"<ul>\n<li>Ant\u00f3nio Jos\u00e9 Seguro promulgou, esta manh\u00e3, em Tomar, o decreto da Assembleia da Rep\u00fablica que altera temporariamente os limites m\u00ednimos das taxas unit\u00e1rias do ISP.<\/li>\n<li>A medida surge dois dias depois de aprova\u00e7\u00e3o un\u00e2nime no parlamento, no \u00e2mbito de aumentos de pre\u00e7os dos combust\u00edveis por causa da guerra no M\u00e9dio Oriente.<\/li>\n<li>Os limites m\u00ednimos passam a ser 199,89 euros por mil litros para a gasolina sem chumbo e 156,66 euros para o gas\u00f3leo.<\/li>\n<li>O Governo pretende manter margem para continuar a devolver receita adicional de IVA via redu\u00e7\u00e3o tempor\u00e1ria do ISP, assegurando os limites conforme legisla\u00e7\u00e3o europeia.<\/li>\n<li>Propostas de altera\u00e7\u00e3o apresentadas por Chega, IL e BE n\u00e3o foram admitidas; o decreto foi promulgado pelo Presidente da Rep\u00fablica durante a sua primeira Presid\u00eancia Aberta.<\/li>\n<\/ul>\n","protected":false},"author":2,"featured_media":439314,"comment_status":"closed","ping_status":"closed","sticky":false,"template":"","format":"standard","meta":{"footnotes":""},"categories":[2,6850],"tags":[6115,2358,34,3613,2832,1014],"class_list":["post-439309","post","type-post","status-publish","format-standard","has-post-thumbnail","hentry","category-economia","category-financas","tag-_economia","tag-crises-internacionais","tag-governo","tag-impostos","tag-politica","tag-portugal"],"yoast_head":"<!-- This site is optimized with the Yoast SEO plugin v27.2 - https:\/\/yoast.com\/product\/yoast-seo-wordpress\/ -->\n<title>Seguro promulga decreto que reduz os limites m\u00ednimos do ISP at\u00e9 30 de junho - Portal Tela Portugal<\/title>\n<meta name=\"robots\" content=\"index, follow, max-snippet:-1, max-image-preview:large, max-video-preview:-1\" \/>\n<meta property=\"og:locale\" content=\"pt_PT\" \/>\n<meta property=\"og:type\" content=\"article\" \/>\n<meta property=\"og:title\" content=\"Seguro promulga decreto que reduz os limites m\u00ednimos do ISP at\u00e9 30 de junho - Portal Tela Portugal\" \/>\n<meta property=\"og:description\" content=\"Ant\u00f3nio Jos\u00e9 Seguro promulgou, esta manh\u00e3, em Tomar, o decreto da Assembleia da Rep\u00fablica que altera temporariamente os limites m\u00ednimos das taxas unit\u00e1rias do ISP. A medida surge dois dias depois de aprova\u00e7\u00e3o un\u00e2nime no parlamento, no \u00e2mbito de aumentos de pre\u00e7os dos combust\u00edveis por causa da guerra no M\u00e9dio Oriente. Os limites m\u00ednimos passam a ser 199,89 euros por mil litros para a gasolina sem chumbo e 156,66 euros para o gas\u00f3leo. O Governo pretende manter margem para continuar a devolver receita adicional de IVA via redu\u00e7\u00e3o tempor\u00e1ria do ISP, assegurando os limites conforme legisla\u00e7\u00e3o europeia. Propostas de altera\u00e7\u00e3o apresentadas por Chega, IL e BE n\u00e3o foram admitidas; o decreto foi promulgado pelo Presidente da Rep\u00fablica durante a sua primeira Presid\u00eancia Aberta.\" \/>\n<meta property=\"og:url\" content=\"https:\/\/portaltela.pt\/noticias\/2026\/04\/10\/seguro-promulga-decreto-que-reduz-os-limites-minimos-do-isp-ate-30-de-junho\/\" \/>\n<meta property=\"og:site_name\" content=\"Portal Tela Portugal\" \/>\n<meta property=\"article:published_time\" content=\"2026-04-10T12:47:06+00:00\" \/>\n<meta name=\"author\" content=\"Telinha\" \/>\n<meta name=\"twitter:card\" content=\"summary_large_image\" \/>\n<meta name=\"twitter:label1\" content=\"Escrito por\" \/>\n\t<meta name=\"twitter:data1\" content=\"Telinha\" \/>\n\t<meta name=\"twitter:label2\" content=\"Tempo estimado de leitura\" \/>\n\t<meta name=\"twitter:data2\" content=\"1 minuto\" \/>\n<script type=\"application\/ld+json\" class=\"yoast-schema-graph\">{\"@context\":\"https:\/\/schema.org\",\"@graph\":[{\"@type\":\"Article\",\"@id\":\"https:\/\/portaltela.pt\/noticias\/2026\/04\/10\/seguro-promulga-decreto-que-reduz-os-limites-minimos-do-isp-ate-30-de-junho\/#article\",\"isPartOf\":{\"@id\":\"https:\/\/portaltela.pt\/noticias\/2026\/04\/10\/seguro-promulga-decreto-que-reduz-os-limites-minimos-do-isp-ate-30-de-junho\/\"},\"author\":{\"name\":\"Telinha\",\"@id\":\"https:\/\/portaltela.pt\/#\/schema\/person\/c4278d4a6028830caff9ee44b42d32ed\"},\"headline\":\"Seguro promulga decreto que reduz os limites m\u00ednimos do ISP at\u00e9 30 de junho\",\"datePublished\":\"2026-04-10T12:47:06+00:00\",\"mainEntityOfPage\":{\"@id\":\"https:\/\/portaltela.pt\/noticias\/2026\/04\/10\/seguro-promulga-decreto-que-reduz-os-limites-minimos-do-isp-ate-30-de-junho\/\"},\"wordCount\":260,\"image\":{\"@id\":\"https:\/\/portaltela.pt\/noticias\/2026\/04\/10\/seguro-promulga-decreto-que-reduz-os-limites-minimos-do-isp-ate-30-de-junho\/#primaryimage\"},\"thumbnailUrl\":\"https:\/\/portaltela.pt\/s.01k8rhncp4jt1\/2026\/04\/image-590.jpg\",\"keywords\":[\"_economia\",\"crises internacionais\",\"governo\",\"impostos\",\"pol\u00edtica\",\"Portugal\"],\"articleSection\":[\"Economia\",\"Finan\u00e7as\"],\"inLanguage\":\"pt-PT\"},{\"@type\":\"WebPage\",\"@id\":\"https:\/\/portaltela.pt\/noticias\/2026\/04\/10\/seguro-promulga-decreto-que-reduz-os-limites-minimos-do-isp-ate-30-de-junho\/\",\"url\":\"https:\/\/portaltela.pt\/noticias\/2026\/04\/10\/seguro-promulga-decreto-que-reduz-os-limites-minimos-do-isp-ate-30-de-junho\/\",\"name\":\"Seguro promulga decreto que reduz os limites m\u00ednimos do ISP at\u00e9 30 de junho - Portal Tela Portugal\",\"isPartOf\":{\"@id\":\"https:\/\/portaltela.pt\/#website\"},\"primaryImageOfPage\":{\"@id\":\"https:\/\/portaltela.pt\/noticias\/2026\/04\/10\/seguro-promulga-decreto-que-reduz-os-limites-minimos-do-isp-ate-30-de-junho\/#primaryimage\"},\"image\":{\"@id\":\"https:\/\/portaltela.pt\/noticias\/2026\/04\/10\/seguro-promulga-decreto-que-reduz-os-limites-minimos-do-isp-ate-30-de-junho\/#primaryimage\"},\"thumbnailUrl\":\"https:\/\/portaltela.pt\/s.01k8rhncp4jt1\/2026\/04\/image-590.jpg\",\"datePublished\":\"2026-04-10T12:47:06+00:00\",\"author\":{\"@id\":\"https:\/\/portaltela.pt\/#\/schema\/person\/c4278d4a6028830caff9ee44b42d32ed\"},\"breadcrumb\":{\"@id\":\"https:\/\/portaltela.pt\/noticias\/2026\/04\/10\/seguro-promulga-decreto-que-reduz-os-limites-minimos-do-isp-ate-30-de-junho\/#breadcrumb\"},\"inLanguage\":\"pt-PT\",\"potentialAction\":[{\"@type\":\"ReadAction\",\"target\":[\"https:\/\/portaltela.pt\/noticias\/2026\/04\/10\/seguro-promulga-decreto-que-reduz-os-limites-minimos-do-isp-ate-30-de-junho\/\"]}]},{\"@type\":\"ImageObject\",\"inLanguage\":\"pt-PT\",\"@id\":\"https:\/\/portaltela.pt\/noticias\/2026\/04\/10\/seguro-promulga-decreto-que-reduz-os-limites-minimos-do-isp-ate-30-de-junho\/#primaryimage\",\"url\":\"https:\/\/portaltela.pt\/s.01k8rhncp4jt1\/2026\/04\/image-590.jpg\",\"contentUrl\":\"https:\/\/portaltela.pt\/s.01k8rhncp4jt1\/2026\/04\/image-590.jpg\",\"width\":796,\"height\":448,\"caption\":\"Imagem de contexto do artigo Seguro promulga decreto que baixa limites m\u00ednimos do ISP at\u00e9 30 de junho\"},{\"@type\":\"BreadcrumbList\",\"@id\":\"https:\/\/portaltela.pt\/noticias\/2026\/04\/10\/seguro-promulga-decreto-que-reduz-os-limites-minimos-do-isp-ate-30-de-junho\/#breadcrumb\",\"itemListElement\":[{\"@type\":\"ListItem\",\"position\":1,\"name\":\"In\u00edcio\",\"item\":\"https:\/\/portaltela.pt\/\"},{\"@type\":\"ListItem\",\"position\":2,\"name\":\"Seguro promulga decreto que reduz os limites m\u00ednimos do ISP at\u00e9 30 de junho\"}]},{\"@type\":\"WebSite\",\"@id\":\"https:\/\/portaltela.pt\/#website\",\"url\":\"https:\/\/portaltela.pt\/\",\"name\":\"Portal Tela Portugal\",\"description\":\"\",\"potentialAction\":[{\"@type\":\"SearchAction\",\"target\":{\"@type\":\"EntryPoint\",\"urlTemplate\":\"https:\/\/portaltela.pt\/?s={search_term_string}\"},\"query-input\":{\"@type\":\"PropertyValueSpecification\",\"valueRequired\":true,\"valueName\":\"search_term_string\"}}],\"inLanguage\":\"pt-PT\"},{\"@type\":\"Person\",\"@id\":\"https:\/\/portaltela.pt\/#\/schema\/person\/c4278d4a6028830caff9ee44b42d32ed\",\"name\":\"Telinha\",\"image\":{\"@type\":\"ImageObject\",\"inLanguage\":\"pt-PT\",\"@id\":\"https:\/\/portaltela.pt\/s.01k8rhncp4jt1\/2025\/11\/talking-bot-125x125.png\",\"url\":\"https:\/\/portaltela.pt\/s.01k8rhncp4jt1\/2025\/11\/talking-bot-125x125.png\",\"contentUrl\":\"https:\/\/portaltela.pt\/s.01k8rhncp4jt1\/2025\/11\/talking-bot-125x125.png\",\"caption\":\"Telinha\"},\"sameAs\":[\"https:\/\/portaltela.pt\/\"],\"url\":\"https:\/\/portaltela.pt\/por\/367410592786\/\"}]}<\/script>\n<!-- \/ Yoast SEO plugin. -->","yoast_head_json":{"title":"Seguro promulga decreto que reduz os limites m\u00ednimos do ISP at\u00e9 30 de junho - Portal Tela Portugal","robots":{"index":"index","follow":"follow","max-snippet":"max-snippet:-1","max-image-preview":"max-image-preview:large","max-video-preview":"max-video-preview:-1"},"og_locale":"pt_PT","og_type":"article","og_title":"Seguro promulga decreto que reduz os limites m\u00ednimos do ISP at\u00e9 30 de junho - Portal Tela Portugal","og_description":"Ant\u00f3nio Jos\u00e9 Seguro promulgou, esta manh\u00e3, em Tomar, o decreto da Assembleia da Rep\u00fablica que altera temporariamente os limites m\u00ednimos das taxas unit\u00e1rias do ISP. A medida surge dois dias depois de aprova\u00e7\u00e3o un\u00e2nime no parlamento, no \u00e2mbito de aumentos de pre\u00e7os dos combust\u00edveis por causa da guerra no M\u00e9dio Oriente. Os limites m\u00ednimos passam a ser 199,89 euros por mil litros para a gasolina sem chumbo e 156,66 euros para o gas\u00f3leo. O Governo pretende manter margem para continuar a devolver receita adicional de IVA via redu\u00e7\u00e3o tempor\u00e1ria do ISP, assegurando os limites conforme legisla\u00e7\u00e3o europeia. Propostas de altera\u00e7\u00e3o apresentadas por Chega, IL e BE n\u00e3o foram admitidas; o decreto foi promulgado pelo Presidente da Rep\u00fablica durante a sua primeira Presid\u00eancia Aberta.","og_url":"https:\/\/portaltela.pt\/noticias\/2026\/04\/10\/seguro-promulga-decreto-que-reduz-os-limites-minimos-do-isp-ate-30-de-junho\/","og_site_name":"Portal Tela Portugal","article_published_time":"2026-04-10T12:47:06+00:00","author":"Telinha","twitter_card":"summary_large_image","twitter_misc":{"Escrito por":"Telinha","Tempo estimado de leitura":"1 minuto"},"schema":{"@context":"https:\/\/schema.org","@graph":[{"@type":"Article","@id":"https:\/\/portaltela.pt\/noticias\/2026\/04\/10\/seguro-promulga-decreto-que-reduz-os-limites-minimos-do-isp-ate-30-de-junho\/#article","isPartOf":{"@id":"https:\/\/portaltela.pt\/noticias\/2026\/04\/10\/seguro-promulga-decreto-que-reduz-os-limites-minimos-do-isp-ate-30-de-junho\/"},"author":{"name":"Telinha","@id":"https:\/\/portaltela.pt\/#\/schema\/person\/c4278d4a6028830caff9ee44b42d32ed"},"headline":"Seguro promulga decreto que reduz os limites m\u00ednimos do ISP at\u00e9 30 de junho","datePublished":"2026-04-10T12:47:06+00:00","mainEntityOfPage":{"@id":"https:\/\/portaltela.pt\/noticias\/2026\/04\/10\/seguro-promulga-decreto-que-reduz-os-limites-minimos-do-isp-ate-30-de-junho\/"},"wordCount":260,"image":{"@id":"https:\/\/portaltela.pt\/noticias\/2026\/04\/10\/seguro-promulga-decreto-que-reduz-os-limites-minimos-do-isp-ate-30-de-junho\/#primaryimage"},"thumbnailUrl":"https:\/\/portaltela.pt\/s.01k8rhncp4jt1\/2026\/04\/image-590.jpg","keywords":["_economia","crises internacionais","governo","impostos","pol\u00edtica","Portugal"],"articleSection":["Economia","Finan\u00e7as"],"inLanguage":"pt-PT"},{"@type":"WebPage","@id":"https:\/\/portaltela.pt\/noticias\/2026\/04\/10\/seguro-promulga-decreto-que-reduz-os-limites-minimos-do-isp-ate-30-de-junho\/","url":"https:\/\/portaltela.pt\/noticias\/2026\/04\/10\/seguro-promulga-decreto-que-reduz-os-limites-minimos-do-isp-ate-30-de-junho\/","name":"Seguro promulga decreto que reduz os limites m\u00ednimos do ISP at\u00e9 30 de junho - Portal Tela Portugal","isPartOf":{"@id":"https:\/\/portaltela.pt\/#website"},"primaryImageOfPage":{"@id":"https:\/\/portaltela.pt\/noticias\/2026\/04\/10\/seguro-promulga-decreto-que-reduz-os-limites-minimos-do-isp-ate-30-de-junho\/#primaryimage"},"image":{"@id":"https:\/\/portaltela.pt\/noticias\/2026\/04\/10\/seguro-promulga-decreto-que-reduz-os-limites-minimos-do-isp-ate-30-de-junho\/#primaryimage"},"thumbnailUrl":"https:\/\/portaltela.pt\/s.01k8rhncp4jt1\/2026\/04\/image-590.jpg","datePublished":"2026-04-10T12:47:06+00:00","author":{"@id":"https:\/\/portaltela.pt\/#\/schema\/person\/c4278d4a6028830caff9ee44b42d32ed"},"breadcrumb":{"@id":"https:\/\/portaltela.pt\/noticias\/2026\/04\/10\/seguro-promulga-decreto-que-reduz-os-limites-minimos-do-isp-ate-30-de-junho\/#breadcrumb"},"inLanguage":"pt-PT","potentialAction":[{"@type":"ReadAction","target":["https:\/\/portaltela.pt\/noticias\/2026\/04\/10\/seguro-promulga-decreto-que-reduz-os-limites-minimos-do-isp-ate-30-de-junho\/"]}]},{"@type":"ImageObject","inLanguage":"pt-PT","@id":"https:\/\/portaltela.pt\/noticias\/2026\/04\/10\/seguro-promulga-decreto-que-reduz-os-limites-minimos-do-isp-ate-30-de-junho\/#primaryimage","url":"https:\/\/portaltela.pt\/s.01k8rhncp4jt1\/2026\/04\/image-590.jpg","contentUrl":"https:\/\/portaltela.pt\/s.01k8rhncp4jt1\/2026\/04\/image-590.jpg","width":796,"height":448,"caption":"Imagem de contexto do artigo Seguro promulga decreto que baixa limites m\u00ednimos do ISP at\u00e9 30 de junho"},{"@type":"BreadcrumbList","@id":"https:\/\/portaltela.pt\/noticias\/2026\/04\/10\/seguro-promulga-decreto-que-reduz-os-limites-minimos-do-isp-ate-30-de-junho\/#breadcrumb","itemListElement":[{"@type":"ListItem","position":1,"name":"In\u00edcio","item":"https:\/\/portaltela.pt\/"},{"@type":"ListItem","position":2,"name":"Seguro promulga decreto que reduz os limites m\u00ednimos do ISP at\u00e9 30 de junho"}]},{"@type":"WebSite","@id":"https:\/\/portaltela.pt\/#website","url":"https:\/\/portaltela.pt\/","name":"Portal Tela Portugal","description":"","potentialAction":[{"@type":"SearchAction","target":{"@type":"EntryPoint","urlTemplate":"https:\/\/portaltela.pt\/?s={search_term_string}"},"query-input":{"@type":"PropertyValueSpecification","valueRequired":true,"valueName":"search_term_string"}}],"inLanguage":"pt-PT"},{"@type":"Person","@id":"https:\/\/portaltela.pt\/#\/schema\/person\/c4278d4a6028830caff9ee44b42d32ed","name":"Telinha","image":{"@type":"ImageObject","inLanguage":"pt-PT","@id":"https:\/\/portaltela.pt\/s.01k8rhncp4jt1\/2025\/11\/talking-bot-125x125.png","url":"https:\/\/portaltela.pt\/s.01k8rhncp4jt1\/2025\/11\/talking-bot-125x125.png","contentUrl":"https:\/\/portaltela.pt\/s.01k8rhncp4jt1\/2025\/11\/talking-bot-125x125.png","caption":"Telinha"},"sameAs":["https:\/\/portaltela.pt\/"],"url":"https:\/\/portaltela.pt\/por\/367410592786\/"}]}},"_links":{"self":[{"href":"https:\/\/portaltela.pt\/api\/wp\/v2\/posts\/439309","targetHints":{"allow":["GET"]}}],"collection":[{"href":"https:\/\/portaltela.pt\/api\/wp\/v2\/posts"}],"about":[{"href":"https:\/\/portaltela.pt\/api\/wp\/v2\/types\/post"}],"author":[{"embeddable":true,"href":"https:\/\/portaltela.pt\/api\/wp\/v2\/users\/2"}],"replies":[{"embeddable":true,"href":"https:\/\/portaltela.pt\/api\/wp\/v2\/comments?post=439309"}],"version-history":[{"count":0,"href":"https:\/\/portaltela.pt\/api\/wp\/v2\/posts\/439309\/revisions"}],"wp:featuredmedia":[{"embeddable":true,"href":"https:\/\/portaltela.pt\/api\/wp\/v2\/media\/439314"}],"wp:attachment":[{"href":"https:\/\/portaltela.pt\/api\/wp\/v2\/media?parent=439309"}],"wp:term":[{"taxonomy":"category","embeddable":true,"href":"https:\/\/portaltela.pt\/api\/wp\/v2\/categories?post=439309"},{"taxonomy":"post_tag","embeddable":true,"href":"https:\/\/portaltela.pt\/api\/wp\/v2\/tags?post=439309"}],"curies":[{"name":"wp","href":"https:\/\/api.w.org\/{rel}","templated":true}]}}