{"id":439305,"date":"2026-04-10T09:46:59","date_gmt":"2026-04-10T12:46:59","guid":{"rendered":"https:\/\/portaltela.pt\/noticias\/2026\/04\/10\/chefias-da-guarda-prisional-participam-em-concentracao-de-protesto\/"},"modified":"2026-04-10T09:46:59","modified_gmt":"2026-04-10T12:46:59","slug":"chefias-da-guarda-prisional-participam-em-concentracao-de-protesto","status":"publish","type":"post","link":"https:\/\/portaltela.pt\/seguranca\/2026\/04\/10\/chefias-da-guarda-prisional-participam-em-concentracao-de-protesto\/","title":{"rendered":"Chefias da guarda prisional participam em concentra\u00e7\u00e3o de protesto"},"content":{"rendered":"<p>O Sindicato de Chefias da Guarda Prisional (ASCCGP) anunciou que vai participar na manifesta\u00e7\u00e3o de protesto contra o corte nas reformas, marcada para Lisboa na pr\u00f3xima quinta-feira. O protesto \u00e9 promovido pela Comiss\u00e3o Coordenadora Permanente (CCP) dos Sindicatos e Associa\u00e7\u00f5es dos Profissionais das For\u00e7as e Servi\u00e7os de Seguran\u00e7a.<\/p>\n<p>A CCP re\u00fane estruturas da Pol\u00edcia de Seguran\u00e7a P\u00fablica, Guarda Nacional Republicana, guardas prisionais, ASAE e Pol\u00edcia Mar\u00edtima. O objetivo \u00e9 alertar para o que consideram cortes nas pens\u00f5es e mudan\u00e7as no c\u00e1lculo das reformas.<\/p>\n<p>A ASCCGP acusa o Estado portugu\u00eas de prorrogar a idade de aposenta\u00e7\u00e3o e de aplicar uma f\u00f3rmula que reduz o valor das pens\u00f5es de forma significativa. O sindicato afirma tratar-se de uma ofensa e de uma injusti\u00e7a para os guardas prisionais.<\/p>\n<h3>Contexto do protesto<\/h3>\n<p>Segundo a CCP, a concentra\u00e7\u00e3o nacional tem como fim denunciar o erro das altera\u00e7\u00f5es legislativas desde 2005 que afetam as pens\u00f5es. A contesta\u00e7\u00e3o intensificou-se ap\u00f3s a recusa, pela Assembleia da Rep\u00fablica, de propostas que visavam manter um rendimento de reforma pr\u00f3ximo de 90% do \u00faltimo vencimento.<\/p>\n<p>As novas regras para reformas de GNR, For\u00e7as Armadas e pol\u00edcias alinham-se com o regime geral, reduzindo pens\u00f5es de 90% para cerca de 60%-70% do \u00faltimo ordenado, com cortes que podem chegar a 30%. As mudan\u00e7as dependem da data de inscri\u00e7\u00e3o na Caixa Geral de Aposenta\u00e7\u00f5es e imp\u00f5em limites et\u00e1rios de 60 anos.<\/p>\n","protected":false},"excerpt":{"rendered":"<ul>\n<li>A Associa\u00e7\u00e3o Sindical de Chefias do Corpo da Guarda Prisional vai participar na concentra\u00e7\u00e3o de protesto das for\u00e7as e servi\u00e7os de seguran\u00e7a contra o corte nas reformas, em Lisboa, na pr\u00f3xima quinta-feira.<\/li>\n<li>A manifesta\u00e7\u00e3o, organizada pela Comiss\u00e3o Coordenadora Permanente, junta estruturas da Pol\u00edcia de Seguran\u00e7a P\u00fablica, Guarda Nacional Republicana, guardas prisionais, ASAE e Pol\u00edcia Mar\u00edtima.<\/li>\n<li>A ASCCGP critica o Estado portugu\u00eas por prorrogar a idade da reforma e por uma f\u00f3rmula de c\u00e1lculo que diminui o valor da pens\u00e3o, considerando-a injusta.<\/li>\n<li>A concentra\u00e7\u00e3o visa alertar para o que a CCP classifica como grave erro nas altera\u00e7\u00f5es legislativas desde 2005, que cortam as pens\u00f5es.<\/li>\n<li>As mudan\u00e7as visam convergir com o regime geral, reduzindo a pens\u00e3o de 90% para cerca de 60% a 70% do \u00faltimo vencimento, com limites et\u00e1rios aos 60 anos e tempo de servi\u00e7o necess\u00e1rio.<\/li>\n<\/ul>\n","protected":false},"author":2,"featured_media":439307,"comment_status":"closed","ping_status":"closed","sticky":false,"template":"","format":"standard","meta":{"footnotes":""},"categories":[6779],"tags":[6115,6373,1779,2832,4536,243],"class_list":["post-439305","post","type-post","status-publish","format-standard","has-post-thumbnail","hentry","category-seguranca","tag-_economia","tag-direitos","tag-forcas-armadas","tag-politica","tag-seguranca","tag-seguranca-social"],"yoast_head":"<!-- This site is optimized with the Yoast SEO plugin v27.2 - https:\/\/yoast.com\/product\/yoast-seo-wordpress\/ -->\n<title>Chefias da guarda prisional participam em concentra\u00e7\u00e3o de protesto - Portal Tela Portugal<\/title>\n<meta name=\"robots\" content=\"index, follow, max-snippet:-1, max-image-preview:large, max-video-preview:-1\" \/>\n<meta property=\"og:locale\" content=\"pt_PT\" \/>\n<meta property=\"og:type\" content=\"article\" \/>\n<meta property=\"og:title\" content=\"Chefias da guarda prisional participam em concentra\u00e7\u00e3o de protesto - Portal Tela Portugal\" \/>\n<meta property=\"og:description\" content=\"A Associa\u00e7\u00e3o Sindical de Chefias do Corpo da Guarda Prisional vai participar na concentra\u00e7\u00e3o de protesto das for\u00e7as e servi\u00e7os de seguran\u00e7a contra o corte nas reformas, em Lisboa, na pr\u00f3xima quinta-feira. A manifesta\u00e7\u00e3o, organizada pela Comiss\u00e3o Coordenadora Permanente, junta estruturas da Pol\u00edcia de Seguran\u00e7a P\u00fablica, Guarda Nacional Republicana, guardas prisionais, ASAE e Pol\u00edcia Mar\u00edtima. A ASCCGP critica o Estado portugu\u00eas por prorrogar a idade da reforma e por uma f\u00f3rmula de c\u00e1lculo que diminui o valor da pens\u00e3o, considerando-a injusta. A concentra\u00e7\u00e3o visa alertar para o que a CCP classifica como grave erro nas altera\u00e7\u00f5es legislativas desde 2005, que cortam as pens\u00f5es. As mudan\u00e7as visam convergir com o regime geral, reduzindo a pens\u00e3o de 90% para cerca de 60% a 70% do \u00faltimo vencimento, com limites et\u00e1rios aos 60 anos e tempo de servi\u00e7o necess\u00e1rio.\" \/>\n<meta property=\"og:url\" content=\"https:\/\/portaltela.pt\/noticias\/2026\/04\/10\/chefias-da-guarda-prisional-participam-em-concentracao-de-protesto\/\" \/>\n<meta property=\"og:site_name\" content=\"Portal Tela Portugal\" \/>\n<meta property=\"article:published_time\" content=\"2026-04-10T12:46:59+00:00\" \/>\n<meta name=\"author\" content=\"Telinha\" \/>\n<meta name=\"twitter:card\" content=\"summary_large_image\" \/>\n<meta name=\"twitter:label1\" content=\"Escrito por\" \/>\n\t<meta name=\"twitter:data1\" content=\"Telinha\" \/>\n\t<meta name=\"twitter:label2\" content=\"Tempo estimado de leitura\" \/>\n\t<meta name=\"twitter:data2\" content=\"1 minuto\" \/>\n<script type=\"application\/ld+json\" class=\"yoast-schema-graph\">{\"@context\":\"https:\/\/schema.org\",\"@graph\":[{\"@type\":\"Article\",\"@id\":\"https:\/\/portaltela.pt\/noticias\/2026\/04\/10\/chefias-da-guarda-prisional-participam-em-concentracao-de-protesto\/#article\",\"isPartOf\":{\"@id\":\"https:\/\/portaltela.pt\/noticias\/2026\/04\/10\/chefias-da-guarda-prisional-participam-em-concentracao-de-protesto\/\"},\"author\":{\"name\":\"Telinha\",\"@id\":\"https:\/\/portaltela.pt\/#\/schema\/person\/c4278d4a6028830caff9ee44b42d32ed\"},\"headline\":\"Chefias da guarda prisional participam em concentra\u00e7\u00e3o de protesto\",\"datePublished\":\"2026-04-10T12:46:59+00:00\",\"mainEntityOfPage\":{\"@id\":\"https:\/\/portaltela.pt\/noticias\/2026\/04\/10\/chefias-da-guarda-prisional-participam-em-concentracao-de-protesto\/\"},\"wordCount\":265,\"image\":{\"@id\":\"https:\/\/portaltela.pt\/noticias\/2026\/04\/10\/chefias-da-guarda-prisional-participam-em-concentracao-de-protesto\/#primaryimage\"},\"thumbnailUrl\":\"https:\/\/portaltela.pt\/s.01k8rhncp4jt1\/2026\/04\/img_1500x1000uu2017-09-21-13-32-00-669908.jpg\",\"keywords\":[\"_economia\",\"direitos\",\"For\u00e7as Armadas\",\"pol\u00edtica\",\"seguran\u00e7a\",\"seguran\u00e7a social\"],\"articleSection\":[\"Seguran\u00e7a\"],\"inLanguage\":\"pt-PT\"},{\"@type\":\"WebPage\",\"@id\":\"https:\/\/portaltela.pt\/noticias\/2026\/04\/10\/chefias-da-guarda-prisional-participam-em-concentracao-de-protesto\/\",\"url\":\"https:\/\/portaltela.pt\/noticias\/2026\/04\/10\/chefias-da-guarda-prisional-participam-em-concentracao-de-protesto\/\",\"name\":\"Chefias da guarda prisional participam em concentra\u00e7\u00e3o de protesto - Portal Tela Portugal\",\"isPartOf\":{\"@id\":\"https:\/\/portaltela.pt\/#website\"},\"primaryImageOfPage\":{\"@id\":\"https:\/\/portaltela.pt\/noticias\/2026\/04\/10\/chefias-da-guarda-prisional-participam-em-concentracao-de-protesto\/#primaryimage\"},\"image\":{\"@id\":\"https:\/\/portaltela.pt\/noticias\/2026\/04\/10\/chefias-da-guarda-prisional-participam-em-concentracao-de-protesto\/#primaryimage\"},\"thumbnailUrl\":\"https:\/\/portaltela.pt\/s.01k8rhncp4jt1\/2026\/04\/img_1500x1000uu2017-09-21-13-32-00-669908.jpg\",\"datePublished\":\"2026-04-10T12:46:59+00:00\",\"author\":{\"@id\":\"https:\/\/portaltela.pt\/#\/schema\/person\/c4278d4a6028830caff9ee44b42d32ed\"},\"breadcrumb\":{\"@id\":\"https:\/\/portaltela.pt\/noticias\/2026\/04\/10\/chefias-da-guarda-prisional-participam-em-concentracao-de-protesto\/#breadcrumb\"},\"inLanguage\":\"pt-PT\",\"potentialAction\":[{\"@type\":\"ReadAction\",\"target\":[\"https:\/\/portaltela.pt\/noticias\/2026\/04\/10\/chefias-da-guarda-prisional-participam-em-concentracao-de-protesto\/\"]}]},{\"@type\":\"ImageObject\",\"inLanguage\":\"pt-PT\",\"@id\":\"https:\/\/portaltela.pt\/noticias\/2026\/04\/10\/chefias-da-guarda-prisional-participam-em-concentracao-de-protesto\/#primaryimage\",\"url\":\"https:\/\/portaltela.pt\/s.01k8rhncp4jt1\/2026\/04\/img_1500x1000uu2017-09-21-13-32-00-669908.jpg\",\"contentUrl\":\"https:\/\/portaltela.pt\/s.01k8rhncp4jt1\/2026\/04\/img_1500x1000uu2017-09-21-13-32-00-669908.jpg\",\"width\":796,\"height\":448,\"caption\":\"Guarda prisional\"},{\"@type\":\"BreadcrumbList\",\"@id\":\"https:\/\/portaltela.pt\/noticias\/2026\/04\/10\/chefias-da-guarda-prisional-participam-em-concentracao-de-protesto\/#breadcrumb\",\"itemListElement\":[{\"@type\":\"ListItem\",\"position\":1,\"name\":\"In\u00edcio\",\"item\":\"https:\/\/portaltela.pt\/\"},{\"@type\":\"ListItem\",\"position\":2,\"name\":\"Chefias da guarda prisional participam em concentra\u00e7\u00e3o de protesto\"}]},{\"@type\":\"WebSite\",\"@id\":\"https:\/\/portaltela.pt\/#website\",\"url\":\"https:\/\/portaltela.pt\/\",\"name\":\"Portal Tela Portugal\",\"description\":\"\",\"potentialAction\":[{\"@type\":\"SearchAction\",\"target\":{\"@type\":\"EntryPoint\",\"urlTemplate\":\"https:\/\/portaltela.pt\/?s={search_term_string}\"},\"query-input\":{\"@type\":\"PropertyValueSpecification\",\"valueRequired\":true,\"valueName\":\"search_term_string\"}}],\"inLanguage\":\"pt-PT\"},{\"@type\":\"Person\",\"@id\":\"https:\/\/portaltela.pt\/#\/schema\/person\/c4278d4a6028830caff9ee44b42d32ed\",\"name\":\"Telinha\",\"image\":{\"@type\":\"ImageObject\",\"inLanguage\":\"pt-PT\",\"@id\":\"https:\/\/portaltela.pt\/s.01k8rhncp4jt1\/2025\/11\/talking-bot-125x125.png\",\"url\":\"https:\/\/portaltela.pt\/s.01k8rhncp4jt1\/2025\/11\/talking-bot-125x125.png\",\"contentUrl\":\"https:\/\/portaltela.pt\/s.01k8rhncp4jt1\/2025\/11\/talking-bot-125x125.png\",\"caption\":\"Telinha\"},\"sameAs\":[\"https:\/\/portaltela.pt\/\"],\"url\":\"https:\/\/portaltela.pt\/por\/367410592786\/\"}]}<\/script>\n<!-- \/ Yoast SEO plugin. -->","yoast_head_json":{"title":"Chefias da guarda prisional participam em concentra\u00e7\u00e3o de protesto - Portal Tela Portugal","robots":{"index":"index","follow":"follow","max-snippet":"max-snippet:-1","max-image-preview":"max-image-preview:large","max-video-preview":"max-video-preview:-1"},"og_locale":"pt_PT","og_type":"article","og_title":"Chefias da guarda prisional participam em concentra\u00e7\u00e3o de protesto - Portal Tela Portugal","og_description":"A Associa\u00e7\u00e3o Sindical de Chefias do Corpo da Guarda Prisional vai participar na concentra\u00e7\u00e3o de protesto das for\u00e7as e servi\u00e7os de seguran\u00e7a contra o corte nas reformas, em Lisboa, na pr\u00f3xima quinta-feira. A manifesta\u00e7\u00e3o, organizada pela Comiss\u00e3o Coordenadora Permanente, junta estruturas da Pol\u00edcia de Seguran\u00e7a P\u00fablica, Guarda Nacional Republicana, guardas prisionais, ASAE e Pol\u00edcia Mar\u00edtima. A ASCCGP critica o Estado portugu\u00eas por prorrogar a idade da reforma e por uma f\u00f3rmula de c\u00e1lculo que diminui o valor da pens\u00e3o, considerando-a injusta. A concentra\u00e7\u00e3o visa alertar para o que a CCP classifica como grave erro nas altera\u00e7\u00f5es legislativas desde 2005, que cortam as pens\u00f5es. As mudan\u00e7as visam convergir com o regime geral, reduzindo a pens\u00e3o de 90% para cerca de 60% a 70% do \u00faltimo vencimento, com limites et\u00e1rios aos 60 anos e tempo de servi\u00e7o necess\u00e1rio.","og_url":"https:\/\/portaltela.pt\/noticias\/2026\/04\/10\/chefias-da-guarda-prisional-participam-em-concentracao-de-protesto\/","og_site_name":"Portal Tela Portugal","article_published_time":"2026-04-10T12:46:59+00:00","author":"Telinha","twitter_card":"summary_large_image","twitter_misc":{"Escrito por":"Telinha","Tempo estimado de leitura":"1 minuto"},"schema":{"@context":"https:\/\/schema.org","@graph":[{"@type":"Article","@id":"https:\/\/portaltela.pt\/noticias\/2026\/04\/10\/chefias-da-guarda-prisional-participam-em-concentracao-de-protesto\/#article","isPartOf":{"@id":"https:\/\/portaltela.pt\/noticias\/2026\/04\/10\/chefias-da-guarda-prisional-participam-em-concentracao-de-protesto\/"},"author":{"name":"Telinha","@id":"https:\/\/portaltela.pt\/#\/schema\/person\/c4278d4a6028830caff9ee44b42d32ed"},"headline":"Chefias da guarda prisional participam em concentra\u00e7\u00e3o de protesto","datePublished":"2026-04-10T12:46:59+00:00","mainEntityOfPage":{"@id":"https:\/\/portaltela.pt\/noticias\/2026\/04\/10\/chefias-da-guarda-prisional-participam-em-concentracao-de-protesto\/"},"wordCount":265,"image":{"@id":"https:\/\/portaltela.pt\/noticias\/2026\/04\/10\/chefias-da-guarda-prisional-participam-em-concentracao-de-protesto\/#primaryimage"},"thumbnailUrl":"https:\/\/portaltela.pt\/s.01k8rhncp4jt1\/2026\/04\/img_1500x1000uu2017-09-21-13-32-00-669908.jpg","keywords":["_economia","direitos","For\u00e7as Armadas","pol\u00edtica","seguran\u00e7a","seguran\u00e7a social"],"articleSection":["Seguran\u00e7a"],"inLanguage":"pt-PT"},{"@type":"WebPage","@id":"https:\/\/portaltela.pt\/noticias\/2026\/04\/10\/chefias-da-guarda-prisional-participam-em-concentracao-de-protesto\/","url":"https:\/\/portaltela.pt\/noticias\/2026\/04\/10\/chefias-da-guarda-prisional-participam-em-concentracao-de-protesto\/","name":"Chefias da guarda prisional participam em concentra\u00e7\u00e3o de protesto - Portal Tela Portugal","isPartOf":{"@id":"https:\/\/portaltela.pt\/#website"},"primaryImageOfPage":{"@id":"https:\/\/portaltela.pt\/noticias\/2026\/04\/10\/chefias-da-guarda-prisional-participam-em-concentracao-de-protesto\/#primaryimage"},"image":{"@id":"https:\/\/portaltela.pt\/noticias\/2026\/04\/10\/chefias-da-guarda-prisional-participam-em-concentracao-de-protesto\/#primaryimage"},"thumbnailUrl":"https:\/\/portaltela.pt\/s.01k8rhncp4jt1\/2026\/04\/img_1500x1000uu2017-09-21-13-32-00-669908.jpg","datePublished":"2026-04-10T12:46:59+00:00","author":{"@id":"https:\/\/portaltela.pt\/#\/schema\/person\/c4278d4a6028830caff9ee44b42d32ed"},"breadcrumb":{"@id":"https:\/\/portaltela.pt\/noticias\/2026\/04\/10\/chefias-da-guarda-prisional-participam-em-concentracao-de-protesto\/#breadcrumb"},"inLanguage":"pt-PT","potentialAction":[{"@type":"ReadAction","target":["https:\/\/portaltela.pt\/noticias\/2026\/04\/10\/chefias-da-guarda-prisional-participam-em-concentracao-de-protesto\/"]}]},{"@type":"ImageObject","inLanguage":"pt-PT","@id":"https:\/\/portaltela.pt\/noticias\/2026\/04\/10\/chefias-da-guarda-prisional-participam-em-concentracao-de-protesto\/#primaryimage","url":"https:\/\/portaltela.pt\/s.01k8rhncp4jt1\/2026\/04\/img_1500x1000uu2017-09-21-13-32-00-669908.jpg","contentUrl":"https:\/\/portaltela.pt\/s.01k8rhncp4jt1\/2026\/04\/img_1500x1000uu2017-09-21-13-32-00-669908.jpg","width":796,"height":448,"caption":"Guarda prisional"},{"@type":"BreadcrumbList","@id":"https:\/\/portaltela.pt\/noticias\/2026\/04\/10\/chefias-da-guarda-prisional-participam-em-concentracao-de-protesto\/#breadcrumb","itemListElement":[{"@type":"ListItem","position":1,"name":"In\u00edcio","item":"https:\/\/portaltela.pt\/"},{"@type":"ListItem","position":2,"name":"Chefias da guarda prisional participam em concentra\u00e7\u00e3o de protesto"}]},{"@type":"WebSite","@id":"https:\/\/portaltela.pt\/#website","url":"https:\/\/portaltela.pt\/","name":"Portal Tela Portugal","description":"","potentialAction":[{"@type":"SearchAction","target":{"@type":"EntryPoint","urlTemplate":"https:\/\/portaltela.pt\/?s={search_term_string}"},"query-input":{"@type":"PropertyValueSpecification","valueRequired":true,"valueName":"search_term_string"}}],"inLanguage":"pt-PT"},{"@type":"Person","@id":"https:\/\/portaltela.pt\/#\/schema\/person\/c4278d4a6028830caff9ee44b42d32ed","name":"Telinha","image":{"@type":"ImageObject","inLanguage":"pt-PT","@id":"https:\/\/portaltela.pt\/s.01k8rhncp4jt1\/2025\/11\/talking-bot-125x125.png","url":"https:\/\/portaltela.pt\/s.01k8rhncp4jt1\/2025\/11\/talking-bot-125x125.png","contentUrl":"https:\/\/portaltela.pt\/s.01k8rhncp4jt1\/2025\/11\/talking-bot-125x125.png","caption":"Telinha"},"sameAs":["https:\/\/portaltela.pt\/"],"url":"https:\/\/portaltela.pt\/por\/367410592786\/"}]}},"_links":{"self":[{"href":"https:\/\/portaltela.pt\/api\/wp\/v2\/posts\/439305","targetHints":{"allow":["GET"]}}],"collection":[{"href":"https:\/\/portaltela.pt\/api\/wp\/v2\/posts"}],"about":[{"href":"https:\/\/portaltela.pt\/api\/wp\/v2\/types\/post"}],"author":[{"embeddable":true,"href":"https:\/\/portaltela.pt\/api\/wp\/v2\/users\/2"}],"replies":[{"embeddable":true,"href":"https:\/\/portaltela.pt\/api\/wp\/v2\/comments?post=439305"}],"version-history":[{"count":0,"href":"https:\/\/portaltela.pt\/api\/wp\/v2\/posts\/439305\/revisions"}],"wp:featuredmedia":[{"embeddable":true,"href":"https:\/\/portaltela.pt\/api\/wp\/v2\/media\/439307"}],"wp:attachment":[{"href":"https:\/\/portaltela.pt\/api\/wp\/v2\/media?parent=439305"}],"wp:term":[{"taxonomy":"category","embeddable":true,"href":"https:\/\/portaltela.pt\/api\/wp\/v2\/categories?post=439305"},{"taxonomy":"post_tag","embeddable":true,"href":"https:\/\/portaltela.pt\/api\/wp\/v2\/tags?post=439305"}],"curies":[{"name":"wp","href":"https:\/\/api.w.org\/{rel}","templated":true}]}}