{"id":439274,"date":"2026-04-10T09:17:51","date_gmt":"2026-04-10T12:17:51","guid":{"rendered":"https:\/\/portaltela.pt\/noticias\/2026\/04\/10\/castelo-branco-investe-442-mil-euros-em-faixas-de-gestao-de-combustivel\/"},"modified":"2026-04-10T09:17:51","modified_gmt":"2026-04-10T12:17:51","slug":"castelo-branco-investe-442-mil-euros-em-faixas-de-gestao-de-combustivel","status":"publish","type":"post","link":"https:\/\/portaltela.pt\/meio-ambiente\/2026\/04\/10\/castelo-branco-investe-442-mil-euros-em-faixas-de-gestao-de-combustivel\/","title":{"rendered":"Castelo Branco investe 442 mil euros em faixas de gest\u00e3o de combust\u00edvel"},"content":{"rendered":"<p>A C\u00e2mara de Castelo Branco vai investir 442 mil euros na manuten\u00e7\u00e3o de faixas de gest\u00e3o de combust\u00edvel, visando a preven\u00e7\u00e3o de inc\u00eandios rurais, em linha com o Plano Municipal de Defesa da Floresta de Castelo Branco de 2026. A medida enquadra-se na estrat\u00e9gia de defesa da floresta e na melhoria da capacidade operacional no territ\u00f3rio.<\/p>\n<p>Em sess\u00e3o privada, o executivo aprovou a abertura de um procedimento por concurso p\u00fablico para aquisi\u00e7\u00e3o de servi\u00e7os de manuten\u00e7\u00e3o de faixas de gest\u00e3o de combust\u00edvel em v\u00e1rios locais do concelho. O montante foi aprovado em lotes, com a despesa de 269.379 euros, acrescidos de IVA \u00e0 taxa legal em vigor.<\/p>\n<p>O munic\u00edpio destacou a necessidade de reposi\u00e7\u00e3o da normalidade ap\u00f3s a passagem da depress\u00e3o Kristin pela regi\u00e3o, atribuindo prioridade imediata ao processo. Os trabalhos devem ficar conclu\u00eddos at\u00e9 30 de junho, havendo ainda a redu\u00e7\u00e3o do prazo para apresenta\u00e7\u00e3o de propostas de 30 para 15 dias.<\/p>\n<h3>Protocolos com associa\u00e7\u00f5es florestais e a\u00e7\u00f5es previstas<\/h3>\n<p>Na mesma reuni\u00e3o, foi aprovada a celebra\u00e7\u00e3o de protocolos com quatro associa\u00e7\u00f5es florestais que mobilizam equipas de sapadores, para a\u00e7\u00f5es de preven\u00e7\u00e3o e gest\u00e3o florestal em 2026. O apoio municipal totaliza 172.480 euros, cobrindo a componente n\u00e3o comparticipada pelo ICNF, assegurando o funcionamento das equipas no terreno.<\/p>\n<p>O investimento insere-se no Plano Municipal de Defesa da Floresta Contra Inc\u00eandios de Castelo Branco, com a\u00e7\u00f5es estruturais de gest\u00e3o de combust\u00edveis e refor\u00e7o da capacidade operacional. O munic\u00edpio sublinhou o cumprimento da obriga\u00e7\u00e3o de realizar trabalhos de servi\u00e7o p\u00fablico na gest\u00e3o florestal e na defesa da floresta, para facilitar a atua\u00e7\u00e3o das equipas de sapadores.<\/p>\n<p>Entre as a\u00e7\u00f5es previstas nos protocolos, contam-se o controlo de vegeta\u00e7\u00e3o herb\u00e1cea e arbustiva, interven\u00e7\u00e3o em bermas da rede vi\u00e1ria e caminhos florestais, apoio \u00e0 consolida\u00e7\u00e3o de planta\u00e7\u00f5es no \u00e2mbito do Condom\u00ednio de Aldeia, manuten\u00e7\u00e3o de percursos pedestres e outros trabalhos de gest\u00e3o de combust\u00edvel e de preven\u00e7\u00e3o de inc\u00eandios rurais.<\/p>\n","protected":false},"excerpt":{"rendered":"<ul>\n<li>A C\u00e2mara de Castelo Branco vai investir 442 mil euros na manuten\u00e7\u00e3o de faixas de gest\u00e3o de combust\u00edvel para prevenir inc\u00eandios rurais.<\/li>\n<li>O investimento insere-se no Plano Municipal de Defesa da Floresta de Castelo Branco de 2026 e ser\u00e1 executado atrav\u00e9s de um concurso p\u00fablico por lotes.<\/li>\n<li>O custo de cada lote aprovado \u00e9 de 269.379 euros, acrescidos de IVA \u00e0 taxa legal em vigor, com os trabalhos a concluir at\u00e9 ao dia 30 de junho.<\/li>\n<li>Foi reduzido de 30 para 15 dias o prazo para apresenta\u00e7\u00e3o de propostas no \u00e2mbito deste concurso p\u00fablico.<\/li>\n<li>Foram aprovados protocolos com quatro associa\u00e7\u00f5es florestais para a\u00e7\u00f5es de preven\u00e7\u00e3o e gest\u00e3o florestal em 2026, com apoio municipal de 172.480 euros para financiar a componente n\u00e3o comparticipada pelo ICNF.<\/li>\n<\/ul>\n","protected":false},"author":2,"featured_media":439275,"comment_status":"closed","ping_status":"closed","sticky":false,"template":"","format":"standard","meta":{"footnotes":""},"categories":[6725],"tags":[7767,6201,1112,28,2617],"class_list":["post-439274","post","type-post","status-publish","format-standard","has-post-thumbnail","hentry","category-meio-ambiente","tag-_meio-ambiente","tag-a-floresta","tag-castelo-branco","tag-economia","tag-incendios"],"yoast_head":"<!-- This site is optimized with the Yoast SEO plugin v27.2 - https:\/\/yoast.com\/product\/yoast-seo-wordpress\/ -->\n<title>Castelo Branco investe 442 mil euros em faixas de gest\u00e3o de combust\u00edvel - Portal Tela Portugal<\/title>\n<meta name=\"robots\" content=\"index, follow, max-snippet:-1, max-image-preview:large, max-video-preview:-1\" \/>\n<meta property=\"og:locale\" content=\"pt_PT\" \/>\n<meta property=\"og:type\" content=\"article\" \/>\n<meta property=\"og:title\" content=\"Castelo Branco investe 442 mil euros em faixas de gest\u00e3o de combust\u00edvel - Portal Tela Portugal\" \/>\n<meta property=\"og:description\" content=\"A C\u00e2mara de Castelo Branco vai investir 442 mil euros na manuten\u00e7\u00e3o de faixas de gest\u00e3o de combust\u00edvel para prevenir inc\u00eandios rurais. O investimento insere-se no Plano Municipal de Defesa da Floresta de Castelo Branco de 2026 e ser\u00e1 executado atrav\u00e9s de um concurso p\u00fablico por lotes. O custo de cada lote aprovado \u00e9 de 269.379 euros, acrescidos de IVA \u00e0 taxa legal em vigor, com os trabalhos a concluir at\u00e9 ao dia 30 de junho. Foi reduzido de 30 para 15 dias o prazo para apresenta\u00e7\u00e3o de propostas no \u00e2mbito deste concurso p\u00fablico. Foram aprovados protocolos com quatro associa\u00e7\u00f5es florestais para a\u00e7\u00f5es de preven\u00e7\u00e3o e gest\u00e3o florestal em 2026, com apoio municipal de 172.480 euros para financiar a componente n\u00e3o comparticipada pelo ICNF.\" \/>\n<meta property=\"og:url\" content=\"https:\/\/portaltela.pt\/noticias\/2026\/04\/10\/castelo-branco-investe-442-mil-euros-em-faixas-de-gestao-de-combustivel\/\" \/>\n<meta property=\"og:site_name\" content=\"Portal Tela Portugal\" \/>\n<meta property=\"article:published_time\" content=\"2026-04-10T12:17:51+00:00\" \/>\n<meta name=\"author\" content=\"Telinha\" \/>\n<meta name=\"twitter:card\" content=\"summary_large_image\" \/>\n<meta name=\"twitter:label1\" content=\"Escrito por\" \/>\n\t<meta name=\"twitter:data1\" content=\"Telinha\" \/>\n\t<meta name=\"twitter:label2\" content=\"Tempo estimado de leitura\" \/>\n\t<meta name=\"twitter:data2\" content=\"2 minutos\" \/>\n<script type=\"application\/ld+json\" class=\"yoast-schema-graph\">{\"@context\":\"https:\/\/schema.org\",\"@graph\":[{\"@type\":\"Article\",\"@id\":\"https:\/\/portaltela.pt\/noticias\/2026\/04\/10\/castelo-branco-investe-442-mil-euros-em-faixas-de-gestao-de-combustivel\/#article\",\"isPartOf\":{\"@id\":\"https:\/\/portaltela.pt\/noticias\/2026\/04\/10\/castelo-branco-investe-442-mil-euros-em-faixas-de-gestao-de-combustivel\/\"},\"author\":{\"name\":\"Telinha\",\"@id\":\"https:\/\/portaltela.pt\/#\/schema\/person\/c4278d4a6028830caff9ee44b42d32ed\"},\"headline\":\"Castelo Branco investe 442 mil euros em faixas de gest\u00e3o de combust\u00edvel\",\"datePublished\":\"2026-04-10T12:17:51+00:00\",\"mainEntityOfPage\":{\"@id\":\"https:\/\/portaltela.pt\/noticias\/2026\/04\/10\/castelo-branco-investe-442-mil-euros-em-faixas-de-gestao-de-combustivel\/\"},\"wordCount\":374,\"image\":{\"@id\":\"https:\/\/portaltela.pt\/noticias\/2026\/04\/10\/castelo-branco-investe-442-mil-euros-em-faixas-de-gestao-de-combustivel\/#primaryimage\"},\"thumbnailUrl\":\"https:\/\/portaltela.pt\/s.01k8rhncp4jt1\/2026\/04\/img_1500x1000uu2015-03-28-17-12-00-443571.jpg\",\"keywords\":[\"_meio-ambiente\",\"a floresta\",\"Castelo Branco\",\"economia\",\"inc\u00eandios\"],\"articleSection\":[\"Meio Ambiente\"],\"inLanguage\":\"pt-PT\"},{\"@type\":\"WebPage\",\"@id\":\"https:\/\/portaltela.pt\/noticias\/2026\/04\/10\/castelo-branco-investe-442-mil-euros-em-faixas-de-gestao-de-combustivel\/\",\"url\":\"https:\/\/portaltela.pt\/noticias\/2026\/04\/10\/castelo-branco-investe-442-mil-euros-em-faixas-de-gestao-de-combustivel\/\",\"name\":\"Castelo Branco investe 442 mil euros em faixas de gest\u00e3o de combust\u00edvel - Portal Tela Portugal\",\"isPartOf\":{\"@id\":\"https:\/\/portaltela.pt\/#website\"},\"primaryImageOfPage\":{\"@id\":\"https:\/\/portaltela.pt\/noticias\/2026\/04\/10\/castelo-branco-investe-442-mil-euros-em-faixas-de-gestao-de-combustivel\/#primaryimage\"},\"image\":{\"@id\":\"https:\/\/portaltela.pt\/noticias\/2026\/04\/10\/castelo-branco-investe-442-mil-euros-em-faixas-de-gestao-de-combustivel\/#primaryimage\"},\"thumbnailUrl\":\"https:\/\/portaltela.pt\/s.01k8rhncp4jt1\/2026\/04\/img_1500x1000uu2015-03-28-17-12-00-443571.jpg\",\"datePublished\":\"2026-04-10T12:17:51+00:00\",\"author\":{\"@id\":\"https:\/\/portaltela.pt\/#\/schema\/person\/c4278d4a6028830caff9ee44b42d32ed\"},\"breadcrumb\":{\"@id\":\"https:\/\/portaltela.pt\/noticias\/2026\/04\/10\/castelo-branco-investe-442-mil-euros-em-faixas-de-gestao-de-combustivel\/#breadcrumb\"},\"inLanguage\":\"pt-PT\",\"potentialAction\":[{\"@type\":\"ReadAction\",\"target\":[\"https:\/\/portaltela.pt\/noticias\/2026\/04\/10\/castelo-branco-investe-442-mil-euros-em-faixas-de-gestao-de-combustivel\/\"]}]},{\"@type\":\"ImageObject\",\"inLanguage\":\"pt-PT\",\"@id\":\"https:\/\/portaltela.pt\/noticias\/2026\/04\/10\/castelo-branco-investe-442-mil-euros-em-faixas-de-gestao-de-combustivel\/#primaryimage\",\"url\":\"https:\/\/portaltela.pt\/s.01k8rhncp4jt1\/2026\/04\/img_1500x1000uu2015-03-28-17-12-00-443571.jpg\",\"contentUrl\":\"https:\/\/portaltela.pt\/s.01k8rhncp4jt1\/2026\/04\/img_1500x1000uu2015-03-28-17-12-00-443571.jpg\",\"width\":1500,\"height\":1000,\"caption\":\"Castelo Branco\"},{\"@type\":\"BreadcrumbList\",\"@id\":\"https:\/\/portaltela.pt\/noticias\/2026\/04\/10\/castelo-branco-investe-442-mil-euros-em-faixas-de-gestao-de-combustivel\/#breadcrumb\",\"itemListElement\":[{\"@type\":\"ListItem\",\"position\":1,\"name\":\"In\u00edcio\",\"item\":\"https:\/\/portaltela.pt\/\"},{\"@type\":\"ListItem\",\"position\":2,\"name\":\"Castelo Branco investe 442 mil euros em faixas de gest\u00e3o de combust\u00edvel\"}]},{\"@type\":\"WebSite\",\"@id\":\"https:\/\/portaltela.pt\/#website\",\"url\":\"https:\/\/portaltela.pt\/\",\"name\":\"Portal Tela Portugal\",\"description\":\"\",\"potentialAction\":[{\"@type\":\"SearchAction\",\"target\":{\"@type\":\"EntryPoint\",\"urlTemplate\":\"https:\/\/portaltela.pt\/?s={search_term_string}\"},\"query-input\":{\"@type\":\"PropertyValueSpecification\",\"valueRequired\":true,\"valueName\":\"search_term_string\"}}],\"inLanguage\":\"pt-PT\"},{\"@type\":\"Person\",\"@id\":\"https:\/\/portaltela.pt\/#\/schema\/person\/c4278d4a6028830caff9ee44b42d32ed\",\"name\":\"Telinha\",\"image\":{\"@type\":\"ImageObject\",\"inLanguage\":\"pt-PT\",\"@id\":\"https:\/\/portaltela.pt\/s.01k8rhncp4jt1\/2025\/11\/talking-bot-125x125.png\",\"url\":\"https:\/\/portaltela.pt\/s.01k8rhncp4jt1\/2025\/11\/talking-bot-125x125.png\",\"contentUrl\":\"https:\/\/portaltela.pt\/s.01k8rhncp4jt1\/2025\/11\/talking-bot-125x125.png\",\"caption\":\"Telinha\"},\"sameAs\":[\"https:\/\/portaltela.pt\/\"],\"url\":\"https:\/\/portaltela.pt\/por\/367410592786\/\"}]}<\/script>\n<!-- \/ Yoast SEO plugin. -->","yoast_head_json":{"title":"Castelo Branco investe 442 mil euros em faixas de gest\u00e3o de combust\u00edvel - Portal Tela Portugal","robots":{"index":"index","follow":"follow","max-snippet":"max-snippet:-1","max-image-preview":"max-image-preview:large","max-video-preview":"max-video-preview:-1"},"og_locale":"pt_PT","og_type":"article","og_title":"Castelo Branco investe 442 mil euros em faixas de gest\u00e3o de combust\u00edvel - Portal Tela Portugal","og_description":"A C\u00e2mara de Castelo Branco vai investir 442 mil euros na manuten\u00e7\u00e3o de faixas de gest\u00e3o de combust\u00edvel para prevenir inc\u00eandios rurais. O investimento insere-se no Plano Municipal de Defesa da Floresta de Castelo Branco de 2026 e ser\u00e1 executado atrav\u00e9s de um concurso p\u00fablico por lotes. O custo de cada lote aprovado \u00e9 de 269.379 euros, acrescidos de IVA \u00e0 taxa legal em vigor, com os trabalhos a concluir at\u00e9 ao dia 30 de junho. Foi reduzido de 30 para 15 dias o prazo para apresenta\u00e7\u00e3o de propostas no \u00e2mbito deste concurso p\u00fablico. Foram aprovados protocolos com quatro associa\u00e7\u00f5es florestais para a\u00e7\u00f5es de preven\u00e7\u00e3o e gest\u00e3o florestal em 2026, com apoio municipal de 172.480 euros para financiar a componente n\u00e3o comparticipada pelo ICNF.","og_url":"https:\/\/portaltela.pt\/noticias\/2026\/04\/10\/castelo-branco-investe-442-mil-euros-em-faixas-de-gestao-de-combustivel\/","og_site_name":"Portal Tela Portugal","article_published_time":"2026-04-10T12:17:51+00:00","author":"Telinha","twitter_card":"summary_large_image","twitter_misc":{"Escrito por":"Telinha","Tempo estimado de leitura":"2 minutos"},"schema":{"@context":"https:\/\/schema.org","@graph":[{"@type":"Article","@id":"https:\/\/portaltela.pt\/noticias\/2026\/04\/10\/castelo-branco-investe-442-mil-euros-em-faixas-de-gestao-de-combustivel\/#article","isPartOf":{"@id":"https:\/\/portaltela.pt\/noticias\/2026\/04\/10\/castelo-branco-investe-442-mil-euros-em-faixas-de-gestao-de-combustivel\/"},"author":{"name":"Telinha","@id":"https:\/\/portaltela.pt\/#\/schema\/person\/c4278d4a6028830caff9ee44b42d32ed"},"headline":"Castelo Branco investe 442 mil euros em faixas de gest\u00e3o de combust\u00edvel","datePublished":"2026-04-10T12:17:51+00:00","mainEntityOfPage":{"@id":"https:\/\/portaltela.pt\/noticias\/2026\/04\/10\/castelo-branco-investe-442-mil-euros-em-faixas-de-gestao-de-combustivel\/"},"wordCount":374,"image":{"@id":"https:\/\/portaltela.pt\/noticias\/2026\/04\/10\/castelo-branco-investe-442-mil-euros-em-faixas-de-gestao-de-combustivel\/#primaryimage"},"thumbnailUrl":"https:\/\/portaltela.pt\/s.01k8rhncp4jt1\/2026\/04\/img_1500x1000uu2015-03-28-17-12-00-443571.jpg","keywords":["_meio-ambiente","a floresta","Castelo Branco","economia","inc\u00eandios"],"articleSection":["Meio Ambiente"],"inLanguage":"pt-PT"},{"@type":"WebPage","@id":"https:\/\/portaltela.pt\/noticias\/2026\/04\/10\/castelo-branco-investe-442-mil-euros-em-faixas-de-gestao-de-combustivel\/","url":"https:\/\/portaltela.pt\/noticias\/2026\/04\/10\/castelo-branco-investe-442-mil-euros-em-faixas-de-gestao-de-combustivel\/","name":"Castelo Branco investe 442 mil euros em faixas de gest\u00e3o de combust\u00edvel - Portal Tela Portugal","isPartOf":{"@id":"https:\/\/portaltela.pt\/#website"},"primaryImageOfPage":{"@id":"https:\/\/portaltela.pt\/noticias\/2026\/04\/10\/castelo-branco-investe-442-mil-euros-em-faixas-de-gestao-de-combustivel\/#primaryimage"},"image":{"@id":"https:\/\/portaltela.pt\/noticias\/2026\/04\/10\/castelo-branco-investe-442-mil-euros-em-faixas-de-gestao-de-combustivel\/#primaryimage"},"thumbnailUrl":"https:\/\/portaltela.pt\/s.01k8rhncp4jt1\/2026\/04\/img_1500x1000uu2015-03-28-17-12-00-443571.jpg","datePublished":"2026-04-10T12:17:51+00:00","author":{"@id":"https:\/\/portaltela.pt\/#\/schema\/person\/c4278d4a6028830caff9ee44b42d32ed"},"breadcrumb":{"@id":"https:\/\/portaltela.pt\/noticias\/2026\/04\/10\/castelo-branco-investe-442-mil-euros-em-faixas-de-gestao-de-combustivel\/#breadcrumb"},"inLanguage":"pt-PT","potentialAction":[{"@type":"ReadAction","target":["https:\/\/portaltela.pt\/noticias\/2026\/04\/10\/castelo-branco-investe-442-mil-euros-em-faixas-de-gestao-de-combustivel\/"]}]},{"@type":"ImageObject","inLanguage":"pt-PT","@id":"https:\/\/portaltela.pt\/noticias\/2026\/04\/10\/castelo-branco-investe-442-mil-euros-em-faixas-de-gestao-de-combustivel\/#primaryimage","url":"https:\/\/portaltela.pt\/s.01k8rhncp4jt1\/2026\/04\/img_1500x1000uu2015-03-28-17-12-00-443571.jpg","contentUrl":"https:\/\/portaltela.pt\/s.01k8rhncp4jt1\/2026\/04\/img_1500x1000uu2015-03-28-17-12-00-443571.jpg","width":1500,"height":1000,"caption":"Castelo Branco"},{"@type":"BreadcrumbList","@id":"https:\/\/portaltela.pt\/noticias\/2026\/04\/10\/castelo-branco-investe-442-mil-euros-em-faixas-de-gestao-de-combustivel\/#breadcrumb","itemListElement":[{"@type":"ListItem","position":1,"name":"In\u00edcio","item":"https:\/\/portaltela.pt\/"},{"@type":"ListItem","position":2,"name":"Castelo Branco investe 442 mil euros em faixas de gest\u00e3o de combust\u00edvel"}]},{"@type":"WebSite","@id":"https:\/\/portaltela.pt\/#website","url":"https:\/\/portaltela.pt\/","name":"Portal Tela Portugal","description":"","potentialAction":[{"@type":"SearchAction","target":{"@type":"EntryPoint","urlTemplate":"https:\/\/portaltela.pt\/?s={search_term_string}"},"query-input":{"@type":"PropertyValueSpecification","valueRequired":true,"valueName":"search_term_string"}}],"inLanguage":"pt-PT"},{"@type":"Person","@id":"https:\/\/portaltela.pt\/#\/schema\/person\/c4278d4a6028830caff9ee44b42d32ed","name":"Telinha","image":{"@type":"ImageObject","inLanguage":"pt-PT","@id":"https:\/\/portaltela.pt\/s.01k8rhncp4jt1\/2025\/11\/talking-bot-125x125.png","url":"https:\/\/portaltela.pt\/s.01k8rhncp4jt1\/2025\/11\/talking-bot-125x125.png","contentUrl":"https:\/\/portaltela.pt\/s.01k8rhncp4jt1\/2025\/11\/talking-bot-125x125.png","caption":"Telinha"},"sameAs":["https:\/\/portaltela.pt\/"],"url":"https:\/\/portaltela.pt\/por\/367410592786\/"}]}},"_links":{"self":[{"href":"https:\/\/portaltela.pt\/api\/wp\/v2\/posts\/439274","targetHints":{"allow":["GET"]}}],"collection":[{"href":"https:\/\/portaltela.pt\/api\/wp\/v2\/posts"}],"about":[{"href":"https:\/\/portaltela.pt\/api\/wp\/v2\/types\/post"}],"author":[{"embeddable":true,"href":"https:\/\/portaltela.pt\/api\/wp\/v2\/users\/2"}],"replies":[{"embeddable":true,"href":"https:\/\/portaltela.pt\/api\/wp\/v2\/comments?post=439274"}],"version-history":[{"count":0,"href":"https:\/\/portaltela.pt\/api\/wp\/v2\/posts\/439274\/revisions"}],"wp:featuredmedia":[{"embeddable":true,"href":"https:\/\/portaltela.pt\/api\/wp\/v2\/media\/439275"}],"wp:attachment":[{"href":"https:\/\/portaltela.pt\/api\/wp\/v2\/media?parent=439274"}],"wp:term":[{"taxonomy":"category","embeddable":true,"href":"https:\/\/portaltela.pt\/api\/wp\/v2\/categories?post=439274"},{"taxonomy":"post_tag","embeddable":true,"href":"https:\/\/portaltela.pt\/api\/wp\/v2\/tags?post=439274"}],"curies":[{"name":"wp","href":"https:\/\/api.w.org\/{rel}","templated":true}]}}