{"id":439267,"date":"2026-04-10T09:17:32","date_gmt":"2026-04-10T12:17:32","guid":{"rendered":"https:\/\/portaltela.pt\/noticias\/2026\/04\/10\/mourinho-pode-deixar-benfica-porto-empata-rui-borges-mantem-discurso\/"},"modified":"2026-04-10T09:17:32","modified_gmt":"2026-04-10T12:17:32","slug":"mourinho-pode-deixar-benfica-porto-empata-rui-borges-mantem-discurso","status":"publish","type":"post","link":"https:\/\/portaltela.pt\/desporto\/futebol\/2026\/04\/10\/mourinho-pode-deixar-benfica-porto-empata-rui-borges-mantem-discurso\/","title":{"rendered":"Mourinho pode deixar Benfica; Porto empata, Rui Borges mant\u00e9m discurso"},"content":{"rendered":"<p>Mourinho pode deixar Benfica, FC Porto empata e Rui Borges n\u00e3o muda discurso s\u00e3o os temas em an\u00e1lise nesta edi\u00e7\u00e3o de 10 Minutos Record. A equipa de jornalistas avaliou o que molda o dia no desporto portugu\u00eas, com foco nos bastidores e nos desenvolvimentos recentes.<\/p>\n<p>No centro da discuss\u00e3o est\u00e1 o poss\u00edvel afastamento de Jos\u00e9 Mourinho do Benfica, assim como o desfecho do empate entre FC Porto e o advers\u00e1rio. Tamb\u00e9m \u00e9 abordado o que o treinador Rui Borges mant\u00e9m no seu discurso, apesar de eventuais mudan\u00e7as no contexto do clube.<\/p>\n<h3>Mourinho pode deixar Benfica<\/h3>\n<p>O debate gira em torno da possibilidade de Mourinho abandonar o Benfica, com interpreta\u00e7\u00f5es v\u00e1rias sobre o timing e as implica\u00e7\u00f5es. Ainda n\u00e3o h\u00e1 an\u00fancio formal, mas circulam rumores entre analistas e f\u00e3s. A situa\u00e7\u00e3o pode impactar o planeamento da pr\u00f3xima temporada.<\/p>\n<p>Analistas apontam que a sa\u00edda poderia exigir ajustes na gest\u00e3o desportiva, na equipa t\u00e9cnica e na procura por refor\u00e7os. Fontes desportivas indicam que mudan\u00e7as nos quadros t\u00e9cnicos s\u00e3o avaliadas internamente, sem confirma\u00e7\u00e3o oficial.<\/p>\n<h3>FC Porto empata<\/h3>\n<p>A equipa do FC Porto terminou o encontro com um empate, resultando em uma conclus\u00e3o que n\u00e3o satisfaz integralmente o plantel. O desenho t\u00e1ctico e as oportunidades criadas foram centrais para o desfecho. O desempenho mant\u00e9m-se sob an\u00e1lise de especialistas e adeptos.<\/p>\n<p>A aposta na integra\u00e7\u00e3o de jovens com jogadores experientes \u00e9 discutida como parte da estrat\u00e9gia para o campeonato. A dire\u00e7\u00e3o do clube aguarda dados de desempenho, incluindo estat\u00edsticas de posse de bola e efic\u00e1cia ofensiva, para futuras decis\u00f5es.<\/p>\n<h3>Rui Borges n\u00e3o muda discurso<\/h3>\n<p>Rui Borges mant\u00e9m a linha de comunica\u00e7\u00e3o j\u00e1 conhecida, sem altera\u00e7\u00f5es percept\u00edveis no tom ou nas prioridades. O treinador enfatiza continuidade no planeamento e na assimila\u00e7\u00e3o de princ\u00edpios de jogo, independentemente de resultados recentes.<\/p>\n<p>Fontes pr\u00f3ximas ao clube referem que o foco permanece na forma\u00e7\u00e3o de atletas e na coes\u00e3o coletiva. As declara\u00e7\u00f5es costumam refor\u00e7ar trabalho \u00e1rduo, disciplina e compromisso com objetivos de m\u00e9dio prazo.<\/p>\n","protected":false},"excerpt":{"rendered":"<ul>\n<li>Mourinho pode deixar Benfica.<\/li>\n<li>FC Porto empata.<\/li>\n<li>Rui Borges n\u00e3o muda discurso.<\/li>\n<li>A an\u00e1lise dos temas do dia \u00e9 realizada pelos jornalistas Pedro Gon\u00e7alo Pinto e Rafael Godinho.<\/li>\n<\/ul>\n","protected":false},"author":2,"featured_media":439271,"comment_status":"closed","ping_status":"closed","sticky":false,"template":"","format":"standard","meta":{"footnotes":""},"categories":[21,24],"tags":[7755,152,457,1014],"class_list":["post-439267","post","type-post","status-publish","format-standard","has-post-thumbnail","hentry","category-desporto","category-futebol","tag-_futebol","tag-desporto","tag-liga-portugal","tag-portugal"],"yoast_head":"<!-- This site is optimized with the Yoast SEO plugin v27.2 - https:\/\/yoast.com\/product\/yoast-seo-wordpress\/ -->\n<title>Mourinho pode deixar Benfica; Porto empata, Rui Borges mant\u00e9m discurso - Portal Tela Portugal<\/title>\n<meta name=\"robots\" content=\"index, follow, max-snippet:-1, max-image-preview:large, max-video-preview:-1\" \/>\n<meta property=\"og:locale\" content=\"pt_PT\" \/>\n<meta property=\"og:type\" content=\"article\" \/>\n<meta property=\"og:title\" content=\"Mourinho pode deixar Benfica; Porto empata, Rui Borges mant\u00e9m discurso - Portal Tela Portugal\" \/>\n<meta property=\"og:description\" content=\"Mourinho pode deixar Benfica. FC Porto empata. Rui Borges n\u00e3o muda discurso. A an\u00e1lise dos temas do dia \u00e9 realizada pelos jornalistas Pedro Gon\u00e7alo Pinto e Rafael Godinho.\" \/>\n<meta property=\"og:url\" content=\"https:\/\/portaltela.pt\/noticias\/2026\/04\/10\/mourinho-pode-deixar-benfica-porto-empata-rui-borges-mantem-discurso\/\" \/>\n<meta property=\"og:site_name\" content=\"Portal Tela Portugal\" \/>\n<meta property=\"article:published_time\" content=\"2026-04-10T12:17:32+00:00\" \/>\n<meta name=\"author\" content=\"Telinha\" \/>\n<meta name=\"twitter:card\" content=\"summary_large_image\" \/>\n<meta name=\"twitter:label1\" content=\"Escrito por\" \/>\n\t<meta name=\"twitter:data1\" content=\"Telinha\" \/>\n\t<meta name=\"twitter:label2\" content=\"Tempo estimado de leitura\" \/>\n\t<meta name=\"twitter:data2\" content=\"2 minutos\" \/>\n<script type=\"application\/ld+json\" class=\"yoast-schema-graph\">{\"@context\":\"https:\/\/schema.org\",\"@graph\":[{\"@type\":\"Article\",\"@id\":\"https:\/\/portaltela.pt\/noticias\/2026\/04\/10\/mourinho-pode-deixar-benfica-porto-empata-rui-borges-mantem-discurso\/#article\",\"isPartOf\":{\"@id\":\"https:\/\/portaltela.pt\/noticias\/2026\/04\/10\/mourinho-pode-deixar-benfica-porto-empata-rui-borges-mantem-discurso\/\"},\"author\":{\"name\":\"Telinha\",\"@id\":\"https:\/\/portaltela.pt\/#\/schema\/person\/c4278d4a6028830caff9ee44b42d32ed\"},\"headline\":\"Mourinho pode deixar Benfica; Porto empata, Rui Borges mant\u00e9m discurso\",\"datePublished\":\"2026-04-10T12:17:32+00:00\",\"mainEntityOfPage\":{\"@id\":\"https:\/\/portaltela.pt\/noticias\/2026\/04\/10\/mourinho-pode-deixar-benfica-porto-empata-rui-borges-mantem-discurso\/\"},\"wordCount\":382,\"image\":{\"@id\":\"https:\/\/portaltela.pt\/noticias\/2026\/04\/10\/mourinho-pode-deixar-benfica-porto-empata-rui-borges-mantem-discurso\/#primaryimage\"},\"thumbnailUrl\":\"https:\/\/portaltela.pt\/s.01k8rhncp4jt1\/2026\/04\/img_1200x721uu2026-04-10-13-12-53-2432165.jpg\",\"keywords\":[\"_futebol\",\"desporto\",\"Liga Portugal\",\"Portugal\"],\"articleSection\":[\"Desporto\",\"Futebol\"],\"inLanguage\":\"pt-PT\"},{\"@type\":\"WebPage\",\"@id\":\"https:\/\/portaltela.pt\/noticias\/2026\/04\/10\/mourinho-pode-deixar-benfica-porto-empata-rui-borges-mantem-discurso\/\",\"url\":\"https:\/\/portaltela.pt\/noticias\/2026\/04\/10\/mourinho-pode-deixar-benfica-porto-empata-rui-borges-mantem-discurso\/\",\"name\":\"Mourinho pode deixar Benfica; Porto empata, Rui Borges mant\u00e9m discurso - Portal Tela Portugal\",\"isPartOf\":{\"@id\":\"https:\/\/portaltela.pt\/#website\"},\"primaryImageOfPage\":{\"@id\":\"https:\/\/portaltela.pt\/noticias\/2026\/04\/10\/mourinho-pode-deixar-benfica-porto-empata-rui-borges-mantem-discurso\/#primaryimage\"},\"image\":{\"@id\":\"https:\/\/portaltela.pt\/noticias\/2026\/04\/10\/mourinho-pode-deixar-benfica-porto-empata-rui-borges-mantem-discurso\/#primaryimage\"},\"thumbnailUrl\":\"https:\/\/portaltela.pt\/s.01k8rhncp4jt1\/2026\/04\/img_1200x721uu2026-04-10-13-12-53-2432165.jpg\",\"datePublished\":\"2026-04-10T12:17:32+00:00\",\"author\":{\"@id\":\"https:\/\/portaltela.pt\/#\/schema\/person\/c4278d4a6028830caff9ee44b42d32ed\"},\"breadcrumb\":{\"@id\":\"https:\/\/portaltela.pt\/noticias\/2026\/04\/10\/mourinho-pode-deixar-benfica-porto-empata-rui-borges-mantem-discurso\/#breadcrumb\"},\"inLanguage\":\"pt-PT\",\"potentialAction\":[{\"@type\":\"ReadAction\",\"target\":[\"https:\/\/portaltela.pt\/noticias\/2026\/04\/10\/mourinho-pode-deixar-benfica-porto-empata-rui-borges-mantem-discurso\/\"]}]},{\"@type\":\"ImageObject\",\"inLanguage\":\"pt-PT\",\"@id\":\"https:\/\/portaltela.pt\/noticias\/2026\/04\/10\/mourinho-pode-deixar-benfica-porto-empata-rui-borges-mantem-discurso\/#primaryimage\",\"url\":\"https:\/\/portaltela.pt\/s.01k8rhncp4jt1\/2026\/04\/img_1200x721uu2026-04-10-13-12-53-2432165.jpg\",\"contentUrl\":\"https:\/\/portaltela.pt\/s.01k8rhncp4jt1\/2026\/04\/img_1200x721uu2026-04-10-13-12-53-2432165.jpg\",\"width\":796,\"height\":448,\"caption\":\"A an\u00e1lise aos temas do dia\"},{\"@type\":\"BreadcrumbList\",\"@id\":\"https:\/\/portaltela.pt\/noticias\/2026\/04\/10\/mourinho-pode-deixar-benfica-porto-empata-rui-borges-mantem-discurso\/#breadcrumb\",\"itemListElement\":[{\"@type\":\"ListItem\",\"position\":1,\"name\":\"In\u00edcio\",\"item\":\"https:\/\/portaltela.pt\/\"},{\"@type\":\"ListItem\",\"position\":2,\"name\":\"Mourinho pode deixar Benfica; Porto empata, Rui Borges mant\u00e9m discurso\"}]},{\"@type\":\"WebSite\",\"@id\":\"https:\/\/portaltela.pt\/#website\",\"url\":\"https:\/\/portaltela.pt\/\",\"name\":\"Portal Tela Portugal\",\"description\":\"\",\"potentialAction\":[{\"@type\":\"SearchAction\",\"target\":{\"@type\":\"EntryPoint\",\"urlTemplate\":\"https:\/\/portaltela.pt\/?s={search_term_string}\"},\"query-input\":{\"@type\":\"PropertyValueSpecification\",\"valueRequired\":true,\"valueName\":\"search_term_string\"}}],\"inLanguage\":\"pt-PT\"},{\"@type\":\"Person\",\"@id\":\"https:\/\/portaltela.pt\/#\/schema\/person\/c4278d4a6028830caff9ee44b42d32ed\",\"name\":\"Telinha\",\"image\":{\"@type\":\"ImageObject\",\"inLanguage\":\"pt-PT\",\"@id\":\"https:\/\/portaltela.pt\/s.01k8rhncp4jt1\/2025\/11\/talking-bot-125x125.png\",\"url\":\"https:\/\/portaltela.pt\/s.01k8rhncp4jt1\/2025\/11\/talking-bot-125x125.png\",\"contentUrl\":\"https:\/\/portaltela.pt\/s.01k8rhncp4jt1\/2025\/11\/talking-bot-125x125.png\",\"caption\":\"Telinha\"},\"sameAs\":[\"https:\/\/portaltela.pt\/\"],\"url\":\"https:\/\/portaltela.pt\/por\/367410592786\/\"}]}<\/script>\n<!-- \/ Yoast SEO plugin. -->","yoast_head_json":{"title":"Mourinho pode deixar Benfica; Porto empata, Rui Borges mant\u00e9m discurso - Portal Tela Portugal","robots":{"index":"index","follow":"follow","max-snippet":"max-snippet:-1","max-image-preview":"max-image-preview:large","max-video-preview":"max-video-preview:-1"},"og_locale":"pt_PT","og_type":"article","og_title":"Mourinho pode deixar Benfica; Porto empata, Rui Borges mant\u00e9m discurso - Portal Tela Portugal","og_description":"Mourinho pode deixar Benfica. FC Porto empata. Rui Borges n\u00e3o muda discurso. A an\u00e1lise dos temas do dia \u00e9 realizada pelos jornalistas Pedro Gon\u00e7alo Pinto e Rafael Godinho.","og_url":"https:\/\/portaltela.pt\/noticias\/2026\/04\/10\/mourinho-pode-deixar-benfica-porto-empata-rui-borges-mantem-discurso\/","og_site_name":"Portal Tela Portugal","article_published_time":"2026-04-10T12:17:32+00:00","author":"Telinha","twitter_card":"summary_large_image","twitter_misc":{"Escrito por":"Telinha","Tempo estimado de leitura":"2 minutos"},"schema":{"@context":"https:\/\/schema.org","@graph":[{"@type":"Article","@id":"https:\/\/portaltela.pt\/noticias\/2026\/04\/10\/mourinho-pode-deixar-benfica-porto-empata-rui-borges-mantem-discurso\/#article","isPartOf":{"@id":"https:\/\/portaltela.pt\/noticias\/2026\/04\/10\/mourinho-pode-deixar-benfica-porto-empata-rui-borges-mantem-discurso\/"},"author":{"name":"Telinha","@id":"https:\/\/portaltela.pt\/#\/schema\/person\/c4278d4a6028830caff9ee44b42d32ed"},"headline":"Mourinho pode deixar Benfica; Porto empata, Rui Borges mant\u00e9m discurso","datePublished":"2026-04-10T12:17:32+00:00","mainEntityOfPage":{"@id":"https:\/\/portaltela.pt\/noticias\/2026\/04\/10\/mourinho-pode-deixar-benfica-porto-empata-rui-borges-mantem-discurso\/"},"wordCount":382,"image":{"@id":"https:\/\/portaltela.pt\/noticias\/2026\/04\/10\/mourinho-pode-deixar-benfica-porto-empata-rui-borges-mantem-discurso\/#primaryimage"},"thumbnailUrl":"https:\/\/portaltela.pt\/s.01k8rhncp4jt1\/2026\/04\/img_1200x721uu2026-04-10-13-12-53-2432165.jpg","keywords":["_futebol","desporto","Liga Portugal","Portugal"],"articleSection":["Desporto","Futebol"],"inLanguage":"pt-PT"},{"@type":"WebPage","@id":"https:\/\/portaltela.pt\/noticias\/2026\/04\/10\/mourinho-pode-deixar-benfica-porto-empata-rui-borges-mantem-discurso\/","url":"https:\/\/portaltela.pt\/noticias\/2026\/04\/10\/mourinho-pode-deixar-benfica-porto-empata-rui-borges-mantem-discurso\/","name":"Mourinho pode deixar Benfica; Porto empata, Rui Borges mant\u00e9m discurso - Portal Tela Portugal","isPartOf":{"@id":"https:\/\/portaltela.pt\/#website"},"primaryImageOfPage":{"@id":"https:\/\/portaltela.pt\/noticias\/2026\/04\/10\/mourinho-pode-deixar-benfica-porto-empata-rui-borges-mantem-discurso\/#primaryimage"},"image":{"@id":"https:\/\/portaltela.pt\/noticias\/2026\/04\/10\/mourinho-pode-deixar-benfica-porto-empata-rui-borges-mantem-discurso\/#primaryimage"},"thumbnailUrl":"https:\/\/portaltela.pt\/s.01k8rhncp4jt1\/2026\/04\/img_1200x721uu2026-04-10-13-12-53-2432165.jpg","datePublished":"2026-04-10T12:17:32+00:00","author":{"@id":"https:\/\/portaltela.pt\/#\/schema\/person\/c4278d4a6028830caff9ee44b42d32ed"},"breadcrumb":{"@id":"https:\/\/portaltela.pt\/noticias\/2026\/04\/10\/mourinho-pode-deixar-benfica-porto-empata-rui-borges-mantem-discurso\/#breadcrumb"},"inLanguage":"pt-PT","potentialAction":[{"@type":"ReadAction","target":["https:\/\/portaltela.pt\/noticias\/2026\/04\/10\/mourinho-pode-deixar-benfica-porto-empata-rui-borges-mantem-discurso\/"]}]},{"@type":"ImageObject","inLanguage":"pt-PT","@id":"https:\/\/portaltela.pt\/noticias\/2026\/04\/10\/mourinho-pode-deixar-benfica-porto-empata-rui-borges-mantem-discurso\/#primaryimage","url":"https:\/\/portaltela.pt\/s.01k8rhncp4jt1\/2026\/04\/img_1200x721uu2026-04-10-13-12-53-2432165.jpg","contentUrl":"https:\/\/portaltela.pt\/s.01k8rhncp4jt1\/2026\/04\/img_1200x721uu2026-04-10-13-12-53-2432165.jpg","width":796,"height":448,"caption":"A an\u00e1lise aos temas do dia"},{"@type":"BreadcrumbList","@id":"https:\/\/portaltela.pt\/noticias\/2026\/04\/10\/mourinho-pode-deixar-benfica-porto-empata-rui-borges-mantem-discurso\/#breadcrumb","itemListElement":[{"@type":"ListItem","position":1,"name":"In\u00edcio","item":"https:\/\/portaltela.pt\/"},{"@type":"ListItem","position":2,"name":"Mourinho pode deixar Benfica; Porto empata, Rui Borges mant\u00e9m discurso"}]},{"@type":"WebSite","@id":"https:\/\/portaltela.pt\/#website","url":"https:\/\/portaltela.pt\/","name":"Portal Tela Portugal","description":"","potentialAction":[{"@type":"SearchAction","target":{"@type":"EntryPoint","urlTemplate":"https:\/\/portaltela.pt\/?s={search_term_string}"},"query-input":{"@type":"PropertyValueSpecification","valueRequired":true,"valueName":"search_term_string"}}],"inLanguage":"pt-PT"},{"@type":"Person","@id":"https:\/\/portaltela.pt\/#\/schema\/person\/c4278d4a6028830caff9ee44b42d32ed","name":"Telinha","image":{"@type":"ImageObject","inLanguage":"pt-PT","@id":"https:\/\/portaltela.pt\/s.01k8rhncp4jt1\/2025\/11\/talking-bot-125x125.png","url":"https:\/\/portaltela.pt\/s.01k8rhncp4jt1\/2025\/11\/talking-bot-125x125.png","contentUrl":"https:\/\/portaltela.pt\/s.01k8rhncp4jt1\/2025\/11\/talking-bot-125x125.png","caption":"Telinha"},"sameAs":["https:\/\/portaltela.pt\/"],"url":"https:\/\/portaltela.pt\/por\/367410592786\/"}]}},"_links":{"self":[{"href":"https:\/\/portaltela.pt\/api\/wp\/v2\/posts\/439267","targetHints":{"allow":["GET"]}}],"collection":[{"href":"https:\/\/portaltela.pt\/api\/wp\/v2\/posts"}],"about":[{"href":"https:\/\/portaltela.pt\/api\/wp\/v2\/types\/post"}],"author":[{"embeddable":true,"href":"https:\/\/portaltela.pt\/api\/wp\/v2\/users\/2"}],"replies":[{"embeddable":true,"href":"https:\/\/portaltela.pt\/api\/wp\/v2\/comments?post=439267"}],"version-history":[{"count":0,"href":"https:\/\/portaltela.pt\/api\/wp\/v2\/posts\/439267\/revisions"}],"wp:featuredmedia":[{"embeddable":true,"href":"https:\/\/portaltela.pt\/api\/wp\/v2\/media\/439271"}],"wp:attachment":[{"href":"https:\/\/portaltela.pt\/api\/wp\/v2\/media?parent=439267"}],"wp:term":[{"taxonomy":"category","embeddable":true,"href":"https:\/\/portaltela.pt\/api\/wp\/v2\/categories?post=439267"},{"taxonomy":"post_tag","embeddable":true,"href":"https:\/\/portaltela.pt\/api\/wp\/v2\/tags?post=439267"}],"curies":[{"name":"wp","href":"https:\/\/api.w.org\/{rel}","templated":true}]}}