{"id":439252,"date":"2026-04-10T09:17:23","date_gmt":"2026-04-10T12:17:23","guid":{"rendered":"https:\/\/portaltela.pt\/noticias\/2026\/04\/10\/seguro-atento-as-rendas-perante-salarios-que-nao-cobrem-o-custo-de-vida\/"},"modified":"2026-04-10T09:17:23","modified_gmt":"2026-04-10T12:17:23","slug":"seguro-atento-as-rendas-perante-salarios-que-nao-cobrem-o-custo-de-vida","status":"publish","type":"post","link":"https:\/\/portaltela.pt\/sociedade\/2026\/04\/10\/seguro-atento-as-rendas-perante-salarios-que-nao-cobrem-o-custo-de-vida\/","title":{"rendered":"Seguro atento \u00e0s rendas perante sal\u00e1rios que n\u00e3o cobrem o custo de vida"},"content":{"rendered":"<p>O Presidente da Rep\u00fablica, Ant\u00f3nio Jos\u00e9 Seguro, afirmou estar muito atento ao problema da habita\u00e7\u00e3o, durante a Presid\u00eancia Aberta dedicada \u00e0s regi\u00f5es afectadas pelo mau tempo. A visita ocorreu em Pousos, Leiria, onde a c\u00e2mara realojou temporariamente pessoas afetadas pela tempestade Kristin. A iniciativa aconteceu no \u00faltimo dia do programa.<\/p>\n<p>Numa das casas modulares visitadas, uma moradora desempregada em forma\u00e7\u00e3o explicou as dificuldades de encontrar um emprego que permita pagar rendas elevadas. O Presidente questionou-a sobre a sua situa\u00e7\u00e3o laboral e refor\u00e7ou que os sal\u00e1rios n\u00e3o chegam para suportar as rendas atuais, nem para adquirir uma casa.<\/p>\n<p>O debate, centrado na habita\u00e7\u00e3o, incluiu o reconhecimento de que o acesso a casa continua a ser um desafio. Seguro mencionou um discurso anterior na Assembleia da Rep\u00fablica sobre a necessidade de uma sociedade mais justa e solid\u00e1ria, com respostas r\u00e1pidas do Estado para combater os custos de habita\u00e7\u00e3o.<\/p>\n<h3>Contexto da habita\u00e7\u00e3o<\/h3>\n<p>Falaram-se, ainda, sinais de alerta sobre o acesso \u00e0 habita\u00e7\u00e3o e sobre o aumento hist\u00f3rico dos custos no setor. O Presidente lembrou que as taxas de esfor\u00e7o no arrendamento pressionam o or\u00e7amento familiar e que as respostas do Estado t\u00eam de ser mais c\u00e9leres e eficazes.<\/p>\n","protected":false},"excerpt":{"rendered":"<ul>\n<li>O Presidente da Rep\u00fablica, Ant\u00f3nio Jos\u00e9 Seguro, afirmou estar &#8220;muito atento&#8221; ao problema da habita\u00e7\u00e3o, dizendo que os sal\u00e1rios n\u00e3o chegam para pagar rendas ou comprar casa.<\/li>\n<li>No \u00faltimo dia da Presid\u00eancia Aberta dedicada \u00e0s regi\u00f5es afetadas pelo mau tempo, visitou casas modulares em Pousos, Leiria, onde a c\u00e2mara realojou pessoas desalojadas pela tempestade Kristin.<\/li>\n<li>Ana Comenda, moradora, explicou estar desempregada mas a seguir uma forma\u00e7\u00e3o de n\u00edvel 4, na perspetiva de encontrar um emprego compat\u00edvel e conseguir pagar uma renda.<\/li>\n<li>Seguro referiu que as rendas s\u00e3o &#8220;exorbitantes&#8221; e que h\u00e1 necessidade de rever a habita\u00e7\u00e3o em Portugal, lembrando que j\u00e1 tinha abordado o tema na Assembleia da Rep\u00fablica durante a comemora\u00e7\u00e3o dos 50 anos da Constitui\u00e7\u00e3o.<\/li>\n<li>O chefe de Estado afirmou que o acesso \u00e0 habita\u00e7\u00e3o continua a apresentar sinais de alerta, com custos a atingir valores hist\u00f3ricos e rendas que pressionam o or\u00e7amento familiar, apontando para uma resposta estatal lenta e a necessidade de medidas concretas.<\/li>\n<\/ul>\n","protected":false},"author":2,"featured_media":439254,"comment_status":"closed","ping_status":"closed","sticky":false,"template":"","format":"standard","meta":{"footnotes":""},"categories":[1,6871],"tags":[6115,7791,34,1010,1167,1385],"class_list":["post-439252","post","type-post","status-publish","format-standard","has-post-thumbnail","hentry","category-noticias","category-sociedade","tag-_economia","tag-_habitacao","tag-governo","tag-habitacao-publica","tag-habitacao-social","tag-leiria"],"yoast_head":"<!-- This site is optimized with the Yoast SEO plugin v27.2 - https:\/\/yoast.com\/product\/yoast-seo-wordpress\/ -->\n<title>Seguro atento \u00e0s rendas perante sal\u00e1rios que n\u00e3o cobrem o custo de vida - Portal Tela Portugal<\/title>\n<meta name=\"robots\" content=\"index, follow, max-snippet:-1, max-image-preview:large, max-video-preview:-1\" \/>\n<meta property=\"og:locale\" content=\"pt_PT\" \/>\n<meta property=\"og:type\" content=\"article\" \/>\n<meta property=\"og:title\" content=\"Seguro atento \u00e0s rendas perante sal\u00e1rios que n\u00e3o cobrem o custo de vida - Portal Tela Portugal\" \/>\n<meta property=\"og:description\" content=\"O Presidente da Rep\u00fablica, Ant\u00f3nio Jos\u00e9 Seguro, afirmou estar &quot;muito atento&quot; ao problema da habita\u00e7\u00e3o, dizendo que os sal\u00e1rios n\u00e3o chegam para pagar rendas ou comprar casa. No \u00faltimo dia da Presid\u00eancia Aberta dedicada \u00e0s regi\u00f5es afetadas pelo mau tempo, visitou casas modulares em Pousos, Leiria, onde a c\u00e2mara realojou pessoas desalojadas pela tempestade Kristin. Ana Comenda, moradora, explicou estar desempregada mas a seguir uma forma\u00e7\u00e3o de n\u00edvel 4, na perspetiva de encontrar um emprego compat\u00edvel e conseguir pagar uma renda. Seguro referiu que as rendas s\u00e3o &quot;exorbitantes&quot; e que h\u00e1 necessidade de rever a habita\u00e7\u00e3o em Portugal, lembrando que j\u00e1 tinha abordado o tema na Assembleia da Rep\u00fablica durante a comemora\u00e7\u00e3o dos 50 anos da Constitui\u00e7\u00e3o. O chefe de Estado afirmou que o acesso \u00e0 habita\u00e7\u00e3o continua a apresentar sinais de alerta, com custos a atingir valores hist\u00f3ricos e rendas que pressionam o or\u00e7amento familiar, apontando para uma resposta estatal lenta e a necessidade de medidas concretas.\" \/>\n<meta property=\"og:url\" content=\"https:\/\/portaltela.pt\/noticias\/2026\/04\/10\/seguro-atento-as-rendas-perante-salarios-que-nao-cobrem-o-custo-de-vida\/\" \/>\n<meta property=\"og:site_name\" content=\"Portal Tela Portugal\" \/>\n<meta property=\"article:published_time\" content=\"2026-04-10T12:17:23+00:00\" \/>\n<meta name=\"author\" content=\"Telinha\" \/>\n<meta name=\"twitter:card\" content=\"summary_large_image\" \/>\n<meta name=\"twitter:label1\" content=\"Escrito por\" \/>\n\t<meta name=\"twitter:data1\" content=\"Telinha\" \/>\n\t<meta name=\"twitter:label2\" content=\"Tempo estimado de leitura\" \/>\n\t<meta name=\"twitter:data2\" content=\"1 minuto\" \/>\n<script type=\"application\/ld+json\" class=\"yoast-schema-graph\">{\"@context\":\"https:\/\/schema.org\",\"@graph\":[{\"@type\":\"Article\",\"@id\":\"https:\/\/portaltela.pt\/noticias\/2026\/04\/10\/seguro-atento-as-rendas-perante-salarios-que-nao-cobrem-o-custo-de-vida\/#article\",\"isPartOf\":{\"@id\":\"https:\/\/portaltela.pt\/noticias\/2026\/04\/10\/seguro-atento-as-rendas-perante-salarios-que-nao-cobrem-o-custo-de-vida\/\"},\"author\":{\"name\":\"Telinha\",\"@id\":\"https:\/\/portaltela.pt\/#\/schema\/person\/c4278d4a6028830caff9ee44b42d32ed\"},\"headline\":\"Seguro atento \u00e0s rendas perante sal\u00e1rios que n\u00e3o cobrem o custo de vida\",\"datePublished\":\"2026-04-10T12:17:23+00:00\",\"mainEntityOfPage\":{\"@id\":\"https:\/\/portaltela.pt\/noticias\/2026\/04\/10\/seguro-atento-as-rendas-perante-salarios-que-nao-cobrem-o-custo-de-vida\/\"},\"wordCount\":232,\"image\":{\"@id\":\"https:\/\/portaltela.pt\/noticias\/2026\/04\/10\/seguro-atento-as-rendas-perante-salarios-que-nao-cobrem-o-custo-de-vida\/#primaryimage\"},\"thumbnailUrl\":\"https:\/\/portaltela.pt\/s.01k8rhncp4jt1\/2026\/04\/img_1500x1000uu2026-01-29-14-37-42-2263361.jpg\",\"keywords\":[\"_economia\",\"_habita\u00e7\u00e3o\",\"governo\",\"habita\u00e7\u00e3o p\u00fablica\",\"habita\u00e7\u00e3o social\",\"Leiria\"],\"articleSection\":[\"Not\u00edcias\",\"Sociedade\"],\"inLanguage\":\"pt-PT\"},{\"@type\":\"WebPage\",\"@id\":\"https:\/\/portaltela.pt\/noticias\/2026\/04\/10\/seguro-atento-as-rendas-perante-salarios-que-nao-cobrem-o-custo-de-vida\/\",\"url\":\"https:\/\/portaltela.pt\/noticias\/2026\/04\/10\/seguro-atento-as-rendas-perante-salarios-que-nao-cobrem-o-custo-de-vida\/\",\"name\":\"Seguro atento \u00e0s rendas perante sal\u00e1rios que n\u00e3o cobrem o custo de vida - Portal Tela Portugal\",\"isPartOf\":{\"@id\":\"https:\/\/portaltela.pt\/#website\"},\"primaryImageOfPage\":{\"@id\":\"https:\/\/portaltela.pt\/noticias\/2026\/04\/10\/seguro-atento-as-rendas-perante-salarios-que-nao-cobrem-o-custo-de-vida\/#primaryimage\"},\"image\":{\"@id\":\"https:\/\/portaltela.pt\/noticias\/2026\/04\/10\/seguro-atento-as-rendas-perante-salarios-que-nao-cobrem-o-custo-de-vida\/#primaryimage\"},\"thumbnailUrl\":\"https:\/\/portaltela.pt\/s.01k8rhncp4jt1\/2026\/04\/img_1500x1000uu2026-01-29-14-37-42-2263361.jpg\",\"datePublished\":\"2026-04-10T12:17:23+00:00\",\"author\":{\"@id\":\"https:\/\/portaltela.pt\/#\/schema\/person\/c4278d4a6028830caff9ee44b42d32ed\"},\"breadcrumb\":{\"@id\":\"https:\/\/portaltela.pt\/noticias\/2026\/04\/10\/seguro-atento-as-rendas-perante-salarios-que-nao-cobrem-o-custo-de-vida\/#breadcrumb\"},\"inLanguage\":\"pt-PT\",\"potentialAction\":[{\"@type\":\"ReadAction\",\"target\":[\"https:\/\/portaltela.pt\/noticias\/2026\/04\/10\/seguro-atento-as-rendas-perante-salarios-que-nao-cobrem-o-custo-de-vida\/\"]}]},{\"@type\":\"ImageObject\",\"inLanguage\":\"pt-PT\",\"@id\":\"https:\/\/portaltela.pt\/noticias\/2026\/04\/10\/seguro-atento-as-rendas-perante-salarios-que-nao-cobrem-o-custo-de-vida\/#primaryimage\",\"url\":\"https:\/\/portaltela.pt\/s.01k8rhncp4jt1\/2026\/04\/img_1500x1000uu2026-01-29-14-37-42-2263361.jpg\",\"contentUrl\":\"https:\/\/portaltela.pt\/s.01k8rhncp4jt1\/2026\/04\/img_1500x1000uu2026-01-29-14-37-42-2263361.jpg\",\"width\":796,\"height\":448,\"caption\":\"Ant\u00f3nio Seguro\"},{\"@type\":\"BreadcrumbList\",\"@id\":\"https:\/\/portaltela.pt\/noticias\/2026\/04\/10\/seguro-atento-as-rendas-perante-salarios-que-nao-cobrem-o-custo-de-vida\/#breadcrumb\",\"itemListElement\":[{\"@type\":\"ListItem\",\"position\":1,\"name\":\"In\u00edcio\",\"item\":\"https:\/\/portaltela.pt\/\"},{\"@type\":\"ListItem\",\"position\":2,\"name\":\"Seguro atento \u00e0s rendas perante sal\u00e1rios que n\u00e3o cobrem o custo de vida\"}]},{\"@type\":\"WebSite\",\"@id\":\"https:\/\/portaltela.pt\/#website\",\"url\":\"https:\/\/portaltela.pt\/\",\"name\":\"Portal Tela Portugal\",\"description\":\"\",\"potentialAction\":[{\"@type\":\"SearchAction\",\"target\":{\"@type\":\"EntryPoint\",\"urlTemplate\":\"https:\/\/portaltela.pt\/?s={search_term_string}\"},\"query-input\":{\"@type\":\"PropertyValueSpecification\",\"valueRequired\":true,\"valueName\":\"search_term_string\"}}],\"inLanguage\":\"pt-PT\"},{\"@type\":\"Person\",\"@id\":\"https:\/\/portaltela.pt\/#\/schema\/person\/c4278d4a6028830caff9ee44b42d32ed\",\"name\":\"Telinha\",\"image\":{\"@type\":\"ImageObject\",\"inLanguage\":\"pt-PT\",\"@id\":\"https:\/\/portaltela.pt\/s.01k8rhncp4jt1\/2025\/11\/talking-bot-125x125.png\",\"url\":\"https:\/\/portaltela.pt\/s.01k8rhncp4jt1\/2025\/11\/talking-bot-125x125.png\",\"contentUrl\":\"https:\/\/portaltela.pt\/s.01k8rhncp4jt1\/2025\/11\/talking-bot-125x125.png\",\"caption\":\"Telinha\"},\"sameAs\":[\"https:\/\/portaltela.pt\/\"],\"url\":\"https:\/\/portaltela.pt\/por\/367410592786\/\"}]}<\/script>\n<!-- \/ Yoast SEO plugin. -->","yoast_head_json":{"title":"Seguro atento \u00e0s rendas perante sal\u00e1rios que n\u00e3o cobrem o custo de vida - Portal Tela Portugal","robots":{"index":"index","follow":"follow","max-snippet":"max-snippet:-1","max-image-preview":"max-image-preview:large","max-video-preview":"max-video-preview:-1"},"og_locale":"pt_PT","og_type":"article","og_title":"Seguro atento \u00e0s rendas perante sal\u00e1rios que n\u00e3o cobrem o custo de vida - Portal Tela Portugal","og_description":"O Presidente da Rep\u00fablica, Ant\u00f3nio Jos\u00e9 Seguro, afirmou estar \"muito atento\" ao problema da habita\u00e7\u00e3o, dizendo que os sal\u00e1rios n\u00e3o chegam para pagar rendas ou comprar casa. No \u00faltimo dia da Presid\u00eancia Aberta dedicada \u00e0s regi\u00f5es afetadas pelo mau tempo, visitou casas modulares em Pousos, Leiria, onde a c\u00e2mara realojou pessoas desalojadas pela tempestade Kristin. Ana Comenda, moradora, explicou estar desempregada mas a seguir uma forma\u00e7\u00e3o de n\u00edvel 4, na perspetiva de encontrar um emprego compat\u00edvel e conseguir pagar uma renda. Seguro referiu que as rendas s\u00e3o \"exorbitantes\" e que h\u00e1 necessidade de rever a habita\u00e7\u00e3o em Portugal, lembrando que j\u00e1 tinha abordado o tema na Assembleia da Rep\u00fablica durante a comemora\u00e7\u00e3o dos 50 anos da Constitui\u00e7\u00e3o. O chefe de Estado afirmou que o acesso \u00e0 habita\u00e7\u00e3o continua a apresentar sinais de alerta, com custos a atingir valores hist\u00f3ricos e rendas que pressionam o or\u00e7amento familiar, apontando para uma resposta estatal lenta e a necessidade de medidas concretas.","og_url":"https:\/\/portaltela.pt\/noticias\/2026\/04\/10\/seguro-atento-as-rendas-perante-salarios-que-nao-cobrem-o-custo-de-vida\/","og_site_name":"Portal Tela Portugal","article_published_time":"2026-04-10T12:17:23+00:00","author":"Telinha","twitter_card":"summary_large_image","twitter_misc":{"Escrito por":"Telinha","Tempo estimado de leitura":"1 minuto"},"schema":{"@context":"https:\/\/schema.org","@graph":[{"@type":"Article","@id":"https:\/\/portaltela.pt\/noticias\/2026\/04\/10\/seguro-atento-as-rendas-perante-salarios-que-nao-cobrem-o-custo-de-vida\/#article","isPartOf":{"@id":"https:\/\/portaltela.pt\/noticias\/2026\/04\/10\/seguro-atento-as-rendas-perante-salarios-que-nao-cobrem-o-custo-de-vida\/"},"author":{"name":"Telinha","@id":"https:\/\/portaltela.pt\/#\/schema\/person\/c4278d4a6028830caff9ee44b42d32ed"},"headline":"Seguro atento \u00e0s rendas perante sal\u00e1rios que n\u00e3o cobrem o custo de vida","datePublished":"2026-04-10T12:17:23+00:00","mainEntityOfPage":{"@id":"https:\/\/portaltela.pt\/noticias\/2026\/04\/10\/seguro-atento-as-rendas-perante-salarios-que-nao-cobrem-o-custo-de-vida\/"},"wordCount":232,"image":{"@id":"https:\/\/portaltela.pt\/noticias\/2026\/04\/10\/seguro-atento-as-rendas-perante-salarios-que-nao-cobrem-o-custo-de-vida\/#primaryimage"},"thumbnailUrl":"https:\/\/portaltela.pt\/s.01k8rhncp4jt1\/2026\/04\/img_1500x1000uu2026-01-29-14-37-42-2263361.jpg","keywords":["_economia","_habita\u00e7\u00e3o","governo","habita\u00e7\u00e3o p\u00fablica","habita\u00e7\u00e3o social","Leiria"],"articleSection":["Not\u00edcias","Sociedade"],"inLanguage":"pt-PT"},{"@type":"WebPage","@id":"https:\/\/portaltela.pt\/noticias\/2026\/04\/10\/seguro-atento-as-rendas-perante-salarios-que-nao-cobrem-o-custo-de-vida\/","url":"https:\/\/portaltela.pt\/noticias\/2026\/04\/10\/seguro-atento-as-rendas-perante-salarios-que-nao-cobrem-o-custo-de-vida\/","name":"Seguro atento \u00e0s rendas perante sal\u00e1rios que n\u00e3o cobrem o custo de vida - Portal Tela Portugal","isPartOf":{"@id":"https:\/\/portaltela.pt\/#website"},"primaryImageOfPage":{"@id":"https:\/\/portaltela.pt\/noticias\/2026\/04\/10\/seguro-atento-as-rendas-perante-salarios-que-nao-cobrem-o-custo-de-vida\/#primaryimage"},"image":{"@id":"https:\/\/portaltela.pt\/noticias\/2026\/04\/10\/seguro-atento-as-rendas-perante-salarios-que-nao-cobrem-o-custo-de-vida\/#primaryimage"},"thumbnailUrl":"https:\/\/portaltela.pt\/s.01k8rhncp4jt1\/2026\/04\/img_1500x1000uu2026-01-29-14-37-42-2263361.jpg","datePublished":"2026-04-10T12:17:23+00:00","author":{"@id":"https:\/\/portaltela.pt\/#\/schema\/person\/c4278d4a6028830caff9ee44b42d32ed"},"breadcrumb":{"@id":"https:\/\/portaltela.pt\/noticias\/2026\/04\/10\/seguro-atento-as-rendas-perante-salarios-que-nao-cobrem-o-custo-de-vida\/#breadcrumb"},"inLanguage":"pt-PT","potentialAction":[{"@type":"ReadAction","target":["https:\/\/portaltela.pt\/noticias\/2026\/04\/10\/seguro-atento-as-rendas-perante-salarios-que-nao-cobrem-o-custo-de-vida\/"]}]},{"@type":"ImageObject","inLanguage":"pt-PT","@id":"https:\/\/portaltela.pt\/noticias\/2026\/04\/10\/seguro-atento-as-rendas-perante-salarios-que-nao-cobrem-o-custo-de-vida\/#primaryimage","url":"https:\/\/portaltela.pt\/s.01k8rhncp4jt1\/2026\/04\/img_1500x1000uu2026-01-29-14-37-42-2263361.jpg","contentUrl":"https:\/\/portaltela.pt\/s.01k8rhncp4jt1\/2026\/04\/img_1500x1000uu2026-01-29-14-37-42-2263361.jpg","width":796,"height":448,"caption":"Ant\u00f3nio Seguro"},{"@type":"BreadcrumbList","@id":"https:\/\/portaltela.pt\/noticias\/2026\/04\/10\/seguro-atento-as-rendas-perante-salarios-que-nao-cobrem-o-custo-de-vida\/#breadcrumb","itemListElement":[{"@type":"ListItem","position":1,"name":"In\u00edcio","item":"https:\/\/portaltela.pt\/"},{"@type":"ListItem","position":2,"name":"Seguro atento \u00e0s rendas perante sal\u00e1rios que n\u00e3o cobrem o custo de vida"}]},{"@type":"WebSite","@id":"https:\/\/portaltela.pt\/#website","url":"https:\/\/portaltela.pt\/","name":"Portal Tela Portugal","description":"","potentialAction":[{"@type":"SearchAction","target":{"@type":"EntryPoint","urlTemplate":"https:\/\/portaltela.pt\/?s={search_term_string}"},"query-input":{"@type":"PropertyValueSpecification","valueRequired":true,"valueName":"search_term_string"}}],"inLanguage":"pt-PT"},{"@type":"Person","@id":"https:\/\/portaltela.pt\/#\/schema\/person\/c4278d4a6028830caff9ee44b42d32ed","name":"Telinha","image":{"@type":"ImageObject","inLanguage":"pt-PT","@id":"https:\/\/portaltela.pt\/s.01k8rhncp4jt1\/2025\/11\/talking-bot-125x125.png","url":"https:\/\/portaltela.pt\/s.01k8rhncp4jt1\/2025\/11\/talking-bot-125x125.png","contentUrl":"https:\/\/portaltela.pt\/s.01k8rhncp4jt1\/2025\/11\/talking-bot-125x125.png","caption":"Telinha"},"sameAs":["https:\/\/portaltela.pt\/"],"url":"https:\/\/portaltela.pt\/por\/367410592786\/"}]}},"_links":{"self":[{"href":"https:\/\/portaltela.pt\/api\/wp\/v2\/posts\/439252","targetHints":{"allow":["GET"]}}],"collection":[{"href":"https:\/\/portaltela.pt\/api\/wp\/v2\/posts"}],"about":[{"href":"https:\/\/portaltela.pt\/api\/wp\/v2\/types\/post"}],"author":[{"embeddable":true,"href":"https:\/\/portaltela.pt\/api\/wp\/v2\/users\/2"}],"replies":[{"embeddable":true,"href":"https:\/\/portaltela.pt\/api\/wp\/v2\/comments?post=439252"}],"version-history":[{"count":0,"href":"https:\/\/portaltela.pt\/api\/wp\/v2\/posts\/439252\/revisions"}],"wp:featuredmedia":[{"embeddable":true,"href":"https:\/\/portaltela.pt\/api\/wp\/v2\/media\/439254"}],"wp:attachment":[{"href":"https:\/\/portaltela.pt\/api\/wp\/v2\/media?parent=439252"}],"wp:term":[{"taxonomy":"category","embeddable":true,"href":"https:\/\/portaltela.pt\/api\/wp\/v2\/categories?post=439252"},{"taxonomy":"post_tag","embeddable":true,"href":"https:\/\/portaltela.pt\/api\/wp\/v2\/tags?post=439252"}],"curies":[{"name":"wp","href":"https:\/\/api.w.org\/{rel}","templated":true}]}}