{"id":439240,"date":"2026-04-10T08:39:00","date_gmt":"2026-04-10T11:39:00","guid":{"rendered":"https:\/\/portaltela.pt\/noticias\/2026\/04\/10\/onu-alerta-para-rapido-aumento-da-inseguranca-alimentar-no-libano\/"},"modified":"2026-04-10T08:39:00","modified_gmt":"2026-04-10T11:39:00","slug":"onu-alerta-para-rapido-aumento-da-inseguranca-alimentar-no-libano","status":"publish","type":"post","link":"https:\/\/portaltela.pt\/noticias\/politica\/2026\/04\/10\/onu-alerta-para-rapido-aumento-da-inseguranca-alimentar-no-libano\/","title":{"rendered":"ONU alerta para r\u00e1pido aumento da inseguran\u00e7a alimentar no L\u00edbano"},"content":{"rendered":"<p>As Na\u00e7\u00f5es Unidas alertaram hoje para o r\u00e1pido aumento da inseguran\u00e7a alimentar no L\u00edbano, pa\u00eds mergulhado em conflito que afeta a regi\u00e3o do M\u00e9dio Oriente. A comunica\u00e7\u00e3o ressalta que a situa\u00e7\u00e3o pode exigir respostas humanit\u00e1rias urgentes.<\/p>\n<p>A ONU indica que a popula\u00e7\u00e3o libanesa est\u00e1 a sentir crescentes dificuldades para aceder a alimentos b\u00e1sicos, agravadas pela crise econ\u00f3mica, interrup\u00e7\u00f5es de fornecimentos e press\u00e3o sobre os rendimentos. O alerta refere-se a um agravamento recente do cen\u00e1rio alimentar.<\/p>\n<p>Segundo a ONU, a situa\u00e7\u00e3o exige coordena\u00e7\u00e3o entre governos, parceiros humanit\u00e1rios e a comunidade internacional. O objetivo \u00e9 monitorizar o quadro, facilitar a entrega de ajuda e evitar piora nutricional entre comunidades vulner\u00e1veis.<\/p>\n","protected":false},"excerpt":{"rendered":"<ul>\n<li>As Na\u00e7\u00f5es Unidas alertaram para um r\u00e1pido aumento da inseguran\u00e7a alimentar no L\u00edbano.<\/li>\n<li>O pa\u00eds, mergulhado na guerra, v\u00ea a situa\u00e7\u00e3o piorar e atingir a popula\u00e7\u00e3o civil.<\/li>\n<li>A crise volta a colocar a regi\u00e3o do M\u00e9dio Oriente sob press\u00e3o humanit\u00e1ria.<\/li>\n<li>Mais fam\u00edlias enfrentam car\u00eancias alimentares e maior vulnerabilidade econ\u00f3mica.<\/li>\n<li>As Na\u00e7\u00f5es Unidas destacam a necessidade de apoio humanit\u00e1rio internacional para mitigar o impacto.<\/li>\n<\/ul>\n","protected":false},"author":2,"featured_media":439241,"comment_status":"closed","ping_status":"closed","sticky":false,"template":"","format":"standard","meta":{"footnotes":""},"categories":[6912,5],"tags":[6505,256,28,6635,5123,2867],"class_list":["post-439240","post","type-post","status-publish","format-standard","has-post-thumbnail","hentry","category-internacionais","category-politica","tag-assistencia-humanitaria","tag-cooperacao-internacional","tag-economia","tag-libano","tag-onu","tag-seguranca-alimentar"],"yoast_head":"<!-- This site is optimized with the Yoast SEO plugin v27.2 - https:\/\/yoast.com\/product\/yoast-seo-wordpress\/ -->\n<title>ONU alerta para r\u00e1pido aumento da inseguran\u00e7a alimentar no L\u00edbano - Portal Tela Portugal<\/title>\n<meta name=\"robots\" content=\"index, follow, max-snippet:-1, max-image-preview:large, max-video-preview:-1\" \/>\n<meta property=\"og:locale\" content=\"pt_PT\" \/>\n<meta property=\"og:type\" content=\"article\" \/>\n<meta property=\"og:title\" content=\"ONU alerta para r\u00e1pido aumento da inseguran\u00e7a alimentar no L\u00edbano - Portal Tela Portugal\" \/>\n<meta property=\"og:description\" content=\"As Na\u00e7\u00f5es Unidas alertaram para um r\u00e1pido aumento da inseguran\u00e7a alimentar no L\u00edbano. O pa\u00eds, mergulhado na guerra, v\u00ea a situa\u00e7\u00e3o piorar e atingir a popula\u00e7\u00e3o civil. A crise volta a colocar a regi\u00e3o do M\u00e9dio Oriente sob press\u00e3o humanit\u00e1ria. Mais fam\u00edlias enfrentam car\u00eancias alimentares e maior vulnerabilidade econ\u00f3mica. As Na\u00e7\u00f5es Unidas destacam a necessidade de apoio humanit\u00e1rio internacional para mitigar o impacto.\" \/>\n<meta property=\"og:url\" content=\"https:\/\/portaltela.pt\/noticias\/2026\/04\/10\/onu-alerta-para-rapido-aumento-da-inseguranca-alimentar-no-libano\/\" \/>\n<meta property=\"og:site_name\" content=\"Portal Tela Portugal\" \/>\n<meta property=\"article:published_time\" content=\"2026-04-10T11:39:00+00:00\" \/>\n<meta name=\"author\" content=\"Telinha\" \/>\n<meta name=\"twitter:card\" content=\"summary_large_image\" \/>\n<meta name=\"twitter:label1\" content=\"Escrito por\" \/>\n\t<meta name=\"twitter:data1\" content=\"Telinha\" \/>\n\t<meta name=\"twitter:label2\" content=\"Tempo estimado de leitura\" \/>\n\t<meta name=\"twitter:data2\" content=\"1 minuto\" \/>\n<script type=\"application\/ld+json\" class=\"yoast-schema-graph\">{\"@context\":\"https:\/\/schema.org\",\"@graph\":[{\"@type\":\"Article\",\"@id\":\"https:\/\/portaltela.pt\/noticias\/2026\/04\/10\/onu-alerta-para-rapido-aumento-da-inseguranca-alimentar-no-libano\/#article\",\"isPartOf\":{\"@id\":\"https:\/\/portaltela.pt\/noticias\/2026\/04\/10\/onu-alerta-para-rapido-aumento-da-inseguranca-alimentar-no-libano\/\"},\"author\":{\"name\":\"Telinha\",\"@id\":\"https:\/\/portaltela.pt\/#\/schema\/person\/c4278d4a6028830caff9ee44b42d32ed\"},\"headline\":\"ONU alerta para r\u00e1pido aumento da inseguran\u00e7a alimentar no L\u00edbano\",\"datePublished\":\"2026-04-10T11:39:00+00:00\",\"mainEntityOfPage\":{\"@id\":\"https:\/\/portaltela.pt\/noticias\/2026\/04\/10\/onu-alerta-para-rapido-aumento-da-inseguranca-alimentar-no-libano\/\"},\"wordCount\":140,\"image\":{\"@id\":\"https:\/\/portaltela.pt\/noticias\/2026\/04\/10\/onu-alerta-para-rapido-aumento-da-inseguranca-alimentar-no-libano\/#primaryimage\"},\"thumbnailUrl\":\"https:\/\/portaltela.pt\/s.01k8rhncp4jt1\/2026\/04\/CACHE_780X1200_ANALOG_WATERMARKED_46902286_420788311626061.jpg\",\"keywords\":[\"assist\u00eancia humanit\u00e1ria\",\"coopera\u00e7\u00e3o internacional\",\"economia\",\"L\u00edbano\",\"ONU\",\"Seguran\u00e7a Alimentar\"],\"articleSection\":[\"Internacionais\",\"Pol\u00edtica\"],\"inLanguage\":\"pt-PT\"},{\"@type\":\"WebPage\",\"@id\":\"https:\/\/portaltela.pt\/noticias\/2026\/04\/10\/onu-alerta-para-rapido-aumento-da-inseguranca-alimentar-no-libano\/\",\"url\":\"https:\/\/portaltela.pt\/noticias\/2026\/04\/10\/onu-alerta-para-rapido-aumento-da-inseguranca-alimentar-no-libano\/\",\"name\":\"ONU alerta para r\u00e1pido aumento da inseguran\u00e7a alimentar no L\u00edbano - Portal Tela Portugal\",\"isPartOf\":{\"@id\":\"https:\/\/portaltela.pt\/#website\"},\"primaryImageOfPage\":{\"@id\":\"https:\/\/portaltela.pt\/noticias\/2026\/04\/10\/onu-alerta-para-rapido-aumento-da-inseguranca-alimentar-no-libano\/#primaryimage\"},\"image\":{\"@id\":\"https:\/\/portaltela.pt\/noticias\/2026\/04\/10\/onu-alerta-para-rapido-aumento-da-inseguranca-alimentar-no-libano\/#primaryimage\"},\"thumbnailUrl\":\"https:\/\/portaltela.pt\/s.01k8rhncp4jt1\/2026\/04\/CACHE_780X1200_ANALOG_WATERMARKED_46902286_420788311626061.jpg\",\"datePublished\":\"2026-04-10T11:39:00+00:00\",\"author\":{\"@id\":\"https:\/\/portaltela.pt\/#\/schema\/person\/c4278d4a6028830caff9ee44b42d32ed\"},\"breadcrumb\":{\"@id\":\"https:\/\/portaltela.pt\/noticias\/2026\/04\/10\/onu-alerta-para-rapido-aumento-da-inseguranca-alimentar-no-libano\/#breadcrumb\"},\"inLanguage\":\"pt-PT\",\"potentialAction\":[{\"@type\":\"ReadAction\",\"target\":[\"https:\/\/portaltela.pt\/noticias\/2026\/04\/10\/onu-alerta-para-rapido-aumento-da-inseguranca-alimentar-no-libano\/\"]}]},{\"@type\":\"ImageObject\",\"inLanguage\":\"pt-PT\",\"@id\":\"https:\/\/portaltela.pt\/noticias\/2026\/04\/10\/onu-alerta-para-rapido-aumento-da-inseguranca-alimentar-no-libano\/#primaryimage\",\"url\":\"https:\/\/portaltela.pt\/s.01k8rhncp4jt1\/2026\/04\/CACHE_780X1200_ANALOG_WATERMARKED_46902286_420788311626061.jpg\",\"contentUrl\":\"https:\/\/portaltela.pt\/s.01k8rhncp4jt1\/2026\/04\/CACHE_780X1200_ANALOG_WATERMARKED_46902286_420788311626061.jpg\",\"width\":796,\"height\":448,\"caption\":\"ONU alerta para r\u00e1pido aumento da inseguran\u00e7a alimentar no L\u00edbano\"},{\"@type\":\"BreadcrumbList\",\"@id\":\"https:\/\/portaltela.pt\/noticias\/2026\/04\/10\/onu-alerta-para-rapido-aumento-da-inseguranca-alimentar-no-libano\/#breadcrumb\",\"itemListElement\":[{\"@type\":\"ListItem\",\"position\":1,\"name\":\"In\u00edcio\",\"item\":\"https:\/\/portaltela.pt\/\"},{\"@type\":\"ListItem\",\"position\":2,\"name\":\"ONU alerta para r\u00e1pido aumento da inseguran\u00e7a alimentar no L\u00edbano\"}]},{\"@type\":\"WebSite\",\"@id\":\"https:\/\/portaltela.pt\/#website\",\"url\":\"https:\/\/portaltela.pt\/\",\"name\":\"Portal Tela Portugal\",\"description\":\"\",\"potentialAction\":[{\"@type\":\"SearchAction\",\"target\":{\"@type\":\"EntryPoint\",\"urlTemplate\":\"https:\/\/portaltela.pt\/?s={search_term_string}\"},\"query-input\":{\"@type\":\"PropertyValueSpecification\",\"valueRequired\":true,\"valueName\":\"search_term_string\"}}],\"inLanguage\":\"pt-PT\"},{\"@type\":\"Person\",\"@id\":\"https:\/\/portaltela.pt\/#\/schema\/person\/c4278d4a6028830caff9ee44b42d32ed\",\"name\":\"Telinha\",\"image\":{\"@type\":\"ImageObject\",\"inLanguage\":\"pt-PT\",\"@id\":\"https:\/\/portaltela.pt\/s.01k8rhncp4jt1\/2025\/11\/talking-bot-125x125.png\",\"url\":\"https:\/\/portaltela.pt\/s.01k8rhncp4jt1\/2025\/11\/talking-bot-125x125.png\",\"contentUrl\":\"https:\/\/portaltela.pt\/s.01k8rhncp4jt1\/2025\/11\/talking-bot-125x125.png\",\"caption\":\"Telinha\"},\"sameAs\":[\"https:\/\/portaltela.pt\/\"],\"url\":\"https:\/\/portaltela.pt\/por\/367410592786\/\"}]}<\/script>\n<!-- \/ Yoast SEO plugin. -->","yoast_head_json":{"title":"ONU alerta para r\u00e1pido aumento da inseguran\u00e7a alimentar no L\u00edbano - Portal Tela Portugal","robots":{"index":"index","follow":"follow","max-snippet":"max-snippet:-1","max-image-preview":"max-image-preview:large","max-video-preview":"max-video-preview:-1"},"og_locale":"pt_PT","og_type":"article","og_title":"ONU alerta para r\u00e1pido aumento da inseguran\u00e7a alimentar no L\u00edbano - Portal Tela Portugal","og_description":"As Na\u00e7\u00f5es Unidas alertaram para um r\u00e1pido aumento da inseguran\u00e7a alimentar no L\u00edbano. O pa\u00eds, mergulhado na guerra, v\u00ea a situa\u00e7\u00e3o piorar e atingir a popula\u00e7\u00e3o civil. A crise volta a colocar a regi\u00e3o do M\u00e9dio Oriente sob press\u00e3o humanit\u00e1ria. Mais fam\u00edlias enfrentam car\u00eancias alimentares e maior vulnerabilidade econ\u00f3mica. As Na\u00e7\u00f5es Unidas destacam a necessidade de apoio humanit\u00e1rio internacional para mitigar o impacto.","og_url":"https:\/\/portaltela.pt\/noticias\/2026\/04\/10\/onu-alerta-para-rapido-aumento-da-inseguranca-alimentar-no-libano\/","og_site_name":"Portal Tela Portugal","article_published_time":"2026-04-10T11:39:00+00:00","author":"Telinha","twitter_card":"summary_large_image","twitter_misc":{"Escrito por":"Telinha","Tempo estimado de leitura":"1 minuto"},"schema":{"@context":"https:\/\/schema.org","@graph":[{"@type":"Article","@id":"https:\/\/portaltela.pt\/noticias\/2026\/04\/10\/onu-alerta-para-rapido-aumento-da-inseguranca-alimentar-no-libano\/#article","isPartOf":{"@id":"https:\/\/portaltela.pt\/noticias\/2026\/04\/10\/onu-alerta-para-rapido-aumento-da-inseguranca-alimentar-no-libano\/"},"author":{"name":"Telinha","@id":"https:\/\/portaltela.pt\/#\/schema\/person\/c4278d4a6028830caff9ee44b42d32ed"},"headline":"ONU alerta para r\u00e1pido aumento da inseguran\u00e7a alimentar no L\u00edbano","datePublished":"2026-04-10T11:39:00+00:00","mainEntityOfPage":{"@id":"https:\/\/portaltela.pt\/noticias\/2026\/04\/10\/onu-alerta-para-rapido-aumento-da-inseguranca-alimentar-no-libano\/"},"wordCount":140,"image":{"@id":"https:\/\/portaltela.pt\/noticias\/2026\/04\/10\/onu-alerta-para-rapido-aumento-da-inseguranca-alimentar-no-libano\/#primaryimage"},"thumbnailUrl":"https:\/\/portaltela.pt\/s.01k8rhncp4jt1\/2026\/04\/CACHE_780X1200_ANALOG_WATERMARKED_46902286_420788311626061.jpg","keywords":["assist\u00eancia humanit\u00e1ria","coopera\u00e7\u00e3o internacional","economia","L\u00edbano","ONU","Seguran\u00e7a Alimentar"],"articleSection":["Internacionais","Pol\u00edtica"],"inLanguage":"pt-PT"},{"@type":"WebPage","@id":"https:\/\/portaltela.pt\/noticias\/2026\/04\/10\/onu-alerta-para-rapido-aumento-da-inseguranca-alimentar-no-libano\/","url":"https:\/\/portaltela.pt\/noticias\/2026\/04\/10\/onu-alerta-para-rapido-aumento-da-inseguranca-alimentar-no-libano\/","name":"ONU alerta para r\u00e1pido aumento da inseguran\u00e7a alimentar no L\u00edbano - Portal Tela Portugal","isPartOf":{"@id":"https:\/\/portaltela.pt\/#website"},"primaryImageOfPage":{"@id":"https:\/\/portaltela.pt\/noticias\/2026\/04\/10\/onu-alerta-para-rapido-aumento-da-inseguranca-alimentar-no-libano\/#primaryimage"},"image":{"@id":"https:\/\/portaltela.pt\/noticias\/2026\/04\/10\/onu-alerta-para-rapido-aumento-da-inseguranca-alimentar-no-libano\/#primaryimage"},"thumbnailUrl":"https:\/\/portaltela.pt\/s.01k8rhncp4jt1\/2026\/04\/CACHE_780X1200_ANALOG_WATERMARKED_46902286_420788311626061.jpg","datePublished":"2026-04-10T11:39:00+00:00","author":{"@id":"https:\/\/portaltela.pt\/#\/schema\/person\/c4278d4a6028830caff9ee44b42d32ed"},"breadcrumb":{"@id":"https:\/\/portaltela.pt\/noticias\/2026\/04\/10\/onu-alerta-para-rapido-aumento-da-inseguranca-alimentar-no-libano\/#breadcrumb"},"inLanguage":"pt-PT","potentialAction":[{"@type":"ReadAction","target":["https:\/\/portaltela.pt\/noticias\/2026\/04\/10\/onu-alerta-para-rapido-aumento-da-inseguranca-alimentar-no-libano\/"]}]},{"@type":"ImageObject","inLanguage":"pt-PT","@id":"https:\/\/portaltela.pt\/noticias\/2026\/04\/10\/onu-alerta-para-rapido-aumento-da-inseguranca-alimentar-no-libano\/#primaryimage","url":"https:\/\/portaltela.pt\/s.01k8rhncp4jt1\/2026\/04\/CACHE_780X1200_ANALOG_WATERMARKED_46902286_420788311626061.jpg","contentUrl":"https:\/\/portaltela.pt\/s.01k8rhncp4jt1\/2026\/04\/CACHE_780X1200_ANALOG_WATERMARKED_46902286_420788311626061.jpg","width":796,"height":448,"caption":"ONU alerta para r\u00e1pido aumento da inseguran\u00e7a alimentar no L\u00edbano"},{"@type":"BreadcrumbList","@id":"https:\/\/portaltela.pt\/noticias\/2026\/04\/10\/onu-alerta-para-rapido-aumento-da-inseguranca-alimentar-no-libano\/#breadcrumb","itemListElement":[{"@type":"ListItem","position":1,"name":"In\u00edcio","item":"https:\/\/portaltela.pt\/"},{"@type":"ListItem","position":2,"name":"ONU alerta para r\u00e1pido aumento da inseguran\u00e7a alimentar no L\u00edbano"}]},{"@type":"WebSite","@id":"https:\/\/portaltela.pt\/#website","url":"https:\/\/portaltela.pt\/","name":"Portal Tela Portugal","description":"","potentialAction":[{"@type":"SearchAction","target":{"@type":"EntryPoint","urlTemplate":"https:\/\/portaltela.pt\/?s={search_term_string}"},"query-input":{"@type":"PropertyValueSpecification","valueRequired":true,"valueName":"search_term_string"}}],"inLanguage":"pt-PT"},{"@type":"Person","@id":"https:\/\/portaltela.pt\/#\/schema\/person\/c4278d4a6028830caff9ee44b42d32ed","name":"Telinha","image":{"@type":"ImageObject","inLanguage":"pt-PT","@id":"https:\/\/portaltela.pt\/s.01k8rhncp4jt1\/2025\/11\/talking-bot-125x125.png","url":"https:\/\/portaltela.pt\/s.01k8rhncp4jt1\/2025\/11\/talking-bot-125x125.png","contentUrl":"https:\/\/portaltela.pt\/s.01k8rhncp4jt1\/2025\/11\/talking-bot-125x125.png","caption":"Telinha"},"sameAs":["https:\/\/portaltela.pt\/"],"url":"https:\/\/portaltela.pt\/por\/367410592786\/"}]}},"_links":{"self":[{"href":"https:\/\/portaltela.pt\/api\/wp\/v2\/posts\/439240","targetHints":{"allow":["GET"]}}],"collection":[{"href":"https:\/\/portaltela.pt\/api\/wp\/v2\/posts"}],"about":[{"href":"https:\/\/portaltela.pt\/api\/wp\/v2\/types\/post"}],"author":[{"embeddable":true,"href":"https:\/\/portaltela.pt\/api\/wp\/v2\/users\/2"}],"replies":[{"embeddable":true,"href":"https:\/\/portaltela.pt\/api\/wp\/v2\/comments?post=439240"}],"version-history":[{"count":0,"href":"https:\/\/portaltela.pt\/api\/wp\/v2\/posts\/439240\/revisions"}],"wp:featuredmedia":[{"embeddable":true,"href":"https:\/\/portaltela.pt\/api\/wp\/v2\/media\/439241"}],"wp:attachment":[{"href":"https:\/\/portaltela.pt\/api\/wp\/v2\/media?parent=439240"}],"wp:term":[{"taxonomy":"category","embeddable":true,"href":"https:\/\/portaltela.pt\/api\/wp\/v2\/categories?post=439240"},{"taxonomy":"post_tag","embeddable":true,"href":"https:\/\/portaltela.pt\/api\/wp\/v2\/tags?post=439240"}],"curies":[{"name":"wp","href":"https:\/\/api.w.org\/{rel}","templated":true}]}}