{"id":439238,"date":"2026-04-10T09:02:02","date_gmt":"2026-04-10T12:02:02","guid":{"rendered":"https:\/\/portaltela.pt\/noticias\/2026\/04\/10\/oms-afirma-que-israel-atacara-ambulancias-no-libano\/"},"modified":"2026-04-10T09:02:02","modified_gmt":"2026-04-10T12:02:02","slug":"oms-afirma-que-israel-atacara-ambulancias-no-libano","status":"publish","type":"post","link":"https:\/\/portaltela.pt\/guerra\/2026\/04\/10\/oms-afirma-que-israel-atacara-ambulancias-no-libano\/","title":{"rendered":"OMS afirma que Israel atacar\u00e1 ambul\u00e2ncias no L\u00edbano"},"content":{"rendered":"<p>O representante da Organiza\u00e7\u00e3o Mundial de Sa\u00fade (OMS) no L\u00edbano, Abdinasir Abubak, afirmou hoje que as for\u00e7as armadas de Israel avisaram que v\u00e3o atacar tamb\u00e9m ambul\u00e2ncias nas \u00e1reas designadas para evacua\u00e7\u00e3o.<\/p>\n<p>De acordo com a OMS, as ambul\u00e2ncias podem estar inclu\u00eddas como alvos nas zonas sinalizadas para sa\u00edda de civis, o que aumenta o risco para equipas m\u00e9dicas e pacientes em desloca\u00e7\u00e3o.<\/p>\n<p>N\u00e3o fica claro quando os ataques podem acontecer nem quais rotas de evacua\u00e7\u00e3o permanecem abertas. A OMS pediu prote\u00e7\u00e3o para profissionais de sa\u00fade e para popula\u00e7\u00f5es vulner\u00e1veis durante o deslocamento.<\/p>\n","protected":false},"excerpt":{"rendered":"<ul>\n<li>A Organiza\u00e7\u00e3o Mundial de Sa\u00fade (OMS) informou que as for\u00e7as armadas de Israel avisaram que v\u00e3o atacar tamb\u00e9m ambul\u00e2ncias no L\u00edbano, nas zonas sinalizadas para evacua\u00e7\u00e3o.<\/li>\n<li>O aviso foi divulgado pelo representante da OMS no L\u00edbano, Abdinasir Abubak, em declara\u00e7\u00f5es hoje.<\/li>\n<li>A medida ocorre em meio a opera\u00e7\u00f5es para evacuar civis das \u00e1reas afetadas.<\/li>\n<li>A not\u00edcia n\u00e3o apresenta antecedentes adicionais no momento dispon\u00edvel.<\/li>\n<\/ul>\n","protected":false},"author":2,"featured_media":439239,"comment_status":"closed","ping_status":"closed","sticky":false,"template":"","format":"standard","meta":{"footnotes":""},"categories":[6790,6804],"tags":[2792,5928,62,2023,320,172],"class_list":["post-439238","post","type-post","status-publish","format-standard","has-post-thumbnail","hentry","category-conflitos","category-guerra","tag-conflito-internacional","tag-emergencia","tag-guerra","tag-organizacoes-internacionais","tag-protecao-civil","tag-saude"],"yoast_head":"<!-- This site is optimized with the Yoast SEO plugin v27.2 - https:\/\/yoast.com\/product\/yoast-seo-wordpress\/ -->\n<title>OMS afirma que Israel atacar\u00e1 ambul\u00e2ncias no L\u00edbano - Portal Tela Portugal<\/title>\n<meta name=\"robots\" content=\"index, follow, max-snippet:-1, max-image-preview:large, max-video-preview:-1\" \/>\n<meta property=\"og:locale\" content=\"pt_PT\" \/>\n<meta property=\"og:type\" content=\"article\" \/>\n<meta property=\"og:title\" content=\"OMS afirma que Israel atacar\u00e1 ambul\u00e2ncias no L\u00edbano - Portal Tela Portugal\" \/>\n<meta property=\"og:description\" content=\"A Organiza\u00e7\u00e3o Mundial de Sa\u00fade (OMS) informou que as for\u00e7as armadas de Israel avisaram que v\u00e3o atacar tamb\u00e9m ambul\u00e2ncias no L\u00edbano, nas zonas sinalizadas para evacua\u00e7\u00e3o. O aviso foi divulgado pelo representante da OMS no L\u00edbano, Abdinasir Abubak, em declara\u00e7\u00f5es hoje. A medida ocorre em meio a opera\u00e7\u00f5es para evacuar civis das \u00e1reas afetadas. A not\u00edcia n\u00e3o apresenta antecedentes adicionais no momento dispon\u00edvel.\" \/>\n<meta property=\"og:url\" content=\"https:\/\/portaltela.pt\/noticias\/2026\/04\/10\/oms-afirma-que-israel-atacara-ambulancias-no-libano\/\" \/>\n<meta property=\"og:site_name\" content=\"Portal Tela Portugal\" \/>\n<meta property=\"article:published_time\" content=\"2026-04-10T12:02:02+00:00\" \/>\n<meta name=\"author\" content=\"Telinha\" \/>\n<meta name=\"twitter:card\" content=\"summary_large_image\" \/>\n<meta name=\"twitter:label1\" content=\"Escrito por\" \/>\n\t<meta name=\"twitter:data1\" content=\"Telinha\" \/>\n\t<meta name=\"twitter:label2\" content=\"Tempo estimado de leitura\" \/>\n\t<meta name=\"twitter:data2\" content=\"1 minuto\" \/>\n<script type=\"application\/ld+json\" class=\"yoast-schema-graph\">{\"@context\":\"https:\/\/schema.org\",\"@graph\":[{\"@type\":\"Article\",\"@id\":\"https:\/\/portaltela.pt\/noticias\/2026\/04\/10\/oms-afirma-que-israel-atacara-ambulancias-no-libano\/#article\",\"isPartOf\":{\"@id\":\"https:\/\/portaltela.pt\/noticias\/2026\/04\/10\/oms-afirma-que-israel-atacara-ambulancias-no-libano\/\"},\"author\":{\"name\":\"Telinha\",\"@id\":\"https:\/\/portaltela.pt\/#\/schema\/person\/c4278d4a6028830caff9ee44b42d32ed\"},\"headline\":\"OMS afirma que Israel atacar\u00e1 ambul\u00e2ncias no L\u00edbano\",\"datePublished\":\"2026-04-10T12:02:02+00:00\",\"mainEntityOfPage\":{\"@id\":\"https:\/\/portaltela.pt\/noticias\/2026\/04\/10\/oms-afirma-que-israel-atacara-ambulancias-no-libano\/\"},\"wordCount\":121,\"image\":{\"@id\":\"https:\/\/portaltela.pt\/noticias\/2026\/04\/10\/oms-afirma-que-israel-atacara-ambulancias-no-libano\/#primaryimage\"},\"thumbnailUrl\":\"https:\/\/portaltela.pt\/s.01k8rhncp4jt1\/2026\/04\/CACHE_780X1200_ANALOG_WATERMARKED_46055740_481246516163917.jpg\",\"keywords\":[\"conflito internacional\",\"emerg\u00eancia\",\"guerra\",\"organiza\u00e7\u00f5es internacionais\",\"prote\u00e7\u00e3o civil\",\"sa\u00fade\"],\"articleSection\":[\"Conflitos\",\"Guerra\"],\"inLanguage\":\"pt-PT\"},{\"@type\":\"WebPage\",\"@id\":\"https:\/\/portaltela.pt\/noticias\/2026\/04\/10\/oms-afirma-que-israel-atacara-ambulancias-no-libano\/\",\"url\":\"https:\/\/portaltela.pt\/noticias\/2026\/04\/10\/oms-afirma-que-israel-atacara-ambulancias-no-libano\/\",\"name\":\"OMS afirma que Israel atacar\u00e1 ambul\u00e2ncias no L\u00edbano - Portal Tela Portugal\",\"isPartOf\":{\"@id\":\"https:\/\/portaltela.pt\/#website\"},\"primaryImageOfPage\":{\"@id\":\"https:\/\/portaltela.pt\/noticias\/2026\/04\/10\/oms-afirma-que-israel-atacara-ambulancias-no-libano\/#primaryimage\"},\"image\":{\"@id\":\"https:\/\/portaltela.pt\/noticias\/2026\/04\/10\/oms-afirma-que-israel-atacara-ambulancias-no-libano\/#primaryimage\"},\"thumbnailUrl\":\"https:\/\/portaltela.pt\/s.01k8rhncp4jt1\/2026\/04\/CACHE_780X1200_ANALOG_WATERMARKED_46055740_481246516163917.jpg\",\"datePublished\":\"2026-04-10T12:02:02+00:00\",\"author\":{\"@id\":\"https:\/\/portaltela.pt\/#\/schema\/person\/c4278d4a6028830caff9ee44b42d32ed\"},\"breadcrumb\":{\"@id\":\"https:\/\/portaltela.pt\/noticias\/2026\/04\/10\/oms-afirma-que-israel-atacara-ambulancias-no-libano\/#breadcrumb\"},\"inLanguage\":\"pt-PT\",\"potentialAction\":[{\"@type\":\"ReadAction\",\"target\":[\"https:\/\/portaltela.pt\/noticias\/2026\/04\/10\/oms-afirma-que-israel-atacara-ambulancias-no-libano\/\"]}]},{\"@type\":\"ImageObject\",\"inLanguage\":\"pt-PT\",\"@id\":\"https:\/\/portaltela.pt\/noticias\/2026\/04\/10\/oms-afirma-que-israel-atacara-ambulancias-no-libano\/#primaryimage\",\"url\":\"https:\/\/portaltela.pt\/s.01k8rhncp4jt1\/2026\/04\/CACHE_780X1200_ANALOG_WATERMARKED_46055740_481246516163917.jpg\",\"contentUrl\":\"https:\/\/portaltela.pt\/s.01k8rhncp4jt1\/2026\/04\/CACHE_780X1200_ANALOG_WATERMARKED_46055740_481246516163917.jpg\",\"width\":796,\"height\":448,\"caption\":\"Israel vai atacar tamb\u00e9m ambul\u00e2ncias no L\u00edbano - OMS\"},{\"@type\":\"BreadcrumbList\",\"@id\":\"https:\/\/portaltela.pt\/noticias\/2026\/04\/10\/oms-afirma-que-israel-atacara-ambulancias-no-libano\/#breadcrumb\",\"itemListElement\":[{\"@type\":\"ListItem\",\"position\":1,\"name\":\"In\u00edcio\",\"item\":\"https:\/\/portaltela.pt\/\"},{\"@type\":\"ListItem\",\"position\":2,\"name\":\"OMS afirma que Israel atacar\u00e1 ambul\u00e2ncias no L\u00edbano\"}]},{\"@type\":\"WebSite\",\"@id\":\"https:\/\/portaltela.pt\/#website\",\"url\":\"https:\/\/portaltela.pt\/\",\"name\":\"Portal Tela Portugal\",\"description\":\"\",\"potentialAction\":[{\"@type\":\"SearchAction\",\"target\":{\"@type\":\"EntryPoint\",\"urlTemplate\":\"https:\/\/portaltela.pt\/?s={search_term_string}\"},\"query-input\":{\"@type\":\"PropertyValueSpecification\",\"valueRequired\":true,\"valueName\":\"search_term_string\"}}],\"inLanguage\":\"pt-PT\"},{\"@type\":\"Person\",\"@id\":\"https:\/\/portaltela.pt\/#\/schema\/person\/c4278d4a6028830caff9ee44b42d32ed\",\"name\":\"Telinha\",\"image\":{\"@type\":\"ImageObject\",\"inLanguage\":\"pt-PT\",\"@id\":\"https:\/\/portaltela.pt\/s.01k8rhncp4jt1\/2025\/11\/talking-bot-125x125.png\",\"url\":\"https:\/\/portaltela.pt\/s.01k8rhncp4jt1\/2025\/11\/talking-bot-125x125.png\",\"contentUrl\":\"https:\/\/portaltela.pt\/s.01k8rhncp4jt1\/2025\/11\/talking-bot-125x125.png\",\"caption\":\"Telinha\"},\"sameAs\":[\"https:\/\/portaltela.pt\/\"],\"url\":\"https:\/\/portaltela.pt\/por\/367410592786\/\"}]}<\/script>\n<!-- \/ Yoast SEO plugin. -->","yoast_head_json":{"title":"OMS afirma que Israel atacar\u00e1 ambul\u00e2ncias no L\u00edbano - Portal Tela Portugal","robots":{"index":"index","follow":"follow","max-snippet":"max-snippet:-1","max-image-preview":"max-image-preview:large","max-video-preview":"max-video-preview:-1"},"og_locale":"pt_PT","og_type":"article","og_title":"OMS afirma que Israel atacar\u00e1 ambul\u00e2ncias no L\u00edbano - Portal Tela Portugal","og_description":"A Organiza\u00e7\u00e3o Mundial de Sa\u00fade (OMS) informou que as for\u00e7as armadas de Israel avisaram que v\u00e3o atacar tamb\u00e9m ambul\u00e2ncias no L\u00edbano, nas zonas sinalizadas para evacua\u00e7\u00e3o. O aviso foi divulgado pelo representante da OMS no L\u00edbano, Abdinasir Abubak, em declara\u00e7\u00f5es hoje. A medida ocorre em meio a opera\u00e7\u00f5es para evacuar civis das \u00e1reas afetadas. A not\u00edcia n\u00e3o apresenta antecedentes adicionais no momento dispon\u00edvel.","og_url":"https:\/\/portaltela.pt\/noticias\/2026\/04\/10\/oms-afirma-que-israel-atacara-ambulancias-no-libano\/","og_site_name":"Portal Tela Portugal","article_published_time":"2026-04-10T12:02:02+00:00","author":"Telinha","twitter_card":"summary_large_image","twitter_misc":{"Escrito por":"Telinha","Tempo estimado de leitura":"1 minuto"},"schema":{"@context":"https:\/\/schema.org","@graph":[{"@type":"Article","@id":"https:\/\/portaltela.pt\/noticias\/2026\/04\/10\/oms-afirma-que-israel-atacara-ambulancias-no-libano\/#article","isPartOf":{"@id":"https:\/\/portaltela.pt\/noticias\/2026\/04\/10\/oms-afirma-que-israel-atacara-ambulancias-no-libano\/"},"author":{"name":"Telinha","@id":"https:\/\/portaltela.pt\/#\/schema\/person\/c4278d4a6028830caff9ee44b42d32ed"},"headline":"OMS afirma que Israel atacar\u00e1 ambul\u00e2ncias no L\u00edbano","datePublished":"2026-04-10T12:02:02+00:00","mainEntityOfPage":{"@id":"https:\/\/portaltela.pt\/noticias\/2026\/04\/10\/oms-afirma-que-israel-atacara-ambulancias-no-libano\/"},"wordCount":121,"image":{"@id":"https:\/\/portaltela.pt\/noticias\/2026\/04\/10\/oms-afirma-que-israel-atacara-ambulancias-no-libano\/#primaryimage"},"thumbnailUrl":"https:\/\/portaltela.pt\/s.01k8rhncp4jt1\/2026\/04\/CACHE_780X1200_ANALOG_WATERMARKED_46055740_481246516163917.jpg","keywords":["conflito internacional","emerg\u00eancia","guerra","organiza\u00e7\u00f5es internacionais","prote\u00e7\u00e3o civil","sa\u00fade"],"articleSection":["Conflitos","Guerra"],"inLanguage":"pt-PT"},{"@type":"WebPage","@id":"https:\/\/portaltela.pt\/noticias\/2026\/04\/10\/oms-afirma-que-israel-atacara-ambulancias-no-libano\/","url":"https:\/\/portaltela.pt\/noticias\/2026\/04\/10\/oms-afirma-que-israel-atacara-ambulancias-no-libano\/","name":"OMS afirma que Israel atacar\u00e1 ambul\u00e2ncias no L\u00edbano - Portal Tela Portugal","isPartOf":{"@id":"https:\/\/portaltela.pt\/#website"},"primaryImageOfPage":{"@id":"https:\/\/portaltela.pt\/noticias\/2026\/04\/10\/oms-afirma-que-israel-atacara-ambulancias-no-libano\/#primaryimage"},"image":{"@id":"https:\/\/portaltela.pt\/noticias\/2026\/04\/10\/oms-afirma-que-israel-atacara-ambulancias-no-libano\/#primaryimage"},"thumbnailUrl":"https:\/\/portaltela.pt\/s.01k8rhncp4jt1\/2026\/04\/CACHE_780X1200_ANALOG_WATERMARKED_46055740_481246516163917.jpg","datePublished":"2026-04-10T12:02:02+00:00","author":{"@id":"https:\/\/portaltela.pt\/#\/schema\/person\/c4278d4a6028830caff9ee44b42d32ed"},"breadcrumb":{"@id":"https:\/\/portaltela.pt\/noticias\/2026\/04\/10\/oms-afirma-que-israel-atacara-ambulancias-no-libano\/#breadcrumb"},"inLanguage":"pt-PT","potentialAction":[{"@type":"ReadAction","target":["https:\/\/portaltela.pt\/noticias\/2026\/04\/10\/oms-afirma-que-israel-atacara-ambulancias-no-libano\/"]}]},{"@type":"ImageObject","inLanguage":"pt-PT","@id":"https:\/\/portaltela.pt\/noticias\/2026\/04\/10\/oms-afirma-que-israel-atacara-ambulancias-no-libano\/#primaryimage","url":"https:\/\/portaltela.pt\/s.01k8rhncp4jt1\/2026\/04\/CACHE_780X1200_ANALOG_WATERMARKED_46055740_481246516163917.jpg","contentUrl":"https:\/\/portaltela.pt\/s.01k8rhncp4jt1\/2026\/04\/CACHE_780X1200_ANALOG_WATERMARKED_46055740_481246516163917.jpg","width":796,"height":448,"caption":"Israel vai atacar tamb\u00e9m ambul\u00e2ncias no L\u00edbano - OMS"},{"@type":"BreadcrumbList","@id":"https:\/\/portaltela.pt\/noticias\/2026\/04\/10\/oms-afirma-que-israel-atacara-ambulancias-no-libano\/#breadcrumb","itemListElement":[{"@type":"ListItem","position":1,"name":"In\u00edcio","item":"https:\/\/portaltela.pt\/"},{"@type":"ListItem","position":2,"name":"OMS afirma que Israel atacar\u00e1 ambul\u00e2ncias no L\u00edbano"}]},{"@type":"WebSite","@id":"https:\/\/portaltela.pt\/#website","url":"https:\/\/portaltela.pt\/","name":"Portal Tela Portugal","description":"","potentialAction":[{"@type":"SearchAction","target":{"@type":"EntryPoint","urlTemplate":"https:\/\/portaltela.pt\/?s={search_term_string}"},"query-input":{"@type":"PropertyValueSpecification","valueRequired":true,"valueName":"search_term_string"}}],"inLanguage":"pt-PT"},{"@type":"Person","@id":"https:\/\/portaltela.pt\/#\/schema\/person\/c4278d4a6028830caff9ee44b42d32ed","name":"Telinha","image":{"@type":"ImageObject","inLanguage":"pt-PT","@id":"https:\/\/portaltela.pt\/s.01k8rhncp4jt1\/2025\/11\/talking-bot-125x125.png","url":"https:\/\/portaltela.pt\/s.01k8rhncp4jt1\/2025\/11\/talking-bot-125x125.png","contentUrl":"https:\/\/portaltela.pt\/s.01k8rhncp4jt1\/2025\/11\/talking-bot-125x125.png","caption":"Telinha"},"sameAs":["https:\/\/portaltela.pt\/"],"url":"https:\/\/portaltela.pt\/por\/367410592786\/"}]}},"_links":{"self":[{"href":"https:\/\/portaltela.pt\/api\/wp\/v2\/posts\/439238","targetHints":{"allow":["GET"]}}],"collection":[{"href":"https:\/\/portaltela.pt\/api\/wp\/v2\/posts"}],"about":[{"href":"https:\/\/portaltela.pt\/api\/wp\/v2\/types\/post"}],"author":[{"embeddable":true,"href":"https:\/\/portaltela.pt\/api\/wp\/v2\/users\/2"}],"replies":[{"embeddable":true,"href":"https:\/\/portaltela.pt\/api\/wp\/v2\/comments?post=439238"}],"version-history":[{"count":0,"href":"https:\/\/portaltela.pt\/api\/wp\/v2\/posts\/439238\/revisions"}],"wp:featuredmedia":[{"embeddable":true,"href":"https:\/\/portaltela.pt\/api\/wp\/v2\/media\/439239"}],"wp:attachment":[{"href":"https:\/\/portaltela.pt\/api\/wp\/v2\/media?parent=439238"}],"wp:term":[{"taxonomy":"category","embeddable":true,"href":"https:\/\/portaltela.pt\/api\/wp\/v2\/categories?post=439238"},{"taxonomy":"post_tag","embeddable":true,"href":"https:\/\/portaltela.pt\/api\/wp\/v2\/tags?post=439238"}],"curies":[{"name":"wp","href":"https:\/\/api.w.org\/{rel}","templated":true}]}}