{"id":439236,"date":"2026-04-10T08:51:41","date_gmt":"2026-04-10T11:51:41","guid":{"rendered":"https:\/\/portaltela.pt\/noticias\/2026\/04\/10\/vulcao-kilauea-volta-a-mostrar-atividade-intensa\/"},"modified":"2026-04-10T08:51:41","modified_gmt":"2026-04-10T11:51:41","slug":"vulcao-kilauea-volta-a-mostrar-atividade-intensa","status":"publish","type":"post","link":"https:\/\/portaltela.pt\/meio-ambiente\/2026\/04\/10\/vulcao-kilauea-volta-a-mostrar-atividade-intensa\/","title":{"rendered":"Vulc\u00e3o Kilauea volta a mostrar atividade intensa"},"content":{"rendered":"<p>O vulc\u00e3o Kilauea, no Havai, voltou a entrar em erup\u00e7\u00e3o na tarde de quinta-feira, expulsando lava a mais de 200 metros de altura, segundo a ag\u00eancia AP. O fen\u00f3meno ocorreu no \u00e2mbito da atividade cont\u00ednua da montanha, que permanece sob vigil\u00e2ncia.<\/p>\n<p>O epis\u00f3dio ocorreu na regi\u00e3o do Parque Nacional dos Vulc\u00f5es, onde as autoridades locais monitorizam a evolu\u00e7\u00e3o da erup\u00e7\u00e3o. O fluxo de lava pode comprometer vias de acesso e \u00e1reas pr\u00f3ximas, conforme os avisos oficiais.<\/p>\n<p>Autoridades anunciaram medidas de seguran\u00e7a e o eventual fechamento de estradas pr\u00f3ximas \u00e0 zona de erup\u00e7\u00e3o, para proteger residentes e visitantes. N\u00e3o h\u00e1 ainda confirma\u00e7\u00e3o de feridos, mas mant\u00e9m-se o monitoramento constante das condi\u00e7\u00f5es no terreno.<\/p>\n<p>10 de abril de 2026 \u00e0s 12:33<\/p>\n","protected":false},"excerpt":{"rendered":"<ul>\n<li>O vulc\u00e3o Kilauea, no Havai, voltou a entrar em erup\u00e7\u00e3o na quinta-feira.<\/li>\n<li>A lava foi expelida a uma altura superior a 200 metros.<\/li>\n<li>A not\u00edcia foi publicada a 10 de abril de 2026 \u00e0s 12:33 (hor\u00e1rio local).<\/li>\n<li>A informa\u00e7\u00e3o \u00e9 atribu\u00edda \u00e0 ag\u00eancia Associated Press (AP).<\/li>\n<\/ul>\n","protected":false},"author":2,"featured_media":439237,"comment_status":"closed","ping_status":"closed","sticky":false,"template":"","format":"standard","meta":{"footnotes":""},"categories":[6725],"tags":[7767,167,5215,6063,3568],"class_list":["post-439236","post","type-post","status-publish","format-standard","has-post-thumbnail","hentry","category-meio-ambiente","tag-_meio-ambiente","tag-ambiente","tag-catastrofes-naturais","tag-desastres","tag-natureza"],"yoast_head":"<!-- This site is optimized with the Yoast SEO plugin v27.2 - https:\/\/yoast.com\/product\/yoast-seo-wordpress\/ -->\n<title>Vulc\u00e3o Kilauea volta a mostrar atividade intensa - Portal Tela Portugal<\/title>\n<meta name=\"robots\" content=\"index, follow, max-snippet:-1, max-image-preview:large, max-video-preview:-1\" \/>\n<meta property=\"og:locale\" content=\"pt_PT\" \/>\n<meta property=\"og:type\" content=\"article\" \/>\n<meta property=\"og:title\" content=\"Vulc\u00e3o Kilauea volta a mostrar atividade intensa - Portal Tela Portugal\" \/>\n<meta property=\"og:description\" content=\"O vulc\u00e3o Kilauea, no Havai, voltou a entrar em erup\u00e7\u00e3o na quinta-feira. A lava foi expelida a uma altura superior a 200 metros. A not\u00edcia foi publicada a 10 de abril de 2026 \u00e0s 12:33 (hor\u00e1rio local). A informa\u00e7\u00e3o \u00e9 atribu\u00edda \u00e0 ag\u00eancia Associated Press (AP).\" \/>\n<meta property=\"og:url\" content=\"https:\/\/portaltela.pt\/noticias\/2026\/04\/10\/vulcao-kilauea-volta-a-mostrar-atividade-intensa\/\" \/>\n<meta property=\"og:site_name\" content=\"Portal Tela Portugal\" \/>\n<meta property=\"article:published_time\" content=\"2026-04-10T11:51:41+00:00\" \/>\n<meta name=\"author\" content=\"Telinha\" \/>\n<meta name=\"twitter:card\" content=\"summary_large_image\" \/>\n<meta name=\"twitter:label1\" content=\"Escrito por\" \/>\n\t<meta name=\"twitter:data1\" content=\"Telinha\" \/>\n\t<meta name=\"twitter:label2\" content=\"Tempo estimado de leitura\" \/>\n\t<meta name=\"twitter:data2\" content=\"1 minuto\" \/>\n<script type=\"application\/ld+json\" class=\"yoast-schema-graph\">{\"@context\":\"https:\/\/schema.org\",\"@graph\":[{\"@type\":\"Article\",\"@id\":\"https:\/\/portaltela.pt\/noticias\/2026\/04\/10\/vulcao-kilauea-volta-a-mostrar-atividade-intensa\/#article\",\"isPartOf\":{\"@id\":\"https:\/\/portaltela.pt\/noticias\/2026\/04\/10\/vulcao-kilauea-volta-a-mostrar-atividade-intensa\/\"},\"author\":{\"name\":\"Telinha\",\"@id\":\"https:\/\/portaltela.pt\/#\/schema\/person\/c4278d4a6028830caff9ee44b42d32ed\"},\"headline\":\"Vulc\u00e3o Kilauea volta a mostrar atividade intensa\",\"datePublished\":\"2026-04-10T11:51:41+00:00\",\"mainEntityOfPage\":{\"@id\":\"https:\/\/portaltela.pt\/noticias\/2026\/04\/10\/vulcao-kilauea-volta-a-mostrar-atividade-intensa\/\"},\"wordCount\":141,\"image\":{\"@id\":\"https:\/\/portaltela.pt\/noticias\/2026\/04\/10\/vulcao-kilauea-volta-a-mostrar-atividade-intensa\/#primaryimage\"},\"thumbnailUrl\":\"https:\/\/portaltela.pt\/s.01k8rhncp4jt1\/2026\/04\/img_1280x722uu2026-04-10-12-31-22-2277657.jpg\",\"keywords\":[\"_meio-ambiente\",\"ambiente\",\"cat\u00e1strofes naturais\",\"desastres\",\"natureza\"],\"articleSection\":[\"Meio Ambiente\"],\"inLanguage\":\"pt-PT\"},{\"@type\":\"WebPage\",\"@id\":\"https:\/\/portaltela.pt\/noticias\/2026\/04\/10\/vulcao-kilauea-volta-a-mostrar-atividade-intensa\/\",\"url\":\"https:\/\/portaltela.pt\/noticias\/2026\/04\/10\/vulcao-kilauea-volta-a-mostrar-atividade-intensa\/\",\"name\":\"Vulc\u00e3o Kilauea volta a mostrar atividade intensa - Portal Tela Portugal\",\"isPartOf\":{\"@id\":\"https:\/\/portaltela.pt\/#website\"},\"primaryImageOfPage\":{\"@id\":\"https:\/\/portaltela.pt\/noticias\/2026\/04\/10\/vulcao-kilauea-volta-a-mostrar-atividade-intensa\/#primaryimage\"},\"image\":{\"@id\":\"https:\/\/portaltela.pt\/noticias\/2026\/04\/10\/vulcao-kilauea-volta-a-mostrar-atividade-intensa\/#primaryimage\"},\"thumbnailUrl\":\"https:\/\/portaltela.pt\/s.01k8rhncp4jt1\/2026\/04\/img_1280x722uu2026-04-10-12-31-22-2277657.jpg\",\"datePublished\":\"2026-04-10T11:51:41+00:00\",\"author\":{\"@id\":\"https:\/\/portaltela.pt\/#\/schema\/person\/c4278d4a6028830caff9ee44b42d32ed\"},\"breadcrumb\":{\"@id\":\"https:\/\/portaltela.pt\/noticias\/2026\/04\/10\/vulcao-kilauea-volta-a-mostrar-atividade-intensa\/#breadcrumb\"},\"inLanguage\":\"pt-PT\",\"potentialAction\":[{\"@type\":\"ReadAction\",\"target\":[\"https:\/\/portaltela.pt\/noticias\/2026\/04\/10\/vulcao-kilauea-volta-a-mostrar-atividade-intensa\/\"]}]},{\"@type\":\"ImageObject\",\"inLanguage\":\"pt-PT\",\"@id\":\"https:\/\/portaltela.pt\/noticias\/2026\/04\/10\/vulcao-kilauea-volta-a-mostrar-atividade-intensa\/#primaryimage\",\"url\":\"https:\/\/portaltela.pt\/s.01k8rhncp4jt1\/2026\/04\/img_1280x722uu2026-04-10-12-31-22-2277657.jpg\",\"contentUrl\":\"https:\/\/portaltela.pt\/s.01k8rhncp4jt1\/2026\/04\/img_1280x722uu2026-04-10-12-31-22-2277657.jpg\",\"width\":796,\"height\":448,\"caption\":\"Vulc\u00e3o Kilauea, no Havai, voltou a entrar em erup\u00e7\u00e3o, esta quinta-feira, expelindo lava a mais de 200 metros de altura.\"},{\"@type\":\"BreadcrumbList\",\"@id\":\"https:\/\/portaltela.pt\/noticias\/2026\/04\/10\/vulcao-kilauea-volta-a-mostrar-atividade-intensa\/#breadcrumb\",\"itemListElement\":[{\"@type\":\"ListItem\",\"position\":1,\"name\":\"In\u00edcio\",\"item\":\"https:\/\/portaltela.pt\/\"},{\"@type\":\"ListItem\",\"position\":2,\"name\":\"Vulc\u00e3o Kilauea volta a mostrar atividade intensa\"}]},{\"@type\":\"WebSite\",\"@id\":\"https:\/\/portaltela.pt\/#website\",\"url\":\"https:\/\/portaltela.pt\/\",\"name\":\"Portal Tela Portugal\",\"description\":\"\",\"potentialAction\":[{\"@type\":\"SearchAction\",\"target\":{\"@type\":\"EntryPoint\",\"urlTemplate\":\"https:\/\/portaltela.pt\/?s={search_term_string}\"},\"query-input\":{\"@type\":\"PropertyValueSpecification\",\"valueRequired\":true,\"valueName\":\"search_term_string\"}}],\"inLanguage\":\"pt-PT\"},{\"@type\":\"Person\",\"@id\":\"https:\/\/portaltela.pt\/#\/schema\/person\/c4278d4a6028830caff9ee44b42d32ed\",\"name\":\"Telinha\",\"image\":{\"@type\":\"ImageObject\",\"inLanguage\":\"pt-PT\",\"@id\":\"https:\/\/portaltela.pt\/s.01k8rhncp4jt1\/2025\/11\/talking-bot-125x125.png\",\"url\":\"https:\/\/portaltela.pt\/s.01k8rhncp4jt1\/2025\/11\/talking-bot-125x125.png\",\"contentUrl\":\"https:\/\/portaltela.pt\/s.01k8rhncp4jt1\/2025\/11\/talking-bot-125x125.png\",\"caption\":\"Telinha\"},\"sameAs\":[\"https:\/\/portaltela.pt\/\"],\"url\":\"https:\/\/portaltela.pt\/por\/367410592786\/\"}]}<\/script>\n<!-- \/ Yoast SEO plugin. -->","yoast_head_json":{"title":"Vulc\u00e3o Kilauea volta a mostrar atividade intensa - Portal Tela Portugal","robots":{"index":"index","follow":"follow","max-snippet":"max-snippet:-1","max-image-preview":"max-image-preview:large","max-video-preview":"max-video-preview:-1"},"og_locale":"pt_PT","og_type":"article","og_title":"Vulc\u00e3o Kilauea volta a mostrar atividade intensa - Portal Tela Portugal","og_description":"O vulc\u00e3o Kilauea, no Havai, voltou a entrar em erup\u00e7\u00e3o na quinta-feira. A lava foi expelida a uma altura superior a 200 metros. A not\u00edcia foi publicada a 10 de abril de 2026 \u00e0s 12:33 (hor\u00e1rio local). A informa\u00e7\u00e3o \u00e9 atribu\u00edda \u00e0 ag\u00eancia Associated Press (AP).","og_url":"https:\/\/portaltela.pt\/noticias\/2026\/04\/10\/vulcao-kilauea-volta-a-mostrar-atividade-intensa\/","og_site_name":"Portal Tela Portugal","article_published_time":"2026-04-10T11:51:41+00:00","author":"Telinha","twitter_card":"summary_large_image","twitter_misc":{"Escrito por":"Telinha","Tempo estimado de leitura":"1 minuto"},"schema":{"@context":"https:\/\/schema.org","@graph":[{"@type":"Article","@id":"https:\/\/portaltela.pt\/noticias\/2026\/04\/10\/vulcao-kilauea-volta-a-mostrar-atividade-intensa\/#article","isPartOf":{"@id":"https:\/\/portaltela.pt\/noticias\/2026\/04\/10\/vulcao-kilauea-volta-a-mostrar-atividade-intensa\/"},"author":{"name":"Telinha","@id":"https:\/\/portaltela.pt\/#\/schema\/person\/c4278d4a6028830caff9ee44b42d32ed"},"headline":"Vulc\u00e3o Kilauea volta a mostrar atividade intensa","datePublished":"2026-04-10T11:51:41+00:00","mainEntityOfPage":{"@id":"https:\/\/portaltela.pt\/noticias\/2026\/04\/10\/vulcao-kilauea-volta-a-mostrar-atividade-intensa\/"},"wordCount":141,"image":{"@id":"https:\/\/portaltela.pt\/noticias\/2026\/04\/10\/vulcao-kilauea-volta-a-mostrar-atividade-intensa\/#primaryimage"},"thumbnailUrl":"https:\/\/portaltela.pt\/s.01k8rhncp4jt1\/2026\/04\/img_1280x722uu2026-04-10-12-31-22-2277657.jpg","keywords":["_meio-ambiente","ambiente","cat\u00e1strofes naturais","desastres","natureza"],"articleSection":["Meio Ambiente"],"inLanguage":"pt-PT"},{"@type":"WebPage","@id":"https:\/\/portaltela.pt\/noticias\/2026\/04\/10\/vulcao-kilauea-volta-a-mostrar-atividade-intensa\/","url":"https:\/\/portaltela.pt\/noticias\/2026\/04\/10\/vulcao-kilauea-volta-a-mostrar-atividade-intensa\/","name":"Vulc\u00e3o Kilauea volta a mostrar atividade intensa - Portal Tela Portugal","isPartOf":{"@id":"https:\/\/portaltela.pt\/#website"},"primaryImageOfPage":{"@id":"https:\/\/portaltela.pt\/noticias\/2026\/04\/10\/vulcao-kilauea-volta-a-mostrar-atividade-intensa\/#primaryimage"},"image":{"@id":"https:\/\/portaltela.pt\/noticias\/2026\/04\/10\/vulcao-kilauea-volta-a-mostrar-atividade-intensa\/#primaryimage"},"thumbnailUrl":"https:\/\/portaltela.pt\/s.01k8rhncp4jt1\/2026\/04\/img_1280x722uu2026-04-10-12-31-22-2277657.jpg","datePublished":"2026-04-10T11:51:41+00:00","author":{"@id":"https:\/\/portaltela.pt\/#\/schema\/person\/c4278d4a6028830caff9ee44b42d32ed"},"breadcrumb":{"@id":"https:\/\/portaltela.pt\/noticias\/2026\/04\/10\/vulcao-kilauea-volta-a-mostrar-atividade-intensa\/#breadcrumb"},"inLanguage":"pt-PT","potentialAction":[{"@type":"ReadAction","target":["https:\/\/portaltela.pt\/noticias\/2026\/04\/10\/vulcao-kilauea-volta-a-mostrar-atividade-intensa\/"]}]},{"@type":"ImageObject","inLanguage":"pt-PT","@id":"https:\/\/portaltela.pt\/noticias\/2026\/04\/10\/vulcao-kilauea-volta-a-mostrar-atividade-intensa\/#primaryimage","url":"https:\/\/portaltela.pt\/s.01k8rhncp4jt1\/2026\/04\/img_1280x722uu2026-04-10-12-31-22-2277657.jpg","contentUrl":"https:\/\/portaltela.pt\/s.01k8rhncp4jt1\/2026\/04\/img_1280x722uu2026-04-10-12-31-22-2277657.jpg","width":796,"height":448,"caption":"Vulc\u00e3o Kilauea, no Havai, voltou a entrar em erup\u00e7\u00e3o, esta quinta-feira, expelindo lava a mais de 200 metros de altura."},{"@type":"BreadcrumbList","@id":"https:\/\/portaltela.pt\/noticias\/2026\/04\/10\/vulcao-kilauea-volta-a-mostrar-atividade-intensa\/#breadcrumb","itemListElement":[{"@type":"ListItem","position":1,"name":"In\u00edcio","item":"https:\/\/portaltela.pt\/"},{"@type":"ListItem","position":2,"name":"Vulc\u00e3o Kilauea volta a mostrar atividade intensa"}]},{"@type":"WebSite","@id":"https:\/\/portaltela.pt\/#website","url":"https:\/\/portaltela.pt\/","name":"Portal Tela Portugal","description":"","potentialAction":[{"@type":"SearchAction","target":{"@type":"EntryPoint","urlTemplate":"https:\/\/portaltela.pt\/?s={search_term_string}"},"query-input":{"@type":"PropertyValueSpecification","valueRequired":true,"valueName":"search_term_string"}}],"inLanguage":"pt-PT"},{"@type":"Person","@id":"https:\/\/portaltela.pt\/#\/schema\/person\/c4278d4a6028830caff9ee44b42d32ed","name":"Telinha","image":{"@type":"ImageObject","inLanguage":"pt-PT","@id":"https:\/\/portaltela.pt\/s.01k8rhncp4jt1\/2025\/11\/talking-bot-125x125.png","url":"https:\/\/portaltela.pt\/s.01k8rhncp4jt1\/2025\/11\/talking-bot-125x125.png","contentUrl":"https:\/\/portaltela.pt\/s.01k8rhncp4jt1\/2025\/11\/talking-bot-125x125.png","caption":"Telinha"},"sameAs":["https:\/\/portaltela.pt\/"],"url":"https:\/\/portaltela.pt\/por\/367410592786\/"}]}},"_links":{"self":[{"href":"https:\/\/portaltela.pt\/api\/wp\/v2\/posts\/439236","targetHints":{"allow":["GET"]}}],"collection":[{"href":"https:\/\/portaltela.pt\/api\/wp\/v2\/posts"}],"about":[{"href":"https:\/\/portaltela.pt\/api\/wp\/v2\/types\/post"}],"author":[{"embeddable":true,"href":"https:\/\/portaltela.pt\/api\/wp\/v2\/users\/2"}],"replies":[{"embeddable":true,"href":"https:\/\/portaltela.pt\/api\/wp\/v2\/comments?post=439236"}],"version-history":[{"count":0,"href":"https:\/\/portaltela.pt\/api\/wp\/v2\/posts\/439236\/revisions"}],"wp:featuredmedia":[{"embeddable":true,"href":"https:\/\/portaltela.pt\/api\/wp\/v2\/media\/439237"}],"wp:attachment":[{"href":"https:\/\/portaltela.pt\/api\/wp\/v2\/media?parent=439236"}],"wp:term":[{"taxonomy":"category","embeddable":true,"href":"https:\/\/portaltela.pt\/api\/wp\/v2\/categories?post=439236"},{"taxonomy":"post_tag","embeddable":true,"href":"https:\/\/portaltela.pt\/api\/wp\/v2\/tags?post=439236"}],"curies":[{"name":"wp","href":"https:\/\/api.w.org\/{rel}","templated":true}]}}