{"id":439234,"date":"2026-04-10T08:47:34","date_gmt":"2026-04-10T11:47:34","guid":{"rendered":"https:\/\/portaltela.pt\/noticias\/2026\/04\/10\/casamento-de-goncalo-ramos-e-margarida-adiado-por-final-do-mundial-2026\/"},"modified":"2026-04-10T08:47:34","modified_gmt":"2026-04-10T11:47:34","slug":"casamento-de-goncalo-ramos-e-margarida-adiado-por-final-do-mundial-2026","status":"publish","type":"post","link":"https:\/\/portaltela.pt\/celebridades\/2026\/04\/10\/casamento-de-goncalo-ramos-e-margarida-adiado-por-final-do-mundial-2026\/","title":{"rendered":"Casamento de Gon\u00e7alo Ramos e Margarida adiado por final do Mundial 2026"},"content":{"rendered":"<p>O casamento de Gon\u00e7alo Ramos e Margarida Amaral Domingues foi adiado ap\u00f3s surgir o conflito com o calend\u00e1rio da final do Mundial de 2026. O evento, inicialmente marcado para 18 de julho, fica agora em 25 de julho, em Portugal, para evitar atravessamentos com o torneio que decorre na altura.<\/p>\n<p>A revela\u00e7\u00e3o foi feita durante o podcast Cala-te Boca, da Mega Hits, onde o casal explicou que a mudan\u00e7a surgiu a partir de ajustes no calend\u00e1rio da competi\u00e7\u00e3o. A hip\u00f3tese de poder chegar \u00e0 final levou a uma decis\u00e3o pragm\u00e1tica para manter a honra do dia.<\/p>\n<p>A nova data permite manter o sonho de um casamento sincronizado com poss\u00edveis emo\u00e7\u00f5es da sele\u00e7\u00e3o portuguesa. Margarida Amaral Domingues, em tom sereno, confirmou que o essencial est\u00e1 encaminhado e que a maior parte dos preparativos j\u00e1 ficou definida.<\/p>\n<h3>Mudan\u00e7a de data e prepara\u00e7\u00e3o<\/h3>\n<p>Bernardo, o filho do casal, de apenas 10 meses, desempenhar\u00e1 o papel de menino das alian\u00e7as, conferindo ainda mais intimidade ao momento. A pr\u00f3pria noiva adianta que os preparativos prosseguem sem grandes perturba\u00e7\u00f5es.<\/p>\n<p>A coincid\u00eancia de datas aparece a n\u00edvel mundial: o mesmo dia \u00e9 escolhido por um colega de equipa de Ramos no Paris Saint\u2011Germain, Lucas Hern\u00e1ndez, para celebrar o casamento. A explica\u00e7\u00e3o encontra-se na reduzida disponibilidade de datas para jogadores em atividade.<\/p>\n<h3>Futuro em Paris e planos de regresso<\/h3>\n<p>O casal vive em Paris e admitiu algumas saudades do jornalismo desportivo e da televis\u00e3o, reflectindo sobre os desafios lingu\u00edsticos da vida em Fran\u00e7a. Em paralelo, Gon\u00e7alo Ramos afirmou que o regresso a Portugal est\u00e1 nos planos futuros, ainda que n\u00e3o haja data definida.<\/p>\n","protected":false},"excerpt":{"rendered":"<ul>\n<li>O casamento de Gon\u00e7alo Ramos e Margarida Amaral Domingues foi adiado de 18 para 25 de julho, porque a final do Mundial de 2026 ficou marcada para 19 de julho.<\/li>\n<li>O an\u00fancio foi feito no podcast Cala-te Boca, da Mega Hits, onde o casal explicou a mudan\u00e7a de data por motivos relacionados com o evento desportivo.<\/li>\n<li>Mant\u00eam a convic\u00e7\u00e3o de poder estar na final e ajustar os preparativos ao novo dia sem pressas.<\/li>\n<li>O filho do casal atuar\u00e1 como menino das alian\u00e7as, acrescentando um momento familiar \u00e0 cerim\u00f3nia.<\/li>\n<li>O casal vive em Paris e o casamento acontece no mesmo dia do casamento do colega Lucas Hern\u00e1ndez, explicada pela escassez de datas dispon\u00edveis para jogadores.<\/li>\n<\/ul>\n","protected":false},"author":2,"featured_media":439235,"comment_status":"closed","ping_status":"closed","sticky":false,"template":"","format":"standard","meta":{"footnotes":""},"categories":[6675],"tags":[7755,6367,2981,3163,1014],"class_list":["post-439234","post","type-post","status-publish","format-standard","has-post-thumbnail","hentry","category-celebridades","tag-_futebol","tag-copa2026","tag-goncalo-ramos","tag-paris","tag-portugal"],"yoast_head":"<!-- This site is optimized with the Yoast SEO plugin v27.2 - https:\/\/yoast.com\/product\/yoast-seo-wordpress\/ -->\n<title>Casamento de Gon\u00e7alo Ramos e Margarida adiado por final do Mundial 2026 - Portal Tela Portugal<\/title>\n<meta name=\"robots\" content=\"index, follow, max-snippet:-1, max-image-preview:large, max-video-preview:-1\" \/>\n<meta property=\"og:locale\" content=\"pt_PT\" \/>\n<meta property=\"og:type\" content=\"article\" \/>\n<meta property=\"og:title\" content=\"Casamento de Gon\u00e7alo Ramos e Margarida adiado por final do Mundial 2026 - Portal Tela Portugal\" \/>\n<meta property=\"og:description\" content=\"O casamento de Gon\u00e7alo Ramos e Margarida Amaral Domingues foi adiado de 18 para 25 de julho, porque a final do Mundial de 2026 ficou marcada para 19 de julho. O an\u00fancio foi feito no podcast Cala-te Boca, da Mega Hits, onde o casal explicou a mudan\u00e7a de data por motivos relacionados com o evento desportivo. Mant\u00eam a convic\u00e7\u00e3o de poder estar na final e ajustar os preparativos ao novo dia sem pressas. O filho do casal atuar\u00e1 como menino das alian\u00e7as, acrescentando um momento familiar \u00e0 cerim\u00f3nia. O casal vive em Paris e o casamento acontece no mesmo dia do casamento do colega Lucas Hern\u00e1ndez, explicada pela escassez de datas dispon\u00edveis para jogadores.\" \/>\n<meta property=\"og:url\" content=\"https:\/\/portaltela.pt\/noticias\/2026\/04\/10\/casamento-de-goncalo-ramos-e-margarida-adiado-por-final-do-mundial-2026\/\" \/>\n<meta property=\"og:site_name\" content=\"Portal Tela Portugal\" \/>\n<meta property=\"article:published_time\" content=\"2026-04-10T11:47:34+00:00\" \/>\n<meta name=\"author\" content=\"Telinha\" \/>\n<meta name=\"twitter:card\" content=\"summary_large_image\" \/>\n<meta name=\"twitter:label1\" content=\"Escrito por\" \/>\n\t<meta name=\"twitter:data1\" content=\"Telinha\" \/>\n\t<meta name=\"twitter:label2\" content=\"Tempo estimado de leitura\" \/>\n\t<meta name=\"twitter:data2\" content=\"1 minuto\" \/>\n<script type=\"application\/ld+json\" class=\"yoast-schema-graph\">{\"@context\":\"https:\/\/schema.org\",\"@graph\":[{\"@type\":\"Article\",\"@id\":\"https:\/\/portaltela.pt\/noticias\/2026\/04\/10\/casamento-de-goncalo-ramos-e-margarida-adiado-por-final-do-mundial-2026\/#article\",\"isPartOf\":{\"@id\":\"https:\/\/portaltela.pt\/noticias\/2026\/04\/10\/casamento-de-goncalo-ramos-e-margarida-adiado-por-final-do-mundial-2026\/\"},\"author\":{\"name\":\"Telinha\",\"@id\":\"https:\/\/portaltela.pt\/#\/schema\/person\/c4278d4a6028830caff9ee44b42d32ed\"},\"headline\":\"Casamento de Gon\u00e7alo Ramos e Margarida adiado por final do Mundial 2026\",\"datePublished\":\"2026-04-10T11:47:34+00:00\",\"mainEntityOfPage\":{\"@id\":\"https:\/\/portaltela.pt\/noticias\/2026\/04\/10\/casamento-de-goncalo-ramos-e-margarida-adiado-por-final-do-mundial-2026\/\"},\"wordCount\":299,\"image\":{\"@id\":\"https:\/\/portaltela.pt\/noticias\/2026\/04\/10\/casamento-de-goncalo-ramos-e-margarida-adiado-por-final-do-mundial-2026\/#primaryimage\"},\"thumbnailUrl\":\"https:\/\/portaltela.pt\/s.01k8rhncp4jt1\/2026\/04\/image-583.jpg\",\"keywords\":[\"_futebol\",\"#copa2026\",\"Gon\u00e7alo Ramos\",\"Paris\",\"Portugal\"],\"articleSection\":[\"Celebridades\"],\"inLanguage\":\"pt-PT\"},{\"@type\":\"WebPage\",\"@id\":\"https:\/\/portaltela.pt\/noticias\/2026\/04\/10\/casamento-de-goncalo-ramos-e-margarida-adiado-por-final-do-mundial-2026\/\",\"url\":\"https:\/\/portaltela.pt\/noticias\/2026\/04\/10\/casamento-de-goncalo-ramos-e-margarida-adiado-por-final-do-mundial-2026\/\",\"name\":\"Casamento de Gon\u00e7alo Ramos e Margarida adiado por final do Mundial 2026 - Portal Tela Portugal\",\"isPartOf\":{\"@id\":\"https:\/\/portaltela.pt\/#website\"},\"primaryImageOfPage\":{\"@id\":\"https:\/\/portaltela.pt\/noticias\/2026\/04\/10\/casamento-de-goncalo-ramos-e-margarida-adiado-por-final-do-mundial-2026\/#primaryimage\"},\"image\":{\"@id\":\"https:\/\/portaltela.pt\/noticias\/2026\/04\/10\/casamento-de-goncalo-ramos-e-margarida-adiado-por-final-do-mundial-2026\/#primaryimage\"},\"thumbnailUrl\":\"https:\/\/portaltela.pt\/s.01k8rhncp4jt1\/2026\/04\/image-583.jpg\",\"datePublished\":\"2026-04-10T11:47:34+00:00\",\"author\":{\"@id\":\"https:\/\/portaltela.pt\/#\/schema\/person\/c4278d4a6028830caff9ee44b42d32ed\"},\"breadcrumb\":{\"@id\":\"https:\/\/portaltela.pt\/noticias\/2026\/04\/10\/casamento-de-goncalo-ramos-e-margarida-adiado-por-final-do-mundial-2026\/#breadcrumb\"},\"inLanguage\":\"pt-PT\",\"potentialAction\":[{\"@type\":\"ReadAction\",\"target\":[\"https:\/\/portaltela.pt\/noticias\/2026\/04\/10\/casamento-de-goncalo-ramos-e-margarida-adiado-por-final-do-mundial-2026\/\"]}]},{\"@type\":\"ImageObject\",\"inLanguage\":\"pt-PT\",\"@id\":\"https:\/\/portaltela.pt\/noticias\/2026\/04\/10\/casamento-de-goncalo-ramos-e-margarida-adiado-por-final-do-mundial-2026\/#primaryimage\",\"url\":\"https:\/\/portaltela.pt\/s.01k8rhncp4jt1\/2026\/04\/image-583.jpg\",\"contentUrl\":\"https:\/\/portaltela.pt\/s.01k8rhncp4jt1\/2026\/04\/image-583.jpg\",\"width\":796,\"height\":448,\"caption\":\"Gon\u00e7alo Ramos e Margarida Amaral Domingues preparam o casamento que foi adiado para 25 de julho devido \u00e0 final do Mundial de 2026.\"},{\"@type\":\"BreadcrumbList\",\"@id\":\"https:\/\/portaltela.pt\/noticias\/2026\/04\/10\/casamento-de-goncalo-ramos-e-margarida-adiado-por-final-do-mundial-2026\/#breadcrumb\",\"itemListElement\":[{\"@type\":\"ListItem\",\"position\":1,\"name\":\"In\u00edcio\",\"item\":\"https:\/\/portaltela.pt\/\"},{\"@type\":\"ListItem\",\"position\":2,\"name\":\"Casamento de Gon\u00e7alo Ramos e Margarida adiado por final do Mundial 2026\"}]},{\"@type\":\"WebSite\",\"@id\":\"https:\/\/portaltela.pt\/#website\",\"url\":\"https:\/\/portaltela.pt\/\",\"name\":\"Portal Tela Portugal\",\"description\":\"\",\"potentialAction\":[{\"@type\":\"SearchAction\",\"target\":{\"@type\":\"EntryPoint\",\"urlTemplate\":\"https:\/\/portaltela.pt\/?s={search_term_string}\"},\"query-input\":{\"@type\":\"PropertyValueSpecification\",\"valueRequired\":true,\"valueName\":\"search_term_string\"}}],\"inLanguage\":\"pt-PT\"},{\"@type\":\"Person\",\"@id\":\"https:\/\/portaltela.pt\/#\/schema\/person\/c4278d4a6028830caff9ee44b42d32ed\",\"name\":\"Telinha\",\"image\":{\"@type\":\"ImageObject\",\"inLanguage\":\"pt-PT\",\"@id\":\"https:\/\/portaltela.pt\/s.01k8rhncp4jt1\/2025\/11\/talking-bot-125x125.png\",\"url\":\"https:\/\/portaltela.pt\/s.01k8rhncp4jt1\/2025\/11\/talking-bot-125x125.png\",\"contentUrl\":\"https:\/\/portaltela.pt\/s.01k8rhncp4jt1\/2025\/11\/talking-bot-125x125.png\",\"caption\":\"Telinha\"},\"sameAs\":[\"https:\/\/portaltela.pt\/\"],\"url\":\"https:\/\/portaltela.pt\/por\/367410592786\/\"}]}<\/script>\n<!-- \/ Yoast SEO plugin. -->","yoast_head_json":{"title":"Casamento de Gon\u00e7alo Ramos e Margarida adiado por final do Mundial 2026 - Portal Tela Portugal","robots":{"index":"index","follow":"follow","max-snippet":"max-snippet:-1","max-image-preview":"max-image-preview:large","max-video-preview":"max-video-preview:-1"},"og_locale":"pt_PT","og_type":"article","og_title":"Casamento de Gon\u00e7alo Ramos e Margarida adiado por final do Mundial 2026 - Portal Tela Portugal","og_description":"O casamento de Gon\u00e7alo Ramos e Margarida Amaral Domingues foi adiado de 18 para 25 de julho, porque a final do Mundial de 2026 ficou marcada para 19 de julho. O an\u00fancio foi feito no podcast Cala-te Boca, da Mega Hits, onde o casal explicou a mudan\u00e7a de data por motivos relacionados com o evento desportivo. Mant\u00eam a convic\u00e7\u00e3o de poder estar na final e ajustar os preparativos ao novo dia sem pressas. O filho do casal atuar\u00e1 como menino das alian\u00e7as, acrescentando um momento familiar \u00e0 cerim\u00f3nia. O casal vive em Paris e o casamento acontece no mesmo dia do casamento do colega Lucas Hern\u00e1ndez, explicada pela escassez de datas dispon\u00edveis para jogadores.","og_url":"https:\/\/portaltela.pt\/noticias\/2026\/04\/10\/casamento-de-goncalo-ramos-e-margarida-adiado-por-final-do-mundial-2026\/","og_site_name":"Portal Tela Portugal","article_published_time":"2026-04-10T11:47:34+00:00","author":"Telinha","twitter_card":"summary_large_image","twitter_misc":{"Escrito por":"Telinha","Tempo estimado de leitura":"1 minuto"},"schema":{"@context":"https:\/\/schema.org","@graph":[{"@type":"Article","@id":"https:\/\/portaltela.pt\/noticias\/2026\/04\/10\/casamento-de-goncalo-ramos-e-margarida-adiado-por-final-do-mundial-2026\/#article","isPartOf":{"@id":"https:\/\/portaltela.pt\/noticias\/2026\/04\/10\/casamento-de-goncalo-ramos-e-margarida-adiado-por-final-do-mundial-2026\/"},"author":{"name":"Telinha","@id":"https:\/\/portaltela.pt\/#\/schema\/person\/c4278d4a6028830caff9ee44b42d32ed"},"headline":"Casamento de Gon\u00e7alo Ramos e Margarida adiado por final do Mundial 2026","datePublished":"2026-04-10T11:47:34+00:00","mainEntityOfPage":{"@id":"https:\/\/portaltela.pt\/noticias\/2026\/04\/10\/casamento-de-goncalo-ramos-e-margarida-adiado-por-final-do-mundial-2026\/"},"wordCount":299,"image":{"@id":"https:\/\/portaltela.pt\/noticias\/2026\/04\/10\/casamento-de-goncalo-ramos-e-margarida-adiado-por-final-do-mundial-2026\/#primaryimage"},"thumbnailUrl":"https:\/\/portaltela.pt\/s.01k8rhncp4jt1\/2026\/04\/image-583.jpg","keywords":["_futebol","#copa2026","Gon\u00e7alo Ramos","Paris","Portugal"],"articleSection":["Celebridades"],"inLanguage":"pt-PT"},{"@type":"WebPage","@id":"https:\/\/portaltela.pt\/noticias\/2026\/04\/10\/casamento-de-goncalo-ramos-e-margarida-adiado-por-final-do-mundial-2026\/","url":"https:\/\/portaltela.pt\/noticias\/2026\/04\/10\/casamento-de-goncalo-ramos-e-margarida-adiado-por-final-do-mundial-2026\/","name":"Casamento de Gon\u00e7alo Ramos e Margarida adiado por final do Mundial 2026 - Portal Tela Portugal","isPartOf":{"@id":"https:\/\/portaltela.pt\/#website"},"primaryImageOfPage":{"@id":"https:\/\/portaltela.pt\/noticias\/2026\/04\/10\/casamento-de-goncalo-ramos-e-margarida-adiado-por-final-do-mundial-2026\/#primaryimage"},"image":{"@id":"https:\/\/portaltela.pt\/noticias\/2026\/04\/10\/casamento-de-goncalo-ramos-e-margarida-adiado-por-final-do-mundial-2026\/#primaryimage"},"thumbnailUrl":"https:\/\/portaltela.pt\/s.01k8rhncp4jt1\/2026\/04\/image-583.jpg","datePublished":"2026-04-10T11:47:34+00:00","author":{"@id":"https:\/\/portaltela.pt\/#\/schema\/person\/c4278d4a6028830caff9ee44b42d32ed"},"breadcrumb":{"@id":"https:\/\/portaltela.pt\/noticias\/2026\/04\/10\/casamento-de-goncalo-ramos-e-margarida-adiado-por-final-do-mundial-2026\/#breadcrumb"},"inLanguage":"pt-PT","potentialAction":[{"@type":"ReadAction","target":["https:\/\/portaltela.pt\/noticias\/2026\/04\/10\/casamento-de-goncalo-ramos-e-margarida-adiado-por-final-do-mundial-2026\/"]}]},{"@type":"ImageObject","inLanguage":"pt-PT","@id":"https:\/\/portaltela.pt\/noticias\/2026\/04\/10\/casamento-de-goncalo-ramos-e-margarida-adiado-por-final-do-mundial-2026\/#primaryimage","url":"https:\/\/portaltela.pt\/s.01k8rhncp4jt1\/2026\/04\/image-583.jpg","contentUrl":"https:\/\/portaltela.pt\/s.01k8rhncp4jt1\/2026\/04\/image-583.jpg","width":796,"height":448,"caption":"Gon\u00e7alo Ramos e Margarida Amaral Domingues preparam o casamento que foi adiado para 25 de julho devido \u00e0 final do Mundial de 2026."},{"@type":"BreadcrumbList","@id":"https:\/\/portaltela.pt\/noticias\/2026\/04\/10\/casamento-de-goncalo-ramos-e-margarida-adiado-por-final-do-mundial-2026\/#breadcrumb","itemListElement":[{"@type":"ListItem","position":1,"name":"In\u00edcio","item":"https:\/\/portaltela.pt\/"},{"@type":"ListItem","position":2,"name":"Casamento de Gon\u00e7alo Ramos e Margarida adiado por final do Mundial 2026"}]},{"@type":"WebSite","@id":"https:\/\/portaltela.pt\/#website","url":"https:\/\/portaltela.pt\/","name":"Portal Tela Portugal","description":"","potentialAction":[{"@type":"SearchAction","target":{"@type":"EntryPoint","urlTemplate":"https:\/\/portaltela.pt\/?s={search_term_string}"},"query-input":{"@type":"PropertyValueSpecification","valueRequired":true,"valueName":"search_term_string"}}],"inLanguage":"pt-PT"},{"@type":"Person","@id":"https:\/\/portaltela.pt\/#\/schema\/person\/c4278d4a6028830caff9ee44b42d32ed","name":"Telinha","image":{"@type":"ImageObject","inLanguage":"pt-PT","@id":"https:\/\/portaltela.pt\/s.01k8rhncp4jt1\/2025\/11\/talking-bot-125x125.png","url":"https:\/\/portaltela.pt\/s.01k8rhncp4jt1\/2025\/11\/talking-bot-125x125.png","contentUrl":"https:\/\/portaltela.pt\/s.01k8rhncp4jt1\/2025\/11\/talking-bot-125x125.png","caption":"Telinha"},"sameAs":["https:\/\/portaltela.pt\/"],"url":"https:\/\/portaltela.pt\/por\/367410592786\/"}]}},"_links":{"self":[{"href":"https:\/\/portaltela.pt\/api\/wp\/v2\/posts\/439234","targetHints":{"allow":["GET"]}}],"collection":[{"href":"https:\/\/portaltela.pt\/api\/wp\/v2\/posts"}],"about":[{"href":"https:\/\/portaltela.pt\/api\/wp\/v2\/types\/post"}],"author":[{"embeddable":true,"href":"https:\/\/portaltela.pt\/api\/wp\/v2\/users\/2"}],"replies":[{"embeddable":true,"href":"https:\/\/portaltela.pt\/api\/wp\/v2\/comments?post=439234"}],"version-history":[{"count":0,"href":"https:\/\/portaltela.pt\/api\/wp\/v2\/posts\/439234\/revisions"}],"wp:featuredmedia":[{"embeddable":true,"href":"https:\/\/portaltela.pt\/api\/wp\/v2\/media\/439235"}],"wp:attachment":[{"href":"https:\/\/portaltela.pt\/api\/wp\/v2\/media?parent=439234"}],"wp:term":[{"taxonomy":"category","embeddable":true,"href":"https:\/\/portaltela.pt\/api\/wp\/v2\/categories?post=439234"},{"taxonomy":"post_tag","embeddable":true,"href":"https:\/\/portaltela.pt\/api\/wp\/v2\/tags?post=439234"}],"curies":[{"name":"wp","href":"https:\/\/api.w.org\/{rel}","templated":true}]}}