{"id":439220,"date":"2026-04-10T08:47:16","date_gmt":"2026-04-10T11:47:16","guid":{"rendered":"https:\/\/portaltela.pt\/noticias\/2026\/04\/10\/governo-admite-sistema-de-reembolso-para-embalagens-de-vidro\/"},"modified":"2026-04-10T08:47:16","modified_gmt":"2026-04-10T11:47:16","slug":"governo-admite-sistema-de-reembolso-para-embalagens-de-vidro","status":"publish","type":"post","link":"https:\/\/portaltela.pt\/meio-ambiente\/2026\/04\/10\/governo-admite-sistema-de-reembolso-para-embalagens-de-vidro\/","title":{"rendered":"Governo admite sistema de reembolso para embalagens de vidro"},"content":{"rendered":"<p>O Governo avan\u00e7a com a integra\u00e7\u00e3o do vidro no sistema de dep\u00f3sito e reembolso, conhecido como Volta. A medida entrou em vigor hoje para embalagens de pl\u00e1stico e metal, com o objetivo de incentivar a reciclagem.<\/p>\n<p>Na cerim\u00f3nia de apresenta\u00e7\u00e3o, a ministra do Ambiente e Energia, Maria da Gra\u00e7a Carvalho, esclareceu que o vidro ainda n\u00e3o faz parte do SDR por quest\u00f5es t\u00e9cnicas e econ\u00f3micas. A avalia\u00e7\u00e3o do custo-benef\u00edcio est\u00e1 em curso.<\/p>\n<h3>Como funciona<\/h3>\n<p>A partir de hoje, as embalagens de bebidas com o s\u00edmbolo Volta, vazias, sem l\u00edquidos, com tampa e c\u00f3digo de barras, podem ser depositadas em m\u00e1quinas autom\u00e1ticas. A cada embalagem corresponde um reembolso de 10 c\u00eantimos.<\/p>\n<p>As m\u00e1quinas aceitam embalagens de uso \u00fanico em pl\u00e1stico e metal at\u00e9 3 litros, com o processo de esmagamento que gera o retorno financeiro. O objetivo \u00e9 recolher 90% dos itens abrangidos at\u00e9 2029.<\/p>\n<h3>Situa\u00e7\u00e3o atual e prazos<\/h3>\n<p>O sistema j\u00e1 est\u00e1 distribu\u00eddo por 2.500 m\u00e1quinas no pa\u00eds, com mais de 8 mil pontos de recolha e 48 quiosques para grandes volumes. At\u00e9 9 de agosto o SDR atua em fase de transi\u00e7\u00e3o, permitindo a venda de produtos sem o log\u00f3tipo Volta.<\/p>\n<h3>Contorno econ\u00f3mico e ambiental<\/h3>\n<p>O SDR tem foco na reciclagem, mas a ministra sublinhou a necessidade de analisar o custo-benef\u00edcio face ao atual ecoponto vidr\u00e3o. Investimentos tamb\u00e9m prosseguem na reutiliza\u00e7\u00e3o de embalagens atrav\u00e9s do PRR e de programas operacionais do Fundo de Coes\u00e3o.<\/p>\n<h3>Contexto europeu<\/h3>\n<p>O sistema Volta j\u00e1 est\u00e1 implementado noutros pa\u00edses europeus, com resultados significativos na redu\u00e7\u00e3o de res\u00edduos. Em Portugal, a avalia\u00e7\u00e3o da inclus\u00e3o do vidro depender\u00e1 de como se compara a efici\u00eancia econ\u00f3mica e ambiental com o sistema existente.<\/p>\n","protected":false},"excerpt":{"rendered":"<ul>\n<li>O governo admite juntar o vidro ao sistema de dep\u00f3sito e reembolso (SDR), que entrou em vigor para embalagens de pl\u00e1stico e metal, com avalia\u00e7\u00e3o da vantagem econ\u00f3mica frente ao ecoponto vidr\u00e3o.<\/li>\n<li>O SDR Volta est\u00e1 a aceitar embalagens de bebidas de uso \u00fanico at\u00e9 tr\u00eas litros, com reembolso de 10 c\u00eantimos por embalagem vazia colocada em m\u00e1quinas autom\u00e1ticas.<\/li>\n<li>As m\u00e1quinas esmagam as embalagens e devolvem o valor; o objetivo \u00e9 reciclar noventa por cento dos produtos abrangidos at\u00e9 2029.<\/li>\n<li>O vidro n\u00e3o est\u00e1 inclu\u00eddo no SDR, devido a diferen\u00e7as no sistema e aos impactos de custo-benef\u00edcio, com a ministra a preferir continuar a usar o vidr\u00e3o por enquanto.<\/li>\n<li>Existem investimentos em reutiliza\u00e7\u00e3o de embalagens via o Plano de Recupera\u00e7\u00e3o e Resili\u00eancia, bem como em fundos como Sustent\u00e1vel 2030 e programas regionais; o SDR est\u00e1 dispon\u00edvel em cerca de 2.500 m\u00e1quinas e 8 mil pontos de recolha manual.<\/li>\n<\/ul>\n","protected":false},"author":2,"featured_media":439226,"comment_status":"closed","ping_status":"closed","sticky":false,"template":"","format":"standard","meta":{"footnotes":""},"categories":[6725],"tags":[6115,7775,7767,229,645],"class_list":["post-439220","post","type-post","status-publish","format-standard","has-post-thumbnail","hentry","category-meio-ambiente","tag-_economia","tag-_energia","tag-_meio-ambiente","tag-politica-publica","tag-residuos"],"yoast_head":"<!-- This site is optimized with the Yoast SEO plugin v27.2 - https:\/\/yoast.com\/product\/yoast-seo-wordpress\/ -->\n<title>Governo admite sistema de reembolso para embalagens de vidro - Portal Tela Portugal<\/title>\n<meta name=\"robots\" content=\"index, follow, max-snippet:-1, max-image-preview:large, max-video-preview:-1\" \/>\n<meta property=\"og:locale\" content=\"pt_PT\" \/>\n<meta property=\"og:type\" content=\"article\" \/>\n<meta property=\"og:title\" content=\"Governo admite sistema de reembolso para embalagens de vidro - Portal Tela Portugal\" \/>\n<meta property=\"og:description\" content=\"O governo admite juntar o vidro ao sistema de dep\u00f3sito e reembolso (SDR), que entrou em vigor para embalagens de pl\u00e1stico e metal, com avalia\u00e7\u00e3o da vantagem econ\u00f3mica frente ao ecoponto vidr\u00e3o. O SDR Volta est\u00e1 a aceitar embalagens de bebidas de uso \u00fanico at\u00e9 tr\u00eas litros, com reembolso de 10 c\u00eantimos por embalagem vazia colocada em m\u00e1quinas autom\u00e1ticas. As m\u00e1quinas esmagam as embalagens e devolvem o valor; o objetivo \u00e9 reciclar noventa por cento dos produtos abrangidos at\u00e9 2029. O vidro n\u00e3o est\u00e1 inclu\u00eddo no SDR, devido a diferen\u00e7as no sistema e aos impactos de custo-benef\u00edcio, com a ministra a preferir continuar a usar o vidr\u00e3o por enquanto. Existem investimentos em reutiliza\u00e7\u00e3o de embalagens via o Plano de Recupera\u00e7\u00e3o e Resili\u00eancia, bem como em fundos como Sustent\u00e1vel 2030 e programas regionais; o SDR est\u00e1 dispon\u00edvel em cerca de 2.500 m\u00e1quinas e 8 mil pontos de recolha manual.\" \/>\n<meta property=\"og:url\" content=\"https:\/\/portaltela.pt\/noticias\/2026\/04\/10\/governo-admite-sistema-de-reembolso-para-embalagens-de-vidro\/\" \/>\n<meta property=\"og:site_name\" content=\"Portal Tela Portugal\" \/>\n<meta property=\"article:published_time\" content=\"2026-04-10T11:47:16+00:00\" \/>\n<meta name=\"author\" content=\"Telinha\" \/>\n<meta name=\"twitter:card\" content=\"summary_large_image\" \/>\n<meta name=\"twitter:label1\" content=\"Escrito por\" \/>\n\t<meta name=\"twitter:data1\" content=\"Telinha\" \/>\n\t<meta name=\"twitter:label2\" content=\"Tempo estimado de leitura\" \/>\n\t<meta name=\"twitter:data2\" content=\"2 minutos\" \/>\n<script type=\"application\/ld+json\" class=\"yoast-schema-graph\">{\"@context\":\"https:\/\/schema.org\",\"@graph\":[{\"@type\":\"Article\",\"@id\":\"https:\/\/portaltela.pt\/noticias\/2026\/04\/10\/governo-admite-sistema-de-reembolso-para-embalagens-de-vidro\/#article\",\"isPartOf\":{\"@id\":\"https:\/\/portaltela.pt\/noticias\/2026\/04\/10\/governo-admite-sistema-de-reembolso-para-embalagens-de-vidro\/\"},\"author\":{\"name\":\"Telinha\",\"@id\":\"https:\/\/portaltela.pt\/#\/schema\/person\/c4278d4a6028830caff9ee44b42d32ed\"},\"headline\":\"Governo admite sistema de reembolso para embalagens de vidro\",\"datePublished\":\"2026-04-10T11:47:16+00:00\",\"mainEntityOfPage\":{\"@id\":\"https:\/\/portaltela.pt\/noticias\/2026\/04\/10\/governo-admite-sistema-de-reembolso-para-embalagens-de-vidro\/\"},\"wordCount\":316,\"image\":{\"@id\":\"https:\/\/portaltela.pt\/noticias\/2026\/04\/10\/governo-admite-sistema-de-reembolso-para-embalagens-de-vidro\/#primaryimage\"},\"thumbnailUrl\":\"https:\/\/portaltela.pt\/s.01k8rhncp4jt1\/2026\/04\/image-582.jpg\",\"keywords\":[\"_economia\",\"_energia\",\"_meio-ambiente\",\"pol\u00edtica p\u00fablica\",\"res\u00edduos\"],\"articleSection\":[\"Meio Ambiente\"],\"inLanguage\":\"pt-PT\"},{\"@type\":\"WebPage\",\"@id\":\"https:\/\/portaltela.pt\/noticias\/2026\/04\/10\/governo-admite-sistema-de-reembolso-para-embalagens-de-vidro\/\",\"url\":\"https:\/\/portaltela.pt\/noticias\/2026\/04\/10\/governo-admite-sistema-de-reembolso-para-embalagens-de-vidro\/\",\"name\":\"Governo admite sistema de reembolso para embalagens de vidro - Portal Tela Portugal\",\"isPartOf\":{\"@id\":\"https:\/\/portaltela.pt\/#website\"},\"primaryImageOfPage\":{\"@id\":\"https:\/\/portaltela.pt\/noticias\/2026\/04\/10\/governo-admite-sistema-de-reembolso-para-embalagens-de-vidro\/#primaryimage\"},\"image\":{\"@id\":\"https:\/\/portaltela.pt\/noticias\/2026\/04\/10\/governo-admite-sistema-de-reembolso-para-embalagens-de-vidro\/#primaryimage\"},\"thumbnailUrl\":\"https:\/\/portaltela.pt\/s.01k8rhncp4jt1\/2026\/04\/image-582.jpg\",\"datePublished\":\"2026-04-10T11:47:16+00:00\",\"author\":{\"@id\":\"https:\/\/portaltela.pt\/#\/schema\/person\/c4278d4a6028830caff9ee44b42d32ed\"},\"breadcrumb\":{\"@id\":\"https:\/\/portaltela.pt\/noticias\/2026\/04\/10\/governo-admite-sistema-de-reembolso-para-embalagens-de-vidro\/#breadcrumb\"},\"inLanguage\":\"pt-PT\",\"potentialAction\":[{\"@type\":\"ReadAction\",\"target\":[\"https:\/\/portaltela.pt\/noticias\/2026\/04\/10\/governo-admite-sistema-de-reembolso-para-embalagens-de-vidro\/\"]}]},{\"@type\":\"ImageObject\",\"inLanguage\":\"pt-PT\",\"@id\":\"https:\/\/portaltela.pt\/noticias\/2026\/04\/10\/governo-admite-sistema-de-reembolso-para-embalagens-de-vidro\/#primaryimage\",\"url\":\"https:\/\/portaltela.pt\/s.01k8rhncp4jt1\/2026\/04\/image-582.jpg\",\"contentUrl\":\"https:\/\/portaltela.pt\/s.01k8rhncp4jt1\/2026\/04\/image-582.jpg\",\"width\":796,\"height\":448,\"caption\":\"A ministra do Ambiente admitiu juntar o vidro ao sistema de dep\u00f3sito e reembolso, que entrou esta sexta-feira em vigor para embalagens de pl\u00e1stico e metal\"},{\"@type\":\"BreadcrumbList\",\"@id\":\"https:\/\/portaltela.pt\/noticias\/2026\/04\/10\/governo-admite-sistema-de-reembolso-para-embalagens-de-vidro\/#breadcrumb\",\"itemListElement\":[{\"@type\":\"ListItem\",\"position\":1,\"name\":\"In\u00edcio\",\"item\":\"https:\/\/portaltela.pt\/\"},{\"@type\":\"ListItem\",\"position\":2,\"name\":\"Governo admite sistema de reembolso para embalagens de vidro\"}]},{\"@type\":\"WebSite\",\"@id\":\"https:\/\/portaltela.pt\/#website\",\"url\":\"https:\/\/portaltela.pt\/\",\"name\":\"Portal Tela Portugal\",\"description\":\"\",\"potentialAction\":[{\"@type\":\"SearchAction\",\"target\":{\"@type\":\"EntryPoint\",\"urlTemplate\":\"https:\/\/portaltela.pt\/?s={search_term_string}\"},\"query-input\":{\"@type\":\"PropertyValueSpecification\",\"valueRequired\":true,\"valueName\":\"search_term_string\"}}],\"inLanguage\":\"pt-PT\"},{\"@type\":\"Person\",\"@id\":\"https:\/\/portaltela.pt\/#\/schema\/person\/c4278d4a6028830caff9ee44b42d32ed\",\"name\":\"Telinha\",\"image\":{\"@type\":\"ImageObject\",\"inLanguage\":\"pt-PT\",\"@id\":\"https:\/\/portaltela.pt\/s.01k8rhncp4jt1\/2025\/11\/talking-bot-125x125.png\",\"url\":\"https:\/\/portaltela.pt\/s.01k8rhncp4jt1\/2025\/11\/talking-bot-125x125.png\",\"contentUrl\":\"https:\/\/portaltela.pt\/s.01k8rhncp4jt1\/2025\/11\/talking-bot-125x125.png\",\"caption\":\"Telinha\"},\"sameAs\":[\"https:\/\/portaltela.pt\/\"],\"url\":\"https:\/\/portaltela.pt\/por\/367410592786\/\"}]}<\/script>\n<!-- \/ Yoast SEO plugin. -->","yoast_head_json":{"title":"Governo admite sistema de reembolso para embalagens de vidro - Portal Tela Portugal","robots":{"index":"index","follow":"follow","max-snippet":"max-snippet:-1","max-image-preview":"max-image-preview:large","max-video-preview":"max-video-preview:-1"},"og_locale":"pt_PT","og_type":"article","og_title":"Governo admite sistema de reembolso para embalagens de vidro - Portal Tela Portugal","og_description":"O governo admite juntar o vidro ao sistema de dep\u00f3sito e reembolso (SDR), que entrou em vigor para embalagens de pl\u00e1stico e metal, com avalia\u00e7\u00e3o da vantagem econ\u00f3mica frente ao ecoponto vidr\u00e3o. O SDR Volta est\u00e1 a aceitar embalagens de bebidas de uso \u00fanico at\u00e9 tr\u00eas litros, com reembolso de 10 c\u00eantimos por embalagem vazia colocada em m\u00e1quinas autom\u00e1ticas. As m\u00e1quinas esmagam as embalagens e devolvem o valor; o objetivo \u00e9 reciclar noventa por cento dos produtos abrangidos at\u00e9 2029. O vidro n\u00e3o est\u00e1 inclu\u00eddo no SDR, devido a diferen\u00e7as no sistema e aos impactos de custo-benef\u00edcio, com a ministra a preferir continuar a usar o vidr\u00e3o por enquanto. Existem investimentos em reutiliza\u00e7\u00e3o de embalagens via o Plano de Recupera\u00e7\u00e3o e Resili\u00eancia, bem como em fundos como Sustent\u00e1vel 2030 e programas regionais; o SDR est\u00e1 dispon\u00edvel em cerca de 2.500 m\u00e1quinas e 8 mil pontos de recolha manual.","og_url":"https:\/\/portaltela.pt\/noticias\/2026\/04\/10\/governo-admite-sistema-de-reembolso-para-embalagens-de-vidro\/","og_site_name":"Portal Tela Portugal","article_published_time":"2026-04-10T11:47:16+00:00","author":"Telinha","twitter_card":"summary_large_image","twitter_misc":{"Escrito por":"Telinha","Tempo estimado de leitura":"2 minutos"},"schema":{"@context":"https:\/\/schema.org","@graph":[{"@type":"Article","@id":"https:\/\/portaltela.pt\/noticias\/2026\/04\/10\/governo-admite-sistema-de-reembolso-para-embalagens-de-vidro\/#article","isPartOf":{"@id":"https:\/\/portaltela.pt\/noticias\/2026\/04\/10\/governo-admite-sistema-de-reembolso-para-embalagens-de-vidro\/"},"author":{"name":"Telinha","@id":"https:\/\/portaltela.pt\/#\/schema\/person\/c4278d4a6028830caff9ee44b42d32ed"},"headline":"Governo admite sistema de reembolso para embalagens de vidro","datePublished":"2026-04-10T11:47:16+00:00","mainEntityOfPage":{"@id":"https:\/\/portaltela.pt\/noticias\/2026\/04\/10\/governo-admite-sistema-de-reembolso-para-embalagens-de-vidro\/"},"wordCount":316,"image":{"@id":"https:\/\/portaltela.pt\/noticias\/2026\/04\/10\/governo-admite-sistema-de-reembolso-para-embalagens-de-vidro\/#primaryimage"},"thumbnailUrl":"https:\/\/portaltela.pt\/s.01k8rhncp4jt1\/2026\/04\/image-582.jpg","keywords":["_economia","_energia","_meio-ambiente","pol\u00edtica p\u00fablica","res\u00edduos"],"articleSection":["Meio Ambiente"],"inLanguage":"pt-PT"},{"@type":"WebPage","@id":"https:\/\/portaltela.pt\/noticias\/2026\/04\/10\/governo-admite-sistema-de-reembolso-para-embalagens-de-vidro\/","url":"https:\/\/portaltela.pt\/noticias\/2026\/04\/10\/governo-admite-sistema-de-reembolso-para-embalagens-de-vidro\/","name":"Governo admite sistema de reembolso para embalagens de vidro - Portal Tela Portugal","isPartOf":{"@id":"https:\/\/portaltela.pt\/#website"},"primaryImageOfPage":{"@id":"https:\/\/portaltela.pt\/noticias\/2026\/04\/10\/governo-admite-sistema-de-reembolso-para-embalagens-de-vidro\/#primaryimage"},"image":{"@id":"https:\/\/portaltela.pt\/noticias\/2026\/04\/10\/governo-admite-sistema-de-reembolso-para-embalagens-de-vidro\/#primaryimage"},"thumbnailUrl":"https:\/\/portaltela.pt\/s.01k8rhncp4jt1\/2026\/04\/image-582.jpg","datePublished":"2026-04-10T11:47:16+00:00","author":{"@id":"https:\/\/portaltela.pt\/#\/schema\/person\/c4278d4a6028830caff9ee44b42d32ed"},"breadcrumb":{"@id":"https:\/\/portaltela.pt\/noticias\/2026\/04\/10\/governo-admite-sistema-de-reembolso-para-embalagens-de-vidro\/#breadcrumb"},"inLanguage":"pt-PT","potentialAction":[{"@type":"ReadAction","target":["https:\/\/portaltela.pt\/noticias\/2026\/04\/10\/governo-admite-sistema-de-reembolso-para-embalagens-de-vidro\/"]}]},{"@type":"ImageObject","inLanguage":"pt-PT","@id":"https:\/\/portaltela.pt\/noticias\/2026\/04\/10\/governo-admite-sistema-de-reembolso-para-embalagens-de-vidro\/#primaryimage","url":"https:\/\/portaltela.pt\/s.01k8rhncp4jt1\/2026\/04\/image-582.jpg","contentUrl":"https:\/\/portaltela.pt\/s.01k8rhncp4jt1\/2026\/04\/image-582.jpg","width":796,"height":448,"caption":"A ministra do Ambiente admitiu juntar o vidro ao sistema de dep\u00f3sito e reembolso, que entrou esta sexta-feira em vigor para embalagens de pl\u00e1stico e metal"},{"@type":"BreadcrumbList","@id":"https:\/\/portaltela.pt\/noticias\/2026\/04\/10\/governo-admite-sistema-de-reembolso-para-embalagens-de-vidro\/#breadcrumb","itemListElement":[{"@type":"ListItem","position":1,"name":"In\u00edcio","item":"https:\/\/portaltela.pt\/"},{"@type":"ListItem","position":2,"name":"Governo admite sistema de reembolso para embalagens de vidro"}]},{"@type":"WebSite","@id":"https:\/\/portaltela.pt\/#website","url":"https:\/\/portaltela.pt\/","name":"Portal Tela Portugal","description":"","potentialAction":[{"@type":"SearchAction","target":{"@type":"EntryPoint","urlTemplate":"https:\/\/portaltela.pt\/?s={search_term_string}"},"query-input":{"@type":"PropertyValueSpecification","valueRequired":true,"valueName":"search_term_string"}}],"inLanguage":"pt-PT"},{"@type":"Person","@id":"https:\/\/portaltela.pt\/#\/schema\/person\/c4278d4a6028830caff9ee44b42d32ed","name":"Telinha","image":{"@type":"ImageObject","inLanguage":"pt-PT","@id":"https:\/\/portaltela.pt\/s.01k8rhncp4jt1\/2025\/11\/talking-bot-125x125.png","url":"https:\/\/portaltela.pt\/s.01k8rhncp4jt1\/2025\/11\/talking-bot-125x125.png","contentUrl":"https:\/\/portaltela.pt\/s.01k8rhncp4jt1\/2025\/11\/talking-bot-125x125.png","caption":"Telinha"},"sameAs":["https:\/\/portaltela.pt\/"],"url":"https:\/\/portaltela.pt\/por\/367410592786\/"}]}},"_links":{"self":[{"href":"https:\/\/portaltela.pt\/api\/wp\/v2\/posts\/439220","targetHints":{"allow":["GET"]}}],"collection":[{"href":"https:\/\/portaltela.pt\/api\/wp\/v2\/posts"}],"about":[{"href":"https:\/\/portaltela.pt\/api\/wp\/v2\/types\/post"}],"author":[{"embeddable":true,"href":"https:\/\/portaltela.pt\/api\/wp\/v2\/users\/2"}],"replies":[{"embeddable":true,"href":"https:\/\/portaltela.pt\/api\/wp\/v2\/comments?post=439220"}],"version-history":[{"count":0,"href":"https:\/\/portaltela.pt\/api\/wp\/v2\/posts\/439220\/revisions"}],"wp:featuredmedia":[{"embeddable":true,"href":"https:\/\/portaltela.pt\/api\/wp\/v2\/media\/439226"}],"wp:attachment":[{"href":"https:\/\/portaltela.pt\/api\/wp\/v2\/media?parent=439220"}],"wp:term":[{"taxonomy":"category","embeddable":true,"href":"https:\/\/portaltela.pt\/api\/wp\/v2\/categories?post=439220"},{"taxonomy":"post_tag","embeddable":true,"href":"https:\/\/portaltela.pt\/api\/wp\/v2\/tags?post=439220"}],"curies":[{"name":"wp","href":"https:\/\/api.w.org\/{rel}","templated":true}]}}