{"id":439213,"date":"2026-04-10T08:47:03","date_gmt":"2026-04-10T11:47:03","guid":{"rendered":"https:\/\/portaltela.pt\/noticias\/2026\/04\/10\/sala-de-consumo-assistido-do-porto-muda-de-pasteleira-para-o-aleixo\/"},"modified":"2026-04-10T08:47:03","modified_gmt":"2026-04-10T11:47:03","slug":"sala-de-consumo-assistido-do-porto-muda-de-pasteleira-para-o-aleixo","status":"publish","type":"post","link":"https:\/\/portaltela.pt\/saude\/2026\/04\/10\/sala-de-consumo-assistido-do-porto-muda-de-pasteleira-para-o-aleixo\/","title":{"rendered":"Sala de consumo assistido do Porto muda de Pasteleira para o Aleixo"},"content":{"rendered":"<p>A sala de consumo assistido do Porto vai mudar de localiza\u00e7\u00e3o, passando da \u00e1rea da Pasteleira para os terrenos do antigo bairro do Aleixo. A decis\u00e3o foi publicada esta sexta-feira pela C\u00e2mara Municipal.<\/p>\n<p>O novo espa\u00e7o fica no cruzamento da Rua de Carvalho Barbosa com a Rua de Arnaldo Leite, na Uni\u00e3o de Freguesias de Lordelo do Ouro e Massarelos. Ser\u00e1 uma estrutura fixa, por\u00e9m amov\u00edvel, com mais de 200 m2, o que representa mais do dobro da \u00e1rea atual.<\/p>\n<p>A C\u00e2mara estima um custo de cerca de 600 mil euros para a instala\u00e7\u00e3o. A atual sala retira cerca de 280 consumos di\u00e1rios da via p\u00fablica, ajudando a popula\u00e7\u00e3o com depend\u00eancia de subst\u00e2ncias.<\/p>\n<p>Nova sala de consumo assistido no Aleixo<\/p>\n<p>Ainda sem data definida para a mudan\u00e7a dos utilizadores, o munic\u00edpio prev\u00ea tratar das redes de abastecimento at\u00e9 ao final do m\u00eas e abrir a nova sala bem antes do fim do ano. A localiza\u00e7\u00e3o n\u00e3o dever\u00e1 interferir com projetos urban\u00edsticos.<\/p>\n<p>Quanto \u00e0 segunda sala anunciada, o estudo est\u00e1 a ser feito pela autarquia em colabora\u00e7\u00e3o com o Minist\u00e9rio da Sa\u00fade e o ICAD, com a instala\u00e7\u00e3o prevista na zona oriental do Porto.<\/p>\n<p>Hist\u00f3ria do Aleixo e TORRES da \u00e1rea<\/p>\n<p>O Aleixo era composto por cinco torres. A torre 5 foi demolida em 2011 e a torre 4 em 2013, j\u00e1 no mandato de Rui Rio. A desmontagem das tr\u00eas torres restantes arrancou em junho de 2019, concluindo antes do prazo previsto.<\/p>\n","protected":false},"excerpt":{"rendered":"<ul>\n<li>A sala de consumo assistido do Porto ser\u00e1 deslocada dos terrenos da Pasteleira para o antigo bairro do Aleixo, mantendo a fun\u00e7\u00e3o mas em zona diferente.<\/li>\n<\/ul>\n<p>\u2022<\/p>\n<ul>\n<li>A nova sala fica no cruzamento da Rua de Carvalho Barbosa com a Rua de Arnaldo Leite, na Uni\u00e3o de Freguesias de Lordelo do Ouro e Massarelos.<\/li>\n<\/ul>\n<p>\u2022<\/p>\n<ul>\n<li>O espa\u00e7o tem mais de 200 metros quadrados (mais do dobro da atual) e o custo estimado \u00e9 de cerca de 600 mil euros.<\/li>\n<\/ul>\n<p>\u2022<\/p>\n<ul>\n<li>A sala atual retira da rua cerca de 280 consumos di\u00e1rios; a abertura da nova estrutura depende ainda de ajustes \u00e0s redes, mas aponta-se para abrir bem antes do final do ano.<\/li>\n<\/ul>\n<p>\u2022<\/p>\n<ul>\n<li>Existe ainda um segundo projecto de sala de consumo assistido em estudo, com localiza\u00e7\u00e3o prevista na zona oriental do Porto, em parceria com o Minist\u00e9rio da Sa\u00fade e o ICAD.<\/li>\n<\/ul>\n","protected":false},"author":2,"featured_media":439216,"comment_status":"closed","ping_status":"closed","sticky":false,"template":"","format":"standard","meta":{"footnotes":""},"categories":[6745],"tags":[168,5293,3148,982,172],"class_list":["post-439213","post","type-post","status-publish","format-standard","has-post-thumbnail","hentry","category-saude","tag-administracao-publica","tag-junta-de-freguesia","tag-planeamento-urbano","tag-porto","tag-saude"],"yoast_head":"<!-- This site is optimized with the Yoast SEO plugin v27.2 - https:\/\/yoast.com\/product\/yoast-seo-wordpress\/ -->\n<title>Sala de consumo assistido do Porto muda de Pasteleira para o Aleixo - Portal Tela Portugal<\/title>\n<meta name=\"robots\" content=\"index, follow, max-snippet:-1, max-image-preview:large, max-video-preview:-1\" \/>\n<meta property=\"og:locale\" content=\"pt_PT\" \/>\n<meta property=\"og:type\" content=\"article\" \/>\n<meta property=\"og:title\" content=\"Sala de consumo assistido do Porto muda de Pasteleira para o Aleixo - Portal Tela Portugal\" \/>\n<meta property=\"og:description\" content=\"A sala de consumo assistido do Porto ser\u00e1 deslocada dos terrenos da Pasteleira para o antigo bairro do Aleixo, mantendo a fun\u00e7\u00e3o mas em zona diferente. \u2022 A nova sala fica no cruzamento da Rua de Carvalho Barbosa com a Rua de Arnaldo Leite, na Uni\u00e3o de Freguesias de Lordelo do Ouro e Massarelos. \u2022 O espa\u00e7o tem mais de 200 metros quadrados (mais do dobro da atual) e o custo estimado \u00e9 de cerca de 600 mil euros. \u2022 A sala atual retira da rua cerca de 280 consumos di\u00e1rios; a abertura da nova estrutura depende ainda de ajustes \u00e0s redes, mas aponta-se para abrir bem antes do final do ano. \u2022 Existe ainda um segundo projecto de sala de consumo assistido em estudo, com localiza\u00e7\u00e3o prevista na zona oriental do Porto, em parceria com o Minist\u00e9rio da Sa\u00fade e o ICAD.\" \/>\n<meta property=\"og:url\" content=\"https:\/\/portaltela.pt\/noticias\/2026\/04\/10\/sala-de-consumo-assistido-do-porto-muda-de-pasteleira-para-o-aleixo\/\" \/>\n<meta property=\"og:site_name\" content=\"Portal Tela Portugal\" \/>\n<meta property=\"article:published_time\" content=\"2026-04-10T11:47:03+00:00\" \/>\n<meta name=\"author\" content=\"Telinha\" \/>\n<meta name=\"twitter:card\" content=\"summary_large_image\" \/>\n<meta name=\"twitter:label1\" content=\"Escrito por\" \/>\n\t<meta name=\"twitter:data1\" content=\"Telinha\" \/>\n\t<meta name=\"twitter:label2\" content=\"Tempo estimado de leitura\" \/>\n\t<meta name=\"twitter:data2\" content=\"1 minuto\" \/>\n<script type=\"application\/ld+json\" class=\"yoast-schema-graph\">{\"@context\":\"https:\/\/schema.org\",\"@graph\":[{\"@type\":\"Article\",\"@id\":\"https:\/\/portaltela.pt\/noticias\/2026\/04\/10\/sala-de-consumo-assistido-do-porto-muda-de-pasteleira-para-o-aleixo\/#article\",\"isPartOf\":{\"@id\":\"https:\/\/portaltela.pt\/noticias\/2026\/04\/10\/sala-de-consumo-assistido-do-porto-muda-de-pasteleira-para-o-aleixo\/\"},\"author\":{\"name\":\"Telinha\",\"@id\":\"https:\/\/portaltela.pt\/#\/schema\/person\/c4278d4a6028830caff9ee44b42d32ed\"},\"headline\":\"Sala de consumo assistido do Porto muda de Pasteleira para o Aleixo\",\"datePublished\":\"2026-04-10T11:47:03+00:00\",\"mainEntityOfPage\":{\"@id\":\"https:\/\/portaltela.pt\/noticias\/2026\/04\/10\/sala-de-consumo-assistido-do-porto-muda-de-pasteleira-para-o-aleixo\/\"},\"wordCount\":271,\"image\":{\"@id\":\"https:\/\/portaltela.pt\/noticias\/2026\/04\/10\/sala-de-consumo-assistido-do-porto-muda-de-pasteleira-para-o-aleixo\/#primaryimage\"},\"thumbnailUrl\":\"https:\/\/portaltela.pt\/s.01k8rhncp4jt1\/2026\/04\/img_1500x1000uu2026-04-10-12-44-29-2277660.jpg\",\"keywords\":[\"administra\u00e7\u00e3o p\u00fablica\",\"Junta de Freguesia\",\"planeamento urbano\",\"Porto\",\"sa\u00fade\"],\"articleSection\":[\"Sa\u00fade\"],\"inLanguage\":\"pt-PT\"},{\"@type\":\"WebPage\",\"@id\":\"https:\/\/portaltela.pt\/noticias\/2026\/04\/10\/sala-de-consumo-assistido-do-porto-muda-de-pasteleira-para-o-aleixo\/\",\"url\":\"https:\/\/portaltela.pt\/noticias\/2026\/04\/10\/sala-de-consumo-assistido-do-porto-muda-de-pasteleira-para-o-aleixo\/\",\"name\":\"Sala de consumo assistido do Porto muda de Pasteleira para o Aleixo - Portal Tela Portugal\",\"isPartOf\":{\"@id\":\"https:\/\/portaltela.pt\/#website\"},\"primaryImageOfPage\":{\"@id\":\"https:\/\/portaltela.pt\/noticias\/2026\/04\/10\/sala-de-consumo-assistido-do-porto-muda-de-pasteleira-para-o-aleixo\/#primaryimage\"},\"image\":{\"@id\":\"https:\/\/portaltela.pt\/noticias\/2026\/04\/10\/sala-de-consumo-assistido-do-porto-muda-de-pasteleira-para-o-aleixo\/#primaryimage\"},\"thumbnailUrl\":\"https:\/\/portaltela.pt\/s.01k8rhncp4jt1\/2026\/04\/img_1500x1000uu2026-04-10-12-44-29-2277660.jpg\",\"datePublished\":\"2026-04-10T11:47:03+00:00\",\"author\":{\"@id\":\"https:\/\/portaltela.pt\/#\/schema\/person\/c4278d4a6028830caff9ee44b42d32ed\"},\"breadcrumb\":{\"@id\":\"https:\/\/portaltela.pt\/noticias\/2026\/04\/10\/sala-de-consumo-assistido-do-porto-muda-de-pasteleira-para-o-aleixo\/#breadcrumb\"},\"inLanguage\":\"pt-PT\",\"potentialAction\":[{\"@type\":\"ReadAction\",\"target\":[\"https:\/\/portaltela.pt\/noticias\/2026\/04\/10\/sala-de-consumo-assistido-do-porto-muda-de-pasteleira-para-o-aleixo\/\"]}]},{\"@type\":\"ImageObject\",\"inLanguage\":\"pt-PT\",\"@id\":\"https:\/\/portaltela.pt\/noticias\/2026\/04\/10\/sala-de-consumo-assistido-do-porto-muda-de-pasteleira-para-o-aleixo\/#primaryimage\",\"url\":\"https:\/\/portaltela.pt\/s.01k8rhncp4jt1\/2026\/04\/img_1500x1000uu2026-04-10-12-44-29-2277660.jpg\",\"contentUrl\":\"https:\/\/portaltela.pt\/s.01k8rhncp4jt1\/2026\/04\/img_1500x1000uu2026-04-10-12-44-29-2277660.jpg\",\"width\":796,\"height\":448,\"caption\":\"Sala de consumo assistido do Porto muda do barrio da Pasteleira para o Aleixo\"},{\"@type\":\"BreadcrumbList\",\"@id\":\"https:\/\/portaltela.pt\/noticias\/2026\/04\/10\/sala-de-consumo-assistido-do-porto-muda-de-pasteleira-para-o-aleixo\/#breadcrumb\",\"itemListElement\":[{\"@type\":\"ListItem\",\"position\":1,\"name\":\"In\u00edcio\",\"item\":\"https:\/\/portaltela.pt\/\"},{\"@type\":\"ListItem\",\"position\":2,\"name\":\"Sala de consumo assistido do Porto muda de Pasteleira para o Aleixo\"}]},{\"@type\":\"WebSite\",\"@id\":\"https:\/\/portaltela.pt\/#website\",\"url\":\"https:\/\/portaltela.pt\/\",\"name\":\"Portal Tela Portugal\",\"description\":\"\",\"potentialAction\":[{\"@type\":\"SearchAction\",\"target\":{\"@type\":\"EntryPoint\",\"urlTemplate\":\"https:\/\/portaltela.pt\/?s={search_term_string}\"},\"query-input\":{\"@type\":\"PropertyValueSpecification\",\"valueRequired\":true,\"valueName\":\"search_term_string\"}}],\"inLanguage\":\"pt-PT\"},{\"@type\":\"Person\",\"@id\":\"https:\/\/portaltela.pt\/#\/schema\/person\/c4278d4a6028830caff9ee44b42d32ed\",\"name\":\"Telinha\",\"image\":{\"@type\":\"ImageObject\",\"inLanguage\":\"pt-PT\",\"@id\":\"https:\/\/portaltela.pt\/s.01k8rhncp4jt1\/2025\/11\/talking-bot-125x125.png\",\"url\":\"https:\/\/portaltela.pt\/s.01k8rhncp4jt1\/2025\/11\/talking-bot-125x125.png\",\"contentUrl\":\"https:\/\/portaltela.pt\/s.01k8rhncp4jt1\/2025\/11\/talking-bot-125x125.png\",\"caption\":\"Telinha\"},\"sameAs\":[\"https:\/\/portaltela.pt\/\"],\"url\":\"https:\/\/portaltela.pt\/por\/367410592786\/\"}]}<\/script>\n<!-- \/ Yoast SEO plugin. -->","yoast_head_json":{"title":"Sala de consumo assistido do Porto muda de Pasteleira para o Aleixo - Portal Tela Portugal","robots":{"index":"index","follow":"follow","max-snippet":"max-snippet:-1","max-image-preview":"max-image-preview:large","max-video-preview":"max-video-preview:-1"},"og_locale":"pt_PT","og_type":"article","og_title":"Sala de consumo assistido do Porto muda de Pasteleira para o Aleixo - Portal Tela Portugal","og_description":"A sala de consumo assistido do Porto ser\u00e1 deslocada dos terrenos da Pasteleira para o antigo bairro do Aleixo, mantendo a fun\u00e7\u00e3o mas em zona diferente. \u2022 A nova sala fica no cruzamento da Rua de Carvalho Barbosa com a Rua de Arnaldo Leite, na Uni\u00e3o de Freguesias de Lordelo do Ouro e Massarelos. \u2022 O espa\u00e7o tem mais de 200 metros quadrados (mais do dobro da atual) e o custo estimado \u00e9 de cerca de 600 mil euros. \u2022 A sala atual retira da rua cerca de 280 consumos di\u00e1rios; a abertura da nova estrutura depende ainda de ajustes \u00e0s redes, mas aponta-se para abrir bem antes do final do ano. \u2022 Existe ainda um segundo projecto de sala de consumo assistido em estudo, com localiza\u00e7\u00e3o prevista na zona oriental do Porto, em parceria com o Minist\u00e9rio da Sa\u00fade e o ICAD.","og_url":"https:\/\/portaltela.pt\/noticias\/2026\/04\/10\/sala-de-consumo-assistido-do-porto-muda-de-pasteleira-para-o-aleixo\/","og_site_name":"Portal Tela Portugal","article_published_time":"2026-04-10T11:47:03+00:00","author":"Telinha","twitter_card":"summary_large_image","twitter_misc":{"Escrito por":"Telinha","Tempo estimado de leitura":"1 minuto"},"schema":{"@context":"https:\/\/schema.org","@graph":[{"@type":"Article","@id":"https:\/\/portaltela.pt\/noticias\/2026\/04\/10\/sala-de-consumo-assistido-do-porto-muda-de-pasteleira-para-o-aleixo\/#article","isPartOf":{"@id":"https:\/\/portaltela.pt\/noticias\/2026\/04\/10\/sala-de-consumo-assistido-do-porto-muda-de-pasteleira-para-o-aleixo\/"},"author":{"name":"Telinha","@id":"https:\/\/portaltela.pt\/#\/schema\/person\/c4278d4a6028830caff9ee44b42d32ed"},"headline":"Sala de consumo assistido do Porto muda de Pasteleira para o Aleixo","datePublished":"2026-04-10T11:47:03+00:00","mainEntityOfPage":{"@id":"https:\/\/portaltela.pt\/noticias\/2026\/04\/10\/sala-de-consumo-assistido-do-porto-muda-de-pasteleira-para-o-aleixo\/"},"wordCount":271,"image":{"@id":"https:\/\/portaltela.pt\/noticias\/2026\/04\/10\/sala-de-consumo-assistido-do-porto-muda-de-pasteleira-para-o-aleixo\/#primaryimage"},"thumbnailUrl":"https:\/\/portaltela.pt\/s.01k8rhncp4jt1\/2026\/04\/img_1500x1000uu2026-04-10-12-44-29-2277660.jpg","keywords":["administra\u00e7\u00e3o p\u00fablica","Junta de Freguesia","planeamento urbano","Porto","sa\u00fade"],"articleSection":["Sa\u00fade"],"inLanguage":"pt-PT"},{"@type":"WebPage","@id":"https:\/\/portaltela.pt\/noticias\/2026\/04\/10\/sala-de-consumo-assistido-do-porto-muda-de-pasteleira-para-o-aleixo\/","url":"https:\/\/portaltela.pt\/noticias\/2026\/04\/10\/sala-de-consumo-assistido-do-porto-muda-de-pasteleira-para-o-aleixo\/","name":"Sala de consumo assistido do Porto muda de Pasteleira para o Aleixo - Portal Tela Portugal","isPartOf":{"@id":"https:\/\/portaltela.pt\/#website"},"primaryImageOfPage":{"@id":"https:\/\/portaltela.pt\/noticias\/2026\/04\/10\/sala-de-consumo-assistido-do-porto-muda-de-pasteleira-para-o-aleixo\/#primaryimage"},"image":{"@id":"https:\/\/portaltela.pt\/noticias\/2026\/04\/10\/sala-de-consumo-assistido-do-porto-muda-de-pasteleira-para-o-aleixo\/#primaryimage"},"thumbnailUrl":"https:\/\/portaltela.pt\/s.01k8rhncp4jt1\/2026\/04\/img_1500x1000uu2026-04-10-12-44-29-2277660.jpg","datePublished":"2026-04-10T11:47:03+00:00","author":{"@id":"https:\/\/portaltela.pt\/#\/schema\/person\/c4278d4a6028830caff9ee44b42d32ed"},"breadcrumb":{"@id":"https:\/\/portaltela.pt\/noticias\/2026\/04\/10\/sala-de-consumo-assistido-do-porto-muda-de-pasteleira-para-o-aleixo\/#breadcrumb"},"inLanguage":"pt-PT","potentialAction":[{"@type":"ReadAction","target":["https:\/\/portaltela.pt\/noticias\/2026\/04\/10\/sala-de-consumo-assistido-do-porto-muda-de-pasteleira-para-o-aleixo\/"]}]},{"@type":"ImageObject","inLanguage":"pt-PT","@id":"https:\/\/portaltela.pt\/noticias\/2026\/04\/10\/sala-de-consumo-assistido-do-porto-muda-de-pasteleira-para-o-aleixo\/#primaryimage","url":"https:\/\/portaltela.pt\/s.01k8rhncp4jt1\/2026\/04\/img_1500x1000uu2026-04-10-12-44-29-2277660.jpg","contentUrl":"https:\/\/portaltela.pt\/s.01k8rhncp4jt1\/2026\/04\/img_1500x1000uu2026-04-10-12-44-29-2277660.jpg","width":796,"height":448,"caption":"Sala de consumo assistido do Porto muda do barrio da Pasteleira para o Aleixo"},{"@type":"BreadcrumbList","@id":"https:\/\/portaltela.pt\/noticias\/2026\/04\/10\/sala-de-consumo-assistido-do-porto-muda-de-pasteleira-para-o-aleixo\/#breadcrumb","itemListElement":[{"@type":"ListItem","position":1,"name":"In\u00edcio","item":"https:\/\/portaltela.pt\/"},{"@type":"ListItem","position":2,"name":"Sala de consumo assistido do Porto muda de Pasteleira para o Aleixo"}]},{"@type":"WebSite","@id":"https:\/\/portaltela.pt\/#website","url":"https:\/\/portaltela.pt\/","name":"Portal Tela Portugal","description":"","potentialAction":[{"@type":"SearchAction","target":{"@type":"EntryPoint","urlTemplate":"https:\/\/portaltela.pt\/?s={search_term_string}"},"query-input":{"@type":"PropertyValueSpecification","valueRequired":true,"valueName":"search_term_string"}}],"inLanguage":"pt-PT"},{"@type":"Person","@id":"https:\/\/portaltela.pt\/#\/schema\/person\/c4278d4a6028830caff9ee44b42d32ed","name":"Telinha","image":{"@type":"ImageObject","inLanguage":"pt-PT","@id":"https:\/\/portaltela.pt\/s.01k8rhncp4jt1\/2025\/11\/talking-bot-125x125.png","url":"https:\/\/portaltela.pt\/s.01k8rhncp4jt1\/2025\/11\/talking-bot-125x125.png","contentUrl":"https:\/\/portaltela.pt\/s.01k8rhncp4jt1\/2025\/11\/talking-bot-125x125.png","caption":"Telinha"},"sameAs":["https:\/\/portaltela.pt\/"],"url":"https:\/\/portaltela.pt\/por\/367410592786\/"}]}},"_links":{"self":[{"href":"https:\/\/portaltela.pt\/api\/wp\/v2\/posts\/439213","targetHints":{"allow":["GET"]}}],"collection":[{"href":"https:\/\/portaltela.pt\/api\/wp\/v2\/posts"}],"about":[{"href":"https:\/\/portaltela.pt\/api\/wp\/v2\/types\/post"}],"author":[{"embeddable":true,"href":"https:\/\/portaltela.pt\/api\/wp\/v2\/users\/2"}],"replies":[{"embeddable":true,"href":"https:\/\/portaltela.pt\/api\/wp\/v2\/comments?post=439213"}],"version-history":[{"count":0,"href":"https:\/\/portaltela.pt\/api\/wp\/v2\/posts\/439213\/revisions"}],"wp:featuredmedia":[{"embeddable":true,"href":"https:\/\/portaltela.pt\/api\/wp\/v2\/media\/439216"}],"wp:attachment":[{"href":"https:\/\/portaltela.pt\/api\/wp\/v2\/media?parent=439213"}],"wp:term":[{"taxonomy":"category","embeddable":true,"href":"https:\/\/portaltela.pt\/api\/wp\/v2\/categories?post=439213"},{"taxonomy":"post_tag","embeddable":true,"href":"https:\/\/portaltela.pt\/api\/wp\/v2\/tags?post=439213"}],"curies":[{"name":"wp","href":"https:\/\/api.w.org\/{rel}","templated":true}]}}