{"id":439201,"date":"2026-04-10T08:32:16","date_gmt":"2026-04-10T11:32:16","guid":{"rendered":"https:\/\/portaltela.pt\/noticias\/2026\/04\/10\/sindicato-do-ministerio-publico-exige-reuniao-urgente-com-o-procurador-geral\/"},"modified":"2026-04-10T08:32:16","modified_gmt":"2026-04-10T11:32:16","slug":"sindicato-do-ministerio-publico-exige-reuniao-urgente-com-o-procurador-geral","status":"publish","type":"post","link":"https:\/\/portaltela.pt\/noticias\/2026\/04\/10\/sindicato-do-ministerio-publico-exige-reuniao-urgente-com-o-procurador-geral\/","title":{"rendered":"Sindicato do Minist\u00e9rio P\u00fablico exige reuni\u00e3o urgente com o Procurador-Geral"},"content":{"rendered":"<p>O Sindicato dos Magistrados do Minist\u00e9rio P\u00fablico (SMMP) vai pedir uma reuni\u00e3o urgente ao procurador-geral da Rep\u00fablica (PGR) na sequ\u00eancia da rejei\u00e7\u00e3o de duas propostas para alterar as regras do concurso de coloca\u00e7\u00e3o de procuradores. O objetivo \u00e9 obter esclarecimentos sobre as regras que o Conselho Superior do Minist\u00e9rio P\u00fablico (CSMP) pretende aplicar j\u00e1 em 2026.<\/p>\n<p>O SMMP questiona se o CSMP pretende sobrecarregar os magistrados com trabalho adicional, apontando para uma eventual acumula\u00e7\u00e3o de servi\u00e7o. A defesa do sindicato surge ap\u00f3s a decis\u00e3o de rejeitar as propostas, que visavam restringir a acumula\u00e7\u00e3o de fun\u00e7\u00f5es em \u00e1reas como fam\u00edlia, menores e trabalho.<\/p>\n<p>Na quarta-feira, o CSMP rejeitou duas propostas: uma limitava a acumula\u00e7\u00e3o de \u00e1reas para procuradores de determinadas \u00e1reas; outra exigia volume de trabalho abaixo do recomendado para permitir acumula\u00e7\u00f5es. O PGR, Amadeu Guerra, rejeitou as propostas, argumentando que o problema do MP n\u00e3o s\u00e3o as regras, mas a falta de meios.<\/p>\n<p>O SMMP respondeu que foi o pr\u00f3prio PGR quem transformou conte\u00fados funcionais num problema central, pretendendo usar esse mecanismo para sobrecarregar magistrados com trabalho adicional n\u00e3o volunt\u00e1rio. O sindicato cita assimetrias entre magistraturas, com acumula\u00e7\u00e3o de servi\u00e7o por parte de magistrados do MP sem compensa\u00e7\u00e3o.<\/p>\n<p>O SMMP anunciou, na segunda-feira, uma greve para 24 de abril, em contesta\u00e7\u00e3o \u00e0 manuten\u00e7\u00e3o das regras definidas em 2025. O presidente do sindicato, Paulo Lona, afirmou que a decis\u00e3o est\u00e1 nas m\u00e3os do PGR para evitar a greve.<\/p>\n<h3>Rea\u00e7\u00e3o e pr\u00f3ximos passos<\/h3>\n<p>Os pr\u00f3ximos passos passam pela reuni\u00e3o solicitada pelo SMMP ao PGR para discutir o destino do concurso anual de coloca\u00e7\u00e3o de procuradores e o eventual impacto na carga de trabalho. O sindicato continua a acompanhar o evoluir das discuss\u00f5es com o CSMP e a defesa das condi\u00e7\u00f5es dos magistrados.<\/p>\n","protected":false},"excerpt":{"rendered":"<ul>\n<li>O Sindicato dos Magistrados do Minist\u00e9rio P\u00fablico (SMMP) vai pedir uma reuni\u00e3o urgente ao procurador-geral da Rep\u00fablica, ap\u00f3s a rejei\u00e7\u00e3o de duas propostas de altera\u00e7\u00e3o \u00e0s regras do concurso de coloca\u00e7\u00e3o de procuradores.<\/li>\n<li>O objetivo \u00e9 esclarecer com que regras o Conselho Superior do Minist\u00e9rio P\u00fablico (CSMP) pretende avan\u00e7ar no movimento de 2026 e se haver\u00e1 acumula\u00e7\u00e3o de trabalho adicional para magistrados.<\/li>\n<li>O SMMP teme que as propostas possam sobrecarregar os magistrados com trabalho adicional, uma forma de acumula\u00e7\u00e3o de servi\u00e7o, defendendo que as regras atuais agravaram assimetrias entre magistraturas.<\/li>\n<li>O CSMP rejeitou as duas medidas: impedir que procuradores de \u00e1reas como fam\u00edlia e menores ou trabalho acumulem outras \u00e1reas, e limitar acumula\u00e7\u00f5es a quem tenha volume de trabalho abaixo do recomendado.<\/li>\n<li>O SMMP j\u00e1 anunciou greve para 24 de abril, dizendo que depende do PGR evitar a paralisa\u00e7\u00e3o, ap\u00f3s o PGR ter votos contra as propostas e alertado para a falta de meios no Minist\u00e9rio P\u00fablico.<\/li>\n<\/ul>\n","protected":false},"author":2,"featured_media":439204,"comment_status":"closed","ping_status":"closed","sticky":false,"template":"","format":"standard","meta":{"footnotes":""},"categories":[6815,1],"tags":[168,164,6337,803,2832,2201],"class_list":["post-439201","post","type-post","status-publish","format-standard","has-post-thumbnail","hentry","category-justica","category-noticias","tag-administracao-publica","tag-concurso","tag-direito","tag-justica","tag-politica","tag-trabalho"],"yoast_head":"<!-- This site is optimized with the Yoast SEO plugin v27.2 - https:\/\/yoast.com\/product\/yoast-seo-wordpress\/ -->\n<title>Sindicato do Minist\u00e9rio P\u00fablico exige reuni\u00e3o urgente com o Procurador-Geral - Portal Tela Portugal<\/title>\n<meta name=\"robots\" content=\"index, follow, max-snippet:-1, max-image-preview:large, max-video-preview:-1\" \/>\n<meta property=\"og:locale\" content=\"pt_PT\" \/>\n<meta property=\"og:type\" content=\"article\" \/>\n<meta property=\"og:title\" content=\"Sindicato do Minist\u00e9rio P\u00fablico exige reuni\u00e3o urgente com o Procurador-Geral - Portal Tela Portugal\" \/>\n<meta property=\"og:description\" content=\"O Sindicato dos Magistrados do Minist\u00e9rio P\u00fablico (SMMP) vai pedir uma reuni\u00e3o urgente ao procurador-geral da Rep\u00fablica, ap\u00f3s a rejei\u00e7\u00e3o de duas propostas de altera\u00e7\u00e3o \u00e0s regras do concurso de coloca\u00e7\u00e3o de procuradores. O objetivo \u00e9 esclarecer com que regras o Conselho Superior do Minist\u00e9rio P\u00fablico (CSMP) pretende avan\u00e7ar no movimento de 2026 e se haver\u00e1 acumula\u00e7\u00e3o de trabalho adicional para magistrados. O SMMP teme que as propostas possam sobrecarregar os magistrados com trabalho adicional, uma forma de acumula\u00e7\u00e3o de servi\u00e7o, defendendo que as regras atuais agravaram assimetrias entre magistraturas. O CSMP rejeitou as duas medidas: impedir que procuradores de \u00e1reas como fam\u00edlia e menores ou trabalho acumulem outras \u00e1reas, e limitar acumula\u00e7\u00f5es a quem tenha volume de trabalho abaixo do recomendado. O SMMP j\u00e1 anunciou greve para 24 de abril, dizendo que depende do PGR evitar a paralisa\u00e7\u00e3o, ap\u00f3s o PGR ter votos contra as propostas e alertado para a falta de meios no Minist\u00e9rio P\u00fablico.\" \/>\n<meta property=\"og:url\" content=\"https:\/\/portaltela.pt\/noticias\/2026\/04\/10\/sindicato-do-ministerio-publico-exige-reuniao-urgente-com-o-procurador-geral\/\" \/>\n<meta property=\"og:site_name\" content=\"Portal Tela Portugal\" \/>\n<meta property=\"article:published_time\" content=\"2026-04-10T11:32:16+00:00\" \/>\n<meta name=\"author\" content=\"Telinha\" \/>\n<meta name=\"twitter:card\" content=\"summary_large_image\" \/>\n<meta name=\"twitter:label1\" content=\"Escrito por\" \/>\n\t<meta name=\"twitter:data1\" content=\"Telinha\" \/>\n\t<meta name=\"twitter:label2\" content=\"Tempo estimado de leitura\" \/>\n\t<meta name=\"twitter:data2\" content=\"2 minutos\" \/>\n<script type=\"application\/ld+json\" class=\"yoast-schema-graph\">{\"@context\":\"https:\/\/schema.org\",\"@graph\":[{\"@type\":\"Article\",\"@id\":\"https:\/\/portaltela.pt\/noticias\/2026\/04\/10\/sindicato-do-ministerio-publico-exige-reuniao-urgente-com-o-procurador-geral\/#article\",\"isPartOf\":{\"@id\":\"https:\/\/portaltela.pt\/noticias\/2026\/04\/10\/sindicato-do-ministerio-publico-exige-reuniao-urgente-com-o-procurador-geral\/\"},\"author\":{\"name\":\"Telinha\",\"@id\":\"https:\/\/portaltela.pt\/#\/schema\/person\/c4278d4a6028830caff9ee44b42d32ed\"},\"headline\":\"Sindicato do Minist\u00e9rio P\u00fablico exige reuni\u00e3o urgente com o Procurador-Geral\",\"datePublished\":\"2026-04-10T11:32:16+00:00\",\"mainEntityOfPage\":{\"@id\":\"https:\/\/portaltela.pt\/noticias\/2026\/04\/10\/sindicato-do-ministerio-publico-exige-reuniao-urgente-com-o-procurador-geral\/\"},\"wordCount\":336,\"image\":{\"@id\":\"https:\/\/portaltela.pt\/noticias\/2026\/04\/10\/sindicato-do-ministerio-publico-exige-reuniao-urgente-com-o-procurador-geral\/#primaryimage\"},\"thumbnailUrl\":\"https:\/\/portaltela.pt\/s.01k8rhncp4jt1\/2026\/04\/img_1500x1000uu2024-02-25-17-58-07-1581505.jpg\",\"keywords\":[\"administra\u00e7\u00e3o p\u00fablica\",\"concurso\",\"direito\",\"justi\u00e7a\",\"pol\u00edtica\",\"trabalho\"],\"articleSection\":[\"Justi\u00e7a\",\"Not\u00edcias\"],\"inLanguage\":\"pt-PT\"},{\"@type\":\"WebPage\",\"@id\":\"https:\/\/portaltela.pt\/noticias\/2026\/04\/10\/sindicato-do-ministerio-publico-exige-reuniao-urgente-com-o-procurador-geral\/\",\"url\":\"https:\/\/portaltela.pt\/noticias\/2026\/04\/10\/sindicato-do-ministerio-publico-exige-reuniao-urgente-com-o-procurador-geral\/\",\"name\":\"Sindicato do Minist\u00e9rio P\u00fablico exige reuni\u00e3o urgente com o Procurador-Geral - Portal Tela Portugal\",\"isPartOf\":{\"@id\":\"https:\/\/portaltela.pt\/#website\"},\"primaryImageOfPage\":{\"@id\":\"https:\/\/portaltela.pt\/noticias\/2026\/04\/10\/sindicato-do-ministerio-publico-exige-reuniao-urgente-com-o-procurador-geral\/#primaryimage\"},\"image\":{\"@id\":\"https:\/\/portaltela.pt\/noticias\/2026\/04\/10\/sindicato-do-ministerio-publico-exige-reuniao-urgente-com-o-procurador-geral\/#primaryimage\"},\"thumbnailUrl\":\"https:\/\/portaltela.pt\/s.01k8rhncp4jt1\/2026\/04\/img_1500x1000uu2024-02-25-17-58-07-1581505.jpg\",\"datePublished\":\"2026-04-10T11:32:16+00:00\",\"author\":{\"@id\":\"https:\/\/portaltela.pt\/#\/schema\/person\/c4278d4a6028830caff9ee44b42d32ed\"},\"breadcrumb\":{\"@id\":\"https:\/\/portaltela.pt\/noticias\/2026\/04\/10\/sindicato-do-ministerio-publico-exige-reuniao-urgente-com-o-procurador-geral\/#breadcrumb\"},\"inLanguage\":\"pt-PT\",\"potentialAction\":[{\"@type\":\"ReadAction\",\"target\":[\"https:\/\/portaltela.pt\/noticias\/2026\/04\/10\/sindicato-do-ministerio-publico-exige-reuniao-urgente-com-o-procurador-geral\/\"]}]},{\"@type\":\"ImageObject\",\"inLanguage\":\"pt-PT\",\"@id\":\"https:\/\/portaltela.pt\/noticias\/2026\/04\/10\/sindicato-do-ministerio-publico-exige-reuniao-urgente-com-o-procurador-geral\/#primaryimage\",\"url\":\"https:\/\/portaltela.pt\/s.01k8rhncp4jt1\/2026\/04\/img_1500x1000uu2024-02-25-17-58-07-1581505.jpg\",\"contentUrl\":\"https:\/\/portaltela.pt\/s.01k8rhncp4jt1\/2026\/04\/img_1500x1000uu2024-02-25-17-58-07-1581505.jpg\",\"width\":796,\"height\":448,\"caption\":\"Procuradoria Geral da Rep\u00fablica\"},{\"@type\":\"BreadcrumbList\",\"@id\":\"https:\/\/portaltela.pt\/noticias\/2026\/04\/10\/sindicato-do-ministerio-publico-exige-reuniao-urgente-com-o-procurador-geral\/#breadcrumb\",\"itemListElement\":[{\"@type\":\"ListItem\",\"position\":1,\"name\":\"In\u00edcio\",\"item\":\"https:\/\/portaltela.pt\/\"},{\"@type\":\"ListItem\",\"position\":2,\"name\":\"Sindicato do Minist\u00e9rio P\u00fablico exige reuni\u00e3o urgente com o Procurador-Geral\"}]},{\"@type\":\"WebSite\",\"@id\":\"https:\/\/portaltela.pt\/#website\",\"url\":\"https:\/\/portaltela.pt\/\",\"name\":\"Portal Tela Portugal\",\"description\":\"\",\"potentialAction\":[{\"@type\":\"SearchAction\",\"target\":{\"@type\":\"EntryPoint\",\"urlTemplate\":\"https:\/\/portaltela.pt\/?s={search_term_string}\"},\"query-input\":{\"@type\":\"PropertyValueSpecification\",\"valueRequired\":true,\"valueName\":\"search_term_string\"}}],\"inLanguage\":\"pt-PT\"},{\"@type\":\"Person\",\"@id\":\"https:\/\/portaltela.pt\/#\/schema\/person\/c4278d4a6028830caff9ee44b42d32ed\",\"name\":\"Telinha\",\"image\":{\"@type\":\"ImageObject\",\"inLanguage\":\"pt-PT\",\"@id\":\"https:\/\/portaltela.pt\/s.01k8rhncp4jt1\/2025\/11\/talking-bot-125x125.png\",\"url\":\"https:\/\/portaltela.pt\/s.01k8rhncp4jt1\/2025\/11\/talking-bot-125x125.png\",\"contentUrl\":\"https:\/\/portaltela.pt\/s.01k8rhncp4jt1\/2025\/11\/talking-bot-125x125.png\",\"caption\":\"Telinha\"},\"sameAs\":[\"https:\/\/portaltela.pt\/\"],\"url\":\"https:\/\/portaltela.pt\/por\/367410592786\/\"}]}<\/script>\n<!-- \/ Yoast SEO plugin. -->","yoast_head_json":{"title":"Sindicato do Minist\u00e9rio P\u00fablico exige reuni\u00e3o urgente com o Procurador-Geral - Portal Tela Portugal","robots":{"index":"index","follow":"follow","max-snippet":"max-snippet:-1","max-image-preview":"max-image-preview:large","max-video-preview":"max-video-preview:-1"},"og_locale":"pt_PT","og_type":"article","og_title":"Sindicato do Minist\u00e9rio P\u00fablico exige reuni\u00e3o urgente com o Procurador-Geral - Portal Tela Portugal","og_description":"O Sindicato dos Magistrados do Minist\u00e9rio P\u00fablico (SMMP) vai pedir uma reuni\u00e3o urgente ao procurador-geral da Rep\u00fablica, ap\u00f3s a rejei\u00e7\u00e3o de duas propostas de altera\u00e7\u00e3o \u00e0s regras do concurso de coloca\u00e7\u00e3o de procuradores. O objetivo \u00e9 esclarecer com que regras o Conselho Superior do Minist\u00e9rio P\u00fablico (CSMP) pretende avan\u00e7ar no movimento de 2026 e se haver\u00e1 acumula\u00e7\u00e3o de trabalho adicional para magistrados. O SMMP teme que as propostas possam sobrecarregar os magistrados com trabalho adicional, uma forma de acumula\u00e7\u00e3o de servi\u00e7o, defendendo que as regras atuais agravaram assimetrias entre magistraturas. O CSMP rejeitou as duas medidas: impedir que procuradores de \u00e1reas como fam\u00edlia e menores ou trabalho acumulem outras \u00e1reas, e limitar acumula\u00e7\u00f5es a quem tenha volume de trabalho abaixo do recomendado. O SMMP j\u00e1 anunciou greve para 24 de abril, dizendo que depende do PGR evitar a paralisa\u00e7\u00e3o, ap\u00f3s o PGR ter votos contra as propostas e alertado para a falta de meios no Minist\u00e9rio P\u00fablico.","og_url":"https:\/\/portaltela.pt\/noticias\/2026\/04\/10\/sindicato-do-ministerio-publico-exige-reuniao-urgente-com-o-procurador-geral\/","og_site_name":"Portal Tela Portugal","article_published_time":"2026-04-10T11:32:16+00:00","author":"Telinha","twitter_card":"summary_large_image","twitter_misc":{"Escrito por":"Telinha","Tempo estimado de leitura":"2 minutos"},"schema":{"@context":"https:\/\/schema.org","@graph":[{"@type":"Article","@id":"https:\/\/portaltela.pt\/noticias\/2026\/04\/10\/sindicato-do-ministerio-publico-exige-reuniao-urgente-com-o-procurador-geral\/#article","isPartOf":{"@id":"https:\/\/portaltela.pt\/noticias\/2026\/04\/10\/sindicato-do-ministerio-publico-exige-reuniao-urgente-com-o-procurador-geral\/"},"author":{"name":"Telinha","@id":"https:\/\/portaltela.pt\/#\/schema\/person\/c4278d4a6028830caff9ee44b42d32ed"},"headline":"Sindicato do Minist\u00e9rio P\u00fablico exige reuni\u00e3o urgente com o Procurador-Geral","datePublished":"2026-04-10T11:32:16+00:00","mainEntityOfPage":{"@id":"https:\/\/portaltela.pt\/noticias\/2026\/04\/10\/sindicato-do-ministerio-publico-exige-reuniao-urgente-com-o-procurador-geral\/"},"wordCount":336,"image":{"@id":"https:\/\/portaltela.pt\/noticias\/2026\/04\/10\/sindicato-do-ministerio-publico-exige-reuniao-urgente-com-o-procurador-geral\/#primaryimage"},"thumbnailUrl":"https:\/\/portaltela.pt\/s.01k8rhncp4jt1\/2026\/04\/img_1500x1000uu2024-02-25-17-58-07-1581505.jpg","keywords":["administra\u00e7\u00e3o p\u00fablica","concurso","direito","justi\u00e7a","pol\u00edtica","trabalho"],"articleSection":["Justi\u00e7a","Not\u00edcias"],"inLanguage":"pt-PT"},{"@type":"WebPage","@id":"https:\/\/portaltela.pt\/noticias\/2026\/04\/10\/sindicato-do-ministerio-publico-exige-reuniao-urgente-com-o-procurador-geral\/","url":"https:\/\/portaltela.pt\/noticias\/2026\/04\/10\/sindicato-do-ministerio-publico-exige-reuniao-urgente-com-o-procurador-geral\/","name":"Sindicato do Minist\u00e9rio P\u00fablico exige reuni\u00e3o urgente com o Procurador-Geral - Portal Tela Portugal","isPartOf":{"@id":"https:\/\/portaltela.pt\/#website"},"primaryImageOfPage":{"@id":"https:\/\/portaltela.pt\/noticias\/2026\/04\/10\/sindicato-do-ministerio-publico-exige-reuniao-urgente-com-o-procurador-geral\/#primaryimage"},"image":{"@id":"https:\/\/portaltela.pt\/noticias\/2026\/04\/10\/sindicato-do-ministerio-publico-exige-reuniao-urgente-com-o-procurador-geral\/#primaryimage"},"thumbnailUrl":"https:\/\/portaltela.pt\/s.01k8rhncp4jt1\/2026\/04\/img_1500x1000uu2024-02-25-17-58-07-1581505.jpg","datePublished":"2026-04-10T11:32:16+00:00","author":{"@id":"https:\/\/portaltela.pt\/#\/schema\/person\/c4278d4a6028830caff9ee44b42d32ed"},"breadcrumb":{"@id":"https:\/\/portaltela.pt\/noticias\/2026\/04\/10\/sindicato-do-ministerio-publico-exige-reuniao-urgente-com-o-procurador-geral\/#breadcrumb"},"inLanguage":"pt-PT","potentialAction":[{"@type":"ReadAction","target":["https:\/\/portaltela.pt\/noticias\/2026\/04\/10\/sindicato-do-ministerio-publico-exige-reuniao-urgente-com-o-procurador-geral\/"]}]},{"@type":"ImageObject","inLanguage":"pt-PT","@id":"https:\/\/portaltela.pt\/noticias\/2026\/04\/10\/sindicato-do-ministerio-publico-exige-reuniao-urgente-com-o-procurador-geral\/#primaryimage","url":"https:\/\/portaltela.pt\/s.01k8rhncp4jt1\/2026\/04\/img_1500x1000uu2024-02-25-17-58-07-1581505.jpg","contentUrl":"https:\/\/portaltela.pt\/s.01k8rhncp4jt1\/2026\/04\/img_1500x1000uu2024-02-25-17-58-07-1581505.jpg","width":796,"height":448,"caption":"Procuradoria Geral da Rep\u00fablica"},{"@type":"BreadcrumbList","@id":"https:\/\/portaltela.pt\/noticias\/2026\/04\/10\/sindicato-do-ministerio-publico-exige-reuniao-urgente-com-o-procurador-geral\/#breadcrumb","itemListElement":[{"@type":"ListItem","position":1,"name":"In\u00edcio","item":"https:\/\/portaltela.pt\/"},{"@type":"ListItem","position":2,"name":"Sindicato do Minist\u00e9rio P\u00fablico exige reuni\u00e3o urgente com o Procurador-Geral"}]},{"@type":"WebSite","@id":"https:\/\/portaltela.pt\/#website","url":"https:\/\/portaltela.pt\/","name":"Portal Tela Portugal","description":"","potentialAction":[{"@type":"SearchAction","target":{"@type":"EntryPoint","urlTemplate":"https:\/\/portaltela.pt\/?s={search_term_string}"},"query-input":{"@type":"PropertyValueSpecification","valueRequired":true,"valueName":"search_term_string"}}],"inLanguage":"pt-PT"},{"@type":"Person","@id":"https:\/\/portaltela.pt\/#\/schema\/person\/c4278d4a6028830caff9ee44b42d32ed","name":"Telinha","image":{"@type":"ImageObject","inLanguage":"pt-PT","@id":"https:\/\/portaltela.pt\/s.01k8rhncp4jt1\/2025\/11\/talking-bot-125x125.png","url":"https:\/\/portaltela.pt\/s.01k8rhncp4jt1\/2025\/11\/talking-bot-125x125.png","contentUrl":"https:\/\/portaltela.pt\/s.01k8rhncp4jt1\/2025\/11\/talking-bot-125x125.png","caption":"Telinha"},"sameAs":["https:\/\/portaltela.pt\/"],"url":"https:\/\/portaltela.pt\/por\/367410592786\/"}]}},"_links":{"self":[{"href":"https:\/\/portaltela.pt\/api\/wp\/v2\/posts\/439201","targetHints":{"allow":["GET"]}}],"collection":[{"href":"https:\/\/portaltela.pt\/api\/wp\/v2\/posts"}],"about":[{"href":"https:\/\/portaltela.pt\/api\/wp\/v2\/types\/post"}],"author":[{"embeddable":true,"href":"https:\/\/portaltela.pt\/api\/wp\/v2\/users\/2"}],"replies":[{"embeddable":true,"href":"https:\/\/portaltela.pt\/api\/wp\/v2\/comments?post=439201"}],"version-history":[{"count":0,"href":"https:\/\/portaltela.pt\/api\/wp\/v2\/posts\/439201\/revisions"}],"wp:featuredmedia":[{"embeddable":true,"href":"https:\/\/portaltela.pt\/api\/wp\/v2\/media\/439204"}],"wp:attachment":[{"href":"https:\/\/portaltela.pt\/api\/wp\/v2\/media?parent=439201"}],"wp:term":[{"taxonomy":"category","embeddable":true,"href":"https:\/\/portaltela.pt\/api\/wp\/v2\/categories?post=439201"},{"taxonomy":"post_tag","embeddable":true,"href":"https:\/\/portaltela.pt\/api\/wp\/v2\/tags?post=439201"}],"curies":[{"name":"wp","href":"https:\/\/api.w.org\/{rel}","templated":true}]}}