{"id":439186,"date":"2026-04-10T08:32:11","date_gmt":"2026-04-10T11:32:11","guid":{"rendered":"https:\/\/portaltela.pt\/noticias\/2026\/04\/10\/municipios-nao-querem-que-metro-de-lisboa-gerencie-novas-linhas-de-metrobus\/"},"modified":"2026-04-10T08:32:11","modified_gmt":"2026-04-10T11:32:11","slug":"municipios-nao-querem-que-metro-de-lisboa-gerencie-novas-linhas-de-metrobus","status":"publish","type":"post","link":"https:\/\/portaltela.pt\/sociedade\/2026\/04\/10\/municipios-nao-querem-que-metro-de-lisboa-gerencie-novas-linhas-de-metrobus\/","title":{"rendered":"Munic\u00edpios n\u00e3o querem que Metro de Lisboa gerencie novas linhas de metrobus"},"content":{"rendered":"<p>O Metropolitano de Lisboa avalia expandir a sua atua\u00e7\u00e3o para fora da cidade, com um sistema de metrobus que funciona como transporte p\u00fablico de passageiros em modo rodovi\u00e1rio de circula\u00e7\u00e3o r\u00e1pida.<\/p>\n<p>A ideia tem causado resist\u00eancia entre os munic\u00edpios da \u00c1rea Metropolitana de Lisboa, que temem desequil\u00edbrios financeiros e conflitos de coordena\u00e7\u00e3o com a Carris Metropolitana.<\/p>\n<p>A Carris Metropolitana foi criada em 2022 por iniciativa dos munic\u00edpios da AML e j\u00e1 gere uma rede de autocarros na regi\u00e3o.<\/p>\n<h3>Resposta das autarquias<\/h3>\n<p>Autarcas alertam que a entrada de um novo operador poderia comprometer o financiamento atual e a planea\u00e7\u00e3o integrada da mobilidade regional, dificultando acordos com outros operadores.<\/p>\n<p>N\u00e3o h\u00e1 confirma\u00e7\u00e3o de implementa\u00e7\u00e3o, apenas discuss\u00f5es sobre a viabilidade econ\u00f3mica e operacional do metrobus fora de Lisboa.<\/p>\n","protected":false},"excerpt":{"rendered":"<ul>\n<li>Munic\u00edpios resistem \u00e0 ideia de a Metropolitano de Lisboa gerir futuras linhas atrav\u00e9s de um sistema de metrobus.<\/li>\n<li>A proposta prev\u00ea a atua\u00e7\u00e3o da empresa p\u00fablica no transporte p\u00fablico de passageiros em modo rodovi\u00e1rio de circula\u00e7\u00e3o r\u00e1pida.<\/li>\n<li>Os autarcas preocupam-se com potenciais conflitos de coordena\u00e7\u00e3o e de financiamento entre operadores.<\/li>\n<li>A medida surge numa altura em que a Carris Metropolitana j\u00e1 opera, desde 2022, servi\u00e7os de autocarros na \u00c1rea Metropolitana de Lisboa.<\/li>\n<li>A afirma\u00e7\u00e3o de expans\u00e3o depende de decis\u00f5es futuras, ainda sem data definida.<\/li>\n<\/ul>\n","protected":false},"author":2,"featured_media":439194,"comment_status":"closed","ping_status":"closed","sticky":false,"template":"","format":"standard","meta":{"footnotes":""},"categories":[1,6871],"tags":[4132,798,2110,3263,192,4535],"class_list":["post-439186","post","type-post","status-publish","format-standard","has-post-thumbnail","hentry","category-noticias","category-sociedade","tag-area-metropolitana-de-lisboa","tag-carris-metropolitana","tag-mobilidade","tag-mobilidade-urbana","tag-transporte","tag-transporte-publico"],"yoast_head":"<!-- This site is optimized with the Yoast SEO plugin v27.2 - https:\/\/yoast.com\/product\/yoast-seo-wordpress\/ -->\n<title>Munic\u00edpios n\u00e3o querem que Metro de Lisboa gerencie novas linhas de metrobus - Portal Tela Portugal<\/title>\n<meta name=\"robots\" content=\"index, follow, max-snippet:-1, max-image-preview:large, max-video-preview:-1\" \/>\n<meta property=\"og:locale\" content=\"pt_PT\" \/>\n<meta property=\"og:type\" content=\"article\" \/>\n<meta property=\"og:title\" content=\"Munic\u00edpios n\u00e3o querem que Metro de Lisboa gerencie novas linhas de metrobus - Portal Tela Portugal\" \/>\n<meta property=\"og:description\" content=\"Munic\u00edpios resistem \u00e0 ideia de a Metropolitano de Lisboa gerir futuras linhas atrav\u00e9s de um sistema de metrobus. A proposta prev\u00ea a atua\u00e7\u00e3o da empresa p\u00fablica no transporte p\u00fablico de passageiros em modo rodovi\u00e1rio de circula\u00e7\u00e3o r\u00e1pida. Os autarcas preocupam-se com potenciais conflitos de coordena\u00e7\u00e3o e de financiamento entre operadores. A medida surge numa altura em que a Carris Metropolitana j\u00e1 opera, desde 2022, servi\u00e7os de autocarros na \u00c1rea Metropolitana de Lisboa. A afirma\u00e7\u00e3o de expans\u00e3o depende de decis\u00f5es futuras, ainda sem data definida.\" \/>\n<meta property=\"og:url\" content=\"https:\/\/portaltela.pt\/noticias\/2026\/04\/10\/municipios-nao-querem-que-metro-de-lisboa-gerencie-novas-linhas-de-metrobus\/\" \/>\n<meta property=\"og:site_name\" content=\"Portal Tela Portugal\" \/>\n<meta property=\"article:published_time\" content=\"2026-04-10T11:32:11+00:00\" \/>\n<meta name=\"author\" content=\"Telinha\" \/>\n<meta name=\"twitter:card\" content=\"summary_large_image\" \/>\n<meta name=\"twitter:label1\" content=\"Escrito por\" \/>\n\t<meta name=\"twitter:data1\" content=\"Telinha\" \/>\n\t<meta name=\"twitter:label2\" content=\"Tempo estimado de leitura\" \/>\n\t<meta name=\"twitter:data2\" content=\"1 minuto\" \/>\n<script type=\"application\/ld+json\" class=\"yoast-schema-graph\">{\"@context\":\"https:\/\/schema.org\",\"@graph\":[{\"@type\":\"Article\",\"@id\":\"https:\/\/portaltela.pt\/noticias\/2026\/04\/10\/municipios-nao-querem-que-metro-de-lisboa-gerencie-novas-linhas-de-metrobus\/#article\",\"isPartOf\":{\"@id\":\"https:\/\/portaltela.pt\/noticias\/2026\/04\/10\/municipios-nao-querem-que-metro-de-lisboa-gerencie-novas-linhas-de-metrobus\/\"},\"author\":{\"name\":\"Telinha\",\"@id\":\"https:\/\/portaltela.pt\/#\/schema\/person\/c4278d4a6028830caff9ee44b42d32ed\"},\"headline\":\"Munic\u00edpios n\u00e3o querem que Metro de Lisboa gerencie novas linhas de metrobus\",\"datePublished\":\"2026-04-10T11:32:11+00:00\",\"mainEntityOfPage\":{\"@id\":\"https:\/\/portaltela.pt\/noticias\/2026\/04\/10\/municipios-nao-querem-que-metro-de-lisboa-gerencie-novas-linhas-de-metrobus\/\"},\"wordCount\":155,\"image\":{\"@id\":\"https:\/\/portaltela.pt\/noticias\/2026\/04\/10\/municipios-nao-querem-que-metro-de-lisboa-gerencie-novas-linhas-de-metrobus\/#primaryimage\"},\"thumbnailUrl\":\"https:\/\/portaltela.pt\/s.01k8rhncp4jt1\/2026\/04\/2078261.jpg\",\"keywords\":[\"\u00c1rea Metropolitana de Lisboa\",\"Carris Metropolitana\",\"mobilidade\",\"mobilidade urbana\",\"transporte\",\"transporte p\u00fablico\"],\"articleSection\":[\"Not\u00edcias\",\"Sociedade\"],\"inLanguage\":\"pt-PT\"},{\"@type\":\"WebPage\",\"@id\":\"https:\/\/portaltela.pt\/noticias\/2026\/04\/10\/municipios-nao-querem-que-metro-de-lisboa-gerencie-novas-linhas-de-metrobus\/\",\"url\":\"https:\/\/portaltela.pt\/noticias\/2026\/04\/10\/municipios-nao-querem-que-metro-de-lisboa-gerencie-novas-linhas-de-metrobus\/\",\"name\":\"Munic\u00edpios n\u00e3o querem que Metro de Lisboa gerencie novas linhas de metrobus - Portal Tela Portugal\",\"isPartOf\":{\"@id\":\"https:\/\/portaltela.pt\/#website\"},\"primaryImageOfPage\":{\"@id\":\"https:\/\/portaltela.pt\/noticias\/2026\/04\/10\/municipios-nao-querem-que-metro-de-lisboa-gerencie-novas-linhas-de-metrobus\/#primaryimage\"},\"image\":{\"@id\":\"https:\/\/portaltela.pt\/noticias\/2026\/04\/10\/municipios-nao-querem-que-metro-de-lisboa-gerencie-novas-linhas-de-metrobus\/#primaryimage\"},\"thumbnailUrl\":\"https:\/\/portaltela.pt\/s.01k8rhncp4jt1\/2026\/04\/2078261.jpg\",\"datePublished\":\"2026-04-10T11:32:11+00:00\",\"author\":{\"@id\":\"https:\/\/portaltela.pt\/#\/schema\/person\/c4278d4a6028830caff9ee44b42d32ed\"},\"breadcrumb\":{\"@id\":\"https:\/\/portaltela.pt\/noticias\/2026\/04\/10\/municipios-nao-querem-que-metro-de-lisboa-gerencie-novas-linhas-de-metrobus\/#breadcrumb\"},\"inLanguage\":\"pt-PT\",\"potentialAction\":[{\"@type\":\"ReadAction\",\"target\":[\"https:\/\/portaltela.pt\/noticias\/2026\/04\/10\/municipios-nao-querem-que-metro-de-lisboa-gerencie-novas-linhas-de-metrobus\/\"]}]},{\"@type\":\"ImageObject\",\"inLanguage\":\"pt-PT\",\"@id\":\"https:\/\/portaltela.pt\/noticias\/2026\/04\/10\/municipios-nao-querem-que-metro-de-lisboa-gerencie-novas-linhas-de-metrobus\/#primaryimage\",\"url\":\"https:\/\/portaltela.pt\/s.01k8rhncp4jt1\/2026\/04\/2078261.jpg\",\"contentUrl\":\"https:\/\/portaltela.pt\/s.01k8rhncp4jt1\/2026\/04\/2078261.jpg\",\"width\":796,\"height\":448,\"caption\":\"Metro de Lisboa poder\u00e1 operar \\\"transporte p\u00fablico de passageiros em modo rodovi\u00e1rio de circula\u00e7\u00e3o r\u00e1pida\u201d\"},{\"@type\":\"BreadcrumbList\",\"@id\":\"https:\/\/portaltela.pt\/noticias\/2026\/04\/10\/municipios-nao-querem-que-metro-de-lisboa-gerencie-novas-linhas-de-metrobus\/#breadcrumb\",\"itemListElement\":[{\"@type\":\"ListItem\",\"position\":1,\"name\":\"In\u00edcio\",\"item\":\"https:\/\/portaltela.pt\/\"},{\"@type\":\"ListItem\",\"position\":2,\"name\":\"Munic\u00edpios n\u00e3o querem que Metro de Lisboa gerencie novas linhas de metrobus\"}]},{\"@type\":\"WebSite\",\"@id\":\"https:\/\/portaltela.pt\/#website\",\"url\":\"https:\/\/portaltela.pt\/\",\"name\":\"Portal Tela Portugal\",\"description\":\"\",\"potentialAction\":[{\"@type\":\"SearchAction\",\"target\":{\"@type\":\"EntryPoint\",\"urlTemplate\":\"https:\/\/portaltela.pt\/?s={search_term_string}\"},\"query-input\":{\"@type\":\"PropertyValueSpecification\",\"valueRequired\":true,\"valueName\":\"search_term_string\"}}],\"inLanguage\":\"pt-PT\"},{\"@type\":\"Person\",\"@id\":\"https:\/\/portaltela.pt\/#\/schema\/person\/c4278d4a6028830caff9ee44b42d32ed\",\"name\":\"Telinha\",\"image\":{\"@type\":\"ImageObject\",\"inLanguage\":\"pt-PT\",\"@id\":\"https:\/\/portaltela.pt\/s.01k8rhncp4jt1\/2025\/11\/talking-bot-125x125.png\",\"url\":\"https:\/\/portaltela.pt\/s.01k8rhncp4jt1\/2025\/11\/talking-bot-125x125.png\",\"contentUrl\":\"https:\/\/portaltela.pt\/s.01k8rhncp4jt1\/2025\/11\/talking-bot-125x125.png\",\"caption\":\"Telinha\"},\"sameAs\":[\"https:\/\/portaltela.pt\/\"],\"url\":\"https:\/\/portaltela.pt\/por\/367410592786\/\"}]}<\/script>\n<!-- \/ Yoast SEO plugin. -->","yoast_head_json":{"title":"Munic\u00edpios n\u00e3o querem que Metro de Lisboa gerencie novas linhas de metrobus - Portal Tela Portugal","robots":{"index":"index","follow":"follow","max-snippet":"max-snippet:-1","max-image-preview":"max-image-preview:large","max-video-preview":"max-video-preview:-1"},"og_locale":"pt_PT","og_type":"article","og_title":"Munic\u00edpios n\u00e3o querem que Metro de Lisboa gerencie novas linhas de metrobus - Portal Tela Portugal","og_description":"Munic\u00edpios resistem \u00e0 ideia de a Metropolitano de Lisboa gerir futuras linhas atrav\u00e9s de um sistema de metrobus. A proposta prev\u00ea a atua\u00e7\u00e3o da empresa p\u00fablica no transporte p\u00fablico de passageiros em modo rodovi\u00e1rio de circula\u00e7\u00e3o r\u00e1pida. Os autarcas preocupam-se com potenciais conflitos de coordena\u00e7\u00e3o e de financiamento entre operadores. A medida surge numa altura em que a Carris Metropolitana j\u00e1 opera, desde 2022, servi\u00e7os de autocarros na \u00c1rea Metropolitana de Lisboa. A afirma\u00e7\u00e3o de expans\u00e3o depende de decis\u00f5es futuras, ainda sem data definida.","og_url":"https:\/\/portaltela.pt\/noticias\/2026\/04\/10\/municipios-nao-querem-que-metro-de-lisboa-gerencie-novas-linhas-de-metrobus\/","og_site_name":"Portal Tela Portugal","article_published_time":"2026-04-10T11:32:11+00:00","author":"Telinha","twitter_card":"summary_large_image","twitter_misc":{"Escrito por":"Telinha","Tempo estimado de leitura":"1 minuto"},"schema":{"@context":"https:\/\/schema.org","@graph":[{"@type":"Article","@id":"https:\/\/portaltela.pt\/noticias\/2026\/04\/10\/municipios-nao-querem-que-metro-de-lisboa-gerencie-novas-linhas-de-metrobus\/#article","isPartOf":{"@id":"https:\/\/portaltela.pt\/noticias\/2026\/04\/10\/municipios-nao-querem-que-metro-de-lisboa-gerencie-novas-linhas-de-metrobus\/"},"author":{"name":"Telinha","@id":"https:\/\/portaltela.pt\/#\/schema\/person\/c4278d4a6028830caff9ee44b42d32ed"},"headline":"Munic\u00edpios n\u00e3o querem que Metro de Lisboa gerencie novas linhas de metrobus","datePublished":"2026-04-10T11:32:11+00:00","mainEntityOfPage":{"@id":"https:\/\/portaltela.pt\/noticias\/2026\/04\/10\/municipios-nao-querem-que-metro-de-lisboa-gerencie-novas-linhas-de-metrobus\/"},"wordCount":155,"image":{"@id":"https:\/\/portaltela.pt\/noticias\/2026\/04\/10\/municipios-nao-querem-que-metro-de-lisboa-gerencie-novas-linhas-de-metrobus\/#primaryimage"},"thumbnailUrl":"https:\/\/portaltela.pt\/s.01k8rhncp4jt1\/2026\/04\/2078261.jpg","keywords":["\u00c1rea Metropolitana de Lisboa","Carris Metropolitana","mobilidade","mobilidade urbana","transporte","transporte p\u00fablico"],"articleSection":["Not\u00edcias","Sociedade"],"inLanguage":"pt-PT"},{"@type":"WebPage","@id":"https:\/\/portaltela.pt\/noticias\/2026\/04\/10\/municipios-nao-querem-que-metro-de-lisboa-gerencie-novas-linhas-de-metrobus\/","url":"https:\/\/portaltela.pt\/noticias\/2026\/04\/10\/municipios-nao-querem-que-metro-de-lisboa-gerencie-novas-linhas-de-metrobus\/","name":"Munic\u00edpios n\u00e3o querem que Metro de Lisboa gerencie novas linhas de metrobus - Portal Tela Portugal","isPartOf":{"@id":"https:\/\/portaltela.pt\/#website"},"primaryImageOfPage":{"@id":"https:\/\/portaltela.pt\/noticias\/2026\/04\/10\/municipios-nao-querem-que-metro-de-lisboa-gerencie-novas-linhas-de-metrobus\/#primaryimage"},"image":{"@id":"https:\/\/portaltela.pt\/noticias\/2026\/04\/10\/municipios-nao-querem-que-metro-de-lisboa-gerencie-novas-linhas-de-metrobus\/#primaryimage"},"thumbnailUrl":"https:\/\/portaltela.pt\/s.01k8rhncp4jt1\/2026\/04\/2078261.jpg","datePublished":"2026-04-10T11:32:11+00:00","author":{"@id":"https:\/\/portaltela.pt\/#\/schema\/person\/c4278d4a6028830caff9ee44b42d32ed"},"breadcrumb":{"@id":"https:\/\/portaltela.pt\/noticias\/2026\/04\/10\/municipios-nao-querem-que-metro-de-lisboa-gerencie-novas-linhas-de-metrobus\/#breadcrumb"},"inLanguage":"pt-PT","potentialAction":[{"@type":"ReadAction","target":["https:\/\/portaltela.pt\/noticias\/2026\/04\/10\/municipios-nao-querem-que-metro-de-lisboa-gerencie-novas-linhas-de-metrobus\/"]}]},{"@type":"ImageObject","inLanguage":"pt-PT","@id":"https:\/\/portaltela.pt\/noticias\/2026\/04\/10\/municipios-nao-querem-que-metro-de-lisboa-gerencie-novas-linhas-de-metrobus\/#primaryimage","url":"https:\/\/portaltela.pt\/s.01k8rhncp4jt1\/2026\/04\/2078261.jpg","contentUrl":"https:\/\/portaltela.pt\/s.01k8rhncp4jt1\/2026\/04\/2078261.jpg","width":796,"height":448,"caption":"Metro de Lisboa poder\u00e1 operar \"transporte p\u00fablico de passageiros em modo rodovi\u00e1rio de circula\u00e7\u00e3o r\u00e1pida\u201d"},{"@type":"BreadcrumbList","@id":"https:\/\/portaltela.pt\/noticias\/2026\/04\/10\/municipios-nao-querem-que-metro-de-lisboa-gerencie-novas-linhas-de-metrobus\/#breadcrumb","itemListElement":[{"@type":"ListItem","position":1,"name":"In\u00edcio","item":"https:\/\/portaltela.pt\/"},{"@type":"ListItem","position":2,"name":"Munic\u00edpios n\u00e3o querem que Metro de Lisboa gerencie novas linhas de metrobus"}]},{"@type":"WebSite","@id":"https:\/\/portaltela.pt\/#website","url":"https:\/\/portaltela.pt\/","name":"Portal Tela Portugal","description":"","potentialAction":[{"@type":"SearchAction","target":{"@type":"EntryPoint","urlTemplate":"https:\/\/portaltela.pt\/?s={search_term_string}"},"query-input":{"@type":"PropertyValueSpecification","valueRequired":true,"valueName":"search_term_string"}}],"inLanguage":"pt-PT"},{"@type":"Person","@id":"https:\/\/portaltela.pt\/#\/schema\/person\/c4278d4a6028830caff9ee44b42d32ed","name":"Telinha","image":{"@type":"ImageObject","inLanguage":"pt-PT","@id":"https:\/\/portaltela.pt\/s.01k8rhncp4jt1\/2025\/11\/talking-bot-125x125.png","url":"https:\/\/portaltela.pt\/s.01k8rhncp4jt1\/2025\/11\/talking-bot-125x125.png","contentUrl":"https:\/\/portaltela.pt\/s.01k8rhncp4jt1\/2025\/11\/talking-bot-125x125.png","caption":"Telinha"},"sameAs":["https:\/\/portaltela.pt\/"],"url":"https:\/\/portaltela.pt\/por\/367410592786\/"}]}},"_links":{"self":[{"href":"https:\/\/portaltela.pt\/api\/wp\/v2\/posts\/439186","targetHints":{"allow":["GET"]}}],"collection":[{"href":"https:\/\/portaltela.pt\/api\/wp\/v2\/posts"}],"about":[{"href":"https:\/\/portaltela.pt\/api\/wp\/v2\/types\/post"}],"author":[{"embeddable":true,"href":"https:\/\/portaltela.pt\/api\/wp\/v2\/users\/2"}],"replies":[{"embeddable":true,"href":"https:\/\/portaltela.pt\/api\/wp\/v2\/comments?post=439186"}],"version-history":[{"count":0,"href":"https:\/\/portaltela.pt\/api\/wp\/v2\/posts\/439186\/revisions"}],"wp:featuredmedia":[{"embeddable":true,"href":"https:\/\/portaltela.pt\/api\/wp\/v2\/media\/439194"}],"wp:attachment":[{"href":"https:\/\/portaltela.pt\/api\/wp\/v2\/media?parent=439186"}],"wp:term":[{"taxonomy":"category","embeddable":true,"href":"https:\/\/portaltela.pt\/api\/wp\/v2\/categories?post=439186"},{"taxonomy":"post_tag","embeddable":true,"href":"https:\/\/portaltela.pt\/api\/wp\/v2\/tags?post=439186"}],"curies":[{"name":"wp","href":"https:\/\/api.w.org\/{rel}","templated":true}]}}