{"id":439171,"date":"2026-04-10T08:17:23","date_gmt":"2026-04-10T11:17:23","guid":{"rendered":"https:\/\/portaltela.pt\/noticias\/2026\/04\/10\/de-icone-liberal-a-simbolo-do-populismo-orban-encara-eleicoes-dificeis\/"},"modified":"2026-04-10T08:17:23","modified_gmt":"2026-04-10T11:17:23","slug":"de-icone-liberal-a-simbolo-do-populismo-orban-encara-eleicoes-dificeis","status":"publish","type":"post","link":"https:\/\/portaltela.pt\/geopolitica\/2026\/04\/10\/de-icone-liberal-a-simbolo-do-populismo-orban-encara-eleicoes-dificeis\/","title":{"rendered":"De \u00edcone liberal a s\u00edmbolo do populismo, Orb\u00e1n encara elei\u00e7\u00f5es dif\u00edceis"},"content":{"rendered":"<p>Viktor Orb\u00e1n come\u00e7ou a sua trajet\u00f3ria como ativista estudantil contra a ditadura na Hungria. Em 1989, ganhou notoriedade ao exigir a retirada das tropas russas num funeral p\u00fablico que assinalou a revolu\u00e7\u00e3o de 1956.<\/p>\n<p>Na viragem dos anos 90, o Fidesz transformou-se de liberal para conservador, consolidando-se no poder com Orb\u00e1n a tornar-se l\u00edder do governo em 1998, aos 35 anos, o mais jovem chefe de governo da Europa.<\/p>\n<h2>De liberal radical a liberal conservador<\/h2>\n<p>O primeiro governo de Orb\u00e1n promoveu recupera\u00e7\u00e3o econ\u00f3mica e ades\u00e3o \u00e0 NATO, mas o partido perdeu as elei\u00e7\u00f5es de 2002 e 2006 para a coliga\u00e7\u00e3o socialista-liberal. A partir de ent\u00e3o, o Fidesz consolidou-se como for\u00e7a dominante, estruturando-se em torno de um poder maiorit\u00e1rio.<\/p>\n<p>Em 2010, Orb\u00e1n voltou ao poder com maioria constitucional, alterou institui\u00e7\u00f5es e o sistema eleitoral, e reposicionou o partido \u00e0 direita. Durante a d\u00e9cada seguinte, o Fidesz venceu elei\u00e7\u00f5es peri\u00f3dicas, apoiado por medidas como controlo de pre\u00e7os da energia e pol\u00edticas de fronteira.<\/p>\n<h2>Do Ocidente para o Leste<\/h2>\n<p>A partir de 2014, Orb\u00e1n abriu-se a uma rela\u00e7\u00e3o mais pr\u00f3xima com o Leste, defendendo uma postura euroc\u00e9ptica e ganhando aliados na regi\u00e3o. A posi\u00e7\u00e3o sobre migra\u00e7\u00e3o gerou atritos com a UE, enquanto a Hungria refor\u00e7ava controlo institucional e a agenda conservadora.<\/p>\n<p>Em 2026, Orb\u00e1n tornou-se figura global associada a for\u00e7as populistas. Antes das elei\u00e7\u00f5es, contou com apoios de figuras como Trump e Putin, mas grava\u00e7\u00f5es recentes levantaram d\u00favidas sobre a lealdade a parceiros ocidentais. O ambiente econ\u00f3mico e a corrup\u00e7\u00e3o continuam a moldar o panorama pol\u00edtico h\u00fangaro.<\/p>\n","protected":false},"excerpt":{"rendered":"<ul>\n<li>Viktor Orb\u00e1n come\u00e7ou como ativista estudantil contra a ditadura e ganhou destaque em 1989 ao pedir a retirada das tropas russas, num funeral pelos m\u00e1rtires de 1956.<\/li>\n<li>O Fidesz passou de liberal radical a liberal conservador, e Orb\u00e1n tornou-se o mais jovem primeiro-ministro da Europa aos 35 anos, em 1998.<\/li>\n<li>A partir de 2010, o governo reformou o sistema estatal, consolidou o poder, criou uma nova Constitui\u00e7\u00e3o e redesenhou o mapa eleitoral para favorecer o Fidesz; venceu elei\u00e7\u00f5es em 2010, 2014, 2018 e 2022.<\/li>\n<li>Em 2014, Orb\u00e1n descreveu o Estado h\u00fangaro como iliberal, afastando-se do liberalismo democr\u00e1tico e promovendo uma abertura a leste.<\/li>\n<li>At\u00e9 2026, Orb\u00e1n alinhou-se com figuras e partidos antiestablishment na Europa, mantendo rela\u00e7\u00f5es com Putin, Erdogan e Xi Jinping, enquanto as disputas com a UE agravaram-se e surgiram d\u00favidas sobre o compromisso com a NATO\/UE.<\/li>\n<\/ul>\n","protected":false},"author":2,"featured_media":439177,"comment_status":"closed","ping_status":"closed","sticky":false,"template":"","format":"standard","meta":{"footnotes":""},"categories":[6814],"tags":[7663,5808,68,1456,7439,5698],"class_list":["post-439171","post","type-post","status-publish","format-standard","has-post-thumbnail","hentry","category-geopolitica","tag-a-hungria","tag-direita","tag-eleicoes","tag-migracao","tag-politica-externa","tag-politica-internacional"],"yoast_head":"<!-- This site is optimized with the Yoast SEO plugin v27.2 - https:\/\/yoast.com\/product\/yoast-seo-wordpress\/ -->\n<title>De \u00edcone liberal a s\u00edmbolo do populismo, Orb\u00e1n encara elei\u00e7\u00f5es dif\u00edceis - Portal Tela Portugal<\/title>\n<meta name=\"robots\" content=\"index, follow, max-snippet:-1, max-image-preview:large, max-video-preview:-1\" \/>\n<meta property=\"og:locale\" content=\"pt_PT\" \/>\n<meta property=\"og:type\" content=\"article\" \/>\n<meta property=\"og:title\" content=\"De \u00edcone liberal a s\u00edmbolo do populismo, Orb\u00e1n encara elei\u00e7\u00f5es dif\u00edceis - Portal Tela Portugal\" \/>\n<meta property=\"og:description\" content=\"Viktor Orb\u00e1n come\u00e7ou como ativista estudantil contra a ditadura e ganhou destaque em 1989 ao pedir a retirada das tropas russas, num funeral pelos m\u00e1rtires de 1956. O Fidesz passou de liberal radical a liberal conservador, e Orb\u00e1n tornou-se o mais jovem primeiro-ministro da Europa aos 35 anos, em 1998. A partir de 2010, o governo reformou o sistema estatal, consolidou o poder, criou uma nova Constitui\u00e7\u00e3o e redesenhou o mapa eleitoral para favorecer o Fidesz; venceu elei\u00e7\u00f5es em 2010, 2014, 2018 e 2022. Em 2014, Orb\u00e1n descreveu o Estado h\u00fangaro como iliberal, afastando-se do liberalismo democr\u00e1tico e promovendo uma abertura a leste. At\u00e9 2026, Orb\u00e1n alinhou-se com figuras e partidos antiestablishment na Europa, mantendo rela\u00e7\u00f5es com Putin, Erdogan e Xi Jinping, enquanto as disputas com a UE agravaram-se e surgiram d\u00favidas sobre o compromisso com a NATO\/UE.\" \/>\n<meta property=\"og:url\" content=\"https:\/\/portaltela.pt\/noticias\/2026\/04\/10\/de-icone-liberal-a-simbolo-do-populismo-orban-encara-eleicoes-dificeis\/\" \/>\n<meta property=\"og:site_name\" content=\"Portal Tela Portugal\" \/>\n<meta property=\"article:published_time\" content=\"2026-04-10T11:17:23+00:00\" \/>\n<meta name=\"author\" content=\"Telinha\" \/>\n<meta name=\"twitter:card\" content=\"summary_large_image\" \/>\n<meta name=\"twitter:label1\" content=\"Escrito por\" \/>\n\t<meta name=\"twitter:data1\" content=\"Telinha\" \/>\n\t<meta name=\"twitter:label2\" content=\"Tempo estimado de leitura\" \/>\n\t<meta name=\"twitter:data2\" content=\"1 minuto\" \/>\n<script type=\"application\/ld+json\" class=\"yoast-schema-graph\">{\"@context\":\"https:\/\/schema.org\",\"@graph\":[{\"@type\":\"Article\",\"@id\":\"https:\/\/portaltela.pt\/noticias\/2026\/04\/10\/de-icone-liberal-a-simbolo-do-populismo-orban-encara-eleicoes-dificeis\/#article\",\"isPartOf\":{\"@id\":\"https:\/\/portaltela.pt\/noticias\/2026\/04\/10\/de-icone-liberal-a-simbolo-do-populismo-orban-encara-eleicoes-dificeis\/\"},\"author\":{\"name\":\"Telinha\",\"@id\":\"https:\/\/portaltela.pt\/#\/schema\/person\/c4278d4a6028830caff9ee44b42d32ed\"},\"headline\":\"De \u00edcone liberal a s\u00edmbolo do populismo, Orb\u00e1n encara elei\u00e7\u00f5es dif\u00edceis\",\"datePublished\":\"2026-04-10T11:17:23+00:00\",\"mainEntityOfPage\":{\"@id\":\"https:\/\/portaltela.pt\/noticias\/2026\/04\/10\/de-icone-liberal-a-simbolo-do-populismo-orban-encara-eleicoes-dificeis\/\"},\"wordCount\":297,\"image\":{\"@id\":\"https:\/\/portaltela.pt\/noticias\/2026\/04\/10\/de-icone-liberal-a-simbolo-do-populismo-orban-encara-eleicoes-dificeis\/#primaryimage\"},\"thumbnailUrl\":\"https:\/\/portaltela.pt\/s.01k8rhncp4jt1\/2026\/04\/1536x864_cmsv2_6f429055-0cd6-5da2-a8b7-80a00572b179-9715517.jpg\",\"keywords\":[\"a Hungria\",\"direita\",\"elei\u00e7\u00f5es\",\"migra\u00e7\u00e3o\",\"pol\u00edtica externa\",\"pol\u00edtica internacional\"],\"articleSection\":[\"Geopol\u00edtica\"],\"inLanguage\":\"pt-PT\"},{\"@type\":\"WebPage\",\"@id\":\"https:\/\/portaltela.pt\/noticias\/2026\/04\/10\/de-icone-liberal-a-simbolo-do-populismo-orban-encara-eleicoes-dificeis\/\",\"url\":\"https:\/\/portaltela.pt\/noticias\/2026\/04\/10\/de-icone-liberal-a-simbolo-do-populismo-orban-encara-eleicoes-dificeis\/\",\"name\":\"De \u00edcone liberal a s\u00edmbolo do populismo, Orb\u00e1n encara elei\u00e7\u00f5es dif\u00edceis - Portal Tela Portugal\",\"isPartOf\":{\"@id\":\"https:\/\/portaltela.pt\/#website\"},\"primaryImageOfPage\":{\"@id\":\"https:\/\/portaltela.pt\/noticias\/2026\/04\/10\/de-icone-liberal-a-simbolo-do-populismo-orban-encara-eleicoes-dificeis\/#primaryimage\"},\"image\":{\"@id\":\"https:\/\/portaltela.pt\/noticias\/2026\/04\/10\/de-icone-liberal-a-simbolo-do-populismo-orban-encara-eleicoes-dificeis\/#primaryimage\"},\"thumbnailUrl\":\"https:\/\/portaltela.pt\/s.01k8rhncp4jt1\/2026\/04\/1536x864_cmsv2_6f429055-0cd6-5da2-a8b7-80a00572b179-9715517.jpg\",\"datePublished\":\"2026-04-10T11:17:23+00:00\",\"author\":{\"@id\":\"https:\/\/portaltela.pt\/#\/schema\/person\/c4278d4a6028830caff9ee44b42d32ed\"},\"breadcrumb\":{\"@id\":\"https:\/\/portaltela.pt\/noticias\/2026\/04\/10\/de-icone-liberal-a-simbolo-do-populismo-orban-encara-eleicoes-dificeis\/#breadcrumb\"},\"inLanguage\":\"pt-PT\",\"potentialAction\":[{\"@type\":\"ReadAction\",\"target\":[\"https:\/\/portaltela.pt\/noticias\/2026\/04\/10\/de-icone-liberal-a-simbolo-do-populismo-orban-encara-eleicoes-dificeis\/\"]}]},{\"@type\":\"ImageObject\",\"inLanguage\":\"pt-PT\",\"@id\":\"https:\/\/portaltela.pt\/noticias\/2026\/04\/10\/de-icone-liberal-a-simbolo-do-populismo-orban-encara-eleicoes-dificeis\/#primaryimage\",\"url\":\"https:\/\/portaltela.pt\/s.01k8rhncp4jt1\/2026\/04\/1536x864_cmsv2_6f429055-0cd6-5da2-a8b7-80a00572b179-9715517.jpg\",\"contentUrl\":\"https:\/\/portaltela.pt\/s.01k8rhncp4jt1\/2026\/04\/1536x864_cmsv2_6f429055-0cd6-5da2-a8b7-80a00572b179-9715517.jpg\",\"width\":796,\"height\":448,\"caption\":\"O primeiro-ministro h\u00fangaro, Viktor Orb\u00e1n, faz campanha em Debrecen a 9 de abril de 2026.\"},{\"@type\":\"BreadcrumbList\",\"@id\":\"https:\/\/portaltela.pt\/noticias\/2026\/04\/10\/de-icone-liberal-a-simbolo-do-populismo-orban-encara-eleicoes-dificeis\/#breadcrumb\",\"itemListElement\":[{\"@type\":\"ListItem\",\"position\":1,\"name\":\"In\u00edcio\",\"item\":\"https:\/\/portaltela.pt\/\"},{\"@type\":\"ListItem\",\"position\":2,\"name\":\"De \u00edcone liberal a s\u00edmbolo do populismo, Orb\u00e1n encara elei\u00e7\u00f5es dif\u00edceis\"}]},{\"@type\":\"WebSite\",\"@id\":\"https:\/\/portaltela.pt\/#website\",\"url\":\"https:\/\/portaltela.pt\/\",\"name\":\"Portal Tela Portugal\",\"description\":\"\",\"potentialAction\":[{\"@type\":\"SearchAction\",\"target\":{\"@type\":\"EntryPoint\",\"urlTemplate\":\"https:\/\/portaltela.pt\/?s={search_term_string}\"},\"query-input\":{\"@type\":\"PropertyValueSpecification\",\"valueRequired\":true,\"valueName\":\"search_term_string\"}}],\"inLanguage\":\"pt-PT\"},{\"@type\":\"Person\",\"@id\":\"https:\/\/portaltela.pt\/#\/schema\/person\/c4278d4a6028830caff9ee44b42d32ed\",\"name\":\"Telinha\",\"image\":{\"@type\":\"ImageObject\",\"inLanguage\":\"pt-PT\",\"@id\":\"https:\/\/portaltela.pt\/s.01k8rhncp4jt1\/2025\/11\/talking-bot-125x125.png\",\"url\":\"https:\/\/portaltela.pt\/s.01k8rhncp4jt1\/2025\/11\/talking-bot-125x125.png\",\"contentUrl\":\"https:\/\/portaltela.pt\/s.01k8rhncp4jt1\/2025\/11\/talking-bot-125x125.png\",\"caption\":\"Telinha\"},\"sameAs\":[\"https:\/\/portaltela.pt\/\"],\"url\":\"https:\/\/portaltela.pt\/por\/367410592786\/\"}]}<\/script>\n<!-- \/ Yoast SEO plugin. -->","yoast_head_json":{"title":"De \u00edcone liberal a s\u00edmbolo do populismo, Orb\u00e1n encara elei\u00e7\u00f5es dif\u00edceis - Portal Tela Portugal","robots":{"index":"index","follow":"follow","max-snippet":"max-snippet:-1","max-image-preview":"max-image-preview:large","max-video-preview":"max-video-preview:-1"},"og_locale":"pt_PT","og_type":"article","og_title":"De \u00edcone liberal a s\u00edmbolo do populismo, Orb\u00e1n encara elei\u00e7\u00f5es dif\u00edceis - Portal Tela Portugal","og_description":"Viktor Orb\u00e1n come\u00e7ou como ativista estudantil contra a ditadura e ganhou destaque em 1989 ao pedir a retirada das tropas russas, num funeral pelos m\u00e1rtires de 1956. O Fidesz passou de liberal radical a liberal conservador, e Orb\u00e1n tornou-se o mais jovem primeiro-ministro da Europa aos 35 anos, em 1998. A partir de 2010, o governo reformou o sistema estatal, consolidou o poder, criou uma nova Constitui\u00e7\u00e3o e redesenhou o mapa eleitoral para favorecer o Fidesz; venceu elei\u00e7\u00f5es em 2010, 2014, 2018 e 2022. Em 2014, Orb\u00e1n descreveu o Estado h\u00fangaro como iliberal, afastando-se do liberalismo democr\u00e1tico e promovendo uma abertura a leste. At\u00e9 2026, Orb\u00e1n alinhou-se com figuras e partidos antiestablishment na Europa, mantendo rela\u00e7\u00f5es com Putin, Erdogan e Xi Jinping, enquanto as disputas com a UE agravaram-se e surgiram d\u00favidas sobre o compromisso com a NATO\/UE.","og_url":"https:\/\/portaltela.pt\/noticias\/2026\/04\/10\/de-icone-liberal-a-simbolo-do-populismo-orban-encara-eleicoes-dificeis\/","og_site_name":"Portal Tela Portugal","article_published_time":"2026-04-10T11:17:23+00:00","author":"Telinha","twitter_card":"summary_large_image","twitter_misc":{"Escrito por":"Telinha","Tempo estimado de leitura":"1 minuto"},"schema":{"@context":"https:\/\/schema.org","@graph":[{"@type":"Article","@id":"https:\/\/portaltela.pt\/noticias\/2026\/04\/10\/de-icone-liberal-a-simbolo-do-populismo-orban-encara-eleicoes-dificeis\/#article","isPartOf":{"@id":"https:\/\/portaltela.pt\/noticias\/2026\/04\/10\/de-icone-liberal-a-simbolo-do-populismo-orban-encara-eleicoes-dificeis\/"},"author":{"name":"Telinha","@id":"https:\/\/portaltela.pt\/#\/schema\/person\/c4278d4a6028830caff9ee44b42d32ed"},"headline":"De \u00edcone liberal a s\u00edmbolo do populismo, Orb\u00e1n encara elei\u00e7\u00f5es dif\u00edceis","datePublished":"2026-04-10T11:17:23+00:00","mainEntityOfPage":{"@id":"https:\/\/portaltela.pt\/noticias\/2026\/04\/10\/de-icone-liberal-a-simbolo-do-populismo-orban-encara-eleicoes-dificeis\/"},"wordCount":297,"image":{"@id":"https:\/\/portaltela.pt\/noticias\/2026\/04\/10\/de-icone-liberal-a-simbolo-do-populismo-orban-encara-eleicoes-dificeis\/#primaryimage"},"thumbnailUrl":"https:\/\/portaltela.pt\/s.01k8rhncp4jt1\/2026\/04\/1536x864_cmsv2_6f429055-0cd6-5da2-a8b7-80a00572b179-9715517.jpg","keywords":["a Hungria","direita","elei\u00e7\u00f5es","migra\u00e7\u00e3o","pol\u00edtica externa","pol\u00edtica internacional"],"articleSection":["Geopol\u00edtica"],"inLanguage":"pt-PT"},{"@type":"WebPage","@id":"https:\/\/portaltela.pt\/noticias\/2026\/04\/10\/de-icone-liberal-a-simbolo-do-populismo-orban-encara-eleicoes-dificeis\/","url":"https:\/\/portaltela.pt\/noticias\/2026\/04\/10\/de-icone-liberal-a-simbolo-do-populismo-orban-encara-eleicoes-dificeis\/","name":"De \u00edcone liberal a s\u00edmbolo do populismo, Orb\u00e1n encara elei\u00e7\u00f5es dif\u00edceis - Portal Tela Portugal","isPartOf":{"@id":"https:\/\/portaltela.pt\/#website"},"primaryImageOfPage":{"@id":"https:\/\/portaltela.pt\/noticias\/2026\/04\/10\/de-icone-liberal-a-simbolo-do-populismo-orban-encara-eleicoes-dificeis\/#primaryimage"},"image":{"@id":"https:\/\/portaltela.pt\/noticias\/2026\/04\/10\/de-icone-liberal-a-simbolo-do-populismo-orban-encara-eleicoes-dificeis\/#primaryimage"},"thumbnailUrl":"https:\/\/portaltela.pt\/s.01k8rhncp4jt1\/2026\/04\/1536x864_cmsv2_6f429055-0cd6-5da2-a8b7-80a00572b179-9715517.jpg","datePublished":"2026-04-10T11:17:23+00:00","author":{"@id":"https:\/\/portaltela.pt\/#\/schema\/person\/c4278d4a6028830caff9ee44b42d32ed"},"breadcrumb":{"@id":"https:\/\/portaltela.pt\/noticias\/2026\/04\/10\/de-icone-liberal-a-simbolo-do-populismo-orban-encara-eleicoes-dificeis\/#breadcrumb"},"inLanguage":"pt-PT","potentialAction":[{"@type":"ReadAction","target":["https:\/\/portaltela.pt\/noticias\/2026\/04\/10\/de-icone-liberal-a-simbolo-do-populismo-orban-encara-eleicoes-dificeis\/"]}]},{"@type":"ImageObject","inLanguage":"pt-PT","@id":"https:\/\/portaltela.pt\/noticias\/2026\/04\/10\/de-icone-liberal-a-simbolo-do-populismo-orban-encara-eleicoes-dificeis\/#primaryimage","url":"https:\/\/portaltela.pt\/s.01k8rhncp4jt1\/2026\/04\/1536x864_cmsv2_6f429055-0cd6-5da2-a8b7-80a00572b179-9715517.jpg","contentUrl":"https:\/\/portaltela.pt\/s.01k8rhncp4jt1\/2026\/04\/1536x864_cmsv2_6f429055-0cd6-5da2-a8b7-80a00572b179-9715517.jpg","width":796,"height":448,"caption":"O primeiro-ministro h\u00fangaro, Viktor Orb\u00e1n, faz campanha em Debrecen a 9 de abril de 2026."},{"@type":"BreadcrumbList","@id":"https:\/\/portaltela.pt\/noticias\/2026\/04\/10\/de-icone-liberal-a-simbolo-do-populismo-orban-encara-eleicoes-dificeis\/#breadcrumb","itemListElement":[{"@type":"ListItem","position":1,"name":"In\u00edcio","item":"https:\/\/portaltela.pt\/"},{"@type":"ListItem","position":2,"name":"De \u00edcone liberal a s\u00edmbolo do populismo, Orb\u00e1n encara elei\u00e7\u00f5es dif\u00edceis"}]},{"@type":"WebSite","@id":"https:\/\/portaltela.pt\/#website","url":"https:\/\/portaltela.pt\/","name":"Portal Tela Portugal","description":"","potentialAction":[{"@type":"SearchAction","target":{"@type":"EntryPoint","urlTemplate":"https:\/\/portaltela.pt\/?s={search_term_string}"},"query-input":{"@type":"PropertyValueSpecification","valueRequired":true,"valueName":"search_term_string"}}],"inLanguage":"pt-PT"},{"@type":"Person","@id":"https:\/\/portaltela.pt\/#\/schema\/person\/c4278d4a6028830caff9ee44b42d32ed","name":"Telinha","image":{"@type":"ImageObject","inLanguage":"pt-PT","@id":"https:\/\/portaltela.pt\/s.01k8rhncp4jt1\/2025\/11\/talking-bot-125x125.png","url":"https:\/\/portaltela.pt\/s.01k8rhncp4jt1\/2025\/11\/talking-bot-125x125.png","contentUrl":"https:\/\/portaltela.pt\/s.01k8rhncp4jt1\/2025\/11\/talking-bot-125x125.png","caption":"Telinha"},"sameAs":["https:\/\/portaltela.pt\/"],"url":"https:\/\/portaltela.pt\/por\/367410592786\/"}]}},"_links":{"self":[{"href":"https:\/\/portaltela.pt\/api\/wp\/v2\/posts\/439171","targetHints":{"allow":["GET"]}}],"collection":[{"href":"https:\/\/portaltela.pt\/api\/wp\/v2\/posts"}],"about":[{"href":"https:\/\/portaltela.pt\/api\/wp\/v2\/types\/post"}],"author":[{"embeddable":true,"href":"https:\/\/portaltela.pt\/api\/wp\/v2\/users\/2"}],"replies":[{"embeddable":true,"href":"https:\/\/portaltela.pt\/api\/wp\/v2\/comments?post=439171"}],"version-history":[{"count":0,"href":"https:\/\/portaltela.pt\/api\/wp\/v2\/posts\/439171\/revisions"}],"wp:featuredmedia":[{"embeddable":true,"href":"https:\/\/portaltela.pt\/api\/wp\/v2\/media\/439177"}],"wp:attachment":[{"href":"https:\/\/portaltela.pt\/api\/wp\/v2\/media?parent=439171"}],"wp:term":[{"taxonomy":"category","embeddable":true,"href":"https:\/\/portaltela.pt\/api\/wp\/v2\/categories?post=439171"},{"taxonomy":"post_tag","embeddable":true,"href":"https:\/\/portaltela.pt\/api\/wp\/v2\/tags?post=439171"}],"curies":[{"name":"wp","href":"https:\/\/api.w.org\/{rel}","templated":true}]}}