{"id":439162,"date":"2026-04-10T08:17:17","date_gmt":"2026-04-10T11:17:17","guid":{"rendered":"https:\/\/portaltela.pt\/noticias\/2026\/04\/10\/liga-convoca-ag-extraordinaria-para-votar-proposta-de-direitos-audiovisuais\/"},"modified":"2026-04-10T08:17:17","modified_gmt":"2026-04-10T11:17:17","slug":"liga-convoca-ag-extraordinaria-para-votar-proposta-de-direitos-audiovisuais","status":"publish","type":"post","link":"https:\/\/portaltela.pt\/desporto\/futebol\/2026\/04\/10\/liga-convoca-ag-extraordinaria-para-votar-proposta-de-direitos-audiovisuais\/","title":{"rendered":"Liga convoca AG extraordin\u00e1ria para votar proposta de direitos audiovisuais"},"content":{"rendered":"<p>A Liga convocou uma Assembleia Geral extraordin\u00e1ria para votar o Procedimento para Comercializa\u00e7\u00e3o dos direitos audiovisuais da Liga Portugal I e II para o mercado dom\u00e9stico. A reuni\u00e3o visa a aprecia\u00e7\u00e3o, discuss\u00e3o e vota\u00e7\u00e3o da proposta.<\/p>\n<p>O encontro est\u00e1 marcado para 17 de abril, \u00e0s 15h, na Arena Liga Portugal. A decis\u00e3o ocorre no \u00e2mbito das competi\u00e7\u00f5es nacionais e da gest\u00e3o dos direitos de transmiss\u00e3o.<\/p>\n<p>Segundo o comunicado oficial, o objetivo \u00e9 apreciar a proposta e tratar de outros assuntos de interesse associativo, sem adiantar conte\u00fados espec\u00edficos al\u00e9m da agenda publicada.<\/p>\n<h3>Pontos em pauta<\/h3>\n<p>Entre os itens em discuss\u00e3o est\u00e1 a proposta de direitos televisivos para o mercado dom\u00e9stico. A Liga Portugal aponta que a reuni\u00e3o tamb\u00e9m contemplar\u00e1 outros temas relevantes para a associa\u00e7\u00e3o, sem detalhar nomes ou intervenientes.<\/p>\n","protected":false},"excerpt":{"rendered":"<ul>\n<li>A Liga convocou uma Assembleia Geral extraordin\u00e1ria para o dia 17 de abril.<\/li>\n<li>O objetivo \u00e9 a aprecia\u00e7\u00e3o, discuss\u00e3o e vota\u00e7\u00e3o da proposta de Procedimento para Comercializa\u00e7\u00e3o dos direitos audiovisuais da Liga Portugal I e Liga Portugal II para o mercado dom\u00e9stico.<\/li>\n<li>A reuni\u00e3o realiza-se \u00e0s 15 horas na Arena Liga Portugal.<\/li>\n<li>Na ordem de trabalho est\u00e3o dois pontos: a proposta dos direitos televisivos e outros assuntos de interesse associativo.<\/li>\n<\/ul>\n","protected":false},"author":2,"featured_media":439166,"comment_status":"closed","ping_status":"closed","sticky":false,"template":"","format":"standard","meta":{"footnotes":""},"categories":[21,24],"tags":[7755,4143,2937,152,1786],"class_list":["post-439162","post","type-post","status-publish","format-standard","has-post-thumbnail","hentry","category-desporto","category-futebol","tag-_futebol","tag-1-liga","tag-assembleia-geral","tag-desporto","tag-liga"],"yoast_head":"<!-- This site is optimized with the Yoast SEO plugin v27.2 - https:\/\/yoast.com\/product\/yoast-seo-wordpress\/ -->\n<title>Liga convoca AG extraordin\u00e1ria para votar proposta de direitos audiovisuais - Portal Tela Portugal<\/title>\n<meta name=\"robots\" content=\"index, follow, max-snippet:-1, max-image-preview:large, max-video-preview:-1\" \/>\n<meta property=\"og:locale\" content=\"pt_PT\" \/>\n<meta property=\"og:type\" content=\"article\" \/>\n<meta property=\"og:title\" content=\"Liga convoca AG extraordin\u00e1ria para votar proposta de direitos audiovisuais - Portal Tela Portugal\" \/>\n<meta property=\"og:description\" content=\"A Liga convocou uma Assembleia Geral extraordin\u00e1ria para o dia 17 de abril. O objetivo \u00e9 a aprecia\u00e7\u00e3o, discuss\u00e3o e vota\u00e7\u00e3o da proposta de Procedimento para Comercializa\u00e7\u00e3o dos direitos audiovisuais da Liga Portugal I e Liga Portugal II para o mercado dom\u00e9stico. A reuni\u00e3o realiza-se \u00e0s 15 horas na Arena Liga Portugal. Na ordem de trabalho est\u00e3o dois pontos: a proposta dos direitos televisivos e outros assuntos de interesse associativo.\" \/>\n<meta property=\"og:url\" content=\"https:\/\/portaltela.pt\/noticias\/2026\/04\/10\/liga-convoca-ag-extraordinaria-para-votar-proposta-de-direitos-audiovisuais\/\" \/>\n<meta property=\"og:site_name\" content=\"Portal Tela Portugal\" \/>\n<meta property=\"article:published_time\" content=\"2026-04-10T11:17:17+00:00\" \/>\n<meta name=\"author\" content=\"Telinha\" \/>\n<meta name=\"twitter:card\" content=\"summary_large_image\" \/>\n<meta name=\"twitter:label1\" content=\"Escrito por\" \/>\n\t<meta name=\"twitter:data1\" content=\"Telinha\" \/>\n\t<meta name=\"twitter:label2\" content=\"Tempo estimado de leitura\" \/>\n\t<meta name=\"twitter:data2\" content=\"1 minuto\" \/>\n<script type=\"application\/ld+json\" class=\"yoast-schema-graph\">{\"@context\":\"https:\/\/schema.org\",\"@graph\":[{\"@type\":\"Article\",\"@id\":\"https:\/\/portaltela.pt\/noticias\/2026\/04\/10\/liga-convoca-ag-extraordinaria-para-votar-proposta-de-direitos-audiovisuais\/#article\",\"isPartOf\":{\"@id\":\"https:\/\/portaltela.pt\/noticias\/2026\/04\/10\/liga-convoca-ag-extraordinaria-para-votar-proposta-de-direitos-audiovisuais\/\"},\"author\":{\"name\":\"Telinha\",\"@id\":\"https:\/\/portaltela.pt\/#\/schema\/person\/c4278d4a6028830caff9ee44b42d32ed\"},\"headline\":\"Liga convoca AG extraordin\u00e1ria para votar proposta de direitos audiovisuais\",\"datePublished\":\"2026-04-10T11:17:17+00:00\",\"mainEntityOfPage\":{\"@id\":\"https:\/\/portaltela.pt\/noticias\/2026\/04\/10\/liga-convoca-ag-extraordinaria-para-votar-proposta-de-direitos-audiovisuais\/\"},\"wordCount\":157,\"image\":{\"@id\":\"https:\/\/portaltela.pt\/noticias\/2026\/04\/10\/liga-convoca-ag-extraordinaria-para-votar-proposta-de-direitos-audiovisuais\/#primaryimage\"},\"thumbnailUrl\":\"https:\/\/portaltela.pt\/s.01k8rhncp4jt1\/2026\/04\/img_920x518uu2026-04-10-12-06-29-2432144.jpg\",\"keywords\":[\"_futebol\",\"1. Liga\",\"Assembleia Geral\",\"desporto\",\"Liga\"],\"articleSection\":[\"Desporto\",\"Futebol\"],\"inLanguage\":\"pt-PT\"},{\"@type\":\"WebPage\",\"@id\":\"https:\/\/portaltela.pt\/noticias\/2026\/04\/10\/liga-convoca-ag-extraordinaria-para-votar-proposta-de-direitos-audiovisuais\/\",\"url\":\"https:\/\/portaltela.pt\/noticias\/2026\/04\/10\/liga-convoca-ag-extraordinaria-para-votar-proposta-de-direitos-audiovisuais\/\",\"name\":\"Liga convoca AG extraordin\u00e1ria para votar proposta de direitos audiovisuais - Portal Tela Portugal\",\"isPartOf\":{\"@id\":\"https:\/\/portaltela.pt\/#website\"},\"primaryImageOfPage\":{\"@id\":\"https:\/\/portaltela.pt\/noticias\/2026\/04\/10\/liga-convoca-ag-extraordinaria-para-votar-proposta-de-direitos-audiovisuais\/#primaryimage\"},\"image\":{\"@id\":\"https:\/\/portaltela.pt\/noticias\/2026\/04\/10\/liga-convoca-ag-extraordinaria-para-votar-proposta-de-direitos-audiovisuais\/#primaryimage\"},\"thumbnailUrl\":\"https:\/\/portaltela.pt\/s.01k8rhncp4jt1\/2026\/04\/img_920x518uu2026-04-10-12-06-29-2432144.jpg\",\"datePublished\":\"2026-04-10T11:17:17+00:00\",\"author\":{\"@id\":\"https:\/\/portaltela.pt\/#\/schema\/person\/c4278d4a6028830caff9ee44b42d32ed\"},\"breadcrumb\":{\"@id\":\"https:\/\/portaltela.pt\/noticias\/2026\/04\/10\/liga-convoca-ag-extraordinaria-para-votar-proposta-de-direitos-audiovisuais\/#breadcrumb\"},\"inLanguage\":\"pt-PT\",\"potentialAction\":[{\"@type\":\"ReadAction\",\"target\":[\"https:\/\/portaltela.pt\/noticias\/2026\/04\/10\/liga-convoca-ag-extraordinaria-para-votar-proposta-de-direitos-audiovisuais\/\"]}]},{\"@type\":\"ImageObject\",\"inLanguage\":\"pt-PT\",\"@id\":\"https:\/\/portaltela.pt\/noticias\/2026\/04\/10\/liga-convoca-ag-extraordinaria-para-votar-proposta-de-direitos-audiovisuais\/#primaryimage\",\"url\":\"https:\/\/portaltela.pt\/s.01k8rhncp4jt1\/2026\/04\/img_920x518uu2026-04-10-12-06-29-2432144.jpg\",\"contentUrl\":\"https:\/\/portaltela.pt\/s.01k8rhncp4jt1\/2026\/04\/img_920x518uu2026-04-10-12-06-29-2432144.jpg\",\"width\":796,\"height\":448,\"caption\":\"Direitos televisivos discutidos este m\u00eas\"},{\"@type\":\"BreadcrumbList\",\"@id\":\"https:\/\/portaltela.pt\/noticias\/2026\/04\/10\/liga-convoca-ag-extraordinaria-para-votar-proposta-de-direitos-audiovisuais\/#breadcrumb\",\"itemListElement\":[{\"@type\":\"ListItem\",\"position\":1,\"name\":\"In\u00edcio\",\"item\":\"https:\/\/portaltela.pt\/\"},{\"@type\":\"ListItem\",\"position\":2,\"name\":\"Liga convoca AG extraordin\u00e1ria para votar proposta de direitos audiovisuais\"}]},{\"@type\":\"WebSite\",\"@id\":\"https:\/\/portaltela.pt\/#website\",\"url\":\"https:\/\/portaltela.pt\/\",\"name\":\"Portal Tela Portugal\",\"description\":\"\",\"potentialAction\":[{\"@type\":\"SearchAction\",\"target\":{\"@type\":\"EntryPoint\",\"urlTemplate\":\"https:\/\/portaltela.pt\/?s={search_term_string}\"},\"query-input\":{\"@type\":\"PropertyValueSpecification\",\"valueRequired\":true,\"valueName\":\"search_term_string\"}}],\"inLanguage\":\"pt-PT\"},{\"@type\":\"Person\",\"@id\":\"https:\/\/portaltela.pt\/#\/schema\/person\/c4278d4a6028830caff9ee44b42d32ed\",\"name\":\"Telinha\",\"image\":{\"@type\":\"ImageObject\",\"inLanguage\":\"pt-PT\",\"@id\":\"https:\/\/portaltela.pt\/s.01k8rhncp4jt1\/2025\/11\/talking-bot-125x125.png\",\"url\":\"https:\/\/portaltela.pt\/s.01k8rhncp4jt1\/2025\/11\/talking-bot-125x125.png\",\"contentUrl\":\"https:\/\/portaltela.pt\/s.01k8rhncp4jt1\/2025\/11\/talking-bot-125x125.png\",\"caption\":\"Telinha\"},\"sameAs\":[\"https:\/\/portaltela.pt\/\"],\"url\":\"https:\/\/portaltela.pt\/por\/367410592786\/\"}]}<\/script>\n<!-- \/ Yoast SEO plugin. -->","yoast_head_json":{"title":"Liga convoca AG extraordin\u00e1ria para votar proposta de direitos audiovisuais - Portal Tela Portugal","robots":{"index":"index","follow":"follow","max-snippet":"max-snippet:-1","max-image-preview":"max-image-preview:large","max-video-preview":"max-video-preview:-1"},"og_locale":"pt_PT","og_type":"article","og_title":"Liga convoca AG extraordin\u00e1ria para votar proposta de direitos audiovisuais - Portal Tela Portugal","og_description":"A Liga convocou uma Assembleia Geral extraordin\u00e1ria para o dia 17 de abril. O objetivo \u00e9 a aprecia\u00e7\u00e3o, discuss\u00e3o e vota\u00e7\u00e3o da proposta de Procedimento para Comercializa\u00e7\u00e3o dos direitos audiovisuais da Liga Portugal I e Liga Portugal II para o mercado dom\u00e9stico. A reuni\u00e3o realiza-se \u00e0s 15 horas na Arena Liga Portugal. Na ordem de trabalho est\u00e3o dois pontos: a proposta dos direitos televisivos e outros assuntos de interesse associativo.","og_url":"https:\/\/portaltela.pt\/noticias\/2026\/04\/10\/liga-convoca-ag-extraordinaria-para-votar-proposta-de-direitos-audiovisuais\/","og_site_name":"Portal Tela Portugal","article_published_time":"2026-04-10T11:17:17+00:00","author":"Telinha","twitter_card":"summary_large_image","twitter_misc":{"Escrito por":"Telinha","Tempo estimado de leitura":"1 minuto"},"schema":{"@context":"https:\/\/schema.org","@graph":[{"@type":"Article","@id":"https:\/\/portaltela.pt\/noticias\/2026\/04\/10\/liga-convoca-ag-extraordinaria-para-votar-proposta-de-direitos-audiovisuais\/#article","isPartOf":{"@id":"https:\/\/portaltela.pt\/noticias\/2026\/04\/10\/liga-convoca-ag-extraordinaria-para-votar-proposta-de-direitos-audiovisuais\/"},"author":{"name":"Telinha","@id":"https:\/\/portaltela.pt\/#\/schema\/person\/c4278d4a6028830caff9ee44b42d32ed"},"headline":"Liga convoca AG extraordin\u00e1ria para votar proposta de direitos audiovisuais","datePublished":"2026-04-10T11:17:17+00:00","mainEntityOfPage":{"@id":"https:\/\/portaltela.pt\/noticias\/2026\/04\/10\/liga-convoca-ag-extraordinaria-para-votar-proposta-de-direitos-audiovisuais\/"},"wordCount":157,"image":{"@id":"https:\/\/portaltela.pt\/noticias\/2026\/04\/10\/liga-convoca-ag-extraordinaria-para-votar-proposta-de-direitos-audiovisuais\/#primaryimage"},"thumbnailUrl":"https:\/\/portaltela.pt\/s.01k8rhncp4jt1\/2026\/04\/img_920x518uu2026-04-10-12-06-29-2432144.jpg","keywords":["_futebol","1. Liga","Assembleia Geral","desporto","Liga"],"articleSection":["Desporto","Futebol"],"inLanguage":"pt-PT"},{"@type":"WebPage","@id":"https:\/\/portaltela.pt\/noticias\/2026\/04\/10\/liga-convoca-ag-extraordinaria-para-votar-proposta-de-direitos-audiovisuais\/","url":"https:\/\/portaltela.pt\/noticias\/2026\/04\/10\/liga-convoca-ag-extraordinaria-para-votar-proposta-de-direitos-audiovisuais\/","name":"Liga convoca AG extraordin\u00e1ria para votar proposta de direitos audiovisuais - Portal Tela Portugal","isPartOf":{"@id":"https:\/\/portaltela.pt\/#website"},"primaryImageOfPage":{"@id":"https:\/\/portaltela.pt\/noticias\/2026\/04\/10\/liga-convoca-ag-extraordinaria-para-votar-proposta-de-direitos-audiovisuais\/#primaryimage"},"image":{"@id":"https:\/\/portaltela.pt\/noticias\/2026\/04\/10\/liga-convoca-ag-extraordinaria-para-votar-proposta-de-direitos-audiovisuais\/#primaryimage"},"thumbnailUrl":"https:\/\/portaltela.pt\/s.01k8rhncp4jt1\/2026\/04\/img_920x518uu2026-04-10-12-06-29-2432144.jpg","datePublished":"2026-04-10T11:17:17+00:00","author":{"@id":"https:\/\/portaltela.pt\/#\/schema\/person\/c4278d4a6028830caff9ee44b42d32ed"},"breadcrumb":{"@id":"https:\/\/portaltela.pt\/noticias\/2026\/04\/10\/liga-convoca-ag-extraordinaria-para-votar-proposta-de-direitos-audiovisuais\/#breadcrumb"},"inLanguage":"pt-PT","potentialAction":[{"@type":"ReadAction","target":["https:\/\/portaltela.pt\/noticias\/2026\/04\/10\/liga-convoca-ag-extraordinaria-para-votar-proposta-de-direitos-audiovisuais\/"]}]},{"@type":"ImageObject","inLanguage":"pt-PT","@id":"https:\/\/portaltela.pt\/noticias\/2026\/04\/10\/liga-convoca-ag-extraordinaria-para-votar-proposta-de-direitos-audiovisuais\/#primaryimage","url":"https:\/\/portaltela.pt\/s.01k8rhncp4jt1\/2026\/04\/img_920x518uu2026-04-10-12-06-29-2432144.jpg","contentUrl":"https:\/\/portaltela.pt\/s.01k8rhncp4jt1\/2026\/04\/img_920x518uu2026-04-10-12-06-29-2432144.jpg","width":796,"height":448,"caption":"Direitos televisivos discutidos este m\u00eas"},{"@type":"BreadcrumbList","@id":"https:\/\/portaltela.pt\/noticias\/2026\/04\/10\/liga-convoca-ag-extraordinaria-para-votar-proposta-de-direitos-audiovisuais\/#breadcrumb","itemListElement":[{"@type":"ListItem","position":1,"name":"In\u00edcio","item":"https:\/\/portaltela.pt\/"},{"@type":"ListItem","position":2,"name":"Liga convoca AG extraordin\u00e1ria para votar proposta de direitos audiovisuais"}]},{"@type":"WebSite","@id":"https:\/\/portaltela.pt\/#website","url":"https:\/\/portaltela.pt\/","name":"Portal Tela Portugal","description":"","potentialAction":[{"@type":"SearchAction","target":{"@type":"EntryPoint","urlTemplate":"https:\/\/portaltela.pt\/?s={search_term_string}"},"query-input":{"@type":"PropertyValueSpecification","valueRequired":true,"valueName":"search_term_string"}}],"inLanguage":"pt-PT"},{"@type":"Person","@id":"https:\/\/portaltela.pt\/#\/schema\/person\/c4278d4a6028830caff9ee44b42d32ed","name":"Telinha","image":{"@type":"ImageObject","inLanguage":"pt-PT","@id":"https:\/\/portaltela.pt\/s.01k8rhncp4jt1\/2025\/11\/talking-bot-125x125.png","url":"https:\/\/portaltela.pt\/s.01k8rhncp4jt1\/2025\/11\/talking-bot-125x125.png","contentUrl":"https:\/\/portaltela.pt\/s.01k8rhncp4jt1\/2025\/11\/talking-bot-125x125.png","caption":"Telinha"},"sameAs":["https:\/\/portaltela.pt\/"],"url":"https:\/\/portaltela.pt\/por\/367410592786\/"}]}},"_links":{"self":[{"href":"https:\/\/portaltela.pt\/api\/wp\/v2\/posts\/439162","targetHints":{"allow":["GET"]}}],"collection":[{"href":"https:\/\/portaltela.pt\/api\/wp\/v2\/posts"}],"about":[{"href":"https:\/\/portaltela.pt\/api\/wp\/v2\/types\/post"}],"author":[{"embeddable":true,"href":"https:\/\/portaltela.pt\/api\/wp\/v2\/users\/2"}],"replies":[{"embeddable":true,"href":"https:\/\/portaltela.pt\/api\/wp\/v2\/comments?post=439162"}],"version-history":[{"count":0,"href":"https:\/\/portaltela.pt\/api\/wp\/v2\/posts\/439162\/revisions"}],"wp:featuredmedia":[{"embeddable":true,"href":"https:\/\/portaltela.pt\/api\/wp\/v2\/media\/439166"}],"wp:attachment":[{"href":"https:\/\/portaltela.pt\/api\/wp\/v2\/media?parent=439162"}],"wp:term":[{"taxonomy":"category","embeddable":true,"href":"https:\/\/portaltela.pt\/api\/wp\/v2\/categories?post=439162"},{"taxonomy":"post_tag","embeddable":true,"href":"https:\/\/portaltela.pt\/api\/wp\/v2\/tags?post=439162"}],"curies":[{"name":"wp","href":"https:\/\/api.w.org\/{rel}","templated":true}]}}