{"id":439161,"date":"2026-04-10T08:17:16","date_gmt":"2026-04-10T11:17:16","guid":{"rendered":"https:\/\/portaltela.pt\/noticias\/2026\/04\/10\/primeira-ministra-do-japao-entusiasma-se-ao-conhecer-a-banda-deep-purple\/"},"modified":"2026-04-10T08:17:16","modified_gmt":"2026-04-10T11:17:16","slug":"primeira-ministra-do-japao-entusiasma-se-ao-conhecer-a-banda-deep-purple","status":"publish","type":"post","link":"https:\/\/portaltela.pt\/musica\/2026\/04\/10\/primeira-ministra-do-japao-entusiasma-se-ao-conhecer-a-banda-deep-purple\/","title":{"rendered":"Primeira-ministra do Jap\u00e3o entusiasma-se ao conhecer a banda Deep Purple"},"content":{"rendered":"<p>A primeira-ministra do Jap\u00e3o, Sanae Takaichi, recebeu hoje em T\u00f3quio os integrantes da banda Deep Purple. O encontro ocorreu na resid\u00eancia oficial do Governo, pela manh\u00e3, e integrou uma troca de cumprimentos entre o executivo japon\u00eas e m\u00fasicos brit\u00e2nicos.<\/p>\n<p>Segundo a nota oficial, Takaichi demonstrou entusiasmo pela visita e destacou ser f\u00e3 de longa data da banda, formada em 1968 e conhecida por temas como Smoke on the Water e Highway Star. A l\u00edder japonesa comentou que costuma ouvir uma m\u00fasica do grupo em momentos de irrita\u00e7\u00e3o com o marido.<\/p>\n<p>O Deep Purple est\u00e1 em T\u00f3quio para uma s\u00e9rie de shows e eventos culturais, marcados para os pr\u00f3ximos dias. A visita refor\u00e7ou, segundo a assessoria, la\u00e7os entre Jap\u00e3o e o Reino Unido, pa\u00eds de origem da banda. Os f\u00e3s aproveitaram para registrar o momento e pedir aut\u00f3grafos.<\/p>\n<h3>Visita e repercuss\u00e3o<\/h3>\n<p>A banda agradeceu a recep\u00e7\u00e3o calorosa e afirmou que foi uma honra conhecer a primeira-ministra. O vocalista Ian Gillan declarou que a experi\u00eancia foi inesquec\u00edvel e motivou mais encontros entre artistas e autoridades.<\/p>\n<p>A agenda de apresenta\u00e7\u00e3o do Deep Purple em T\u00f3quio segue at\u00e9 o final da semana, com espet\u00e1culos programados e participa\u00e7\u00e3o em eventos culturais locais. A not\u00edcia atraiu aten\u00e7\u00e3o de f\u00e3s e ve\u00edculos de imprensa.<\/p>\n","protected":false},"excerpt":{"rendered":"<ul>\n<li>A primeira-ministra do Jap\u00e3o, Sanae Takaichi, recebeu os membros do Deep Purple na resid\u00eancia oficial em T\u00f3quio.<\/li>\n<li>Takaichi mostrou entusiasmo e afirmou ser f\u00e3 da banda h\u00e1 muitos anos.<\/li>\n<li>Disse ainda que costuma ouvir uma m\u00fasica do Deep Purple quando se chateia com o marido.<\/li>\n<li>A visita ocorreu nesta sexta-feira, com a presen\u00e7a de v\u00e1rios membros do governo, enquanto a banda est\u00e1 em T\u00f3quio para uma s\u00e9rie de shows e eventos culturais.<\/li>\n<li>O vocalista Ian Gillan classificou a experi\u00eancia como inesquec\u00edvel; o grupo permanece em T\u00f3quio at\u00e9 ao final da semana.<\/li>\n<\/ul>\n","protected":false},"author":2,"featured_media":439167,"comment_status":"closed","ping_status":"closed","sticky":false,"template":"","format":"standard","meta":{"footnotes":""},"categories":[12,6676],"tags":[7756,5064,593,2958,122,2111],"class_list":["post-439161","post","type-post","status-publish","format-standard","has-post-thumbnail","hentry","category-entretenimento","category-musica","tag-_cultura","tag-artistas-internacionais","tag-concertos","tag-eventos-internacionais","tag-musica","tag-reino-unido"],"yoast_head":"<!-- This site is optimized with the Yoast SEO plugin v27.2 - https:\/\/yoast.com\/product\/yoast-seo-wordpress\/ -->\n<title>Primeira-ministra do Jap\u00e3o entusiasma-se ao conhecer a banda Deep Purple - Portal Tela Portugal<\/title>\n<meta name=\"robots\" content=\"index, follow, max-snippet:-1, max-image-preview:large, max-video-preview:-1\" \/>\n<meta property=\"og:locale\" content=\"pt_PT\" \/>\n<meta property=\"og:type\" content=\"article\" \/>\n<meta property=\"og:title\" content=\"Primeira-ministra do Jap\u00e3o entusiasma-se ao conhecer a banda Deep Purple - Portal Tela Portugal\" \/>\n<meta property=\"og:description\" content=\"A primeira-ministra do Jap\u00e3o, Sanae Takaichi, recebeu os membros do Deep Purple na resid\u00eancia oficial em T\u00f3quio. Takaichi mostrou entusiasmo e afirmou ser f\u00e3 da banda h\u00e1 muitos anos. Disse ainda que costuma ouvir uma m\u00fasica do Deep Purple quando se chateia com o marido. A visita ocorreu nesta sexta-feira, com a presen\u00e7a de v\u00e1rios membros do governo, enquanto a banda est\u00e1 em T\u00f3quio para uma s\u00e9rie de shows e eventos culturais. O vocalista Ian Gillan classificou a experi\u00eancia como inesquec\u00edvel; o grupo permanece em T\u00f3quio at\u00e9 ao final da semana.\" \/>\n<meta property=\"og:url\" content=\"https:\/\/portaltela.pt\/noticias\/2026\/04\/10\/primeira-ministra-do-japao-entusiasma-se-ao-conhecer-a-banda-deep-purple\/\" \/>\n<meta property=\"og:site_name\" content=\"Portal Tela Portugal\" \/>\n<meta property=\"article:published_time\" content=\"2026-04-10T11:17:16+00:00\" \/>\n<meta name=\"author\" content=\"Telinha\" \/>\n<meta name=\"twitter:card\" content=\"summary_large_image\" \/>\n<meta name=\"twitter:label1\" content=\"Escrito por\" \/>\n\t<meta name=\"twitter:data1\" content=\"Telinha\" \/>\n\t<meta name=\"twitter:label2\" content=\"Tempo estimado de leitura\" \/>\n\t<meta name=\"twitter:data2\" content=\"1 minuto\" \/>\n<script type=\"application\/ld+json\" class=\"yoast-schema-graph\">{\"@context\":\"https:\/\/schema.org\",\"@graph\":[{\"@type\":\"Article\",\"@id\":\"https:\/\/portaltela.pt\/noticias\/2026\/04\/10\/primeira-ministra-do-japao-entusiasma-se-ao-conhecer-a-banda-deep-purple\/#article\",\"isPartOf\":{\"@id\":\"https:\/\/portaltela.pt\/noticias\/2026\/04\/10\/primeira-ministra-do-japao-entusiasma-se-ao-conhecer-a-banda-deep-purple\/\"},\"author\":{\"name\":\"Telinha\",\"@id\":\"https:\/\/portaltela.pt\/#\/schema\/person\/c4278d4a6028830caff9ee44b42d32ed\"},\"headline\":\"Primeira-ministra do Jap\u00e3o entusiasma-se ao conhecer a banda Deep Purple\",\"datePublished\":\"2026-04-10T11:17:16+00:00\",\"mainEntityOfPage\":{\"@id\":\"https:\/\/portaltela.pt\/noticias\/2026\/04\/10\/primeira-ministra-do-japao-entusiasma-se-ao-conhecer-a-banda-deep-purple\/\"},\"wordCount\":247,\"image\":{\"@id\":\"https:\/\/portaltela.pt\/noticias\/2026\/04\/10\/primeira-ministra-do-japao-entusiasma-se-ao-conhecer-a-banda-deep-purple\/#primaryimage\"},\"thumbnailUrl\":\"https:\/\/portaltela.pt\/s.01k8rhncp4jt1\/2026\/04\/img_1280x722uu2026-04-10-11-58-35-2277652.jpg\",\"keywords\":[\"_cultura\",\"artistas internacionais\",\"concertos\",\"eventos internacionais\",\"m\u00fasica\",\"Reino Unido\"],\"articleSection\":[\"Entretenimento\",\"M\u00fasica\"],\"inLanguage\":\"pt-PT\"},{\"@type\":\"WebPage\",\"@id\":\"https:\/\/portaltela.pt\/noticias\/2026\/04\/10\/primeira-ministra-do-japao-entusiasma-se-ao-conhecer-a-banda-deep-purple\/\",\"url\":\"https:\/\/portaltela.pt\/noticias\/2026\/04\/10\/primeira-ministra-do-japao-entusiasma-se-ao-conhecer-a-banda-deep-purple\/\",\"name\":\"Primeira-ministra do Jap\u00e3o entusiasma-se ao conhecer a banda Deep Purple - Portal Tela Portugal\",\"isPartOf\":{\"@id\":\"https:\/\/portaltela.pt\/#website\"},\"primaryImageOfPage\":{\"@id\":\"https:\/\/portaltela.pt\/noticias\/2026\/04\/10\/primeira-ministra-do-japao-entusiasma-se-ao-conhecer-a-banda-deep-purple\/#primaryimage\"},\"image\":{\"@id\":\"https:\/\/portaltela.pt\/noticias\/2026\/04\/10\/primeira-ministra-do-japao-entusiasma-se-ao-conhecer-a-banda-deep-purple\/#primaryimage\"},\"thumbnailUrl\":\"https:\/\/portaltela.pt\/s.01k8rhncp4jt1\/2026\/04\/img_1280x722uu2026-04-10-11-58-35-2277652.jpg\",\"datePublished\":\"2026-04-10T11:17:16+00:00\",\"author\":{\"@id\":\"https:\/\/portaltela.pt\/#\/schema\/person\/c4278d4a6028830caff9ee44b42d32ed\"},\"breadcrumb\":{\"@id\":\"https:\/\/portaltela.pt\/noticias\/2026\/04\/10\/primeira-ministra-do-japao-entusiasma-se-ao-conhecer-a-banda-deep-purple\/#breadcrumb\"},\"inLanguage\":\"pt-PT\",\"potentialAction\":[{\"@type\":\"ReadAction\",\"target\":[\"https:\/\/portaltela.pt\/noticias\/2026\/04\/10\/primeira-ministra-do-japao-entusiasma-se-ao-conhecer-a-banda-deep-purple\/\"]}]},{\"@type\":\"ImageObject\",\"inLanguage\":\"pt-PT\",\"@id\":\"https:\/\/portaltela.pt\/noticias\/2026\/04\/10\/primeira-ministra-do-japao-entusiasma-se-ao-conhecer-a-banda-deep-purple\/#primaryimage\",\"url\":\"https:\/\/portaltela.pt\/s.01k8rhncp4jt1\/2026\/04\/img_1280x722uu2026-04-10-11-58-35-2277652.jpg\",\"contentUrl\":\"https:\/\/portaltela.pt\/s.01k8rhncp4jt1\/2026\/04\/img_1280x722uu2026-04-10-11-58-35-2277652.jpg\",\"width\":796,\"height\":448,\"caption\":\"Imagem de Sanae Takaichi recebendo os membros do Deep Purple em T\u00f3quio.\"},{\"@type\":\"BreadcrumbList\",\"@id\":\"https:\/\/portaltela.pt\/noticias\/2026\/04\/10\/primeira-ministra-do-japao-entusiasma-se-ao-conhecer-a-banda-deep-purple\/#breadcrumb\",\"itemListElement\":[{\"@type\":\"ListItem\",\"position\":1,\"name\":\"In\u00edcio\",\"item\":\"https:\/\/portaltela.pt\/\"},{\"@type\":\"ListItem\",\"position\":2,\"name\":\"Primeira-ministra do Jap\u00e3o entusiasma-se ao conhecer a banda Deep Purple\"}]},{\"@type\":\"WebSite\",\"@id\":\"https:\/\/portaltela.pt\/#website\",\"url\":\"https:\/\/portaltela.pt\/\",\"name\":\"Portal Tela Portugal\",\"description\":\"\",\"potentialAction\":[{\"@type\":\"SearchAction\",\"target\":{\"@type\":\"EntryPoint\",\"urlTemplate\":\"https:\/\/portaltela.pt\/?s={search_term_string}\"},\"query-input\":{\"@type\":\"PropertyValueSpecification\",\"valueRequired\":true,\"valueName\":\"search_term_string\"}}],\"inLanguage\":\"pt-PT\"},{\"@type\":\"Person\",\"@id\":\"https:\/\/portaltela.pt\/#\/schema\/person\/c4278d4a6028830caff9ee44b42d32ed\",\"name\":\"Telinha\",\"image\":{\"@type\":\"ImageObject\",\"inLanguage\":\"pt-PT\",\"@id\":\"https:\/\/portaltela.pt\/s.01k8rhncp4jt1\/2025\/11\/talking-bot-125x125.png\",\"url\":\"https:\/\/portaltela.pt\/s.01k8rhncp4jt1\/2025\/11\/talking-bot-125x125.png\",\"contentUrl\":\"https:\/\/portaltela.pt\/s.01k8rhncp4jt1\/2025\/11\/talking-bot-125x125.png\",\"caption\":\"Telinha\"},\"sameAs\":[\"https:\/\/portaltela.pt\/\"],\"url\":\"https:\/\/portaltela.pt\/por\/367410592786\/\"}]}<\/script>\n<!-- \/ Yoast SEO plugin. -->","yoast_head_json":{"title":"Primeira-ministra do Jap\u00e3o entusiasma-se ao conhecer a banda Deep Purple - Portal Tela Portugal","robots":{"index":"index","follow":"follow","max-snippet":"max-snippet:-1","max-image-preview":"max-image-preview:large","max-video-preview":"max-video-preview:-1"},"og_locale":"pt_PT","og_type":"article","og_title":"Primeira-ministra do Jap\u00e3o entusiasma-se ao conhecer a banda Deep Purple - Portal Tela Portugal","og_description":"A primeira-ministra do Jap\u00e3o, Sanae Takaichi, recebeu os membros do Deep Purple na resid\u00eancia oficial em T\u00f3quio. Takaichi mostrou entusiasmo e afirmou ser f\u00e3 da banda h\u00e1 muitos anos. Disse ainda que costuma ouvir uma m\u00fasica do Deep Purple quando se chateia com o marido. A visita ocorreu nesta sexta-feira, com a presen\u00e7a de v\u00e1rios membros do governo, enquanto a banda est\u00e1 em T\u00f3quio para uma s\u00e9rie de shows e eventos culturais. O vocalista Ian Gillan classificou a experi\u00eancia como inesquec\u00edvel; o grupo permanece em T\u00f3quio at\u00e9 ao final da semana.","og_url":"https:\/\/portaltela.pt\/noticias\/2026\/04\/10\/primeira-ministra-do-japao-entusiasma-se-ao-conhecer-a-banda-deep-purple\/","og_site_name":"Portal Tela Portugal","article_published_time":"2026-04-10T11:17:16+00:00","author":"Telinha","twitter_card":"summary_large_image","twitter_misc":{"Escrito por":"Telinha","Tempo estimado de leitura":"1 minuto"},"schema":{"@context":"https:\/\/schema.org","@graph":[{"@type":"Article","@id":"https:\/\/portaltela.pt\/noticias\/2026\/04\/10\/primeira-ministra-do-japao-entusiasma-se-ao-conhecer-a-banda-deep-purple\/#article","isPartOf":{"@id":"https:\/\/portaltela.pt\/noticias\/2026\/04\/10\/primeira-ministra-do-japao-entusiasma-se-ao-conhecer-a-banda-deep-purple\/"},"author":{"name":"Telinha","@id":"https:\/\/portaltela.pt\/#\/schema\/person\/c4278d4a6028830caff9ee44b42d32ed"},"headline":"Primeira-ministra do Jap\u00e3o entusiasma-se ao conhecer a banda Deep Purple","datePublished":"2026-04-10T11:17:16+00:00","mainEntityOfPage":{"@id":"https:\/\/portaltela.pt\/noticias\/2026\/04\/10\/primeira-ministra-do-japao-entusiasma-se-ao-conhecer-a-banda-deep-purple\/"},"wordCount":247,"image":{"@id":"https:\/\/portaltela.pt\/noticias\/2026\/04\/10\/primeira-ministra-do-japao-entusiasma-se-ao-conhecer-a-banda-deep-purple\/#primaryimage"},"thumbnailUrl":"https:\/\/portaltela.pt\/s.01k8rhncp4jt1\/2026\/04\/img_1280x722uu2026-04-10-11-58-35-2277652.jpg","keywords":["_cultura","artistas internacionais","concertos","eventos internacionais","m\u00fasica","Reino Unido"],"articleSection":["Entretenimento","M\u00fasica"],"inLanguage":"pt-PT"},{"@type":"WebPage","@id":"https:\/\/portaltela.pt\/noticias\/2026\/04\/10\/primeira-ministra-do-japao-entusiasma-se-ao-conhecer-a-banda-deep-purple\/","url":"https:\/\/portaltela.pt\/noticias\/2026\/04\/10\/primeira-ministra-do-japao-entusiasma-se-ao-conhecer-a-banda-deep-purple\/","name":"Primeira-ministra do Jap\u00e3o entusiasma-se ao conhecer a banda Deep Purple - Portal Tela Portugal","isPartOf":{"@id":"https:\/\/portaltela.pt\/#website"},"primaryImageOfPage":{"@id":"https:\/\/portaltela.pt\/noticias\/2026\/04\/10\/primeira-ministra-do-japao-entusiasma-se-ao-conhecer-a-banda-deep-purple\/#primaryimage"},"image":{"@id":"https:\/\/portaltela.pt\/noticias\/2026\/04\/10\/primeira-ministra-do-japao-entusiasma-se-ao-conhecer-a-banda-deep-purple\/#primaryimage"},"thumbnailUrl":"https:\/\/portaltela.pt\/s.01k8rhncp4jt1\/2026\/04\/img_1280x722uu2026-04-10-11-58-35-2277652.jpg","datePublished":"2026-04-10T11:17:16+00:00","author":{"@id":"https:\/\/portaltela.pt\/#\/schema\/person\/c4278d4a6028830caff9ee44b42d32ed"},"breadcrumb":{"@id":"https:\/\/portaltela.pt\/noticias\/2026\/04\/10\/primeira-ministra-do-japao-entusiasma-se-ao-conhecer-a-banda-deep-purple\/#breadcrumb"},"inLanguage":"pt-PT","potentialAction":[{"@type":"ReadAction","target":["https:\/\/portaltela.pt\/noticias\/2026\/04\/10\/primeira-ministra-do-japao-entusiasma-se-ao-conhecer-a-banda-deep-purple\/"]}]},{"@type":"ImageObject","inLanguage":"pt-PT","@id":"https:\/\/portaltela.pt\/noticias\/2026\/04\/10\/primeira-ministra-do-japao-entusiasma-se-ao-conhecer-a-banda-deep-purple\/#primaryimage","url":"https:\/\/portaltela.pt\/s.01k8rhncp4jt1\/2026\/04\/img_1280x722uu2026-04-10-11-58-35-2277652.jpg","contentUrl":"https:\/\/portaltela.pt\/s.01k8rhncp4jt1\/2026\/04\/img_1280x722uu2026-04-10-11-58-35-2277652.jpg","width":796,"height":448,"caption":"Imagem de Sanae Takaichi recebendo os membros do Deep Purple em T\u00f3quio."},{"@type":"BreadcrumbList","@id":"https:\/\/portaltela.pt\/noticias\/2026\/04\/10\/primeira-ministra-do-japao-entusiasma-se-ao-conhecer-a-banda-deep-purple\/#breadcrumb","itemListElement":[{"@type":"ListItem","position":1,"name":"In\u00edcio","item":"https:\/\/portaltela.pt\/"},{"@type":"ListItem","position":2,"name":"Primeira-ministra do Jap\u00e3o entusiasma-se ao conhecer a banda Deep Purple"}]},{"@type":"WebSite","@id":"https:\/\/portaltela.pt\/#website","url":"https:\/\/portaltela.pt\/","name":"Portal Tela Portugal","description":"","potentialAction":[{"@type":"SearchAction","target":{"@type":"EntryPoint","urlTemplate":"https:\/\/portaltela.pt\/?s={search_term_string}"},"query-input":{"@type":"PropertyValueSpecification","valueRequired":true,"valueName":"search_term_string"}}],"inLanguage":"pt-PT"},{"@type":"Person","@id":"https:\/\/portaltela.pt\/#\/schema\/person\/c4278d4a6028830caff9ee44b42d32ed","name":"Telinha","image":{"@type":"ImageObject","inLanguage":"pt-PT","@id":"https:\/\/portaltela.pt\/s.01k8rhncp4jt1\/2025\/11\/talking-bot-125x125.png","url":"https:\/\/portaltela.pt\/s.01k8rhncp4jt1\/2025\/11\/talking-bot-125x125.png","contentUrl":"https:\/\/portaltela.pt\/s.01k8rhncp4jt1\/2025\/11\/talking-bot-125x125.png","caption":"Telinha"},"sameAs":["https:\/\/portaltela.pt\/"],"url":"https:\/\/portaltela.pt\/por\/367410592786\/"}]}},"_links":{"self":[{"href":"https:\/\/portaltela.pt\/api\/wp\/v2\/posts\/439161","targetHints":{"allow":["GET"]}}],"collection":[{"href":"https:\/\/portaltela.pt\/api\/wp\/v2\/posts"}],"about":[{"href":"https:\/\/portaltela.pt\/api\/wp\/v2\/types\/post"}],"author":[{"embeddable":true,"href":"https:\/\/portaltela.pt\/api\/wp\/v2\/users\/2"}],"replies":[{"embeddable":true,"href":"https:\/\/portaltela.pt\/api\/wp\/v2\/comments?post=439161"}],"version-history":[{"count":0,"href":"https:\/\/portaltela.pt\/api\/wp\/v2\/posts\/439161\/revisions"}],"wp:featuredmedia":[{"embeddable":true,"href":"https:\/\/portaltela.pt\/api\/wp\/v2\/media\/439167"}],"wp:attachment":[{"href":"https:\/\/portaltela.pt\/api\/wp\/v2\/media?parent=439161"}],"wp:term":[{"taxonomy":"category","embeddable":true,"href":"https:\/\/portaltela.pt\/api\/wp\/v2\/categories?post=439161"},{"taxonomy":"post_tag","embeddable":true,"href":"https:\/\/portaltela.pt\/api\/wp\/v2\/tags?post=439161"}],"curies":[{"name":"wp","href":"https:\/\/api.w.org\/{rel}","templated":true}]}}