{"id":439156,"date":"2026-04-10T08:17:13","date_gmt":"2026-04-10T11:17:13","guid":{"rendered":"https:\/\/portaltela.pt\/noticias\/2026\/04\/10\/eleicoes-legislativas-na-hungria-2026-contagem-de-votos-e-cenarios\/"},"modified":"2026-04-10T08:17:13","modified_gmt":"2026-04-10T11:17:13","slug":"eleicoes-legislativas-na-hungria-2026-contagem-de-votos-e-cenarios","status":"publish","type":"post","link":"https:\/\/portaltela.pt\/noticias\/politica\/2026\/04\/10\/eleicoes-legislativas-na-hungria-2026-contagem-de-votos-e-cenarios\/","title":{"rendered":"Elei\u00e7\u00f5es legislativas na Hungria 2026: contagem de votos e cen\u00e1rios"},"content":{"rendered":"<p>P\u00e9ter Magyar \u00e9 uma figura central na pol\u00edtica h\u00fangara, associada a mensagens de reformula\u00e7\u00e3o interna do sistema. A cobertura atual analisa como o pol\u00edtico chegou ao topo e quais estrat\u00e9gias foram utilizadas para questionar estruturas estabelecidas. O foco recai sobre processos internos, din\u00e2micas de poder e as consequ\u00eancias para o cen\u00e1rio eleitoral.<\/p>\n<p>Segundo a reportagem, Magyar ascend no seio do sistema e, a partir da\u00ed, projeta uma poss\u00edvel tentativa de mudan\u00e7as profundas. A an\u00e1lise descreve a\u00e7\u00f5es e redes de apoio que moldaram a trajet\u00f3ria at\u00e9 a posi\u00e7\u00e3o de influ\u00eancia. A pe\u00e7a destaca tamb\u00e9m tens\u00f5es entre institui\u00e7\u00f5es e lideran\u00e7as pol\u00edticas.<\/p>\n<p>A edi\u00e7\u00e3o de refer\u00eancia refor\u00e7a que o tema em ascens\u00e3o \u00e9 a rela\u00e7\u00e3o entre o poder governamental e figuras associadas a propostas de remodela\u00e7\u00e3o estrutural. O material tra\u00e7a o percurso, incluindo momentos-chave que contribu\u00edram para a visibilidade p\u00fablica de Magyar.<\/p>\n<h3>Perfil e motiva\u00e7\u00f5es<\/h3>\n<p>A reportagem descreve o percurso de P\u00e9ter Magyar dentro do ambiente pol\u00edtico, com foco em decis\u00f5es estrat\u00e9gicas, alian\u00e7as e conflitos internos. Institui\u00e7\u00f5es e membros do partido participam de uma leitura de contexto sobre o impacto pol\u00edtico.<\/p>\n<h3>Contexto das elei\u00e7\u00f5es de 2026<\/h3>\n<p>A cobertura situa as elei\u00e7\u00f5es legislativas na Hungria no quadro de debates sobre governan\u00e7a, reformas e rela\u00e7\u00f5es exteriores. A an\u00e1lise menciona impactos poss\u00edveis nas pol\u00edticas p\u00fablicas e na atua\u00e7\u00e3o do governo, sem apontar conclus\u00f5es.<\/p>\n","protected":false},"excerpt":{"rendered":"<ul>\n<li>Elei\u00e7\u00f5es legislativas na Hungria em 2026 servem de contexto para a an\u00e1lise sobre P\u00e9ter Magyar.<\/li>\n<li>O texto descreve como Magyar chegou ao topo, apresentado como algu\u00e9m que ascendeu dentro do sistema.<\/li>\n<li>O artigo sugere que a ascens\u00e3o de Magyar envolve estrat\u00e9gias internas ao poder h\u00fangaro.<\/li>\n<li>Fotografias associadas \u00e0 reportagem mostram o ministro dos Neg\u00f3cios Estrangeiros h\u00fangaro a cumprimentar Sergey Lavrov, ministro dos Neg\u00f3cios Estrangeiros da R\u00fassia.<\/li>\n<li>A mat\u00e9ria \u00e9 da Euronews e foca em din\u00e2micas pol\u00edticas internas h\u00fangaras e em rela\u00e7\u00f5es internacionais pertinentes ao tema.<\/li>\n<\/ul>\n","protected":false},"author":2,"featured_media":439159,"comment_status":"closed","ping_status":"closed","sticky":false,"template":"","format":"standard","meta":{"footnotes":""},"categories":[1,5],"tags":[3496,7859,68,34,2579,2832],"class_list":["post-439156","post","type-post","status-publish","format-standard","has-post-thumbnail","hentry","category-noticias","category-politica","tag-aliancas-internacionais","tag-contexto-internacional","tag-eleicoes","tag-governo","tag-hungria","tag-politica"],"yoast_head":"<!-- This site is optimized with the Yoast SEO plugin v27.2 - https:\/\/yoast.com\/product\/yoast-seo-wordpress\/ -->\n<title>Elei\u00e7\u00f5es legislativas na Hungria 2026: contagem de votos e cen\u00e1rios - Portal Tela Portugal<\/title>\n<meta name=\"robots\" content=\"index, follow, max-snippet:-1, max-image-preview:large, max-video-preview:-1\" \/>\n<meta property=\"og:locale\" content=\"pt_PT\" \/>\n<meta property=\"og:type\" content=\"article\" \/>\n<meta property=\"og:title\" content=\"Elei\u00e7\u00f5es legislativas na Hungria 2026: contagem de votos e cen\u00e1rios - Portal Tela Portugal\" \/>\n<meta property=\"og:description\" content=\"Elei\u00e7\u00f5es legislativas na Hungria em 2026 servem de contexto para a an\u00e1lise sobre P\u00e9ter Magyar. O texto descreve como Magyar chegou ao topo, apresentado como algu\u00e9m que ascendeu dentro do sistema. O artigo sugere que a ascens\u00e3o de Magyar envolve estrat\u00e9gias internas ao poder h\u00fangaro. Fotografias associadas \u00e0 reportagem mostram o ministro dos Neg\u00f3cios Estrangeiros h\u00fangaro a cumprimentar Sergey Lavrov, ministro dos Neg\u00f3cios Estrangeiros da R\u00fassia. A mat\u00e9ria \u00e9 da Euronews e foca em din\u00e2micas pol\u00edticas internas h\u00fangaras e em rela\u00e7\u00f5es internacionais pertinentes ao tema.\" \/>\n<meta property=\"og:url\" content=\"https:\/\/portaltela.pt\/noticias\/2026\/04\/10\/eleicoes-legislativas-na-hungria-2026-contagem-de-votos-e-cenarios\/\" \/>\n<meta property=\"og:site_name\" content=\"Portal Tela Portugal\" \/>\n<meta property=\"article:published_time\" content=\"2026-04-10T11:17:13+00:00\" \/>\n<meta name=\"author\" content=\"Telinha\" \/>\n<meta name=\"twitter:card\" content=\"summary_large_image\" \/>\n<meta name=\"twitter:label1\" content=\"Escrito por\" \/>\n\t<meta name=\"twitter:data1\" content=\"Telinha\" \/>\n\t<meta name=\"twitter:label2\" content=\"Tempo estimado de leitura\" \/>\n\t<meta name=\"twitter:data2\" content=\"1 minuto\" \/>\n<script type=\"application\/ld+json\" class=\"yoast-schema-graph\">{\"@context\":\"https:\/\/schema.org\",\"@graph\":[{\"@type\":\"Article\",\"@id\":\"https:\/\/portaltela.pt\/noticias\/2026\/04\/10\/eleicoes-legislativas-na-hungria-2026-contagem-de-votos-e-cenarios\/#article\",\"isPartOf\":{\"@id\":\"https:\/\/portaltela.pt\/noticias\/2026\/04\/10\/eleicoes-legislativas-na-hungria-2026-contagem-de-votos-e-cenarios\/\"},\"author\":{\"name\":\"Telinha\",\"@id\":\"https:\/\/portaltela.pt\/#\/schema\/person\/c4278d4a6028830caff9ee44b42d32ed\"},\"headline\":\"Elei\u00e7\u00f5es legislativas na Hungria 2026: contagem de votos e cen\u00e1rios\",\"datePublished\":\"2026-04-10T11:17:13+00:00\",\"mainEntityOfPage\":{\"@id\":\"https:\/\/portaltela.pt\/noticias\/2026\/04\/10\/eleicoes-legislativas-na-hungria-2026-contagem-de-votos-e-cenarios\/\"},\"wordCount\":274,\"image\":{\"@id\":\"https:\/\/portaltela.pt\/noticias\/2026\/04\/10\/eleicoes-legislativas-na-hungria-2026-contagem-de-votos-e-cenarios\/#primaryimage\"},\"thumbnailUrl\":\"https:\/\/portaltela.pt\/s.01k8rhncp4jt1\/2026\/04\/320x180_cmsv2_a8c4616f-65c1-59ce-b480-1228dfdd99a4-9715447.jpg\",\"keywords\":[\"alian\u00e7as internacionais\",\"contexto internacional\",\"elei\u00e7\u00f5es\",\"governo\",\"Hungria\",\"pol\u00edtica\"],\"articleSection\":[\"Not\u00edcias\",\"Pol\u00edtica\"],\"inLanguage\":\"pt-PT\"},{\"@type\":\"WebPage\",\"@id\":\"https:\/\/portaltela.pt\/noticias\/2026\/04\/10\/eleicoes-legislativas-na-hungria-2026-contagem-de-votos-e-cenarios\/\",\"url\":\"https:\/\/portaltela.pt\/noticias\/2026\/04\/10\/eleicoes-legislativas-na-hungria-2026-contagem-de-votos-e-cenarios\/\",\"name\":\"Elei\u00e7\u00f5es legislativas na Hungria 2026: contagem de votos e cen\u00e1rios - Portal Tela Portugal\",\"isPartOf\":{\"@id\":\"https:\/\/portaltela.pt\/#website\"},\"primaryImageOfPage\":{\"@id\":\"https:\/\/portaltela.pt\/noticias\/2026\/04\/10\/eleicoes-legislativas-na-hungria-2026-contagem-de-votos-e-cenarios\/#primaryimage\"},\"image\":{\"@id\":\"https:\/\/portaltela.pt\/noticias\/2026\/04\/10\/eleicoes-legislativas-na-hungria-2026-contagem-de-votos-e-cenarios\/#primaryimage\"},\"thumbnailUrl\":\"https:\/\/portaltela.pt\/s.01k8rhncp4jt1\/2026\/04\/320x180_cmsv2_a8c4616f-65c1-59ce-b480-1228dfdd99a4-9715447.jpg\",\"datePublished\":\"2026-04-10T11:17:13+00:00\",\"author\":{\"@id\":\"https:\/\/portaltela.pt\/#\/schema\/person\/c4278d4a6028830caff9ee44b42d32ed\"},\"breadcrumb\":{\"@id\":\"https:\/\/portaltela.pt\/noticias\/2026\/04\/10\/eleicoes-legislativas-na-hungria-2026-contagem-de-votos-e-cenarios\/#breadcrumb\"},\"inLanguage\":\"pt-PT\",\"potentialAction\":[{\"@type\":\"ReadAction\",\"target\":[\"https:\/\/portaltela.pt\/noticias\/2026\/04\/10\/eleicoes-legislativas-na-hungria-2026-contagem-de-votos-e-cenarios\/\"]}]},{\"@type\":\"ImageObject\",\"inLanguage\":\"pt-PT\",\"@id\":\"https:\/\/portaltela.pt\/noticias\/2026\/04\/10\/eleicoes-legislativas-na-hungria-2026-contagem-de-votos-e-cenarios\/#primaryimage\",\"url\":\"https:\/\/portaltela.pt\/s.01k8rhncp4jt1\/2026\/04\/320x180_cmsv2_a8c4616f-65c1-59ce-b480-1228dfdd99a4-9715447.jpg\",\"contentUrl\":\"https:\/\/portaltela.pt\/s.01k8rhncp4jt1\/2026\/04\/320x180_cmsv2_a8c4616f-65c1-59ce-b480-1228dfdd99a4-9715447.jpg\",\"width\":796,\"height\":448,\"caption\":\"P\u00e9ter Magyar na cerim\u00f3nia de 15 de mar\u00e7o\"},{\"@type\":\"BreadcrumbList\",\"@id\":\"https:\/\/portaltela.pt\/noticias\/2026\/04\/10\/eleicoes-legislativas-na-hungria-2026-contagem-de-votos-e-cenarios\/#breadcrumb\",\"itemListElement\":[{\"@type\":\"ListItem\",\"position\":1,\"name\":\"In\u00edcio\",\"item\":\"https:\/\/portaltela.pt\/\"},{\"@type\":\"ListItem\",\"position\":2,\"name\":\"Elei\u00e7\u00f5es legislativas na Hungria 2026: contagem de votos e cen\u00e1rios\"}]},{\"@type\":\"WebSite\",\"@id\":\"https:\/\/portaltela.pt\/#website\",\"url\":\"https:\/\/portaltela.pt\/\",\"name\":\"Portal Tela Portugal\",\"description\":\"\",\"potentialAction\":[{\"@type\":\"SearchAction\",\"target\":{\"@type\":\"EntryPoint\",\"urlTemplate\":\"https:\/\/portaltela.pt\/?s={search_term_string}\"},\"query-input\":{\"@type\":\"PropertyValueSpecification\",\"valueRequired\":true,\"valueName\":\"search_term_string\"}}],\"inLanguage\":\"pt-PT\"},{\"@type\":\"Person\",\"@id\":\"https:\/\/portaltela.pt\/#\/schema\/person\/c4278d4a6028830caff9ee44b42d32ed\",\"name\":\"Telinha\",\"image\":{\"@type\":\"ImageObject\",\"inLanguage\":\"pt-PT\",\"@id\":\"https:\/\/portaltela.pt\/s.01k8rhncp4jt1\/2025\/11\/talking-bot-125x125.png\",\"url\":\"https:\/\/portaltela.pt\/s.01k8rhncp4jt1\/2025\/11\/talking-bot-125x125.png\",\"contentUrl\":\"https:\/\/portaltela.pt\/s.01k8rhncp4jt1\/2025\/11\/talking-bot-125x125.png\",\"caption\":\"Telinha\"},\"sameAs\":[\"https:\/\/portaltela.pt\/\"],\"url\":\"https:\/\/portaltela.pt\/por\/367410592786\/\"}]}<\/script>\n<!-- \/ Yoast SEO plugin. -->","yoast_head_json":{"title":"Elei\u00e7\u00f5es legislativas na Hungria 2026: contagem de votos e cen\u00e1rios - Portal Tela Portugal","robots":{"index":"index","follow":"follow","max-snippet":"max-snippet:-1","max-image-preview":"max-image-preview:large","max-video-preview":"max-video-preview:-1"},"og_locale":"pt_PT","og_type":"article","og_title":"Elei\u00e7\u00f5es legislativas na Hungria 2026: contagem de votos e cen\u00e1rios - Portal Tela Portugal","og_description":"Elei\u00e7\u00f5es legislativas na Hungria em 2026 servem de contexto para a an\u00e1lise sobre P\u00e9ter Magyar. O texto descreve como Magyar chegou ao topo, apresentado como algu\u00e9m que ascendeu dentro do sistema. O artigo sugere que a ascens\u00e3o de Magyar envolve estrat\u00e9gias internas ao poder h\u00fangaro. Fotografias associadas \u00e0 reportagem mostram o ministro dos Neg\u00f3cios Estrangeiros h\u00fangaro a cumprimentar Sergey Lavrov, ministro dos Neg\u00f3cios Estrangeiros da R\u00fassia. A mat\u00e9ria \u00e9 da Euronews e foca em din\u00e2micas pol\u00edticas internas h\u00fangaras e em rela\u00e7\u00f5es internacionais pertinentes ao tema.","og_url":"https:\/\/portaltela.pt\/noticias\/2026\/04\/10\/eleicoes-legislativas-na-hungria-2026-contagem-de-votos-e-cenarios\/","og_site_name":"Portal Tela Portugal","article_published_time":"2026-04-10T11:17:13+00:00","author":"Telinha","twitter_card":"summary_large_image","twitter_misc":{"Escrito por":"Telinha","Tempo estimado de leitura":"1 minuto"},"schema":{"@context":"https:\/\/schema.org","@graph":[{"@type":"Article","@id":"https:\/\/portaltela.pt\/noticias\/2026\/04\/10\/eleicoes-legislativas-na-hungria-2026-contagem-de-votos-e-cenarios\/#article","isPartOf":{"@id":"https:\/\/portaltela.pt\/noticias\/2026\/04\/10\/eleicoes-legislativas-na-hungria-2026-contagem-de-votos-e-cenarios\/"},"author":{"name":"Telinha","@id":"https:\/\/portaltela.pt\/#\/schema\/person\/c4278d4a6028830caff9ee44b42d32ed"},"headline":"Elei\u00e7\u00f5es legislativas na Hungria 2026: contagem de votos e cen\u00e1rios","datePublished":"2026-04-10T11:17:13+00:00","mainEntityOfPage":{"@id":"https:\/\/portaltela.pt\/noticias\/2026\/04\/10\/eleicoes-legislativas-na-hungria-2026-contagem-de-votos-e-cenarios\/"},"wordCount":274,"image":{"@id":"https:\/\/portaltela.pt\/noticias\/2026\/04\/10\/eleicoes-legislativas-na-hungria-2026-contagem-de-votos-e-cenarios\/#primaryimage"},"thumbnailUrl":"https:\/\/portaltela.pt\/s.01k8rhncp4jt1\/2026\/04\/320x180_cmsv2_a8c4616f-65c1-59ce-b480-1228dfdd99a4-9715447.jpg","keywords":["alian\u00e7as internacionais","contexto internacional","elei\u00e7\u00f5es","governo","Hungria","pol\u00edtica"],"articleSection":["Not\u00edcias","Pol\u00edtica"],"inLanguage":"pt-PT"},{"@type":"WebPage","@id":"https:\/\/portaltela.pt\/noticias\/2026\/04\/10\/eleicoes-legislativas-na-hungria-2026-contagem-de-votos-e-cenarios\/","url":"https:\/\/portaltela.pt\/noticias\/2026\/04\/10\/eleicoes-legislativas-na-hungria-2026-contagem-de-votos-e-cenarios\/","name":"Elei\u00e7\u00f5es legislativas na Hungria 2026: contagem de votos e cen\u00e1rios - Portal Tela Portugal","isPartOf":{"@id":"https:\/\/portaltela.pt\/#website"},"primaryImageOfPage":{"@id":"https:\/\/portaltela.pt\/noticias\/2026\/04\/10\/eleicoes-legislativas-na-hungria-2026-contagem-de-votos-e-cenarios\/#primaryimage"},"image":{"@id":"https:\/\/portaltela.pt\/noticias\/2026\/04\/10\/eleicoes-legislativas-na-hungria-2026-contagem-de-votos-e-cenarios\/#primaryimage"},"thumbnailUrl":"https:\/\/portaltela.pt\/s.01k8rhncp4jt1\/2026\/04\/320x180_cmsv2_a8c4616f-65c1-59ce-b480-1228dfdd99a4-9715447.jpg","datePublished":"2026-04-10T11:17:13+00:00","author":{"@id":"https:\/\/portaltela.pt\/#\/schema\/person\/c4278d4a6028830caff9ee44b42d32ed"},"breadcrumb":{"@id":"https:\/\/portaltela.pt\/noticias\/2026\/04\/10\/eleicoes-legislativas-na-hungria-2026-contagem-de-votos-e-cenarios\/#breadcrumb"},"inLanguage":"pt-PT","potentialAction":[{"@type":"ReadAction","target":["https:\/\/portaltela.pt\/noticias\/2026\/04\/10\/eleicoes-legislativas-na-hungria-2026-contagem-de-votos-e-cenarios\/"]}]},{"@type":"ImageObject","inLanguage":"pt-PT","@id":"https:\/\/portaltela.pt\/noticias\/2026\/04\/10\/eleicoes-legislativas-na-hungria-2026-contagem-de-votos-e-cenarios\/#primaryimage","url":"https:\/\/portaltela.pt\/s.01k8rhncp4jt1\/2026\/04\/320x180_cmsv2_a8c4616f-65c1-59ce-b480-1228dfdd99a4-9715447.jpg","contentUrl":"https:\/\/portaltela.pt\/s.01k8rhncp4jt1\/2026\/04\/320x180_cmsv2_a8c4616f-65c1-59ce-b480-1228dfdd99a4-9715447.jpg","width":796,"height":448,"caption":"P\u00e9ter Magyar na cerim\u00f3nia de 15 de mar\u00e7o"},{"@type":"BreadcrumbList","@id":"https:\/\/portaltela.pt\/noticias\/2026\/04\/10\/eleicoes-legislativas-na-hungria-2026-contagem-de-votos-e-cenarios\/#breadcrumb","itemListElement":[{"@type":"ListItem","position":1,"name":"In\u00edcio","item":"https:\/\/portaltela.pt\/"},{"@type":"ListItem","position":2,"name":"Elei\u00e7\u00f5es legislativas na Hungria 2026: contagem de votos e cen\u00e1rios"}]},{"@type":"WebSite","@id":"https:\/\/portaltela.pt\/#website","url":"https:\/\/portaltela.pt\/","name":"Portal Tela Portugal","description":"","potentialAction":[{"@type":"SearchAction","target":{"@type":"EntryPoint","urlTemplate":"https:\/\/portaltela.pt\/?s={search_term_string}"},"query-input":{"@type":"PropertyValueSpecification","valueRequired":true,"valueName":"search_term_string"}}],"inLanguage":"pt-PT"},{"@type":"Person","@id":"https:\/\/portaltela.pt\/#\/schema\/person\/c4278d4a6028830caff9ee44b42d32ed","name":"Telinha","image":{"@type":"ImageObject","inLanguage":"pt-PT","@id":"https:\/\/portaltela.pt\/s.01k8rhncp4jt1\/2025\/11\/talking-bot-125x125.png","url":"https:\/\/portaltela.pt\/s.01k8rhncp4jt1\/2025\/11\/talking-bot-125x125.png","contentUrl":"https:\/\/portaltela.pt\/s.01k8rhncp4jt1\/2025\/11\/talking-bot-125x125.png","caption":"Telinha"},"sameAs":["https:\/\/portaltela.pt\/"],"url":"https:\/\/portaltela.pt\/por\/367410592786\/"}]}},"_links":{"self":[{"href":"https:\/\/portaltela.pt\/api\/wp\/v2\/posts\/439156","targetHints":{"allow":["GET"]}}],"collection":[{"href":"https:\/\/portaltela.pt\/api\/wp\/v2\/posts"}],"about":[{"href":"https:\/\/portaltela.pt\/api\/wp\/v2\/types\/post"}],"author":[{"embeddable":true,"href":"https:\/\/portaltela.pt\/api\/wp\/v2\/users\/2"}],"replies":[{"embeddable":true,"href":"https:\/\/portaltela.pt\/api\/wp\/v2\/comments?post=439156"}],"version-history":[{"count":0,"href":"https:\/\/portaltela.pt\/api\/wp\/v2\/posts\/439156\/revisions"}],"wp:featuredmedia":[{"embeddable":true,"href":"https:\/\/portaltela.pt\/api\/wp\/v2\/media\/439159"}],"wp:attachment":[{"href":"https:\/\/portaltela.pt\/api\/wp\/v2\/media?parent=439156"}],"wp:term":[{"taxonomy":"category","embeddable":true,"href":"https:\/\/portaltela.pt\/api\/wp\/v2\/categories?post=439156"},{"taxonomy":"post_tag","embeddable":true,"href":"https:\/\/portaltela.pt\/api\/wp\/v2\/tags?post=439156"}],"curies":[{"name":"wp","href":"https:\/\/api.w.org\/{rel}","templated":true}]}}