{"id":439155,"date":"2026-04-10T06:10:00","date_gmt":"2026-04-10T09:10:00","guid":{"rendered":"https:\/\/portaltela.pt\/noticias\/2026\/04\/10\/publico-motivou-62-das-sancoes-disciplinares-no-futebol-profissional-2024-25-2\/"},"modified":"2026-04-10T06:10:00","modified_gmt":"2026-04-10T09:10:00","slug":"publico-motivou-62-das-sancoes-disciplinares-no-futebol-profissional-2024-25-2","status":"publish","type":"post","link":"https:\/\/portaltela.pt\/desporto\/futebol\/2026\/04\/10\/publico-motivou-62-das-sancoes-disciplinares-no-futebol-profissional-2024-25-2\/","title":{"rendered":"P\u00fablico motivou 62% das san\u00e7\u00f5es disciplinares no futebol profissional 2024\/25"},"content":{"rendered":"<p>As infra\u00e7\u00f5es cometidas pelo p\u00fablico nos est\u00e1dios foram respons\u00e1veis por 62% das san\u00e7\u00f5es disciplinares aplicadas aos clubes da I e II Ligas na \u00e9poca 2024\/25, segundo o anu\u00e1rio da LPFP.<\/p>\n<p>No total, as san\u00e7\u00f5es somaram 1,8 milh\u00f5es de euros, atribu\u00eddas aos clubes da I e II Ligas. Os dados refletem o peso das a\u00e7\u00f5es do p\u00fablico no regime disciplinar do futebol profissional.<\/p>\n<p>A LPFP divulgou hoje o bal\u00e3o estat\u00edstico do anu\u00e1rio, que aponta a incid\u00eancia mais elevada de san\u00e7\u00f5es associadas a comportamentos de espectadores. O documento analisa o per\u00edodo 2024\/25 e as consequ\u00eancias para os clubes.<\/p>\n<h3>Impacto financeiro<\/h3>\n<p>As consequ\u00eancias econ\u00f3micas destacam-se pelo impacto direto nos cofres dos clubes, com valores variando conforme o tipo de infra\u00e7\u00e3o. A divulga\u00e7\u00e3o n\u00e3o detalha casos individuais neste resumo, apenas o montante agregado.<\/p>\n<h3>Persist\u00eancia de dados<\/h3>\n<p>O relat\u00f3rio da LPFP visa oferecer uma vis\u00e3o consolidada do fen\u00f3meno, permitindo compara\u00e7\u00f5es entre \u00e9pocas e entre as I e II Ligas. A an\u00e1lise foca-se na rela\u00e7\u00e3o entre comportamento do p\u00fablico e san\u00e7\u00f5es disciplinares.<\/p>\n","protected":false},"excerpt":{"rendered":"<ul>\n<li>O p\u00fablico foi respons\u00e1vel por 62% das san\u00e7\u00f5es disciplinares aplicadas aos clubes da I e II Ligas na \u00e9poca 2024\/25.<\/li>\n<li>As san\u00e7\u00f5es totalizaram 1,8 milh\u00f5es de euros nesse per\u00edodo.<\/li>\n<li>As informa\u00e7\u00f5es constam do anu\u00e1rio divulgado pela Liga Portuguesa de Futebol Profissional (LPFP).<\/li>\n<li>O conte\u00fado completo est\u00e1 dispon\u00edvel apenas para subscritores.<\/li>\n<\/ul>\n","protected":false},"author":2,"featured_media":439158,"comment_status":"closed","ping_status":"closed","sticky":false,"template":"","format":"standard","meta":{"footnotes":""},"categories":[21,24],"tags":[6115,4143,1784,152,32,6126],"class_list":["post-439155","post","type-post","status-publish","format-standard","has-post-thumbnail","hentry","category-desporto","category-futebol","tag-_economia","tag-1-liga","tag-2-liga","tag-desporto","tag-futebol","tag-publico"],"yoast_head":"<!-- This site is optimized with the Yoast SEO plugin v27.2 - https:\/\/yoast.com\/product\/yoast-seo-wordpress\/ -->\n<title>P\u00fablico motivou 62% das san\u00e7\u00f5es disciplinares no futebol profissional 2024\/25 - Portal Tela Portugal<\/title>\n<meta name=\"robots\" content=\"index, follow, max-snippet:-1, max-image-preview:large, max-video-preview:-1\" \/>\n<meta property=\"og:locale\" content=\"pt_PT\" \/>\n<meta property=\"og:type\" content=\"article\" \/>\n<meta property=\"og:title\" content=\"P\u00fablico motivou 62% das san\u00e7\u00f5es disciplinares no futebol profissional 2024\/25 - Portal Tela Portugal\" \/>\n<meta property=\"og:description\" content=\"O p\u00fablico foi respons\u00e1vel por 62% das san\u00e7\u00f5es disciplinares aplicadas aos clubes da I e II Ligas na \u00e9poca 2024\/25. As san\u00e7\u00f5es totalizaram 1,8 milh\u00f5es de euros nesse per\u00edodo. As informa\u00e7\u00f5es constam do anu\u00e1rio divulgado pela Liga Portuguesa de Futebol Profissional (LPFP). O conte\u00fado completo est\u00e1 dispon\u00edvel apenas para subscritores.\" \/>\n<meta property=\"og:url\" content=\"https:\/\/portaltela.pt\/noticias\/2026\/04\/10\/publico-motivou-62-das-sancoes-disciplinares-no-futebol-profissional-2024-25-2\/\" \/>\n<meta property=\"og:site_name\" content=\"Portal Tela Portugal\" \/>\n<meta property=\"article:published_time\" content=\"2026-04-10T09:10:00+00:00\" \/>\n<meta name=\"author\" content=\"Telinha\" \/>\n<meta name=\"twitter:card\" content=\"summary_large_image\" \/>\n<meta name=\"twitter:label1\" content=\"Escrito por\" \/>\n\t<meta name=\"twitter:data1\" content=\"Telinha\" \/>\n\t<meta name=\"twitter:label2\" content=\"Tempo estimado de leitura\" \/>\n\t<meta name=\"twitter:data2\" content=\"1 minuto\" \/>\n<script type=\"application\/ld+json\" class=\"yoast-schema-graph\">{\"@context\":\"https:\/\/schema.org\",\"@graph\":[{\"@type\":\"Article\",\"@id\":\"https:\/\/portaltela.pt\/noticias\/2026\/04\/10\/publico-motivou-62-das-sancoes-disciplinares-no-futebol-profissional-2024-25-2\/#article\",\"isPartOf\":{\"@id\":\"https:\/\/portaltela.pt\/noticias\/2026\/04\/10\/publico-motivou-62-das-sancoes-disciplinares-no-futebol-profissional-2024-25-2\/\"},\"author\":{\"name\":\"Telinha\",\"@id\":\"https:\/\/portaltela.pt\/#\/schema\/person\/c4278d4a6028830caff9ee44b42d32ed\"},\"headline\":\"P\u00fablico motivou 62% das san\u00e7\u00f5es disciplinares no futebol profissional 2024\/25\",\"datePublished\":\"2026-04-10T09:10:00+00:00\",\"mainEntityOfPage\":{\"@id\":\"https:\/\/portaltela.pt\/noticias\/2026\/04\/10\/publico-motivou-62-das-sancoes-disciplinares-no-futebol-profissional-2024-25-2\/\"},\"wordCount\":204,\"image\":{\"@id\":\"https:\/\/portaltela.pt\/noticias\/2026\/04\/10\/publico-motivou-62-das-sancoes-disciplinares-no-futebol-profissional-2024-25-2\/#primaryimage\"},\"thumbnailUrl\":\"https:\/\/portaltela.pt\/s.01k8rhncp4jt1\/2026\/04\/CACHE_780X1200_ANALOG_WATERMARKED_46667683_4755514_01032026091007.jpg\",\"keywords\":[\"_economia\",\"1. Liga\",\"2. Liga\",\"desporto\",\"futebol\",\"p\u00fablico\"],\"articleSection\":[\"Desporto\",\"Futebol\"],\"inLanguage\":\"pt-PT\"},{\"@type\":\"WebPage\",\"@id\":\"https:\/\/portaltela.pt\/noticias\/2026\/04\/10\/publico-motivou-62-das-sancoes-disciplinares-no-futebol-profissional-2024-25-2\/\",\"url\":\"https:\/\/portaltela.pt\/noticias\/2026\/04\/10\/publico-motivou-62-das-sancoes-disciplinares-no-futebol-profissional-2024-25-2\/\",\"name\":\"P\u00fablico motivou 62% das san\u00e7\u00f5es disciplinares no futebol profissional 2024\/25 - Portal Tela Portugal\",\"isPartOf\":{\"@id\":\"https:\/\/portaltela.pt\/#website\"},\"primaryImageOfPage\":{\"@id\":\"https:\/\/portaltela.pt\/noticias\/2026\/04\/10\/publico-motivou-62-das-sancoes-disciplinares-no-futebol-profissional-2024-25-2\/#primaryimage\"},\"image\":{\"@id\":\"https:\/\/portaltela.pt\/noticias\/2026\/04\/10\/publico-motivou-62-das-sancoes-disciplinares-no-futebol-profissional-2024-25-2\/#primaryimage\"},\"thumbnailUrl\":\"https:\/\/portaltela.pt\/s.01k8rhncp4jt1\/2026\/04\/CACHE_780X1200_ANALOG_WATERMARKED_46667683_4755514_01032026091007.jpg\",\"datePublished\":\"2026-04-10T09:10:00+00:00\",\"author\":{\"@id\":\"https:\/\/portaltela.pt\/#\/schema\/person\/c4278d4a6028830caff9ee44b42d32ed\"},\"breadcrumb\":{\"@id\":\"https:\/\/portaltela.pt\/noticias\/2026\/04\/10\/publico-motivou-62-das-sancoes-disciplinares-no-futebol-profissional-2024-25-2\/#breadcrumb\"},\"inLanguage\":\"pt-PT\",\"potentialAction\":[{\"@type\":\"ReadAction\",\"target\":[\"https:\/\/portaltela.pt\/noticias\/2026\/04\/10\/publico-motivou-62-das-sancoes-disciplinares-no-futebol-profissional-2024-25-2\/\"]}]},{\"@type\":\"ImageObject\",\"inLanguage\":\"pt-PT\",\"@id\":\"https:\/\/portaltela.pt\/noticias\/2026\/04\/10\/publico-motivou-62-das-sancoes-disciplinares-no-futebol-profissional-2024-25-2\/#primaryimage\",\"url\":\"https:\/\/portaltela.pt\/s.01k8rhncp4jt1\/2026\/04\/CACHE_780X1200_ANALOG_WATERMARKED_46667683_4755514_01032026091007.jpg\",\"contentUrl\":\"https:\/\/portaltela.pt\/s.01k8rhncp4jt1\/2026\/04\/CACHE_780X1200_ANALOG_WATERMARKED_46667683_4755514_01032026091007.jpg\",\"width\":796,\"height\":448,\"caption\":\"P\u00fablico motivou 62% das san\u00e7\u00f5es disciplinares no futebol profissional em 2024\/25\"},{\"@type\":\"BreadcrumbList\",\"@id\":\"https:\/\/portaltela.pt\/noticias\/2026\/04\/10\/publico-motivou-62-das-sancoes-disciplinares-no-futebol-profissional-2024-25-2\/#breadcrumb\",\"itemListElement\":[{\"@type\":\"ListItem\",\"position\":1,\"name\":\"In\u00edcio\",\"item\":\"https:\/\/portaltela.pt\/\"},{\"@type\":\"ListItem\",\"position\":2,\"name\":\"P\u00fablico motivou 62% das san\u00e7\u00f5es disciplinares no futebol profissional 2024\/25\"}]},{\"@type\":\"WebSite\",\"@id\":\"https:\/\/portaltela.pt\/#website\",\"url\":\"https:\/\/portaltela.pt\/\",\"name\":\"Portal Tela Portugal\",\"description\":\"\",\"potentialAction\":[{\"@type\":\"SearchAction\",\"target\":{\"@type\":\"EntryPoint\",\"urlTemplate\":\"https:\/\/portaltela.pt\/?s={search_term_string}\"},\"query-input\":{\"@type\":\"PropertyValueSpecification\",\"valueRequired\":true,\"valueName\":\"search_term_string\"}}],\"inLanguage\":\"pt-PT\"},{\"@type\":\"Person\",\"@id\":\"https:\/\/portaltela.pt\/#\/schema\/person\/c4278d4a6028830caff9ee44b42d32ed\",\"name\":\"Telinha\",\"image\":{\"@type\":\"ImageObject\",\"inLanguage\":\"pt-PT\",\"@id\":\"https:\/\/portaltela.pt\/s.01k8rhncp4jt1\/2025\/11\/talking-bot-125x125.png\",\"url\":\"https:\/\/portaltela.pt\/s.01k8rhncp4jt1\/2025\/11\/talking-bot-125x125.png\",\"contentUrl\":\"https:\/\/portaltela.pt\/s.01k8rhncp4jt1\/2025\/11\/talking-bot-125x125.png\",\"caption\":\"Telinha\"},\"sameAs\":[\"https:\/\/portaltela.pt\/\"],\"url\":\"https:\/\/portaltela.pt\/por\/367410592786\/\"}]}<\/script>\n<!-- \/ Yoast SEO plugin. -->","yoast_head_json":{"title":"P\u00fablico motivou 62% das san\u00e7\u00f5es disciplinares no futebol profissional 2024\/25 - Portal Tela Portugal","robots":{"index":"index","follow":"follow","max-snippet":"max-snippet:-1","max-image-preview":"max-image-preview:large","max-video-preview":"max-video-preview:-1"},"og_locale":"pt_PT","og_type":"article","og_title":"P\u00fablico motivou 62% das san\u00e7\u00f5es disciplinares no futebol profissional 2024\/25 - Portal Tela Portugal","og_description":"O p\u00fablico foi respons\u00e1vel por 62% das san\u00e7\u00f5es disciplinares aplicadas aos clubes da I e II Ligas na \u00e9poca 2024\/25. As san\u00e7\u00f5es totalizaram 1,8 milh\u00f5es de euros nesse per\u00edodo. As informa\u00e7\u00f5es constam do anu\u00e1rio divulgado pela Liga Portuguesa de Futebol Profissional (LPFP). O conte\u00fado completo est\u00e1 dispon\u00edvel apenas para subscritores.","og_url":"https:\/\/portaltela.pt\/noticias\/2026\/04\/10\/publico-motivou-62-das-sancoes-disciplinares-no-futebol-profissional-2024-25-2\/","og_site_name":"Portal Tela Portugal","article_published_time":"2026-04-10T09:10:00+00:00","author":"Telinha","twitter_card":"summary_large_image","twitter_misc":{"Escrito por":"Telinha","Tempo estimado de leitura":"1 minuto"},"schema":{"@context":"https:\/\/schema.org","@graph":[{"@type":"Article","@id":"https:\/\/portaltela.pt\/noticias\/2026\/04\/10\/publico-motivou-62-das-sancoes-disciplinares-no-futebol-profissional-2024-25-2\/#article","isPartOf":{"@id":"https:\/\/portaltela.pt\/noticias\/2026\/04\/10\/publico-motivou-62-das-sancoes-disciplinares-no-futebol-profissional-2024-25-2\/"},"author":{"name":"Telinha","@id":"https:\/\/portaltela.pt\/#\/schema\/person\/c4278d4a6028830caff9ee44b42d32ed"},"headline":"P\u00fablico motivou 62% das san\u00e7\u00f5es disciplinares no futebol profissional 2024\/25","datePublished":"2026-04-10T09:10:00+00:00","mainEntityOfPage":{"@id":"https:\/\/portaltela.pt\/noticias\/2026\/04\/10\/publico-motivou-62-das-sancoes-disciplinares-no-futebol-profissional-2024-25-2\/"},"wordCount":204,"image":{"@id":"https:\/\/portaltela.pt\/noticias\/2026\/04\/10\/publico-motivou-62-das-sancoes-disciplinares-no-futebol-profissional-2024-25-2\/#primaryimage"},"thumbnailUrl":"https:\/\/portaltela.pt\/s.01k8rhncp4jt1\/2026\/04\/CACHE_780X1200_ANALOG_WATERMARKED_46667683_4755514_01032026091007.jpg","keywords":["_economia","1. Liga","2. Liga","desporto","futebol","p\u00fablico"],"articleSection":["Desporto","Futebol"],"inLanguage":"pt-PT"},{"@type":"WebPage","@id":"https:\/\/portaltela.pt\/noticias\/2026\/04\/10\/publico-motivou-62-das-sancoes-disciplinares-no-futebol-profissional-2024-25-2\/","url":"https:\/\/portaltela.pt\/noticias\/2026\/04\/10\/publico-motivou-62-das-sancoes-disciplinares-no-futebol-profissional-2024-25-2\/","name":"P\u00fablico motivou 62% das san\u00e7\u00f5es disciplinares no futebol profissional 2024\/25 - Portal Tela Portugal","isPartOf":{"@id":"https:\/\/portaltela.pt\/#website"},"primaryImageOfPage":{"@id":"https:\/\/portaltela.pt\/noticias\/2026\/04\/10\/publico-motivou-62-das-sancoes-disciplinares-no-futebol-profissional-2024-25-2\/#primaryimage"},"image":{"@id":"https:\/\/portaltela.pt\/noticias\/2026\/04\/10\/publico-motivou-62-das-sancoes-disciplinares-no-futebol-profissional-2024-25-2\/#primaryimage"},"thumbnailUrl":"https:\/\/portaltela.pt\/s.01k8rhncp4jt1\/2026\/04\/CACHE_780X1200_ANALOG_WATERMARKED_46667683_4755514_01032026091007.jpg","datePublished":"2026-04-10T09:10:00+00:00","author":{"@id":"https:\/\/portaltela.pt\/#\/schema\/person\/c4278d4a6028830caff9ee44b42d32ed"},"breadcrumb":{"@id":"https:\/\/portaltela.pt\/noticias\/2026\/04\/10\/publico-motivou-62-das-sancoes-disciplinares-no-futebol-profissional-2024-25-2\/#breadcrumb"},"inLanguage":"pt-PT","potentialAction":[{"@type":"ReadAction","target":["https:\/\/portaltela.pt\/noticias\/2026\/04\/10\/publico-motivou-62-das-sancoes-disciplinares-no-futebol-profissional-2024-25-2\/"]}]},{"@type":"ImageObject","inLanguage":"pt-PT","@id":"https:\/\/portaltela.pt\/noticias\/2026\/04\/10\/publico-motivou-62-das-sancoes-disciplinares-no-futebol-profissional-2024-25-2\/#primaryimage","url":"https:\/\/portaltela.pt\/s.01k8rhncp4jt1\/2026\/04\/CACHE_780X1200_ANALOG_WATERMARKED_46667683_4755514_01032026091007.jpg","contentUrl":"https:\/\/portaltela.pt\/s.01k8rhncp4jt1\/2026\/04\/CACHE_780X1200_ANALOG_WATERMARKED_46667683_4755514_01032026091007.jpg","width":796,"height":448,"caption":"P\u00fablico motivou 62% das san\u00e7\u00f5es disciplinares no futebol profissional em 2024\/25"},{"@type":"BreadcrumbList","@id":"https:\/\/portaltela.pt\/noticias\/2026\/04\/10\/publico-motivou-62-das-sancoes-disciplinares-no-futebol-profissional-2024-25-2\/#breadcrumb","itemListElement":[{"@type":"ListItem","position":1,"name":"In\u00edcio","item":"https:\/\/portaltela.pt\/"},{"@type":"ListItem","position":2,"name":"P\u00fablico motivou 62% das san\u00e7\u00f5es disciplinares no futebol profissional 2024\/25"}]},{"@type":"WebSite","@id":"https:\/\/portaltela.pt\/#website","url":"https:\/\/portaltela.pt\/","name":"Portal Tela Portugal","description":"","potentialAction":[{"@type":"SearchAction","target":{"@type":"EntryPoint","urlTemplate":"https:\/\/portaltela.pt\/?s={search_term_string}"},"query-input":{"@type":"PropertyValueSpecification","valueRequired":true,"valueName":"search_term_string"}}],"inLanguage":"pt-PT"},{"@type":"Person","@id":"https:\/\/portaltela.pt\/#\/schema\/person\/c4278d4a6028830caff9ee44b42d32ed","name":"Telinha","image":{"@type":"ImageObject","inLanguage":"pt-PT","@id":"https:\/\/portaltela.pt\/s.01k8rhncp4jt1\/2025\/11\/talking-bot-125x125.png","url":"https:\/\/portaltela.pt\/s.01k8rhncp4jt1\/2025\/11\/talking-bot-125x125.png","contentUrl":"https:\/\/portaltela.pt\/s.01k8rhncp4jt1\/2025\/11\/talking-bot-125x125.png","caption":"Telinha"},"sameAs":["https:\/\/portaltela.pt\/"],"url":"https:\/\/portaltela.pt\/por\/367410592786\/"}]}},"_links":{"self":[{"href":"https:\/\/portaltela.pt\/api\/wp\/v2\/posts\/439155","targetHints":{"allow":["GET"]}}],"collection":[{"href":"https:\/\/portaltela.pt\/api\/wp\/v2\/posts"}],"about":[{"href":"https:\/\/portaltela.pt\/api\/wp\/v2\/types\/post"}],"author":[{"embeddable":true,"href":"https:\/\/portaltela.pt\/api\/wp\/v2\/users\/2"}],"replies":[{"embeddable":true,"href":"https:\/\/portaltela.pt\/api\/wp\/v2\/comments?post=439155"}],"version-history":[{"count":0,"href":"https:\/\/portaltela.pt\/api\/wp\/v2\/posts\/439155\/revisions"}],"wp:featuredmedia":[{"embeddable":true,"href":"https:\/\/portaltela.pt\/api\/wp\/v2\/media\/439158"}],"wp:attachment":[{"href":"https:\/\/portaltela.pt\/api\/wp\/v2\/media?parent=439155"}],"wp:term":[{"taxonomy":"category","embeddable":true,"href":"https:\/\/portaltela.pt\/api\/wp\/v2\/categories?post=439155"},{"taxonomy":"post_tag","embeddable":true,"href":"https:\/\/portaltela.pt\/api\/wp\/v2\/tags?post=439155"}],"curies":[{"name":"wp","href":"https:\/\/api.w.org\/{rel}","templated":true}]}}