{"id":439145,"date":"2026-04-10T08:02:28","date_gmt":"2026-04-10T11:02:28","guid":{"rendered":"https:\/\/portaltela.pt\/noticias\/2026\/04\/10\/trinta-manifestantes-defendem-o-sns-em-amadora-sintra\/"},"modified":"2026-04-10T08:02:28","modified_gmt":"2026-04-10T11:02:28","slug":"trinta-manifestantes-defendem-o-sns-em-amadora-sintra","status":"publish","type":"post","link":"https:\/\/portaltela.pt\/saude\/2026\/04\/10\/trinta-manifestantes-defendem-o-sns-em-amadora-sintra\/","title":{"rendered":"Trinta manifestantes defendem o SNS em Amadora-Sintra"},"content":{"rendered":"<p>Cerca de tr\u00eas dezenas de utentes concentraram-se nesta sexta-feira \u00e0 entrada do Hospital Dr. Fernando da Fonseca, na Amadora, para alertar para a situa\u00e7\u00e3o no acesso aos cuidados de sa\u00fade e pela defesa do financiamento do SNS. A concentra\u00e7\u00e3o foi organizada pela Comiss\u00e3o de Utentes de Sa\u00fade da Amadora.<\/p>\n<p>Antes do movimento, um cord\u00e3o humano percorreu cerca de 500 metros, segurando duas faixas, sob palavras de ordem que defendem que a sa\u00fade \u00e9 um direito fundamental. O objetivo \u00e9 chamar a aten\u00e7\u00e3o para a situa\u00e7\u00e3o financeira do SNS.<\/p>\n<p>Pedro Sousa, porta-voz da Comiss\u00e3o, indicou que o protesto visa sobretudo alertar para a falta de financiamento do SNS e para as condi\u00e7\u00f5es de acesso aos cuidados na unidade hospitalar. Detalhou d\u00e9fices em profissionais de sa\u00fade e o impacto no servi\u00e7o.<\/p>\n<p>Segundo Sousa, o SNS enfrenta uma car\u00eancia de cerca de 300 m\u00e9dicos e de aproximadamente 1.400 enfermeiros. O respons\u00e1vel defende a valoriza\u00e7\u00e3o das carreiras, melhores condi\u00e7\u00f5es t\u00e9cnicas e institucionais est\u00e1veis, para evitar a sa\u00edda de profissionais.<\/p>\n<p>O representante criticou ainda as condi\u00e7\u00f5es de funcionamento, incluindo instala\u00e7\u00f5es, gabinetes e a necessidade de investimento para um SNS robusto, capaz de assegurar atendimento universal. Comparou o SNS com o setor privado, questionando onde caberiam cuidados com efic\u00e1cia sem lucro.<\/p>\n<p>O Hospital Dr. Fernando da Fonseca, inaugurado em 1995 e integrado na Unidade Local de Sa\u00fade Amadora\/Sintra, atende uma popula\u00e7\u00e3o superior a 550 mil pessoas. A institui\u00e7\u00e3o \u00e9 refer\u00eancia para dois concelhos da regi\u00e3o.<\/p>\n<p>Esta mobiliza\u00e7\u00e3o insere-se na semana de luta do Movimento de Utentes dos Servi\u00e7os P\u00fablicos, que exige refor\u00e7o do investimento no SNS para manter um sistema p\u00fablico, universal e de qualidade para todos.<\/p>\n<h3>Contexto do protesto<\/h3>\n<p>Para amanh\u00e3, est\u00e1 agendada uma concentra\u00e7\u00e3o \u00e0s 15h30 em frente ao Minist\u00e9rio da Sa\u00fade, em Lisboa, como continuidade das a\u00e7\u00f5es da campanha.<\/p>\n","protected":false},"excerpt":{"rendered":"<ul>\n<li>Cerca de tr\u00eas dezenas de utentes reuniram-se frente ao Hospital Dr. Fernando da Fonseca, Amadora, para defender o SNS e alertar para dificuldades de acesso aos cuidados.<\/li>\n<li>A concentra\u00e7\u00e3o foi precedida por um cord\u00e3o humano que percorreu cerca de 500 metros, empunhando duas faixas e entoando palavras de ordem sobre a sa\u00fade ser um direito.<\/li>\n<li>O porta-voz da Comiss\u00e3o de Utentes da Amadora, Pedro Sousa, aponta falta de financiamento do SNS e de condi\u00e7\u00f5es de acesso aos cuidados, destacando d\u00e9fice de m\u00e9dicos (cerca de 300) e de enfermeiros (m\u00ednimo de 1.400).<\/li>\n<li>Defende-se a valoriza\u00e7\u00e3o das carreiras de profissionais, melhoria de instala\u00e7\u00f5es e investimento para garantir um SNS acess\u00edvel a todos, sem recorrer ao privado.<\/li>\n<li>A iniciativa integra a semana de luta do Movimento de Utentes dos Servi\u00e7os P\u00fablicos; est\u00e1 agendada uma concentra\u00e7\u00e3o no s\u00e1bado, \u00e0s 15h, em frente ao Minist\u00e9rio da Sa\u00fade, em Lisboa.<\/li>\n<\/ul>\n","protected":false},"author":2,"featured_media":439148,"comment_status":"closed","ping_status":"closed","sticky":false,"template":"","format":"standard","meta":{"footnotes":""},"categories":[6745],"tags":[1439,633,2832,172,271,1221],"class_list":["post-439145","post","type-post","status-publish","format-standard","has-post-thumbnail","hentry","category-saude","tag-amadora","tag-hospital","tag-politica","tag-saude","tag-saude-publica","tag-servicos-publicos"],"yoast_head":"<!-- This site is optimized with the Yoast SEO plugin v27.2 - https:\/\/yoast.com\/product\/yoast-seo-wordpress\/ -->\n<title>Trinta manifestantes defendem o SNS em Amadora-Sintra - Portal Tela Portugal<\/title>\n<meta name=\"robots\" content=\"index, follow, max-snippet:-1, max-image-preview:large, max-video-preview:-1\" \/>\n<meta property=\"og:locale\" content=\"pt_PT\" \/>\n<meta property=\"og:type\" content=\"article\" \/>\n<meta property=\"og:title\" content=\"Trinta manifestantes defendem o SNS em Amadora-Sintra - Portal Tela Portugal\" \/>\n<meta property=\"og:description\" content=\"Cerca de tr\u00eas dezenas de utentes reuniram-se frente ao Hospital Dr. Fernando da Fonseca, Amadora, para defender o SNS e alertar para dificuldades de acesso aos cuidados. A concentra\u00e7\u00e3o foi precedida por um cord\u00e3o humano que percorreu cerca de 500 metros, empunhando duas faixas e entoando palavras de ordem sobre a sa\u00fade ser um direito. O porta-voz da Comiss\u00e3o de Utentes da Amadora, Pedro Sousa, aponta falta de financiamento do SNS e de condi\u00e7\u00f5es de acesso aos cuidados, destacando d\u00e9fice de m\u00e9dicos (cerca de 300) e de enfermeiros (m\u00ednimo de 1.400). Defende-se a valoriza\u00e7\u00e3o das carreiras de profissionais, melhoria de instala\u00e7\u00f5es e investimento para garantir um SNS acess\u00edvel a todos, sem recorrer ao privado. A iniciativa integra a semana de luta do Movimento de Utentes dos Servi\u00e7os P\u00fablicos; est\u00e1 agendada uma concentra\u00e7\u00e3o no s\u00e1bado, \u00e0s 15h, em frente ao Minist\u00e9rio da Sa\u00fade, em Lisboa.\" \/>\n<meta property=\"og:url\" content=\"https:\/\/portaltela.pt\/noticias\/2026\/04\/10\/trinta-manifestantes-defendem-o-sns-em-amadora-sintra\/\" \/>\n<meta property=\"og:site_name\" content=\"Portal Tela Portugal\" \/>\n<meta property=\"article:published_time\" content=\"2026-04-10T11:02:28+00:00\" \/>\n<meta name=\"author\" content=\"Telinha\" \/>\n<meta name=\"twitter:card\" content=\"summary_large_image\" \/>\n<meta name=\"twitter:label1\" content=\"Escrito por\" \/>\n\t<meta name=\"twitter:data1\" content=\"Telinha\" \/>\n\t<meta name=\"twitter:label2\" content=\"Tempo estimado de leitura\" \/>\n\t<meta name=\"twitter:data2\" content=\"2 minutos\" \/>\n<script type=\"application\/ld+json\" class=\"yoast-schema-graph\">{\"@context\":\"https:\/\/schema.org\",\"@graph\":[{\"@type\":\"Article\",\"@id\":\"https:\/\/portaltela.pt\/noticias\/2026\/04\/10\/trinta-manifestantes-defendem-o-sns-em-amadora-sintra\/#article\",\"isPartOf\":{\"@id\":\"https:\/\/portaltela.pt\/noticias\/2026\/04\/10\/trinta-manifestantes-defendem-o-sns-em-amadora-sintra\/\"},\"author\":{\"name\":\"Telinha\",\"@id\":\"https:\/\/portaltela.pt\/#\/schema\/person\/c4278d4a6028830caff9ee44b42d32ed\"},\"headline\":\"Trinta manifestantes defendem o SNS em Amadora-Sintra\",\"datePublished\":\"2026-04-10T11:02:28+00:00\",\"mainEntityOfPage\":{\"@id\":\"https:\/\/portaltela.pt\/noticias\/2026\/04\/10\/trinta-manifestantes-defendem-o-sns-em-amadora-sintra\/\"},\"wordCount\":335,\"image\":{\"@id\":\"https:\/\/portaltela.pt\/noticias\/2026\/04\/10\/trinta-manifestantes-defendem-o-sns-em-amadora-sintra\/#primaryimage\"},\"thumbnailUrl\":\"https:\/\/portaltela.pt\/s.01k8rhncp4jt1\/2026\/04\/img_1500x1000uu2026-04-10-11-47-33-2277649.jpg\",\"keywords\":[\"Amadora\",\"hospital\",\"pol\u00edtica\",\"sa\u00fade\",\"sa\u00fade p\u00fablica\",\"servi\u00e7os p\u00fablicos\"],\"articleSection\":[\"Sa\u00fade\"],\"inLanguage\":\"pt-PT\"},{\"@type\":\"WebPage\",\"@id\":\"https:\/\/portaltela.pt\/noticias\/2026\/04\/10\/trinta-manifestantes-defendem-o-sns-em-amadora-sintra\/\",\"url\":\"https:\/\/portaltela.pt\/noticias\/2026\/04\/10\/trinta-manifestantes-defendem-o-sns-em-amadora-sintra\/\",\"name\":\"Trinta manifestantes defendem o SNS em Amadora-Sintra - Portal Tela Portugal\",\"isPartOf\":{\"@id\":\"https:\/\/portaltela.pt\/#website\"},\"primaryImageOfPage\":{\"@id\":\"https:\/\/portaltela.pt\/noticias\/2026\/04\/10\/trinta-manifestantes-defendem-o-sns-em-amadora-sintra\/#primaryimage\"},\"image\":{\"@id\":\"https:\/\/portaltela.pt\/noticias\/2026\/04\/10\/trinta-manifestantes-defendem-o-sns-em-amadora-sintra\/#primaryimage\"},\"thumbnailUrl\":\"https:\/\/portaltela.pt\/s.01k8rhncp4jt1\/2026\/04\/img_1500x1000uu2026-04-10-11-47-33-2277649.jpg\",\"datePublished\":\"2026-04-10T11:02:28+00:00\",\"author\":{\"@id\":\"https:\/\/portaltela.pt\/#\/schema\/person\/c4278d4a6028830caff9ee44b42d32ed\"},\"breadcrumb\":{\"@id\":\"https:\/\/portaltela.pt\/noticias\/2026\/04\/10\/trinta-manifestantes-defendem-o-sns-em-amadora-sintra\/#breadcrumb\"},\"inLanguage\":\"pt-PT\",\"potentialAction\":[{\"@type\":\"ReadAction\",\"target\":[\"https:\/\/portaltela.pt\/noticias\/2026\/04\/10\/trinta-manifestantes-defendem-o-sns-em-amadora-sintra\/\"]}]},{\"@type\":\"ImageObject\",\"inLanguage\":\"pt-PT\",\"@id\":\"https:\/\/portaltela.pt\/noticias\/2026\/04\/10\/trinta-manifestantes-defendem-o-sns-em-amadora-sintra\/#primaryimage\",\"url\":\"https:\/\/portaltela.pt\/s.01k8rhncp4jt1\/2026\/04\/img_1500x1000uu2026-04-10-11-47-33-2277649.jpg\",\"contentUrl\":\"https:\/\/portaltela.pt\/s.01k8rhncp4jt1\/2026\/04\/img_1500x1000uu2026-04-10-11-47-33-2277649.jpg\",\"width\":796,\"height\":448,\"caption\":\"Tr\u00eas dezenas manifestam-se em defesa do SNS no Amadora-Sintra\"},{\"@type\":\"BreadcrumbList\",\"@id\":\"https:\/\/portaltela.pt\/noticias\/2026\/04\/10\/trinta-manifestantes-defendem-o-sns-em-amadora-sintra\/#breadcrumb\",\"itemListElement\":[{\"@type\":\"ListItem\",\"position\":1,\"name\":\"In\u00edcio\",\"item\":\"https:\/\/portaltela.pt\/\"},{\"@type\":\"ListItem\",\"position\":2,\"name\":\"Trinta manifestantes defendem o SNS em Amadora-Sintra\"}]},{\"@type\":\"WebSite\",\"@id\":\"https:\/\/portaltela.pt\/#website\",\"url\":\"https:\/\/portaltela.pt\/\",\"name\":\"Portal Tela Portugal\",\"description\":\"\",\"potentialAction\":[{\"@type\":\"SearchAction\",\"target\":{\"@type\":\"EntryPoint\",\"urlTemplate\":\"https:\/\/portaltela.pt\/?s={search_term_string}\"},\"query-input\":{\"@type\":\"PropertyValueSpecification\",\"valueRequired\":true,\"valueName\":\"search_term_string\"}}],\"inLanguage\":\"pt-PT\"},{\"@type\":\"Person\",\"@id\":\"https:\/\/portaltela.pt\/#\/schema\/person\/c4278d4a6028830caff9ee44b42d32ed\",\"name\":\"Telinha\",\"image\":{\"@type\":\"ImageObject\",\"inLanguage\":\"pt-PT\",\"@id\":\"https:\/\/portaltela.pt\/s.01k8rhncp4jt1\/2025\/11\/talking-bot-125x125.png\",\"url\":\"https:\/\/portaltela.pt\/s.01k8rhncp4jt1\/2025\/11\/talking-bot-125x125.png\",\"contentUrl\":\"https:\/\/portaltela.pt\/s.01k8rhncp4jt1\/2025\/11\/talking-bot-125x125.png\",\"caption\":\"Telinha\"},\"sameAs\":[\"https:\/\/portaltela.pt\/\"],\"url\":\"https:\/\/portaltela.pt\/por\/367410592786\/\"}]}<\/script>\n<!-- \/ Yoast SEO plugin. -->","yoast_head_json":{"title":"Trinta manifestantes defendem o SNS em Amadora-Sintra - Portal Tela Portugal","robots":{"index":"index","follow":"follow","max-snippet":"max-snippet:-1","max-image-preview":"max-image-preview:large","max-video-preview":"max-video-preview:-1"},"og_locale":"pt_PT","og_type":"article","og_title":"Trinta manifestantes defendem o SNS em Amadora-Sintra - Portal Tela Portugal","og_description":"Cerca de tr\u00eas dezenas de utentes reuniram-se frente ao Hospital Dr. Fernando da Fonseca, Amadora, para defender o SNS e alertar para dificuldades de acesso aos cuidados. A concentra\u00e7\u00e3o foi precedida por um cord\u00e3o humano que percorreu cerca de 500 metros, empunhando duas faixas e entoando palavras de ordem sobre a sa\u00fade ser um direito. O porta-voz da Comiss\u00e3o de Utentes da Amadora, Pedro Sousa, aponta falta de financiamento do SNS e de condi\u00e7\u00f5es de acesso aos cuidados, destacando d\u00e9fice de m\u00e9dicos (cerca de 300) e de enfermeiros (m\u00ednimo de 1.400). Defende-se a valoriza\u00e7\u00e3o das carreiras de profissionais, melhoria de instala\u00e7\u00f5es e investimento para garantir um SNS acess\u00edvel a todos, sem recorrer ao privado. A iniciativa integra a semana de luta do Movimento de Utentes dos Servi\u00e7os P\u00fablicos; est\u00e1 agendada uma concentra\u00e7\u00e3o no s\u00e1bado, \u00e0s 15h, em frente ao Minist\u00e9rio da Sa\u00fade, em Lisboa.","og_url":"https:\/\/portaltela.pt\/noticias\/2026\/04\/10\/trinta-manifestantes-defendem-o-sns-em-amadora-sintra\/","og_site_name":"Portal Tela Portugal","article_published_time":"2026-04-10T11:02:28+00:00","author":"Telinha","twitter_card":"summary_large_image","twitter_misc":{"Escrito por":"Telinha","Tempo estimado de leitura":"2 minutos"},"schema":{"@context":"https:\/\/schema.org","@graph":[{"@type":"Article","@id":"https:\/\/portaltela.pt\/noticias\/2026\/04\/10\/trinta-manifestantes-defendem-o-sns-em-amadora-sintra\/#article","isPartOf":{"@id":"https:\/\/portaltela.pt\/noticias\/2026\/04\/10\/trinta-manifestantes-defendem-o-sns-em-amadora-sintra\/"},"author":{"name":"Telinha","@id":"https:\/\/portaltela.pt\/#\/schema\/person\/c4278d4a6028830caff9ee44b42d32ed"},"headline":"Trinta manifestantes defendem o SNS em Amadora-Sintra","datePublished":"2026-04-10T11:02:28+00:00","mainEntityOfPage":{"@id":"https:\/\/portaltela.pt\/noticias\/2026\/04\/10\/trinta-manifestantes-defendem-o-sns-em-amadora-sintra\/"},"wordCount":335,"image":{"@id":"https:\/\/portaltela.pt\/noticias\/2026\/04\/10\/trinta-manifestantes-defendem-o-sns-em-amadora-sintra\/#primaryimage"},"thumbnailUrl":"https:\/\/portaltela.pt\/s.01k8rhncp4jt1\/2026\/04\/img_1500x1000uu2026-04-10-11-47-33-2277649.jpg","keywords":["Amadora","hospital","pol\u00edtica","sa\u00fade","sa\u00fade p\u00fablica","servi\u00e7os p\u00fablicos"],"articleSection":["Sa\u00fade"],"inLanguage":"pt-PT"},{"@type":"WebPage","@id":"https:\/\/portaltela.pt\/noticias\/2026\/04\/10\/trinta-manifestantes-defendem-o-sns-em-amadora-sintra\/","url":"https:\/\/portaltela.pt\/noticias\/2026\/04\/10\/trinta-manifestantes-defendem-o-sns-em-amadora-sintra\/","name":"Trinta manifestantes defendem o SNS em Amadora-Sintra - Portal Tela Portugal","isPartOf":{"@id":"https:\/\/portaltela.pt\/#website"},"primaryImageOfPage":{"@id":"https:\/\/portaltela.pt\/noticias\/2026\/04\/10\/trinta-manifestantes-defendem-o-sns-em-amadora-sintra\/#primaryimage"},"image":{"@id":"https:\/\/portaltela.pt\/noticias\/2026\/04\/10\/trinta-manifestantes-defendem-o-sns-em-amadora-sintra\/#primaryimage"},"thumbnailUrl":"https:\/\/portaltela.pt\/s.01k8rhncp4jt1\/2026\/04\/img_1500x1000uu2026-04-10-11-47-33-2277649.jpg","datePublished":"2026-04-10T11:02:28+00:00","author":{"@id":"https:\/\/portaltela.pt\/#\/schema\/person\/c4278d4a6028830caff9ee44b42d32ed"},"breadcrumb":{"@id":"https:\/\/portaltela.pt\/noticias\/2026\/04\/10\/trinta-manifestantes-defendem-o-sns-em-amadora-sintra\/#breadcrumb"},"inLanguage":"pt-PT","potentialAction":[{"@type":"ReadAction","target":["https:\/\/portaltela.pt\/noticias\/2026\/04\/10\/trinta-manifestantes-defendem-o-sns-em-amadora-sintra\/"]}]},{"@type":"ImageObject","inLanguage":"pt-PT","@id":"https:\/\/portaltela.pt\/noticias\/2026\/04\/10\/trinta-manifestantes-defendem-o-sns-em-amadora-sintra\/#primaryimage","url":"https:\/\/portaltela.pt\/s.01k8rhncp4jt1\/2026\/04\/img_1500x1000uu2026-04-10-11-47-33-2277649.jpg","contentUrl":"https:\/\/portaltela.pt\/s.01k8rhncp4jt1\/2026\/04\/img_1500x1000uu2026-04-10-11-47-33-2277649.jpg","width":796,"height":448,"caption":"Tr\u00eas dezenas manifestam-se em defesa do SNS no Amadora-Sintra"},{"@type":"BreadcrumbList","@id":"https:\/\/portaltela.pt\/noticias\/2026\/04\/10\/trinta-manifestantes-defendem-o-sns-em-amadora-sintra\/#breadcrumb","itemListElement":[{"@type":"ListItem","position":1,"name":"In\u00edcio","item":"https:\/\/portaltela.pt\/"},{"@type":"ListItem","position":2,"name":"Trinta manifestantes defendem o SNS em Amadora-Sintra"}]},{"@type":"WebSite","@id":"https:\/\/portaltela.pt\/#website","url":"https:\/\/portaltela.pt\/","name":"Portal Tela Portugal","description":"","potentialAction":[{"@type":"SearchAction","target":{"@type":"EntryPoint","urlTemplate":"https:\/\/portaltela.pt\/?s={search_term_string}"},"query-input":{"@type":"PropertyValueSpecification","valueRequired":true,"valueName":"search_term_string"}}],"inLanguage":"pt-PT"},{"@type":"Person","@id":"https:\/\/portaltela.pt\/#\/schema\/person\/c4278d4a6028830caff9ee44b42d32ed","name":"Telinha","image":{"@type":"ImageObject","inLanguage":"pt-PT","@id":"https:\/\/portaltela.pt\/s.01k8rhncp4jt1\/2025\/11\/talking-bot-125x125.png","url":"https:\/\/portaltela.pt\/s.01k8rhncp4jt1\/2025\/11\/talking-bot-125x125.png","contentUrl":"https:\/\/portaltela.pt\/s.01k8rhncp4jt1\/2025\/11\/talking-bot-125x125.png","caption":"Telinha"},"sameAs":["https:\/\/portaltela.pt\/"],"url":"https:\/\/portaltela.pt\/por\/367410592786\/"}]}},"_links":{"self":[{"href":"https:\/\/portaltela.pt\/api\/wp\/v2\/posts\/439145","targetHints":{"allow":["GET"]}}],"collection":[{"href":"https:\/\/portaltela.pt\/api\/wp\/v2\/posts"}],"about":[{"href":"https:\/\/portaltela.pt\/api\/wp\/v2\/types\/post"}],"author":[{"embeddable":true,"href":"https:\/\/portaltela.pt\/api\/wp\/v2\/users\/2"}],"replies":[{"embeddable":true,"href":"https:\/\/portaltela.pt\/api\/wp\/v2\/comments?post=439145"}],"version-history":[{"count":0,"href":"https:\/\/portaltela.pt\/api\/wp\/v2\/posts\/439145\/revisions"}],"wp:featuredmedia":[{"embeddable":true,"href":"https:\/\/portaltela.pt\/api\/wp\/v2\/media\/439148"}],"wp:attachment":[{"href":"https:\/\/portaltela.pt\/api\/wp\/v2\/media?parent=439145"}],"wp:term":[{"taxonomy":"category","embeddable":true,"href":"https:\/\/portaltela.pt\/api\/wp\/v2\/categories?post=439145"},{"taxonomy":"post_tag","embeddable":true,"href":"https:\/\/portaltela.pt\/api\/wp\/v2\/tags?post=439145"}],"curies":[{"name":"wp","href":"https:\/\/api.w.org\/{rel}","templated":true}]}}