{"id":439138,"date":"2026-04-10T07:47:17","date_gmt":"2026-04-10T10:47:17","guid":{"rendered":"https:\/\/portaltela.pt\/noticias\/2026\/04\/10\/condenado-a-oito-anos-por-homicidio-de-mulher-que-se-atirou-de-ponte\/"},"modified":"2026-04-10T07:47:17","modified_gmt":"2026-04-10T10:47:17","slug":"condenado-a-oito-anos-por-homicidio-de-mulher-que-se-atirou-de-ponte","status":"publish","type":"post","link":"https:\/\/portaltela.pt\/justica\/2026\/04\/10\/condenado-a-oito-anos-por-homicidio-de-mulher-que-se-atirou-de-ponte\/","title":{"rendered":"Condenado a oito anos por homic\u00eddio de mulher que se atirou de ponte"},"content":{"rendered":"<p>Um homem foi condenado a oito anos de pris\u00e3o pelo homic\u00eddio da mulher que, ap\u00f3s abuso dom\u00e9stico prolongado, acabou por se suicidar ao saltar de uma ponte na Esc\u00f3cia. O veredito ocorreu no Tribunal Superior de Glasgow, em julgamento que marca um precedente jur\u00eddico no pa\u00eds.<\/p>\n<p>Kimberly Milne, de 28 anos, morreu em julho de 2023 ao lan\u00e7ar-se de uma ponte sobre a autoestrada A90. O marido, Lee Milne, de 39 anos, foi considerado culpado de homic\u00eddio volunt\u00e1rio ap\u00f3s um julgamento que durou v\u00e1rias semanas.<\/p>\n<p>Segundo o jornal The Guardian, Milne submeteu Kimberly a viol\u00eancia sist\u00e9mica, incluindo isolamento social, controlo financeiro e repetidos estrangulamentos. Advogados de procuradoria defenderam que as agress\u00f5es ocorreram nos 18 meses anteriores \u00e0 morte.<\/p>\n<p>Testemunhas presentes na altura descreveram Kimberly como \u201cdesesperada\u201d e \u201cpresa\u201d nos bra\u00e7os do marido perto do local da queda. O tribunal ouviu que ela vivia em ang\u00fastia, medo e alarmismo enquanto Milne a seguiu at\u00e9 \u00e0 ponte.<\/p>\n<p>Este veredito torna Milne na primeira pessoa na Esc\u00f3cia a ser condenada por homic\u00eddio de uma parceira ap\u00f3s viol\u00eancia dom\u00e9stica prolongada, mesmo sem ter causado fisicamente a morte. Casos semelhantes j\u00e1 ocorreram em Inglaterra, como os de Nicholas Allen e Steven Gane. BBC referiu esses precedentes.<\/p>\n","protected":false},"excerpt":{"rendered":"<ul>\n<li>Lee Milne, de 39 anos, foi condenado a oito anos de pris\u00e3o pelo homic\u00eddio da mulher, Kimberly Milne, que se suicidou ap\u00f3s abusos dom\u00e9sticos repetidos.<\/li>\n<li>Kimberly Milne, 28 anos, morreu ao saltar de uma ponte sobre a autoestrada A90 em julho de dois mil e vinte e tr\u00eas, depois de se sentir pressionada pelo marido.<\/li>\n<li>Milne foi considerado culpado de homic\u00eddio volunt\u00e1rio e de conduta abusiva que isolou a v\u00edtima, controlou as finan\u00e7as e a cometeu estrangulamentos repetidos.<\/li>\n<li>O veredito torna Milne a primeira pessoa na Esc\u00f3cia a ser condenada por homic\u00eddio de parceira ap\u00f3s viol\u00eancia dom\u00e9stica prolongada, mesmo sem ter causado diretamente a morte.<\/li>\n<li>Casos semelhantes j\u00e1 ocorreram em tribunais ingleses, nomeadamente em dois mil e dezassete e dois mil e dezoito, segundo a BBC.<\/li>\n<\/ul>\n","protected":false},"author":2,"featured_media":439139,"comment_status":"closed","ping_status":"closed","sticky":false,"template":"","format":"standard","meta":{"footnotes":""},"categories":[6907,6815],"tags":[6543,147,1345,803,6208,214],"class_list":["post-439138","post","type-post","status-publish","format-standard","has-post-thumbnail","hentry","category-crime","category-justica","tag-condenacao","tag-crime","tag-homicidio","tag-justica","tag-tribunais","tag-violencia-domestica"],"yoast_head":"<!-- This site is optimized with the Yoast SEO plugin v27.2 - https:\/\/yoast.com\/product\/yoast-seo-wordpress\/ -->\n<title>Condenado a oito anos por homic\u00eddio de mulher que se atirou de ponte - Portal Tela Portugal<\/title>\n<meta name=\"robots\" content=\"index, follow, max-snippet:-1, max-image-preview:large, max-video-preview:-1\" \/>\n<meta property=\"og:locale\" content=\"pt_PT\" \/>\n<meta property=\"og:type\" content=\"article\" \/>\n<meta property=\"og:title\" content=\"Condenado a oito anos por homic\u00eddio de mulher que se atirou de ponte - Portal Tela Portugal\" \/>\n<meta property=\"og:description\" content=\"Lee Milne, de 39 anos, foi condenado a oito anos de pris\u00e3o pelo homic\u00eddio da mulher, Kimberly Milne, que se suicidou ap\u00f3s abusos dom\u00e9sticos repetidos. Kimberly Milne, 28 anos, morreu ao saltar de uma ponte sobre a autoestrada A90 em julho de dois mil e vinte e tr\u00eas, depois de se sentir pressionada pelo marido. Milne foi considerado culpado de homic\u00eddio volunt\u00e1rio e de conduta abusiva que isolou a v\u00edtima, controlou as finan\u00e7as e a cometeu estrangulamentos repetidos. O veredito torna Milne a primeira pessoa na Esc\u00f3cia a ser condenada por homic\u00eddio de parceira ap\u00f3s viol\u00eancia dom\u00e9stica prolongada, mesmo sem ter causado diretamente a morte. Casos semelhantes j\u00e1 ocorreram em tribunais ingleses, nomeadamente em dois mil e dezassete e dois mil e dezoito, segundo a BBC.\" \/>\n<meta property=\"og:url\" content=\"https:\/\/portaltela.pt\/noticias\/2026\/04\/10\/condenado-a-oito-anos-por-homicidio-de-mulher-que-se-atirou-de-ponte\/\" \/>\n<meta property=\"og:site_name\" content=\"Portal Tela Portugal\" \/>\n<meta property=\"article:published_time\" content=\"2026-04-10T10:47:17+00:00\" \/>\n<meta name=\"author\" content=\"Telinha\" \/>\n<meta name=\"twitter:card\" content=\"summary_large_image\" \/>\n<meta name=\"twitter:label1\" content=\"Escrito por\" \/>\n\t<meta name=\"twitter:data1\" content=\"Telinha\" \/>\n\t<meta name=\"twitter:label2\" content=\"Tempo estimado de leitura\" \/>\n\t<meta name=\"twitter:data2\" content=\"1 minuto\" \/>\n<script type=\"application\/ld+json\" class=\"yoast-schema-graph\">{\"@context\":\"https:\/\/schema.org\",\"@graph\":[{\"@type\":\"Article\",\"@id\":\"https:\/\/portaltela.pt\/noticias\/2026\/04\/10\/condenado-a-oito-anos-por-homicidio-de-mulher-que-se-atirou-de-ponte\/#article\",\"isPartOf\":{\"@id\":\"https:\/\/portaltela.pt\/noticias\/2026\/04\/10\/condenado-a-oito-anos-por-homicidio-de-mulher-que-se-atirou-de-ponte\/\"},\"author\":{\"name\":\"Telinha\",\"@id\":\"https:\/\/portaltela.pt\/#\/schema\/person\/c4278d4a6028830caff9ee44b42d32ed\"},\"headline\":\"Condenado a oito anos por homic\u00eddio de mulher que se atirou de ponte\",\"datePublished\":\"2026-04-10T10:47:17+00:00\",\"mainEntityOfPage\":{\"@id\":\"https:\/\/portaltela.pt\/noticias\/2026\/04\/10\/condenado-a-oito-anos-por-homicidio-de-mulher-que-se-atirou-de-ponte\/\"},\"wordCount\":231,\"image\":{\"@id\":\"https:\/\/portaltela.pt\/noticias\/2026\/04\/10\/condenado-a-oito-anos-por-homicidio-de-mulher-que-se-atirou-de-ponte\/#primaryimage\"},\"thumbnailUrl\":\"https:\/\/portaltela.pt\/s.01k8rhncp4jt1\/2026\/04\/image-578.jpg\",\"keywords\":[\"condena\u00e7\u00e3o\",\"crime\",\"homic\u00eddio\",\"justi\u00e7a\",\"Tribunais\",\"viol\u00eancia dom\u00e9stica\"],\"articleSection\":[\"Crime\",\"Justi\u00e7a\"],\"inLanguage\":\"pt-PT\"},{\"@type\":\"WebPage\",\"@id\":\"https:\/\/portaltela.pt\/noticias\/2026\/04\/10\/condenado-a-oito-anos-por-homicidio-de-mulher-que-se-atirou-de-ponte\/\",\"url\":\"https:\/\/portaltela.pt\/noticias\/2026\/04\/10\/condenado-a-oito-anos-por-homicidio-de-mulher-que-se-atirou-de-ponte\/\",\"name\":\"Condenado a oito anos por homic\u00eddio de mulher que se atirou de ponte - Portal Tela Portugal\",\"isPartOf\":{\"@id\":\"https:\/\/portaltela.pt\/#website\"},\"primaryImageOfPage\":{\"@id\":\"https:\/\/portaltela.pt\/noticias\/2026\/04\/10\/condenado-a-oito-anos-por-homicidio-de-mulher-que-se-atirou-de-ponte\/#primaryimage\"},\"image\":{\"@id\":\"https:\/\/portaltela.pt\/noticias\/2026\/04\/10\/condenado-a-oito-anos-por-homicidio-de-mulher-que-se-atirou-de-ponte\/#primaryimage\"},\"thumbnailUrl\":\"https:\/\/portaltela.pt\/s.01k8rhncp4jt1\/2026\/04\/image-578.jpg\",\"datePublished\":\"2026-04-10T10:47:17+00:00\",\"author\":{\"@id\":\"https:\/\/portaltela.pt\/#\/schema\/person\/c4278d4a6028830caff9ee44b42d32ed\"},\"breadcrumb\":{\"@id\":\"https:\/\/portaltela.pt\/noticias\/2026\/04\/10\/condenado-a-oito-anos-por-homicidio-de-mulher-que-se-atirou-de-ponte\/#breadcrumb\"},\"inLanguage\":\"pt-PT\",\"potentialAction\":[{\"@type\":\"ReadAction\",\"target\":[\"https:\/\/portaltela.pt\/noticias\/2026\/04\/10\/condenado-a-oito-anos-por-homicidio-de-mulher-que-se-atirou-de-ponte\/\"]}]},{\"@type\":\"ImageObject\",\"inLanguage\":\"pt-PT\",\"@id\":\"https:\/\/portaltela.pt\/noticias\/2026\/04\/10\/condenado-a-oito-anos-por-homicidio-de-mulher-que-se-atirou-de-ponte\/#primaryimage\",\"url\":\"https:\/\/portaltela.pt\/s.01k8rhncp4jt1\/2026\/04\/image-578.jpg\",\"contentUrl\":\"https:\/\/portaltela.pt\/s.01k8rhncp4jt1\/2026\/04\/image-578.jpg\",\"width\":796,\"height\":448,\"caption\":\"Kimberly morreu ap\u00f3s cair de ponte em 2023\"},{\"@type\":\"BreadcrumbList\",\"@id\":\"https:\/\/portaltela.pt\/noticias\/2026\/04\/10\/condenado-a-oito-anos-por-homicidio-de-mulher-que-se-atirou-de-ponte\/#breadcrumb\",\"itemListElement\":[{\"@type\":\"ListItem\",\"position\":1,\"name\":\"In\u00edcio\",\"item\":\"https:\/\/portaltela.pt\/\"},{\"@type\":\"ListItem\",\"position\":2,\"name\":\"Condenado a oito anos por homic\u00eddio de mulher que se atirou de ponte\"}]},{\"@type\":\"WebSite\",\"@id\":\"https:\/\/portaltela.pt\/#website\",\"url\":\"https:\/\/portaltela.pt\/\",\"name\":\"Portal Tela Portugal\",\"description\":\"\",\"potentialAction\":[{\"@type\":\"SearchAction\",\"target\":{\"@type\":\"EntryPoint\",\"urlTemplate\":\"https:\/\/portaltela.pt\/?s={search_term_string}\"},\"query-input\":{\"@type\":\"PropertyValueSpecification\",\"valueRequired\":true,\"valueName\":\"search_term_string\"}}],\"inLanguage\":\"pt-PT\"},{\"@type\":\"Person\",\"@id\":\"https:\/\/portaltela.pt\/#\/schema\/person\/c4278d4a6028830caff9ee44b42d32ed\",\"name\":\"Telinha\",\"image\":{\"@type\":\"ImageObject\",\"inLanguage\":\"pt-PT\",\"@id\":\"https:\/\/portaltela.pt\/s.01k8rhncp4jt1\/2025\/11\/talking-bot-125x125.png\",\"url\":\"https:\/\/portaltela.pt\/s.01k8rhncp4jt1\/2025\/11\/talking-bot-125x125.png\",\"contentUrl\":\"https:\/\/portaltela.pt\/s.01k8rhncp4jt1\/2025\/11\/talking-bot-125x125.png\",\"caption\":\"Telinha\"},\"sameAs\":[\"https:\/\/portaltela.pt\/\"],\"url\":\"https:\/\/portaltela.pt\/por\/367410592786\/\"}]}<\/script>\n<!-- \/ Yoast SEO plugin. -->","yoast_head_json":{"title":"Condenado a oito anos por homic\u00eddio de mulher que se atirou de ponte - Portal Tela Portugal","robots":{"index":"index","follow":"follow","max-snippet":"max-snippet:-1","max-image-preview":"max-image-preview:large","max-video-preview":"max-video-preview:-1"},"og_locale":"pt_PT","og_type":"article","og_title":"Condenado a oito anos por homic\u00eddio de mulher que se atirou de ponte - Portal Tela Portugal","og_description":"Lee Milne, de 39 anos, foi condenado a oito anos de pris\u00e3o pelo homic\u00eddio da mulher, Kimberly Milne, que se suicidou ap\u00f3s abusos dom\u00e9sticos repetidos. Kimberly Milne, 28 anos, morreu ao saltar de uma ponte sobre a autoestrada A90 em julho de dois mil e vinte e tr\u00eas, depois de se sentir pressionada pelo marido. Milne foi considerado culpado de homic\u00eddio volunt\u00e1rio e de conduta abusiva que isolou a v\u00edtima, controlou as finan\u00e7as e a cometeu estrangulamentos repetidos. O veredito torna Milne a primeira pessoa na Esc\u00f3cia a ser condenada por homic\u00eddio de parceira ap\u00f3s viol\u00eancia dom\u00e9stica prolongada, mesmo sem ter causado diretamente a morte. Casos semelhantes j\u00e1 ocorreram em tribunais ingleses, nomeadamente em dois mil e dezassete e dois mil e dezoito, segundo a BBC.","og_url":"https:\/\/portaltela.pt\/noticias\/2026\/04\/10\/condenado-a-oito-anos-por-homicidio-de-mulher-que-se-atirou-de-ponte\/","og_site_name":"Portal Tela Portugal","article_published_time":"2026-04-10T10:47:17+00:00","author":"Telinha","twitter_card":"summary_large_image","twitter_misc":{"Escrito por":"Telinha","Tempo estimado de leitura":"1 minuto"},"schema":{"@context":"https:\/\/schema.org","@graph":[{"@type":"Article","@id":"https:\/\/portaltela.pt\/noticias\/2026\/04\/10\/condenado-a-oito-anos-por-homicidio-de-mulher-que-se-atirou-de-ponte\/#article","isPartOf":{"@id":"https:\/\/portaltela.pt\/noticias\/2026\/04\/10\/condenado-a-oito-anos-por-homicidio-de-mulher-que-se-atirou-de-ponte\/"},"author":{"name":"Telinha","@id":"https:\/\/portaltela.pt\/#\/schema\/person\/c4278d4a6028830caff9ee44b42d32ed"},"headline":"Condenado a oito anos por homic\u00eddio de mulher que se atirou de ponte","datePublished":"2026-04-10T10:47:17+00:00","mainEntityOfPage":{"@id":"https:\/\/portaltela.pt\/noticias\/2026\/04\/10\/condenado-a-oito-anos-por-homicidio-de-mulher-que-se-atirou-de-ponte\/"},"wordCount":231,"image":{"@id":"https:\/\/portaltela.pt\/noticias\/2026\/04\/10\/condenado-a-oito-anos-por-homicidio-de-mulher-que-se-atirou-de-ponte\/#primaryimage"},"thumbnailUrl":"https:\/\/portaltela.pt\/s.01k8rhncp4jt1\/2026\/04\/image-578.jpg","keywords":["condena\u00e7\u00e3o","crime","homic\u00eddio","justi\u00e7a","Tribunais","viol\u00eancia dom\u00e9stica"],"articleSection":["Crime","Justi\u00e7a"],"inLanguage":"pt-PT"},{"@type":"WebPage","@id":"https:\/\/portaltela.pt\/noticias\/2026\/04\/10\/condenado-a-oito-anos-por-homicidio-de-mulher-que-se-atirou-de-ponte\/","url":"https:\/\/portaltela.pt\/noticias\/2026\/04\/10\/condenado-a-oito-anos-por-homicidio-de-mulher-que-se-atirou-de-ponte\/","name":"Condenado a oito anos por homic\u00eddio de mulher que se atirou de ponte - Portal Tela Portugal","isPartOf":{"@id":"https:\/\/portaltela.pt\/#website"},"primaryImageOfPage":{"@id":"https:\/\/portaltela.pt\/noticias\/2026\/04\/10\/condenado-a-oito-anos-por-homicidio-de-mulher-que-se-atirou-de-ponte\/#primaryimage"},"image":{"@id":"https:\/\/portaltela.pt\/noticias\/2026\/04\/10\/condenado-a-oito-anos-por-homicidio-de-mulher-que-se-atirou-de-ponte\/#primaryimage"},"thumbnailUrl":"https:\/\/portaltela.pt\/s.01k8rhncp4jt1\/2026\/04\/image-578.jpg","datePublished":"2026-04-10T10:47:17+00:00","author":{"@id":"https:\/\/portaltela.pt\/#\/schema\/person\/c4278d4a6028830caff9ee44b42d32ed"},"breadcrumb":{"@id":"https:\/\/portaltela.pt\/noticias\/2026\/04\/10\/condenado-a-oito-anos-por-homicidio-de-mulher-que-se-atirou-de-ponte\/#breadcrumb"},"inLanguage":"pt-PT","potentialAction":[{"@type":"ReadAction","target":["https:\/\/portaltela.pt\/noticias\/2026\/04\/10\/condenado-a-oito-anos-por-homicidio-de-mulher-que-se-atirou-de-ponte\/"]}]},{"@type":"ImageObject","inLanguage":"pt-PT","@id":"https:\/\/portaltela.pt\/noticias\/2026\/04\/10\/condenado-a-oito-anos-por-homicidio-de-mulher-que-se-atirou-de-ponte\/#primaryimage","url":"https:\/\/portaltela.pt\/s.01k8rhncp4jt1\/2026\/04\/image-578.jpg","contentUrl":"https:\/\/portaltela.pt\/s.01k8rhncp4jt1\/2026\/04\/image-578.jpg","width":796,"height":448,"caption":"Kimberly morreu ap\u00f3s cair de ponte em 2023"},{"@type":"BreadcrumbList","@id":"https:\/\/portaltela.pt\/noticias\/2026\/04\/10\/condenado-a-oito-anos-por-homicidio-de-mulher-que-se-atirou-de-ponte\/#breadcrumb","itemListElement":[{"@type":"ListItem","position":1,"name":"In\u00edcio","item":"https:\/\/portaltela.pt\/"},{"@type":"ListItem","position":2,"name":"Condenado a oito anos por homic\u00eddio de mulher que se atirou de ponte"}]},{"@type":"WebSite","@id":"https:\/\/portaltela.pt\/#website","url":"https:\/\/portaltela.pt\/","name":"Portal Tela Portugal","description":"","potentialAction":[{"@type":"SearchAction","target":{"@type":"EntryPoint","urlTemplate":"https:\/\/portaltela.pt\/?s={search_term_string}"},"query-input":{"@type":"PropertyValueSpecification","valueRequired":true,"valueName":"search_term_string"}}],"inLanguage":"pt-PT"},{"@type":"Person","@id":"https:\/\/portaltela.pt\/#\/schema\/person\/c4278d4a6028830caff9ee44b42d32ed","name":"Telinha","image":{"@type":"ImageObject","inLanguage":"pt-PT","@id":"https:\/\/portaltela.pt\/s.01k8rhncp4jt1\/2025\/11\/talking-bot-125x125.png","url":"https:\/\/portaltela.pt\/s.01k8rhncp4jt1\/2025\/11\/talking-bot-125x125.png","contentUrl":"https:\/\/portaltela.pt\/s.01k8rhncp4jt1\/2025\/11\/talking-bot-125x125.png","caption":"Telinha"},"sameAs":["https:\/\/portaltela.pt\/"],"url":"https:\/\/portaltela.pt\/por\/367410592786\/"}]}},"_links":{"self":[{"href":"https:\/\/portaltela.pt\/api\/wp\/v2\/posts\/439138","targetHints":{"allow":["GET"]}}],"collection":[{"href":"https:\/\/portaltela.pt\/api\/wp\/v2\/posts"}],"about":[{"href":"https:\/\/portaltela.pt\/api\/wp\/v2\/types\/post"}],"author":[{"embeddable":true,"href":"https:\/\/portaltela.pt\/api\/wp\/v2\/users\/2"}],"replies":[{"embeddable":true,"href":"https:\/\/portaltela.pt\/api\/wp\/v2\/comments?post=439138"}],"version-history":[{"count":0,"href":"https:\/\/portaltela.pt\/api\/wp\/v2\/posts\/439138\/revisions"}],"wp:featuredmedia":[{"embeddable":true,"href":"https:\/\/portaltela.pt\/api\/wp\/v2\/media\/439139"}],"wp:attachment":[{"href":"https:\/\/portaltela.pt\/api\/wp\/v2\/media?parent=439138"}],"wp:term":[{"taxonomy":"category","embeddable":true,"href":"https:\/\/portaltela.pt\/api\/wp\/v2\/categories?post=439138"},{"taxonomy":"post_tag","embeddable":true,"href":"https:\/\/portaltela.pt\/api\/wp\/v2\/tags?post=439138"}],"curies":[{"name":"wp","href":"https:\/\/api.w.org\/{rel}","templated":true}]}}