{"id":439133,"date":"2026-04-10T07:47:09","date_gmt":"2026-04-10T10:47:09","guid":{"rendered":"https:\/\/portaltela.pt\/noticias\/2026\/04\/10\/latas-e-garrafas-passam-a-ter-deposito-de-10-centimos-a-partir-de-10-de-abril\/"},"modified":"2026-04-10T07:47:09","modified_gmt":"2026-04-10T10:47:09","slug":"latas-e-garrafas-passam-a-ter-deposito-de-10-centimos-a-partir-de-10-de-abril","status":"publish","type":"post","link":"https:\/\/portaltela.pt\/meio-ambiente\/2026\/04\/10\/latas-e-garrafas-passam-a-ter-deposito-de-10-centimos-a-partir-de-10-de-abril\/","title":{"rendered":"Latas e garrafas passam a ter dep\u00f3sito de 10 c\u00eantimos a partir de 10 de abril"},"content":{"rendered":"<p>Desde hoje, 10 de abril, o sistema de Dep\u00f3sito e Reembolso de embalagens de bebidas entra em funcionamento em Portugal. Quem reciclar garrafas de pl\u00e1stico e alum\u00ednio de uso \u00fanico recebe 10 c\u00eantimos por cada embalagem colocada nas m\u00e1quinas autom\u00e1ticas, com o s\u00edmbolo Volta. O sistema abrange o pa\u00eds inteiro.<\/p>\n<p>As m\u00e1quinas, 2.500 em todo o territ\u00f3rio, aceitam embalagens at\u00e9 tr\u00eas litros, desde que estejam inteiras, sem l\u00edquidos, com tampa e com c\u00f3digo de barras. O reembolso \u00e9 processado assim que a embalagem \u00e9 esmagada. Existem ainda mais de 8.000 pontos de recolha manual e 48 quiosques para grandes volumes.<\/p>\n<h3>Como funciona o SDR<\/h3>\n<p>A Volta est\u00e1 prevista desde 2017, com uma lei de 2018 que apontava para o in\u00edcio em 2022, mas s\u00f3 agora entra em vigor. O investimento ronda os 150 milh\u00f5es de euros e dever\u00e1 criar cerca de 1.500 empregos diretos, fortalecendo a economia circular.<\/p>\n<h3>Envolvidos e metas<\/h3>\n<p>A entidade gestora \u00e9 o SDR Portugal. A ades\u00e3o inicial da ind\u00fastria inclui sobretudo bebidas de refresco, \u00e1gua e cerveja, representando cerca de 90% do setor, com 80% dos retalhistas j\u00e1 integrados. A meta \u00e9 alcan\u00e7ar taxas elevadas de recolha e reciclagem at\u00e9 2029.<\/p>\n<h3>Transi\u00e7\u00e3o e orienta\u00e7\u00f5es aos utilizadores<\/h3>\n<p>At\u00e9 10 de agosto \u00e9 permitida a venda dos mesmos produtos sem o log\u00f3tipo Volta, sem cau\u00e7\u00e3o devolvida. Ap\u00f3s essa fase, as embalagens sem o s\u00edmbolo n\u00e3o ser\u00e3o aceites pelas m\u00e1quinas. Em qualquer caso, o consumidor pode devolver as embalagens nos ecopontos apropriados.<\/p>\n<h3>Contexto regulat\u00f3rio e impactos<\/h3>\n<p>A Volta \u00e9 considerada por autoridades como um dos maiores projetos ambientais do pa\u00eds. A ministra do Ambiente e Energia sublinhou que o sector de res\u00edduos enfrenta metas europeias desafiantes, com melhorias esperadas na taxa de recolha e reciclagem.<\/p>\n<h3>Expectativas e cen\u00e1rio europeu<\/h3>\n<p>A SDR Portugal projeta recolher mais embalagens de uso \u00fanico, aspirando a uma recupera\u00e7\u00e3o de at\u00e9 90% at\u00e9 2029. A Uni\u00e3o Europeia fixa objetivos de conte\u00fado reciclado em pl\u00e1stico de uso \u00fanico para 2040, fortalecendo o enquadramento regulat\u00f3rio a n\u00edvel europeu.<\/p>\n","protected":false},"excerpt":{"rendered":"<ul>\n<li>A partir desta sexta-feira, 10 de abril, recicla-se embalagens de bebidas e recebe 10 c\u00eantimos por cada uma colocada nas m\u00e1quinas autom\u00e1ticas do SDR (Volta).<\/li>\n<li>O SDR\/Volta est\u00e1 presente em cerca de 2.500 m\u00e1quinas no pa\u00eds, com mais de 8.000 pontos de recolha manual e 48 quiosques para grandes quantidades.<\/li>\n<li>As embalagens aceites devem ter o s\u00edmbolo Volta, estar inteiras, sem l\u00edquidos, com tampa e c\u00f3digo de barras. Caso n\u00e3o cumpram, devem ser entregues no ecoponto correspondente.<\/li>\n<li>O objetivo \u00e9 incentivar a reciclagem de embalagens de uso \u00fanico, com investimento de 150 milh\u00f5es de euros, cria\u00e7\u00e3o de cerca de 1.500 empregos e expectativa de recuperar at\u00e9 90% das embalagens at\u00e9 2029.<\/li>\n<li>At\u00e9 10 de agosto ocorre uma fase de transi\u00e7\u00e3o; at\u00e9 l\u00e1 podem ainda estar \u00e0 venda garrafas sem o log\u00f3tipo, mas sem o custo de cau\u00e7\u00e3o j\u00e1 pago.<\/li>\n<\/ul>\n","protected":false},"author":2,"featured_media":439136,"comment_status":"closed","ping_status":"closed","sticky":false,"template":"","format":"standard","meta":{"footnotes":""},"categories":[6725],"tags":[6115,7767,167,1540,1014,645],"class_list":["post-439133","post","type-post","status-publish","format-standard","has-post-thumbnail","hentry","category-meio-ambiente","tag-_economia","tag-_meio-ambiente","tag-ambiente","tag-economia-circular","tag-portugal","tag-residuos"],"yoast_head":"<!-- This site is optimized with the Yoast SEO plugin v27.2 - https:\/\/yoast.com\/product\/yoast-seo-wordpress\/ -->\n<title>Latas e garrafas passam a ter dep\u00f3sito de 10 c\u00eantimos a partir de 10 de abril - Portal Tela Portugal<\/title>\n<meta name=\"robots\" content=\"index, follow, max-snippet:-1, max-image-preview:large, max-video-preview:-1\" \/>\n<meta property=\"og:locale\" content=\"pt_PT\" \/>\n<meta property=\"og:type\" content=\"article\" \/>\n<meta property=\"og:title\" content=\"Latas e garrafas passam a ter dep\u00f3sito de 10 c\u00eantimos a partir de 10 de abril - Portal Tela Portugal\" \/>\n<meta property=\"og:description\" content=\"A partir desta sexta-feira, 10 de abril, recicla-se embalagens de bebidas e recebe 10 c\u00eantimos por cada uma colocada nas m\u00e1quinas autom\u00e1ticas do SDR (Volta). O SDR\/Volta est\u00e1 presente em cerca de 2.500 m\u00e1quinas no pa\u00eds, com mais de 8.000 pontos de recolha manual e 48 quiosques para grandes quantidades. As embalagens aceites devem ter o s\u00edmbolo Volta, estar inteiras, sem l\u00edquidos, com tampa e c\u00f3digo de barras. Caso n\u00e3o cumpram, devem ser entregues no ecoponto correspondente. O objetivo \u00e9 incentivar a reciclagem de embalagens de uso \u00fanico, com investimento de 150 milh\u00f5es de euros, cria\u00e7\u00e3o de cerca de 1.500 empregos e expectativa de recuperar at\u00e9 90% das embalagens at\u00e9 2029. At\u00e9 10 de agosto ocorre uma fase de transi\u00e7\u00e3o; at\u00e9 l\u00e1 podem ainda estar \u00e0 venda garrafas sem o log\u00f3tipo, mas sem o custo de cau\u00e7\u00e3o j\u00e1 pago.\" \/>\n<meta property=\"og:url\" content=\"https:\/\/portaltela.pt\/noticias\/2026\/04\/10\/latas-e-garrafas-passam-a-ter-deposito-de-10-centimos-a-partir-de-10-de-abril\/\" \/>\n<meta property=\"og:site_name\" content=\"Portal Tela Portugal\" \/>\n<meta property=\"article:published_time\" content=\"2026-04-10T10:47:09+00:00\" \/>\n<meta name=\"author\" content=\"Telinha\" \/>\n<meta name=\"twitter:card\" content=\"summary_large_image\" \/>\n<meta name=\"twitter:label1\" content=\"Escrito por\" \/>\n\t<meta name=\"twitter:data1\" content=\"Telinha\" \/>\n\t<meta name=\"twitter:label2\" content=\"Tempo estimado de leitura\" \/>\n\t<meta name=\"twitter:data2\" content=\"2 minutos\" \/>\n<script type=\"application\/ld+json\" class=\"yoast-schema-graph\">{\"@context\":\"https:\/\/schema.org\",\"@graph\":[{\"@type\":\"Article\",\"@id\":\"https:\/\/portaltela.pt\/noticias\/2026\/04\/10\/latas-e-garrafas-passam-a-ter-deposito-de-10-centimos-a-partir-de-10-de-abril\/#article\",\"isPartOf\":{\"@id\":\"https:\/\/portaltela.pt\/noticias\/2026\/04\/10\/latas-e-garrafas-passam-a-ter-deposito-de-10-centimos-a-partir-de-10-de-abril\/\"},\"author\":{\"name\":\"Telinha\",\"@id\":\"https:\/\/portaltela.pt\/#\/schema\/person\/c4278d4a6028830caff9ee44b42d32ed\"},\"headline\":\"Latas e garrafas passam a ter dep\u00f3sito de 10 c\u00eantimos a partir de 10 de abril\",\"datePublished\":\"2026-04-10T10:47:09+00:00\",\"mainEntityOfPage\":{\"@id\":\"https:\/\/portaltela.pt\/noticias\/2026\/04\/10\/latas-e-garrafas-passam-a-ter-deposito-de-10-centimos-a-partir-de-10-de-abril\/\"},\"wordCount\":361,\"image\":{\"@id\":\"https:\/\/portaltela.pt\/noticias\/2026\/04\/10\/latas-e-garrafas-passam-a-ter-deposito-de-10-centimos-a-partir-de-10-de-abril\/#primaryimage\"},\"thumbnailUrl\":\"https:\/\/portaltela.pt\/s.01k8rhncp4jt1\/2026\/04\/image-576.jpg\",\"keywords\":[\"_economia\",\"_meio-ambiente\",\"ambiente\",\"economia circular\",\"Portugal\",\"res\u00edduos\"],\"articleSection\":[\"Meio Ambiente\"],\"inLanguage\":\"pt-PT\"},{\"@type\":\"WebPage\",\"@id\":\"https:\/\/portaltela.pt\/noticias\/2026\/04\/10\/latas-e-garrafas-passam-a-ter-deposito-de-10-centimos-a-partir-de-10-de-abril\/\",\"url\":\"https:\/\/portaltela.pt\/noticias\/2026\/04\/10\/latas-e-garrafas-passam-a-ter-deposito-de-10-centimos-a-partir-de-10-de-abril\/\",\"name\":\"Latas e garrafas passam a ter dep\u00f3sito de 10 c\u00eantimos a partir de 10 de abril - Portal Tela Portugal\",\"isPartOf\":{\"@id\":\"https:\/\/portaltela.pt\/#website\"},\"primaryImageOfPage\":{\"@id\":\"https:\/\/portaltela.pt\/noticias\/2026\/04\/10\/latas-e-garrafas-passam-a-ter-deposito-de-10-centimos-a-partir-de-10-de-abril\/#primaryimage\"},\"image\":{\"@id\":\"https:\/\/portaltela.pt\/noticias\/2026\/04\/10\/latas-e-garrafas-passam-a-ter-deposito-de-10-centimos-a-partir-de-10-de-abril\/#primaryimage\"},\"thumbnailUrl\":\"https:\/\/portaltela.pt\/s.01k8rhncp4jt1\/2026\/04\/image-576.jpg\",\"datePublished\":\"2026-04-10T10:47:09+00:00\",\"author\":{\"@id\":\"https:\/\/portaltela.pt\/#\/schema\/person\/c4278d4a6028830caff9ee44b42d32ed\"},\"breadcrumb\":{\"@id\":\"https:\/\/portaltela.pt\/noticias\/2026\/04\/10\/latas-e-garrafas-passam-a-ter-deposito-de-10-centimos-a-partir-de-10-de-abril\/#breadcrumb\"},\"inLanguage\":\"pt-PT\",\"potentialAction\":[{\"@type\":\"ReadAction\",\"target\":[\"https:\/\/portaltela.pt\/noticias\/2026\/04\/10\/latas-e-garrafas-passam-a-ter-deposito-de-10-centimos-a-partir-de-10-de-abril\/\"]}]},{\"@type\":\"ImageObject\",\"inLanguage\":\"pt-PT\",\"@id\":\"https:\/\/portaltela.pt\/noticias\/2026\/04\/10\/latas-e-garrafas-passam-a-ter-deposito-de-10-centimos-a-partir-de-10-de-abril\/#primaryimage\",\"url\":\"https:\/\/portaltela.pt\/s.01k8rhncp4jt1\/2026\/04\/image-576.jpg\",\"contentUrl\":\"https:\/\/portaltela.pt\/s.01k8rhncp4jt1\/2026\/04\/image-576.jpg\",\"width\":796,\"height\":448,\"caption\":\"M\u00e1quina autom\u00e1tica \\\"Volta\\\" de recolha de embalagens de bebidas n\u00e3o reutiliz\u00e1veis, como garrafas e latas, em pl\u00e1stico, metal ou alum\u00ednio, para reciclagem, do novo Sistema de Dep\u00f3sito e Reembolso (SDR), que o Governo encara como dos maiores projetos ambientais de Portugal e que entra em funcionamento a partir do dia 10 de abril, em Lisboa, 08 de abril de 2026. ANT\u00d3NIO COTRIM\/LUSA\"},{\"@type\":\"BreadcrumbList\",\"@id\":\"https:\/\/portaltela.pt\/noticias\/2026\/04\/10\/latas-e-garrafas-passam-a-ter-deposito-de-10-centimos-a-partir-de-10-de-abril\/#breadcrumb\",\"itemListElement\":[{\"@type\":\"ListItem\",\"position\":1,\"name\":\"In\u00edcio\",\"item\":\"https:\/\/portaltela.pt\/\"},{\"@type\":\"ListItem\",\"position\":2,\"name\":\"Latas e garrafas passam a ter dep\u00f3sito de 10 c\u00eantimos a partir de 10 de abril\"}]},{\"@type\":\"WebSite\",\"@id\":\"https:\/\/portaltela.pt\/#website\",\"url\":\"https:\/\/portaltela.pt\/\",\"name\":\"Portal Tela Portugal\",\"description\":\"\",\"potentialAction\":[{\"@type\":\"SearchAction\",\"target\":{\"@type\":\"EntryPoint\",\"urlTemplate\":\"https:\/\/portaltela.pt\/?s={search_term_string}\"},\"query-input\":{\"@type\":\"PropertyValueSpecification\",\"valueRequired\":true,\"valueName\":\"search_term_string\"}}],\"inLanguage\":\"pt-PT\"},{\"@type\":\"Person\",\"@id\":\"https:\/\/portaltela.pt\/#\/schema\/person\/c4278d4a6028830caff9ee44b42d32ed\",\"name\":\"Telinha\",\"image\":{\"@type\":\"ImageObject\",\"inLanguage\":\"pt-PT\",\"@id\":\"https:\/\/portaltela.pt\/s.01k8rhncp4jt1\/2025\/11\/talking-bot-125x125.png\",\"url\":\"https:\/\/portaltela.pt\/s.01k8rhncp4jt1\/2025\/11\/talking-bot-125x125.png\",\"contentUrl\":\"https:\/\/portaltela.pt\/s.01k8rhncp4jt1\/2025\/11\/talking-bot-125x125.png\",\"caption\":\"Telinha\"},\"sameAs\":[\"https:\/\/portaltela.pt\/\"],\"url\":\"https:\/\/portaltela.pt\/por\/367410592786\/\"}]}<\/script>\n<!-- \/ Yoast SEO plugin. -->","yoast_head_json":{"title":"Latas e garrafas passam a ter dep\u00f3sito de 10 c\u00eantimos a partir de 10 de abril - Portal Tela Portugal","robots":{"index":"index","follow":"follow","max-snippet":"max-snippet:-1","max-image-preview":"max-image-preview:large","max-video-preview":"max-video-preview:-1"},"og_locale":"pt_PT","og_type":"article","og_title":"Latas e garrafas passam a ter dep\u00f3sito de 10 c\u00eantimos a partir de 10 de abril - Portal Tela Portugal","og_description":"A partir desta sexta-feira, 10 de abril, recicla-se embalagens de bebidas e recebe 10 c\u00eantimos por cada uma colocada nas m\u00e1quinas autom\u00e1ticas do SDR (Volta). O SDR\/Volta est\u00e1 presente em cerca de 2.500 m\u00e1quinas no pa\u00eds, com mais de 8.000 pontos de recolha manual e 48 quiosques para grandes quantidades. As embalagens aceites devem ter o s\u00edmbolo Volta, estar inteiras, sem l\u00edquidos, com tampa e c\u00f3digo de barras. Caso n\u00e3o cumpram, devem ser entregues no ecoponto correspondente. O objetivo \u00e9 incentivar a reciclagem de embalagens de uso \u00fanico, com investimento de 150 milh\u00f5es de euros, cria\u00e7\u00e3o de cerca de 1.500 empregos e expectativa de recuperar at\u00e9 90% das embalagens at\u00e9 2029. At\u00e9 10 de agosto ocorre uma fase de transi\u00e7\u00e3o; at\u00e9 l\u00e1 podem ainda estar \u00e0 venda garrafas sem o log\u00f3tipo, mas sem o custo de cau\u00e7\u00e3o j\u00e1 pago.","og_url":"https:\/\/portaltela.pt\/noticias\/2026\/04\/10\/latas-e-garrafas-passam-a-ter-deposito-de-10-centimos-a-partir-de-10-de-abril\/","og_site_name":"Portal Tela Portugal","article_published_time":"2026-04-10T10:47:09+00:00","author":"Telinha","twitter_card":"summary_large_image","twitter_misc":{"Escrito por":"Telinha","Tempo estimado de leitura":"2 minutos"},"schema":{"@context":"https:\/\/schema.org","@graph":[{"@type":"Article","@id":"https:\/\/portaltela.pt\/noticias\/2026\/04\/10\/latas-e-garrafas-passam-a-ter-deposito-de-10-centimos-a-partir-de-10-de-abril\/#article","isPartOf":{"@id":"https:\/\/portaltela.pt\/noticias\/2026\/04\/10\/latas-e-garrafas-passam-a-ter-deposito-de-10-centimos-a-partir-de-10-de-abril\/"},"author":{"name":"Telinha","@id":"https:\/\/portaltela.pt\/#\/schema\/person\/c4278d4a6028830caff9ee44b42d32ed"},"headline":"Latas e garrafas passam a ter dep\u00f3sito de 10 c\u00eantimos a partir de 10 de abril","datePublished":"2026-04-10T10:47:09+00:00","mainEntityOfPage":{"@id":"https:\/\/portaltela.pt\/noticias\/2026\/04\/10\/latas-e-garrafas-passam-a-ter-deposito-de-10-centimos-a-partir-de-10-de-abril\/"},"wordCount":361,"image":{"@id":"https:\/\/portaltela.pt\/noticias\/2026\/04\/10\/latas-e-garrafas-passam-a-ter-deposito-de-10-centimos-a-partir-de-10-de-abril\/#primaryimage"},"thumbnailUrl":"https:\/\/portaltela.pt\/s.01k8rhncp4jt1\/2026\/04\/image-576.jpg","keywords":["_economia","_meio-ambiente","ambiente","economia circular","Portugal","res\u00edduos"],"articleSection":["Meio Ambiente"],"inLanguage":"pt-PT"},{"@type":"WebPage","@id":"https:\/\/portaltela.pt\/noticias\/2026\/04\/10\/latas-e-garrafas-passam-a-ter-deposito-de-10-centimos-a-partir-de-10-de-abril\/","url":"https:\/\/portaltela.pt\/noticias\/2026\/04\/10\/latas-e-garrafas-passam-a-ter-deposito-de-10-centimos-a-partir-de-10-de-abril\/","name":"Latas e garrafas passam a ter dep\u00f3sito de 10 c\u00eantimos a partir de 10 de abril - Portal Tela Portugal","isPartOf":{"@id":"https:\/\/portaltela.pt\/#website"},"primaryImageOfPage":{"@id":"https:\/\/portaltela.pt\/noticias\/2026\/04\/10\/latas-e-garrafas-passam-a-ter-deposito-de-10-centimos-a-partir-de-10-de-abril\/#primaryimage"},"image":{"@id":"https:\/\/portaltela.pt\/noticias\/2026\/04\/10\/latas-e-garrafas-passam-a-ter-deposito-de-10-centimos-a-partir-de-10-de-abril\/#primaryimage"},"thumbnailUrl":"https:\/\/portaltela.pt\/s.01k8rhncp4jt1\/2026\/04\/image-576.jpg","datePublished":"2026-04-10T10:47:09+00:00","author":{"@id":"https:\/\/portaltela.pt\/#\/schema\/person\/c4278d4a6028830caff9ee44b42d32ed"},"breadcrumb":{"@id":"https:\/\/portaltela.pt\/noticias\/2026\/04\/10\/latas-e-garrafas-passam-a-ter-deposito-de-10-centimos-a-partir-de-10-de-abril\/#breadcrumb"},"inLanguage":"pt-PT","potentialAction":[{"@type":"ReadAction","target":["https:\/\/portaltela.pt\/noticias\/2026\/04\/10\/latas-e-garrafas-passam-a-ter-deposito-de-10-centimos-a-partir-de-10-de-abril\/"]}]},{"@type":"ImageObject","inLanguage":"pt-PT","@id":"https:\/\/portaltela.pt\/noticias\/2026\/04\/10\/latas-e-garrafas-passam-a-ter-deposito-de-10-centimos-a-partir-de-10-de-abril\/#primaryimage","url":"https:\/\/portaltela.pt\/s.01k8rhncp4jt1\/2026\/04\/image-576.jpg","contentUrl":"https:\/\/portaltela.pt\/s.01k8rhncp4jt1\/2026\/04\/image-576.jpg","width":796,"height":448,"caption":"M\u00e1quina autom\u00e1tica \"Volta\" de recolha de embalagens de bebidas n\u00e3o reutiliz\u00e1veis, como garrafas e latas, em pl\u00e1stico, metal ou alum\u00ednio, para reciclagem, do novo Sistema de Dep\u00f3sito e Reembolso (SDR), que o Governo encara como dos maiores projetos ambientais de Portugal e que entra em funcionamento a partir do dia 10 de abril, em Lisboa, 08 de abril de 2026. ANT\u00d3NIO COTRIM\/LUSA"},{"@type":"BreadcrumbList","@id":"https:\/\/portaltela.pt\/noticias\/2026\/04\/10\/latas-e-garrafas-passam-a-ter-deposito-de-10-centimos-a-partir-de-10-de-abril\/#breadcrumb","itemListElement":[{"@type":"ListItem","position":1,"name":"In\u00edcio","item":"https:\/\/portaltela.pt\/"},{"@type":"ListItem","position":2,"name":"Latas e garrafas passam a ter dep\u00f3sito de 10 c\u00eantimos a partir de 10 de abril"}]},{"@type":"WebSite","@id":"https:\/\/portaltela.pt\/#website","url":"https:\/\/portaltela.pt\/","name":"Portal Tela Portugal","description":"","potentialAction":[{"@type":"SearchAction","target":{"@type":"EntryPoint","urlTemplate":"https:\/\/portaltela.pt\/?s={search_term_string}"},"query-input":{"@type":"PropertyValueSpecification","valueRequired":true,"valueName":"search_term_string"}}],"inLanguage":"pt-PT"},{"@type":"Person","@id":"https:\/\/portaltela.pt\/#\/schema\/person\/c4278d4a6028830caff9ee44b42d32ed","name":"Telinha","image":{"@type":"ImageObject","inLanguage":"pt-PT","@id":"https:\/\/portaltela.pt\/s.01k8rhncp4jt1\/2025\/11\/talking-bot-125x125.png","url":"https:\/\/portaltela.pt\/s.01k8rhncp4jt1\/2025\/11\/talking-bot-125x125.png","contentUrl":"https:\/\/portaltela.pt\/s.01k8rhncp4jt1\/2025\/11\/talking-bot-125x125.png","caption":"Telinha"},"sameAs":["https:\/\/portaltela.pt\/"],"url":"https:\/\/portaltela.pt\/por\/367410592786\/"}]}},"_links":{"self":[{"href":"https:\/\/portaltela.pt\/api\/wp\/v2\/posts\/439133","targetHints":{"allow":["GET"]}}],"collection":[{"href":"https:\/\/portaltela.pt\/api\/wp\/v2\/posts"}],"about":[{"href":"https:\/\/portaltela.pt\/api\/wp\/v2\/types\/post"}],"author":[{"embeddable":true,"href":"https:\/\/portaltela.pt\/api\/wp\/v2\/users\/2"}],"replies":[{"embeddable":true,"href":"https:\/\/portaltela.pt\/api\/wp\/v2\/comments?post=439133"}],"version-history":[{"count":0,"href":"https:\/\/portaltela.pt\/api\/wp\/v2\/posts\/439133\/revisions"}],"wp:featuredmedia":[{"embeddable":true,"href":"https:\/\/portaltela.pt\/api\/wp\/v2\/media\/439136"}],"wp:attachment":[{"href":"https:\/\/portaltela.pt\/api\/wp\/v2\/media?parent=439133"}],"wp:term":[{"taxonomy":"category","embeddable":true,"href":"https:\/\/portaltela.pt\/api\/wp\/v2\/categories?post=439133"},{"taxonomy":"post_tag","embeddable":true,"href":"https:\/\/portaltela.pt\/api\/wp\/v2\/tags?post=439133"}],"curies":[{"name":"wp","href":"https:\/\/api.w.org\/{rel}","templated":true}]}}