{"id":439121,"date":"2026-04-10T07:47:01","date_gmt":"2026-04-10T10:47:01","guid":{"rendered":"https:\/\/portaltela.pt\/noticias\/2026\/04\/10\/aeroportos-europeus-registam-os-maiores-atrasos\/"},"modified":"2026-04-10T07:47:01","modified_gmt":"2026-04-10T10:47:01","slug":"aeroportos-europeus-registam-os-maiores-atrasos","status":"publish","type":"post","link":"https:\/\/portaltela.pt\/tempo\/2026\/04\/10\/aeroportos-europeus-registam-os-maiores-atrasos\/","title":{"rendered":"Aeroportos europeus registam os maiores atrasos"},"content":{"rendered":"<p>O congestionamento nos voos europeus persiste com o ver\u00e3o a aproximar-se, apesar de uma ligeira melhoria nas descolagens. O relat\u00f3rio anual da Eurocontrol aponta que o tr\u00e1fego a\u00e9reo na Europa j\u00e1 atingou 100,2% dos n\u00edveis pr\u00e9-pandemia, aumentando o potencial de atrasos.<\/p>\n<p>Lisboa, Zurique e Nice lideraram, em 2025, a lista das partidas mais atrasadas. A capital portuguesa aparece tamb\u00e9m entre os aeroportos com mais chegadas tardias, juntamente com Atenas e Luxemburgo, segundo o estudo da Eurocontrol.<\/p>\n<p>O Humberto Delgado, em Lisboa, registou um ano particularmente cr\u00edtico para as partidas. A taxa de aeronaves a descolar a horas caiu para 49%, a mais baixa entre os 20 aeroportos mais movimentados da Europa.<\/p>\n<h3>Atrasos e causas<\/h3>\n<p>De acordo com a Eurocontrol, as dificuldades em Lisboa devem-se a meteorologia adversa, a restri\u00e7\u00f5es em rota que provocaram acumula\u00e7\u00e3o de tr\u00e1fego e a uma opera\u00e7\u00e3o quase plena em v\u00e1rias infraestruturas, com pouca margem operacional.<\/p>\n<p>Entre os restantes aeroportos, Bergen, Oslo, Estocolmo, Copenhaga e Lipsia mostram pontualidade inicial superior a 80%. Estes exemplos sugerem que algumas here de gest\u00e3o ajudam a mitigar os atrasos, mesmo em per\u00edodos de maior atividade.<\/p>\n<h3>Melhores resultados e melhorias<\/h3>\n<p>A Eurocontrol indica que Munique, Roma Fiumicino e Londres Heathrow registaram os maiores ganhos de pontualidade. O estudo enfatiza que a combina\u00e7\u00e3o de rotas mais otimizadas e ajustes operacionais pode reduzir atrasos durante o pico do ver\u00e3o.<\/p>\n","protected":false},"excerpt":{"rendered":"<ul>\n<li>O relat\u00f3rio anual da Eurocontrol indica que, em 2025, o total de voos atingiu 100,2% dos n\u00edveis pr\u00e9-pandemia, com o ver\u00e3o a aproximar-se e alertas para congest\u00e3o e atrasos ainda significativos.<\/li>\n<li>Lisboa, Zurique e Nice lideram a lista de partidas atrasadas em 2025, estando Lisboa tamb\u00e9m entre os aeroportos com chegadas atrasadas, juntamente com Atenas e Luxemburgo.<\/li>\n<li>O aeroporto Humberto Delgado (Lisboa) teve uma das piores performances em 2025, com apenas 49% das partidas a horas, a taxa mais baixa entre os 20 maiores aeroportos europeus.<\/li>\n<li>As causas apontadas incluem condi\u00e7\u00f5es meteorol\u00f3gicas adversas, restri\u00e7\u00f5es em rotas que geram acumula\u00e7\u00e3o de tr\u00e1fego e aeroportos operando perto da capacidade, o que afeta a pontualidade em Lisboa.<\/li>\n<li>Por outro lado, os aeroportos mais pontuais da Europa s\u00e3o Bergen, Oslo, Estocolmo, Copenhaga e Lipsia, com taxas de partidas a horas superiores a 80%, sendo Munique, Roma Fiumicino e Londres Heathrow os que registaram maiores melhorias.<\/li>\n<\/ul>\n","protected":false},"author":2,"featured_media":439126,"comment_status":"closed","ping_status":"closed","sticky":false,"template":"","format":"standard","meta":{"footnotes":""},"categories":[1,7365],"tags":[5596,7183,6789,2487,192,4559],"class_list":["post-439121","post","type-post","status-publish","format-standard","has-post-thumbnail","hentry","category-noticias","category-tempo","tag-atrasos","tag-aviacao","tag-avioes","tag-europa","tag-transporte","tag-transporte-internacional"],"yoast_head":"<!-- This site is optimized with the Yoast SEO plugin v27.2 - https:\/\/yoast.com\/product\/yoast-seo-wordpress\/ -->\n<title>Aeroportos europeus registam os maiores atrasos - Portal Tela Portugal<\/title>\n<meta name=\"robots\" content=\"index, follow, max-snippet:-1, max-image-preview:large, max-video-preview:-1\" \/>\n<meta property=\"og:locale\" content=\"pt_PT\" \/>\n<meta property=\"og:type\" content=\"article\" \/>\n<meta property=\"og:title\" content=\"Aeroportos europeus registam os maiores atrasos - Portal Tela Portugal\" \/>\n<meta property=\"og:description\" content=\"O relat\u00f3rio anual da Eurocontrol indica que, em 2025, o total de voos atingiu 100,2% dos n\u00edveis pr\u00e9-pandemia, com o ver\u00e3o a aproximar-se e alertas para congest\u00e3o e atrasos ainda significativos. Lisboa, Zurique e Nice lideram a lista de partidas atrasadas em 2025, estando Lisboa tamb\u00e9m entre os aeroportos com chegadas atrasadas, juntamente com Atenas e Luxemburgo. O aeroporto Humberto Delgado (Lisboa) teve uma das piores performances em 2025, com apenas 49% das partidas a horas, a taxa mais baixa entre os 20 maiores aeroportos europeus. As causas apontadas incluem condi\u00e7\u00f5es meteorol\u00f3gicas adversas, restri\u00e7\u00f5es em rotas que geram acumula\u00e7\u00e3o de tr\u00e1fego e aeroportos operando perto da capacidade, o que afeta a pontualidade em Lisboa. Por outro lado, os aeroportos mais pontuais da Europa s\u00e3o Bergen, Oslo, Estocolmo, Copenhaga e Lipsia, com taxas de partidas a horas superiores a 80%, sendo Munique, Roma Fiumicino e Londres Heathrow os que registaram maiores melhorias.\" \/>\n<meta property=\"og:url\" content=\"https:\/\/portaltela.pt\/noticias\/2026\/04\/10\/aeroportos-europeus-registam-os-maiores-atrasos\/\" \/>\n<meta property=\"og:site_name\" content=\"Portal Tela Portugal\" \/>\n<meta property=\"article:published_time\" content=\"2026-04-10T10:47:01+00:00\" \/>\n<meta name=\"author\" content=\"Telinha\" \/>\n<meta name=\"twitter:card\" content=\"summary_large_image\" \/>\n<meta name=\"twitter:label1\" content=\"Escrito por\" \/>\n\t<meta name=\"twitter:data1\" content=\"Telinha\" \/>\n\t<meta name=\"twitter:label2\" content=\"Tempo estimado de leitura\" \/>\n\t<meta name=\"twitter:data2\" content=\"1 minuto\" \/>\n<script type=\"application\/ld+json\" class=\"yoast-schema-graph\">{\"@context\":\"https:\/\/schema.org\",\"@graph\":[{\"@type\":\"Article\",\"@id\":\"https:\/\/portaltela.pt\/noticias\/2026\/04\/10\/aeroportos-europeus-registam-os-maiores-atrasos\/#article\",\"isPartOf\":{\"@id\":\"https:\/\/portaltela.pt\/noticias\/2026\/04\/10\/aeroportos-europeus-registam-os-maiores-atrasos\/\"},\"author\":{\"name\":\"Telinha\",\"@id\":\"https:\/\/portaltela.pt\/#\/schema\/person\/c4278d4a6028830caff9ee44b42d32ed\"},\"headline\":\"Aeroportos europeus registam os maiores atrasos\",\"datePublished\":\"2026-04-10T10:47:01+00:00\",\"mainEntityOfPage\":{\"@id\":\"https:\/\/portaltela.pt\/noticias\/2026\/04\/10\/aeroportos-europeus-registam-os-maiores-atrasos\/\"},\"wordCount\":243,\"image\":{\"@id\":\"https:\/\/portaltela.pt\/noticias\/2026\/04\/10\/aeroportos-europeus-registam-os-maiores-atrasos\/#primaryimage\"},\"thumbnailUrl\":\"https:\/\/portaltela.pt\/s.01k8rhncp4jt1\/2026\/04\/1536x864_cmsv2_4dc1c741-7c00-5d18-bd22-226addc4e2ca-9715578.jpg\",\"keywords\":[\"atrasos\",\"avia\u00e7\u00e3o\",\"avi\u00f5es\",\"Europa\",\"transporte\",\"transporte internacional\"],\"articleSection\":[\"Not\u00edcias\",\"Tempo\"],\"inLanguage\":\"pt-PT\"},{\"@type\":\"WebPage\",\"@id\":\"https:\/\/portaltela.pt\/noticias\/2026\/04\/10\/aeroportos-europeus-registam-os-maiores-atrasos\/\",\"url\":\"https:\/\/portaltela.pt\/noticias\/2026\/04\/10\/aeroportos-europeus-registam-os-maiores-atrasos\/\",\"name\":\"Aeroportos europeus registam os maiores atrasos - Portal Tela Portugal\",\"isPartOf\":{\"@id\":\"https:\/\/portaltela.pt\/#website\"},\"primaryImageOfPage\":{\"@id\":\"https:\/\/portaltela.pt\/noticias\/2026\/04\/10\/aeroportos-europeus-registam-os-maiores-atrasos\/#primaryimage\"},\"image\":{\"@id\":\"https:\/\/portaltela.pt\/noticias\/2026\/04\/10\/aeroportos-europeus-registam-os-maiores-atrasos\/#primaryimage\"},\"thumbnailUrl\":\"https:\/\/portaltela.pt\/s.01k8rhncp4jt1\/2026\/04\/1536x864_cmsv2_4dc1c741-7c00-5d18-bd22-226addc4e2ca-9715578.jpg\",\"datePublished\":\"2026-04-10T10:47:01+00:00\",\"author\":{\"@id\":\"https:\/\/portaltela.pt\/#\/schema\/person\/c4278d4a6028830caff9ee44b42d32ed\"},\"breadcrumb\":{\"@id\":\"https:\/\/portaltela.pt\/noticias\/2026\/04\/10\/aeroportos-europeus-registam-os-maiores-atrasos\/#breadcrumb\"},\"inLanguage\":\"pt-PT\",\"potentialAction\":[{\"@type\":\"ReadAction\",\"target\":[\"https:\/\/portaltela.pt\/noticias\/2026\/04\/10\/aeroportos-europeus-registam-os-maiores-atrasos\/\"]}]},{\"@type\":\"ImageObject\",\"inLanguage\":\"pt-PT\",\"@id\":\"https:\/\/portaltela.pt\/noticias\/2026\/04\/10\/aeroportos-europeus-registam-os-maiores-atrasos\/#primaryimage\",\"url\":\"https:\/\/portaltela.pt\/s.01k8rhncp4jt1\/2026\/04\/1536x864_cmsv2_4dc1c741-7c00-5d18-bd22-226addc4e2ca-9715578.jpg\",\"contentUrl\":\"https:\/\/portaltela.pt\/s.01k8rhncp4jt1\/2026\/04\/1536x864_cmsv2_4dc1c741-7c00-5d18-bd22-226addc4e2ca-9715578.jpg\",\"width\":796,\"height\":448,\"caption\":\"A Europa em Movimento\"},{\"@type\":\"BreadcrumbList\",\"@id\":\"https:\/\/portaltela.pt\/noticias\/2026\/04\/10\/aeroportos-europeus-registam-os-maiores-atrasos\/#breadcrumb\",\"itemListElement\":[{\"@type\":\"ListItem\",\"position\":1,\"name\":\"In\u00edcio\",\"item\":\"https:\/\/portaltela.pt\/\"},{\"@type\":\"ListItem\",\"position\":2,\"name\":\"Aeroportos europeus registam os maiores atrasos\"}]},{\"@type\":\"WebSite\",\"@id\":\"https:\/\/portaltela.pt\/#website\",\"url\":\"https:\/\/portaltela.pt\/\",\"name\":\"Portal Tela Portugal\",\"description\":\"\",\"potentialAction\":[{\"@type\":\"SearchAction\",\"target\":{\"@type\":\"EntryPoint\",\"urlTemplate\":\"https:\/\/portaltela.pt\/?s={search_term_string}\"},\"query-input\":{\"@type\":\"PropertyValueSpecification\",\"valueRequired\":true,\"valueName\":\"search_term_string\"}}],\"inLanguage\":\"pt-PT\"},{\"@type\":\"Person\",\"@id\":\"https:\/\/portaltela.pt\/#\/schema\/person\/c4278d4a6028830caff9ee44b42d32ed\",\"name\":\"Telinha\",\"image\":{\"@type\":\"ImageObject\",\"inLanguage\":\"pt-PT\",\"@id\":\"https:\/\/portaltela.pt\/s.01k8rhncp4jt1\/2025\/11\/talking-bot-125x125.png\",\"url\":\"https:\/\/portaltela.pt\/s.01k8rhncp4jt1\/2025\/11\/talking-bot-125x125.png\",\"contentUrl\":\"https:\/\/portaltela.pt\/s.01k8rhncp4jt1\/2025\/11\/talking-bot-125x125.png\",\"caption\":\"Telinha\"},\"sameAs\":[\"https:\/\/portaltela.pt\/\"],\"url\":\"https:\/\/portaltela.pt\/por\/367410592786\/\"}]}<\/script>\n<!-- \/ Yoast SEO plugin. -->","yoast_head_json":{"title":"Aeroportos europeus registam os maiores atrasos - Portal Tela Portugal","robots":{"index":"index","follow":"follow","max-snippet":"max-snippet:-1","max-image-preview":"max-image-preview:large","max-video-preview":"max-video-preview:-1"},"og_locale":"pt_PT","og_type":"article","og_title":"Aeroportos europeus registam os maiores atrasos - Portal Tela Portugal","og_description":"O relat\u00f3rio anual da Eurocontrol indica que, em 2025, o total de voos atingiu 100,2% dos n\u00edveis pr\u00e9-pandemia, com o ver\u00e3o a aproximar-se e alertas para congest\u00e3o e atrasos ainda significativos. Lisboa, Zurique e Nice lideram a lista de partidas atrasadas em 2025, estando Lisboa tamb\u00e9m entre os aeroportos com chegadas atrasadas, juntamente com Atenas e Luxemburgo. O aeroporto Humberto Delgado (Lisboa) teve uma das piores performances em 2025, com apenas 49% das partidas a horas, a taxa mais baixa entre os 20 maiores aeroportos europeus. As causas apontadas incluem condi\u00e7\u00f5es meteorol\u00f3gicas adversas, restri\u00e7\u00f5es em rotas que geram acumula\u00e7\u00e3o de tr\u00e1fego e aeroportos operando perto da capacidade, o que afeta a pontualidade em Lisboa. Por outro lado, os aeroportos mais pontuais da Europa s\u00e3o Bergen, Oslo, Estocolmo, Copenhaga e Lipsia, com taxas de partidas a horas superiores a 80%, sendo Munique, Roma Fiumicino e Londres Heathrow os que registaram maiores melhorias.","og_url":"https:\/\/portaltela.pt\/noticias\/2026\/04\/10\/aeroportos-europeus-registam-os-maiores-atrasos\/","og_site_name":"Portal Tela Portugal","article_published_time":"2026-04-10T10:47:01+00:00","author":"Telinha","twitter_card":"summary_large_image","twitter_misc":{"Escrito por":"Telinha","Tempo estimado de leitura":"1 minuto"},"schema":{"@context":"https:\/\/schema.org","@graph":[{"@type":"Article","@id":"https:\/\/portaltela.pt\/noticias\/2026\/04\/10\/aeroportos-europeus-registam-os-maiores-atrasos\/#article","isPartOf":{"@id":"https:\/\/portaltela.pt\/noticias\/2026\/04\/10\/aeroportos-europeus-registam-os-maiores-atrasos\/"},"author":{"name":"Telinha","@id":"https:\/\/portaltela.pt\/#\/schema\/person\/c4278d4a6028830caff9ee44b42d32ed"},"headline":"Aeroportos europeus registam os maiores atrasos","datePublished":"2026-04-10T10:47:01+00:00","mainEntityOfPage":{"@id":"https:\/\/portaltela.pt\/noticias\/2026\/04\/10\/aeroportos-europeus-registam-os-maiores-atrasos\/"},"wordCount":243,"image":{"@id":"https:\/\/portaltela.pt\/noticias\/2026\/04\/10\/aeroportos-europeus-registam-os-maiores-atrasos\/#primaryimage"},"thumbnailUrl":"https:\/\/portaltela.pt\/s.01k8rhncp4jt1\/2026\/04\/1536x864_cmsv2_4dc1c741-7c00-5d18-bd22-226addc4e2ca-9715578.jpg","keywords":["atrasos","avia\u00e7\u00e3o","avi\u00f5es","Europa","transporte","transporte internacional"],"articleSection":["Not\u00edcias","Tempo"],"inLanguage":"pt-PT"},{"@type":"WebPage","@id":"https:\/\/portaltela.pt\/noticias\/2026\/04\/10\/aeroportos-europeus-registam-os-maiores-atrasos\/","url":"https:\/\/portaltela.pt\/noticias\/2026\/04\/10\/aeroportos-europeus-registam-os-maiores-atrasos\/","name":"Aeroportos europeus registam os maiores atrasos - Portal Tela Portugal","isPartOf":{"@id":"https:\/\/portaltela.pt\/#website"},"primaryImageOfPage":{"@id":"https:\/\/portaltela.pt\/noticias\/2026\/04\/10\/aeroportos-europeus-registam-os-maiores-atrasos\/#primaryimage"},"image":{"@id":"https:\/\/portaltela.pt\/noticias\/2026\/04\/10\/aeroportos-europeus-registam-os-maiores-atrasos\/#primaryimage"},"thumbnailUrl":"https:\/\/portaltela.pt\/s.01k8rhncp4jt1\/2026\/04\/1536x864_cmsv2_4dc1c741-7c00-5d18-bd22-226addc4e2ca-9715578.jpg","datePublished":"2026-04-10T10:47:01+00:00","author":{"@id":"https:\/\/portaltela.pt\/#\/schema\/person\/c4278d4a6028830caff9ee44b42d32ed"},"breadcrumb":{"@id":"https:\/\/portaltela.pt\/noticias\/2026\/04\/10\/aeroportos-europeus-registam-os-maiores-atrasos\/#breadcrumb"},"inLanguage":"pt-PT","potentialAction":[{"@type":"ReadAction","target":["https:\/\/portaltela.pt\/noticias\/2026\/04\/10\/aeroportos-europeus-registam-os-maiores-atrasos\/"]}]},{"@type":"ImageObject","inLanguage":"pt-PT","@id":"https:\/\/portaltela.pt\/noticias\/2026\/04\/10\/aeroportos-europeus-registam-os-maiores-atrasos\/#primaryimage","url":"https:\/\/portaltela.pt\/s.01k8rhncp4jt1\/2026\/04\/1536x864_cmsv2_4dc1c741-7c00-5d18-bd22-226addc4e2ca-9715578.jpg","contentUrl":"https:\/\/portaltela.pt\/s.01k8rhncp4jt1\/2026\/04\/1536x864_cmsv2_4dc1c741-7c00-5d18-bd22-226addc4e2ca-9715578.jpg","width":796,"height":448,"caption":"A Europa em Movimento"},{"@type":"BreadcrumbList","@id":"https:\/\/portaltela.pt\/noticias\/2026\/04\/10\/aeroportos-europeus-registam-os-maiores-atrasos\/#breadcrumb","itemListElement":[{"@type":"ListItem","position":1,"name":"In\u00edcio","item":"https:\/\/portaltela.pt\/"},{"@type":"ListItem","position":2,"name":"Aeroportos europeus registam os maiores atrasos"}]},{"@type":"WebSite","@id":"https:\/\/portaltela.pt\/#website","url":"https:\/\/portaltela.pt\/","name":"Portal Tela Portugal","description":"","potentialAction":[{"@type":"SearchAction","target":{"@type":"EntryPoint","urlTemplate":"https:\/\/portaltela.pt\/?s={search_term_string}"},"query-input":{"@type":"PropertyValueSpecification","valueRequired":true,"valueName":"search_term_string"}}],"inLanguage":"pt-PT"},{"@type":"Person","@id":"https:\/\/portaltela.pt\/#\/schema\/person\/c4278d4a6028830caff9ee44b42d32ed","name":"Telinha","image":{"@type":"ImageObject","inLanguage":"pt-PT","@id":"https:\/\/portaltela.pt\/s.01k8rhncp4jt1\/2025\/11\/talking-bot-125x125.png","url":"https:\/\/portaltela.pt\/s.01k8rhncp4jt1\/2025\/11\/talking-bot-125x125.png","contentUrl":"https:\/\/portaltela.pt\/s.01k8rhncp4jt1\/2025\/11\/talking-bot-125x125.png","caption":"Telinha"},"sameAs":["https:\/\/portaltela.pt\/"],"url":"https:\/\/portaltela.pt\/por\/367410592786\/"}]}},"_links":{"self":[{"href":"https:\/\/portaltela.pt\/api\/wp\/v2\/posts\/439121","targetHints":{"allow":["GET"]}}],"collection":[{"href":"https:\/\/portaltela.pt\/api\/wp\/v2\/posts"}],"about":[{"href":"https:\/\/portaltela.pt\/api\/wp\/v2\/types\/post"}],"author":[{"embeddable":true,"href":"https:\/\/portaltela.pt\/api\/wp\/v2\/users\/2"}],"replies":[{"embeddable":true,"href":"https:\/\/portaltela.pt\/api\/wp\/v2\/comments?post=439121"}],"version-history":[{"count":0,"href":"https:\/\/portaltela.pt\/api\/wp\/v2\/posts\/439121\/revisions"}],"wp:featuredmedia":[{"embeddable":true,"href":"https:\/\/portaltela.pt\/api\/wp\/v2\/media\/439126"}],"wp:attachment":[{"href":"https:\/\/portaltela.pt\/api\/wp\/v2\/media?parent=439121"}],"wp:term":[{"taxonomy":"category","embeddable":true,"href":"https:\/\/portaltela.pt\/api\/wp\/v2\/categories?post=439121"},{"taxonomy":"post_tag","embeddable":true,"href":"https:\/\/portaltela.pt\/api\/wp\/v2\/tags?post=439121"}],"curies":[{"name":"wp","href":"https:\/\/api.w.org\/{rel}","templated":true}]}}