{"id":439116,"date":"2026-04-09T21:00:00","date_gmt":"2026-04-10T00:00:00","guid":{"rendered":"https:\/\/portaltela.pt\/noticias\/2026\/04\/09\/governo-mantem-objetivo-de-acordo-na-concertacao-social\/"},"modified":"2026-04-09T21:00:00","modified_gmt":"2026-04-10T00:00:00","slug":"governo-mantem-objetivo-de-acordo-na-concertacao-social","status":"publish","type":"post","link":"https:\/\/portaltela.pt\/sociedade\/2026\/04\/09\/governo-mantem-objetivo-de-acordo-na-concertacao-social\/","title":{"rendered":"Governo mant\u00e9m objetivo de acordo na concerta\u00e7\u00e3o social"},"content":{"rendered":"<p>O primeiro-ministro afirmou na sexta-feira, 10 de abril, que o Governo continuar\u00e1 a procurar um acordo na concerta\u00e7\u00e3o social sobre a revis\u00e3o da legisla\u00e7\u00e3o laboral. A meta \u00e9 promover estabilidade econ\u00f3mica mantendo os direitos dos trabalhadores e a sustentabilidade das empresas.<\/p>\n<p>O objetivo \u00e9 combinar equil\u00edbrio entre as expectativas de trabalhadores e patr\u00f5es, assegurando solu\u00e7\u00f5es que beneficiem o pa\u00eds. O racioc\u00ednio central passa pela manuten\u00e7\u00e3o do poder negocial e pela previsibilidade institucional.<\/p>\n<p>AUGE: Rea\u00e7\u00e3o sindical e perspetivas<\/p>\n<p>A Uni\u00e3o Geral de Trabalhadores (UGT) rejeitou, na quinta-feira, a proposta de altera\u00e7\u00e3o apresentada pelo Governo. A federa\u00e7\u00e3o sindical defende a manuten\u00e7\u00e3o das condi\u00e7\u00f5es atuais e a defesa dos direitos laborais.<\/p>\n<p>O Governo reiterou o compromisso de continua\u00e7\u00e3o das negocia\u00e7\u00f5es, com o objetivo de chegar a um entendimento que beneficie todas as partes. A perspetiva \u00e9 alcan\u00e7ar estabilidade e dinamismo econ\u00f3mico atrav\u00e9s do di\u00e1logo social.<\/p>\n","protected":false},"excerpt":{"rendered":"<ul>\n<li>O primeiro-ministro afirmou na sexta-feira, 10 de abril, que o Governo continuar\u00e1 \u00e0 procura de um acordo na concerta\u00e7\u00e3o social sobre a revis\u00e3o da legisla\u00e7\u00e3o laboral.<\/li>\n<li>O objetivo \u00e9 manter o di\u00e1logo, promover estabilidade econ\u00f3mica e assegurar o equil\u00edbrio entre direitos dos trabalhadores e sustentabilidade das empresas.<\/li>\n<li>A Uni\u00e3o Geral dos Trabalhadores (UGT) rejeitou, na quinta-feira, a atual proposta de altera\u00e7\u00e3o \u00e0 legisla\u00e7\u00e3o laboral apresentada pelo Governo.<\/li>\n<li>A UGT defende a manuten\u00e7\u00e3o das condi\u00e7\u00f5es atuais e a prote\u00e7\u00e3o dos direitos laborais.<\/li>\n<li>O Governo reafirmou o compromisso de continuar as negocia\u00e7\u00f5es, esperando alcan\u00e7ar um entendimento ben\u00e9fico para todas as partes e contribuir para a estabilidade e desenvolvimento do pa\u00eds.<\/li>\n<\/ul>\n","protected":false},"author":2,"featured_media":439117,"comment_status":"closed","ping_status":"closed","sticky":false,"template":"","format":"standard","meta":{"footnotes":""},"categories":[6871],"tags":[6115,2431,6094,43,2832,2841],"class_list":["post-439116","post","type-post","status-publish","format-standard","has-post-thumbnail","hentry","category-sociedade","tag-_economia","tag-concertacao-social","tag-direitos-dos-trabalhadores","tag-leis","tag-politica","tag-trabalhadores"],"yoast_head":"<!-- This site is optimized with the Yoast SEO plugin v27.2 - https:\/\/yoast.com\/product\/yoast-seo-wordpress\/ -->\n<title>Governo mant\u00e9m objetivo de acordo na concerta\u00e7\u00e3o social - Portal Tela Portugal<\/title>\n<meta name=\"robots\" content=\"index, follow, max-snippet:-1, max-image-preview:large, max-video-preview:-1\" \/>\n<meta property=\"og:locale\" content=\"pt_PT\" \/>\n<meta property=\"og:type\" content=\"article\" \/>\n<meta property=\"og:title\" content=\"Governo mant\u00e9m objetivo de acordo na concerta\u00e7\u00e3o social - Portal Tela Portugal\" \/>\n<meta property=\"og:description\" content=\"O primeiro-ministro afirmou na sexta-feira, 10 de abril, que o Governo continuar\u00e1 \u00e0 procura de um acordo na concerta\u00e7\u00e3o social sobre a revis\u00e3o da legisla\u00e7\u00e3o laboral. O objetivo \u00e9 manter o di\u00e1logo, promover estabilidade econ\u00f3mica e assegurar o equil\u00edbrio entre direitos dos trabalhadores e sustentabilidade das empresas. A Uni\u00e3o Geral dos Trabalhadores (UGT) rejeitou, na quinta-feira, a atual proposta de altera\u00e7\u00e3o \u00e0 legisla\u00e7\u00e3o laboral apresentada pelo Governo. A UGT defende a manuten\u00e7\u00e3o das condi\u00e7\u00f5es atuais e a prote\u00e7\u00e3o dos direitos laborais. O Governo reafirmou o compromisso de continuar as negocia\u00e7\u00f5es, esperando alcan\u00e7ar um entendimento ben\u00e9fico para todas as partes e contribuir para a estabilidade e desenvolvimento do pa\u00eds.\" \/>\n<meta property=\"og:url\" content=\"https:\/\/portaltela.pt\/noticias\/2026\/04\/09\/governo-mantem-objetivo-de-acordo-na-concertacao-social\/\" \/>\n<meta property=\"og:site_name\" content=\"Portal Tela Portugal\" \/>\n<meta property=\"article:published_time\" content=\"2026-04-10T00:00:00+00:00\" \/>\n<meta name=\"author\" content=\"Telinha\" \/>\n<meta name=\"twitter:card\" content=\"summary_large_image\" \/>\n<meta name=\"twitter:label1\" content=\"Escrito por\" \/>\n\t<meta name=\"twitter:data1\" content=\"Telinha\" \/>\n\t<meta name=\"twitter:label2\" content=\"Tempo estimado de leitura\" \/>\n\t<meta name=\"twitter:data2\" content=\"1 minuto\" \/>\n<script type=\"application\/ld+json\" class=\"yoast-schema-graph\">{\"@context\":\"https:\/\/schema.org\",\"@graph\":[{\"@type\":\"Article\",\"@id\":\"https:\/\/portaltela.pt\/noticias\/2026\/04\/09\/governo-mantem-objetivo-de-acordo-na-concertacao-social\/#article\",\"isPartOf\":{\"@id\":\"https:\/\/portaltela.pt\/noticias\/2026\/04\/09\/governo-mantem-objetivo-de-acordo-na-concertacao-social\/\"},\"author\":{\"name\":\"Telinha\",\"@id\":\"https:\/\/portaltela.pt\/#\/schema\/person\/c4278d4a6028830caff9ee44b42d32ed\"},\"headline\":\"Governo mant\u00e9m objetivo de acordo na concerta\u00e7\u00e3o social\",\"datePublished\":\"2026-04-10T00:00:00+00:00\",\"mainEntityOfPage\":{\"@id\":\"https:\/\/portaltela.pt\/noticias\/2026\/04\/09\/governo-mantem-objetivo-de-acordo-na-concertacao-social\/\"},\"wordCount\":170,\"image\":{\"@id\":\"https:\/\/portaltela.pt\/noticias\/2026\/04\/09\/governo-mantem-objetivo-de-acordo-na-concertacao-social\/#primaryimage\"},\"thumbnailUrl\":\"https:\/\/portaltela.pt\/s.01k8rhncp4jt1\/2026\/04\/dn2F2025-11-032Fkmieq7ri2Fmontenegro-1.jpg\",\"keywords\":[\"_economia\",\"Concerta\u00e7\u00e3o Social\",\"direitos dos trabalhadores\",\"leis\",\"pol\u00edtica\",\"trabalhadores\"],\"articleSection\":[\"Sociedade\"],\"inLanguage\":\"pt-PT\"},{\"@type\":\"WebPage\",\"@id\":\"https:\/\/portaltela.pt\/noticias\/2026\/04\/09\/governo-mantem-objetivo-de-acordo-na-concertacao-social\/\",\"url\":\"https:\/\/portaltela.pt\/noticias\/2026\/04\/09\/governo-mantem-objetivo-de-acordo-na-concertacao-social\/\",\"name\":\"Governo mant\u00e9m objetivo de acordo na concerta\u00e7\u00e3o social - Portal Tela Portugal\",\"isPartOf\":{\"@id\":\"https:\/\/portaltela.pt\/#website\"},\"primaryImageOfPage\":{\"@id\":\"https:\/\/portaltela.pt\/noticias\/2026\/04\/09\/governo-mantem-objetivo-de-acordo-na-concertacao-social\/#primaryimage\"},\"image\":{\"@id\":\"https:\/\/portaltela.pt\/noticias\/2026\/04\/09\/governo-mantem-objetivo-de-acordo-na-concertacao-social\/#primaryimage\"},\"thumbnailUrl\":\"https:\/\/portaltela.pt\/s.01k8rhncp4jt1\/2026\/04\/dn2F2025-11-032Fkmieq7ri2Fmontenegro-1.jpg\",\"datePublished\":\"2026-04-10T00:00:00+00:00\",\"author\":{\"@id\":\"https:\/\/portaltela.pt\/#\/schema\/person\/c4278d4a6028830caff9ee44b42d32ed\"},\"breadcrumb\":{\"@id\":\"https:\/\/portaltela.pt\/noticias\/2026\/04\/09\/governo-mantem-objetivo-de-acordo-na-concertacao-social\/#breadcrumb\"},\"inLanguage\":\"pt-PT\",\"potentialAction\":[{\"@type\":\"ReadAction\",\"target\":[\"https:\/\/portaltela.pt\/noticias\/2026\/04\/09\/governo-mantem-objetivo-de-acordo-na-concertacao-social\/\"]}]},{\"@type\":\"ImageObject\",\"inLanguage\":\"pt-PT\",\"@id\":\"https:\/\/portaltela.pt\/noticias\/2026\/04\/09\/governo-mantem-objetivo-de-acordo-na-concertacao-social\/#primaryimage\",\"url\":\"https:\/\/portaltela.pt\/s.01k8rhncp4jt1\/2026\/04\/dn2F2025-11-032Fkmieq7ri2Fmontenegro-1.jpg\",\"contentUrl\":\"https:\/\/portaltela.pt\/s.01k8rhncp4jt1\/2026\/04\/dn2F2025-11-032Fkmieq7ri2Fmontenegro-1.jpg\",\"width\":1200,\"height\":629,\"caption\":\"Photo\"},{\"@type\":\"BreadcrumbList\",\"@id\":\"https:\/\/portaltela.pt\/noticias\/2026\/04\/09\/governo-mantem-objetivo-de-acordo-na-concertacao-social\/#breadcrumb\",\"itemListElement\":[{\"@type\":\"ListItem\",\"position\":1,\"name\":\"In\u00edcio\",\"item\":\"https:\/\/portaltela.pt\/\"},{\"@type\":\"ListItem\",\"position\":2,\"name\":\"Governo mant\u00e9m objetivo de acordo na concerta\u00e7\u00e3o social\"}]},{\"@type\":\"WebSite\",\"@id\":\"https:\/\/portaltela.pt\/#website\",\"url\":\"https:\/\/portaltela.pt\/\",\"name\":\"Portal Tela Portugal\",\"description\":\"\",\"potentialAction\":[{\"@type\":\"SearchAction\",\"target\":{\"@type\":\"EntryPoint\",\"urlTemplate\":\"https:\/\/portaltela.pt\/?s={search_term_string}\"},\"query-input\":{\"@type\":\"PropertyValueSpecification\",\"valueRequired\":true,\"valueName\":\"search_term_string\"}}],\"inLanguage\":\"pt-PT\"},{\"@type\":\"Person\",\"@id\":\"https:\/\/portaltela.pt\/#\/schema\/person\/c4278d4a6028830caff9ee44b42d32ed\",\"name\":\"Telinha\",\"image\":{\"@type\":\"ImageObject\",\"inLanguage\":\"pt-PT\",\"@id\":\"https:\/\/portaltela.pt\/s.01k8rhncp4jt1\/2025\/11\/talking-bot-125x125.png\",\"url\":\"https:\/\/portaltela.pt\/s.01k8rhncp4jt1\/2025\/11\/talking-bot-125x125.png\",\"contentUrl\":\"https:\/\/portaltela.pt\/s.01k8rhncp4jt1\/2025\/11\/talking-bot-125x125.png\",\"caption\":\"Telinha\"},\"sameAs\":[\"https:\/\/portaltela.pt\/\"],\"url\":\"https:\/\/portaltela.pt\/por\/367410592786\/\"}]}<\/script>\n<!-- \/ Yoast SEO plugin. -->","yoast_head_json":{"title":"Governo mant\u00e9m objetivo de acordo na concerta\u00e7\u00e3o social - Portal Tela Portugal","robots":{"index":"index","follow":"follow","max-snippet":"max-snippet:-1","max-image-preview":"max-image-preview:large","max-video-preview":"max-video-preview:-1"},"og_locale":"pt_PT","og_type":"article","og_title":"Governo mant\u00e9m objetivo de acordo na concerta\u00e7\u00e3o social - Portal Tela Portugal","og_description":"O primeiro-ministro afirmou na sexta-feira, 10 de abril, que o Governo continuar\u00e1 \u00e0 procura de um acordo na concerta\u00e7\u00e3o social sobre a revis\u00e3o da legisla\u00e7\u00e3o laboral. O objetivo \u00e9 manter o di\u00e1logo, promover estabilidade econ\u00f3mica e assegurar o equil\u00edbrio entre direitos dos trabalhadores e sustentabilidade das empresas. A Uni\u00e3o Geral dos Trabalhadores (UGT) rejeitou, na quinta-feira, a atual proposta de altera\u00e7\u00e3o \u00e0 legisla\u00e7\u00e3o laboral apresentada pelo Governo. A UGT defende a manuten\u00e7\u00e3o das condi\u00e7\u00f5es atuais e a prote\u00e7\u00e3o dos direitos laborais. O Governo reafirmou o compromisso de continuar as negocia\u00e7\u00f5es, esperando alcan\u00e7ar um entendimento ben\u00e9fico para todas as partes e contribuir para a estabilidade e desenvolvimento do pa\u00eds.","og_url":"https:\/\/portaltela.pt\/noticias\/2026\/04\/09\/governo-mantem-objetivo-de-acordo-na-concertacao-social\/","og_site_name":"Portal Tela Portugal","article_published_time":"2026-04-10T00:00:00+00:00","author":"Telinha","twitter_card":"summary_large_image","twitter_misc":{"Escrito por":"Telinha","Tempo estimado de leitura":"1 minuto"},"schema":{"@context":"https:\/\/schema.org","@graph":[{"@type":"Article","@id":"https:\/\/portaltela.pt\/noticias\/2026\/04\/09\/governo-mantem-objetivo-de-acordo-na-concertacao-social\/#article","isPartOf":{"@id":"https:\/\/portaltela.pt\/noticias\/2026\/04\/09\/governo-mantem-objetivo-de-acordo-na-concertacao-social\/"},"author":{"name":"Telinha","@id":"https:\/\/portaltela.pt\/#\/schema\/person\/c4278d4a6028830caff9ee44b42d32ed"},"headline":"Governo mant\u00e9m objetivo de acordo na concerta\u00e7\u00e3o social","datePublished":"2026-04-10T00:00:00+00:00","mainEntityOfPage":{"@id":"https:\/\/portaltela.pt\/noticias\/2026\/04\/09\/governo-mantem-objetivo-de-acordo-na-concertacao-social\/"},"wordCount":170,"image":{"@id":"https:\/\/portaltela.pt\/noticias\/2026\/04\/09\/governo-mantem-objetivo-de-acordo-na-concertacao-social\/#primaryimage"},"thumbnailUrl":"https:\/\/portaltela.pt\/s.01k8rhncp4jt1\/2026\/04\/dn2F2025-11-032Fkmieq7ri2Fmontenegro-1.jpg","keywords":["_economia","Concerta\u00e7\u00e3o Social","direitos dos trabalhadores","leis","pol\u00edtica","trabalhadores"],"articleSection":["Sociedade"],"inLanguage":"pt-PT"},{"@type":"WebPage","@id":"https:\/\/portaltela.pt\/noticias\/2026\/04\/09\/governo-mantem-objetivo-de-acordo-na-concertacao-social\/","url":"https:\/\/portaltela.pt\/noticias\/2026\/04\/09\/governo-mantem-objetivo-de-acordo-na-concertacao-social\/","name":"Governo mant\u00e9m objetivo de acordo na concerta\u00e7\u00e3o social - Portal Tela Portugal","isPartOf":{"@id":"https:\/\/portaltela.pt\/#website"},"primaryImageOfPage":{"@id":"https:\/\/portaltela.pt\/noticias\/2026\/04\/09\/governo-mantem-objetivo-de-acordo-na-concertacao-social\/#primaryimage"},"image":{"@id":"https:\/\/portaltela.pt\/noticias\/2026\/04\/09\/governo-mantem-objetivo-de-acordo-na-concertacao-social\/#primaryimage"},"thumbnailUrl":"https:\/\/portaltela.pt\/s.01k8rhncp4jt1\/2026\/04\/dn2F2025-11-032Fkmieq7ri2Fmontenegro-1.jpg","datePublished":"2026-04-10T00:00:00+00:00","author":{"@id":"https:\/\/portaltela.pt\/#\/schema\/person\/c4278d4a6028830caff9ee44b42d32ed"},"breadcrumb":{"@id":"https:\/\/portaltela.pt\/noticias\/2026\/04\/09\/governo-mantem-objetivo-de-acordo-na-concertacao-social\/#breadcrumb"},"inLanguage":"pt-PT","potentialAction":[{"@type":"ReadAction","target":["https:\/\/portaltela.pt\/noticias\/2026\/04\/09\/governo-mantem-objetivo-de-acordo-na-concertacao-social\/"]}]},{"@type":"ImageObject","inLanguage":"pt-PT","@id":"https:\/\/portaltela.pt\/noticias\/2026\/04\/09\/governo-mantem-objetivo-de-acordo-na-concertacao-social\/#primaryimage","url":"https:\/\/portaltela.pt\/s.01k8rhncp4jt1\/2026\/04\/dn2F2025-11-032Fkmieq7ri2Fmontenegro-1.jpg","contentUrl":"https:\/\/portaltela.pt\/s.01k8rhncp4jt1\/2026\/04\/dn2F2025-11-032Fkmieq7ri2Fmontenegro-1.jpg","width":1200,"height":629,"caption":"Photo"},{"@type":"BreadcrumbList","@id":"https:\/\/portaltela.pt\/noticias\/2026\/04\/09\/governo-mantem-objetivo-de-acordo-na-concertacao-social\/#breadcrumb","itemListElement":[{"@type":"ListItem","position":1,"name":"In\u00edcio","item":"https:\/\/portaltela.pt\/"},{"@type":"ListItem","position":2,"name":"Governo mant\u00e9m objetivo de acordo na concerta\u00e7\u00e3o social"}]},{"@type":"WebSite","@id":"https:\/\/portaltela.pt\/#website","url":"https:\/\/portaltela.pt\/","name":"Portal Tela Portugal","description":"","potentialAction":[{"@type":"SearchAction","target":{"@type":"EntryPoint","urlTemplate":"https:\/\/portaltela.pt\/?s={search_term_string}"},"query-input":{"@type":"PropertyValueSpecification","valueRequired":true,"valueName":"search_term_string"}}],"inLanguage":"pt-PT"},{"@type":"Person","@id":"https:\/\/portaltela.pt\/#\/schema\/person\/c4278d4a6028830caff9ee44b42d32ed","name":"Telinha","image":{"@type":"ImageObject","inLanguage":"pt-PT","@id":"https:\/\/portaltela.pt\/s.01k8rhncp4jt1\/2025\/11\/talking-bot-125x125.png","url":"https:\/\/portaltela.pt\/s.01k8rhncp4jt1\/2025\/11\/talking-bot-125x125.png","contentUrl":"https:\/\/portaltela.pt\/s.01k8rhncp4jt1\/2025\/11\/talking-bot-125x125.png","caption":"Telinha"},"sameAs":["https:\/\/portaltela.pt\/"],"url":"https:\/\/portaltela.pt\/por\/367410592786\/"}]}},"_links":{"self":[{"href":"https:\/\/portaltela.pt\/api\/wp\/v2\/posts\/439116","targetHints":{"allow":["GET"]}}],"collection":[{"href":"https:\/\/portaltela.pt\/api\/wp\/v2\/posts"}],"about":[{"href":"https:\/\/portaltela.pt\/api\/wp\/v2\/types\/post"}],"author":[{"embeddable":true,"href":"https:\/\/portaltela.pt\/api\/wp\/v2\/users\/2"}],"replies":[{"embeddable":true,"href":"https:\/\/portaltela.pt\/api\/wp\/v2\/comments?post=439116"}],"version-history":[{"count":0,"href":"https:\/\/portaltela.pt\/api\/wp\/v2\/posts\/439116\/revisions"}],"wp:featuredmedia":[{"embeddable":true,"href":"https:\/\/portaltela.pt\/api\/wp\/v2\/media\/439117"}],"wp:attachment":[{"href":"https:\/\/portaltela.pt\/api\/wp\/v2\/media?parent=439116"}],"wp:term":[{"taxonomy":"category","embeddable":true,"href":"https:\/\/portaltela.pt\/api\/wp\/v2\/categories?post=439116"},{"taxonomy":"post_tag","embeddable":true,"href":"https:\/\/portaltela.pt\/api\/wp\/v2\/tags?post=439116"}],"curies":[{"name":"wp","href":"https:\/\/api.w.org\/{rel}","templated":true}]}}