{"id":439101,"date":"2026-04-10T07:32:21","date_gmt":"2026-04-10T10:32:21","guid":{"rendered":"https:\/\/portaltela.pt\/noticias\/2026\/04\/10\/conselheiro-do-lider-iraniano-morre-apos-ataque-em-teera\/"},"modified":"2026-04-10T07:32:21","modified_gmt":"2026-04-10T10:32:21","slug":"conselheiro-do-lider-iraniano-morre-apos-ataque-em-teera","status":"publish","type":"post","link":"https:\/\/portaltela.pt\/noticias\/internacional\/2026\/04\/10\/conselheiro-do-lider-iraniano-morre-apos-ataque-em-teera\/","title":{"rendered":"Conselheiro do l\u00edder iraniano morre ap\u00f3s ataque em Teer\u00e3"},"content":{"rendered":"<p>Kamal Kharazi, conselheiro do l\u00edder supremo do Ir\u00e3o, morreu na quinta-feira ap\u00f3s um ataque conjunto dos EUA e de Israel contra Teer\u00e3o, no in\u00edcio do m\u00eas. A ofensiva teve como alvo a resid\u00eancia do pol\u00edtico, que n\u00e3o resistiu aos ferimentos. A esposa do ofertante faleceu no ataque, segundo a televis\u00e3o estatal iraniana.<\/p>\n<p>Kharazi j\u00e1 estava gravemente ferido ap\u00f3s o ataque, que ocorreu numa opera\u00e7\u00e3o percept\u00edvel como resposta a tens\u00f5es regionais. Em mar\u00e7o, numa entrevista \u00e0 CNN, ele afirmou estar c\u00e9tico relativamente a acordos de paz e indicou que o Ir\u00e3o poderia manter o conflito, dependendo de avalia\u00e7\u00f5es econ\u00f3micas.<\/p>\n<p>A morte ocorre num contexto de um cessar-fogo de duas semanas proposto pelo Ir\u00e3o, ap\u00f3s rejei\u00e7\u00e3o de um plano anterior apresentado pelos EUA, que previa a abertura do Estreito de Ormuz e o fim dos ataques por 45 dias. Teer\u00e3o culpa Israel por viola\u00e7\u00f5es do acordo, enquanto Washington afirma que o pa\u00eds n\u00e3o est\u00e1 abrangido pelo acordo.<\/p>\n<h3>Contexto do cessar-fogo<\/h3>\n<p>Teer\u00e3o anunciou que iria responder com firmeza a ataques no L\u00edbano, caso os EUA n\u00e3o tomem medidas contra as opera\u00e7\u00f5es de Israel no territ\u00f3rio liban\u00eas. Na \u00faltima quarta-feira, Israel realizou a maior ofensiva contra o Hezbollah, conforme relatos regionais. O Ir\u00e3o refor\u00e7ou que manter\u00e1 a posi\u00e7\u00e3o caso n\u00e3o haja altera\u00e7\u00f5es.<\/p>\n","protected":false},"excerpt":{"rendered":"<ul>\n<li>Kamal Kharazi morreu na quinta-feira, ap\u00f3s ataque conjunto dos Estados Unidos e de Israel a Teer\u00e3o no in\u00edcio do m\u00eas.<\/li>\n<li>A ofensiva visou a resid\u00eancia do conselheiro do l\u00edder supremo do Ir\u00e3o; a esposa de Kharazi morreu no ataque.<\/li>\n<li>Kharazi encontrava-se gravemente ferido; o pol\u00edtico tinha participado numa entrevista \u00e0 CNN em mar\u00e7o, onde expressou ceticismo quanto a acordos de paz.<\/li>\n<li>O Ir\u00e3o prop\u00f4s um cessar-fogo de duas semanas; Washington rejeitou o plano e pediu a abertura do Estreito de Ormuz e o fim dos ataques durante 45 dias.<\/li>\n<li>Teer\u00e3o culpa Israel pelo n\u00e3o cumprimento do acordo e pelos ataques no L\u00edbano; Israel realizou uma ofensiva significativa contra o Hezbollah, com o Ir\u00e3o a prometer retaliar caso os EUA n\u00e3o atuem.<\/li>\n<\/ul>\n","protected":false},"author":2,"featured_media":439105,"comment_status":"closed","ping_status":"closed","sticky":false,"template":"","format":"standard","meta":{"footnotes":""},"categories":[6814,4],"tags":[3143,4541,2198,3153,3708,7439],"class_list":["post-439101","post","type-post","status-publish","format-standard","has-post-thumbnail","hentry","category-geopolitica","category-internacional","tag-ataques-internacionais","tag-cessar-fogo","tag-conflitos-internacionais","tag-ira","tag-israel","tag-politica-externa"],"yoast_head":"<!-- This site is optimized with the Yoast SEO plugin v27.2 - https:\/\/yoast.com\/product\/yoast-seo-wordpress\/ -->\n<title>Conselheiro do l\u00edder iraniano morre ap\u00f3s ataque em Teer\u00e3 - Portal Tela Portugal<\/title>\n<meta name=\"robots\" content=\"index, follow, max-snippet:-1, max-image-preview:large, max-video-preview:-1\" \/>\n<meta property=\"og:locale\" content=\"pt_PT\" \/>\n<meta property=\"og:type\" content=\"article\" \/>\n<meta property=\"og:title\" content=\"Conselheiro do l\u00edder iraniano morre ap\u00f3s ataque em Teer\u00e3 - Portal Tela Portugal\" \/>\n<meta property=\"og:description\" content=\"Kamal Kharazi morreu na quinta-feira, ap\u00f3s ataque conjunto dos Estados Unidos e de Israel a Teer\u00e3o no in\u00edcio do m\u00eas. A ofensiva visou a resid\u00eancia do conselheiro do l\u00edder supremo do Ir\u00e3o; a esposa de Kharazi morreu no ataque. Kharazi encontrava-se gravemente ferido; o pol\u00edtico tinha participado numa entrevista \u00e0 CNN em mar\u00e7o, onde expressou ceticismo quanto a acordos de paz. O Ir\u00e3o prop\u00f4s um cessar-fogo de duas semanas; Washington rejeitou o plano e pediu a abertura do Estreito de Ormuz e o fim dos ataques durante 45 dias. Teer\u00e3o culpa Israel pelo n\u00e3o cumprimento do acordo e pelos ataques no L\u00edbano; Israel realizou uma ofensiva significativa contra o Hezbollah, com o Ir\u00e3o a prometer retaliar caso os EUA n\u00e3o atuem.\" \/>\n<meta property=\"og:url\" content=\"https:\/\/portaltela.pt\/noticias\/2026\/04\/10\/conselheiro-do-lider-iraniano-morre-apos-ataque-em-teera\/\" \/>\n<meta property=\"og:site_name\" content=\"Portal Tela Portugal\" \/>\n<meta property=\"article:published_time\" content=\"2026-04-10T10:32:21+00:00\" \/>\n<meta name=\"author\" content=\"Telinha\" \/>\n<meta name=\"twitter:card\" content=\"summary_large_image\" \/>\n<meta name=\"twitter:label1\" content=\"Escrito por\" \/>\n\t<meta name=\"twitter:data1\" content=\"Telinha\" \/>\n\t<meta name=\"twitter:label2\" content=\"Tempo estimado de leitura\" \/>\n\t<meta name=\"twitter:data2\" content=\"1 minuto\" \/>\n<script type=\"application\/ld+json\" class=\"yoast-schema-graph\">{\"@context\":\"https:\/\/schema.org\",\"@graph\":[{\"@type\":\"Article\",\"@id\":\"https:\/\/portaltela.pt\/noticias\/2026\/04\/10\/conselheiro-do-lider-iraniano-morre-apos-ataque-em-teera\/#article\",\"isPartOf\":{\"@id\":\"https:\/\/portaltela.pt\/noticias\/2026\/04\/10\/conselheiro-do-lider-iraniano-morre-apos-ataque-em-teera\/\"},\"author\":{\"name\":\"Telinha\",\"@id\":\"https:\/\/portaltela.pt\/#\/schema\/person\/c4278d4a6028830caff9ee44b42d32ed\"},\"headline\":\"Conselheiro do l\u00edder iraniano morre ap\u00f3s ataque em Teer\u00e3\",\"datePublished\":\"2026-04-10T10:32:21+00:00\",\"mainEntityOfPage\":{\"@id\":\"https:\/\/portaltela.pt\/noticias\/2026\/04\/10\/conselheiro-do-lider-iraniano-morre-apos-ataque-em-teera\/\"},\"wordCount\":254,\"image\":{\"@id\":\"https:\/\/portaltela.pt\/noticias\/2026\/04\/10\/conselheiro-do-lider-iraniano-morre-apos-ataque-em-teera\/#primaryimage\"},\"thumbnailUrl\":\"https:\/\/portaltela.pt\/s.01k8rhncp4jt1\/2026\/04\/img_1500x1000uu2026-04-10-11-17-43-2277639.jpg\",\"keywords\":[\"ataques internacionais\",\"cessar-fogo\",\"conflitos internacionais\",\"Ir\u00e3\",\"Israel\",\"pol\u00edtica externa\"],\"articleSection\":[\"Geopol\u00edtica\",\"Internacional\"],\"inLanguage\":\"pt-PT\"},{\"@type\":\"WebPage\",\"@id\":\"https:\/\/portaltela.pt\/noticias\/2026\/04\/10\/conselheiro-do-lider-iraniano-morre-apos-ataque-em-teera\/\",\"url\":\"https:\/\/portaltela.pt\/noticias\/2026\/04\/10\/conselheiro-do-lider-iraniano-morre-apos-ataque-em-teera\/\",\"name\":\"Conselheiro do l\u00edder iraniano morre ap\u00f3s ataque em Teer\u00e3 - Portal Tela Portugal\",\"isPartOf\":{\"@id\":\"https:\/\/portaltela.pt\/#website\"},\"primaryImageOfPage\":{\"@id\":\"https:\/\/portaltela.pt\/noticias\/2026\/04\/10\/conselheiro-do-lider-iraniano-morre-apos-ataque-em-teera\/#primaryimage\"},\"image\":{\"@id\":\"https:\/\/portaltela.pt\/noticias\/2026\/04\/10\/conselheiro-do-lider-iraniano-morre-apos-ataque-em-teera\/#primaryimage\"},\"thumbnailUrl\":\"https:\/\/portaltela.pt\/s.01k8rhncp4jt1\/2026\/04\/img_1500x1000uu2026-04-10-11-17-43-2277639.jpg\",\"datePublished\":\"2026-04-10T10:32:21+00:00\",\"author\":{\"@id\":\"https:\/\/portaltela.pt\/#\/schema\/person\/c4278d4a6028830caff9ee44b42d32ed\"},\"breadcrumb\":{\"@id\":\"https:\/\/portaltela.pt\/noticias\/2026\/04\/10\/conselheiro-do-lider-iraniano-morre-apos-ataque-em-teera\/#breadcrumb\"},\"inLanguage\":\"pt-PT\",\"potentialAction\":[{\"@type\":\"ReadAction\",\"target\":[\"https:\/\/portaltela.pt\/noticias\/2026\/04\/10\/conselheiro-do-lider-iraniano-morre-apos-ataque-em-teera\/\"]}]},{\"@type\":\"ImageObject\",\"inLanguage\":\"pt-PT\",\"@id\":\"https:\/\/portaltela.pt\/noticias\/2026\/04\/10\/conselheiro-do-lider-iraniano-morre-apos-ataque-em-teera\/#primaryimage\",\"url\":\"https:\/\/portaltela.pt\/s.01k8rhncp4jt1\/2026\/04\/img_1500x1000uu2026-04-10-11-17-43-2277639.jpg\",\"contentUrl\":\"https:\/\/portaltela.pt\/s.01k8rhncp4jt1\/2026\/04\/img_1500x1000uu2026-04-10-11-17-43-2277639.jpg\",\"width\":796,\"height\":448,\"caption\":\"Kamal Kharazi\"},{\"@type\":\"BreadcrumbList\",\"@id\":\"https:\/\/portaltela.pt\/noticias\/2026\/04\/10\/conselheiro-do-lider-iraniano-morre-apos-ataque-em-teera\/#breadcrumb\",\"itemListElement\":[{\"@type\":\"ListItem\",\"position\":1,\"name\":\"In\u00edcio\",\"item\":\"https:\/\/portaltela.pt\/\"},{\"@type\":\"ListItem\",\"position\":2,\"name\":\"Conselheiro do l\u00edder iraniano morre ap\u00f3s ataque em Teer\u00e3\"}]},{\"@type\":\"WebSite\",\"@id\":\"https:\/\/portaltela.pt\/#website\",\"url\":\"https:\/\/portaltela.pt\/\",\"name\":\"Portal Tela Portugal\",\"description\":\"\",\"potentialAction\":[{\"@type\":\"SearchAction\",\"target\":{\"@type\":\"EntryPoint\",\"urlTemplate\":\"https:\/\/portaltela.pt\/?s={search_term_string}\"},\"query-input\":{\"@type\":\"PropertyValueSpecification\",\"valueRequired\":true,\"valueName\":\"search_term_string\"}}],\"inLanguage\":\"pt-PT\"},{\"@type\":\"Person\",\"@id\":\"https:\/\/portaltela.pt\/#\/schema\/person\/c4278d4a6028830caff9ee44b42d32ed\",\"name\":\"Telinha\",\"image\":{\"@type\":\"ImageObject\",\"inLanguage\":\"pt-PT\",\"@id\":\"https:\/\/portaltela.pt\/s.01k8rhncp4jt1\/2025\/11\/talking-bot-125x125.png\",\"url\":\"https:\/\/portaltela.pt\/s.01k8rhncp4jt1\/2025\/11\/talking-bot-125x125.png\",\"contentUrl\":\"https:\/\/portaltela.pt\/s.01k8rhncp4jt1\/2025\/11\/talking-bot-125x125.png\",\"caption\":\"Telinha\"},\"sameAs\":[\"https:\/\/portaltela.pt\/\"],\"url\":\"https:\/\/portaltela.pt\/por\/367410592786\/\"}]}<\/script>\n<!-- \/ Yoast SEO plugin. -->","yoast_head_json":{"title":"Conselheiro do l\u00edder iraniano morre ap\u00f3s ataque em Teer\u00e3 - Portal Tela Portugal","robots":{"index":"index","follow":"follow","max-snippet":"max-snippet:-1","max-image-preview":"max-image-preview:large","max-video-preview":"max-video-preview:-1"},"og_locale":"pt_PT","og_type":"article","og_title":"Conselheiro do l\u00edder iraniano morre ap\u00f3s ataque em Teer\u00e3 - Portal Tela Portugal","og_description":"Kamal Kharazi morreu na quinta-feira, ap\u00f3s ataque conjunto dos Estados Unidos e de Israel a Teer\u00e3o no in\u00edcio do m\u00eas. A ofensiva visou a resid\u00eancia do conselheiro do l\u00edder supremo do Ir\u00e3o; a esposa de Kharazi morreu no ataque. Kharazi encontrava-se gravemente ferido; o pol\u00edtico tinha participado numa entrevista \u00e0 CNN em mar\u00e7o, onde expressou ceticismo quanto a acordos de paz. O Ir\u00e3o prop\u00f4s um cessar-fogo de duas semanas; Washington rejeitou o plano e pediu a abertura do Estreito de Ormuz e o fim dos ataques durante 45 dias. Teer\u00e3o culpa Israel pelo n\u00e3o cumprimento do acordo e pelos ataques no L\u00edbano; Israel realizou uma ofensiva significativa contra o Hezbollah, com o Ir\u00e3o a prometer retaliar caso os EUA n\u00e3o atuem.","og_url":"https:\/\/portaltela.pt\/noticias\/2026\/04\/10\/conselheiro-do-lider-iraniano-morre-apos-ataque-em-teera\/","og_site_name":"Portal Tela Portugal","article_published_time":"2026-04-10T10:32:21+00:00","author":"Telinha","twitter_card":"summary_large_image","twitter_misc":{"Escrito por":"Telinha","Tempo estimado de leitura":"1 minuto"},"schema":{"@context":"https:\/\/schema.org","@graph":[{"@type":"Article","@id":"https:\/\/portaltela.pt\/noticias\/2026\/04\/10\/conselheiro-do-lider-iraniano-morre-apos-ataque-em-teera\/#article","isPartOf":{"@id":"https:\/\/portaltela.pt\/noticias\/2026\/04\/10\/conselheiro-do-lider-iraniano-morre-apos-ataque-em-teera\/"},"author":{"name":"Telinha","@id":"https:\/\/portaltela.pt\/#\/schema\/person\/c4278d4a6028830caff9ee44b42d32ed"},"headline":"Conselheiro do l\u00edder iraniano morre ap\u00f3s ataque em Teer\u00e3","datePublished":"2026-04-10T10:32:21+00:00","mainEntityOfPage":{"@id":"https:\/\/portaltela.pt\/noticias\/2026\/04\/10\/conselheiro-do-lider-iraniano-morre-apos-ataque-em-teera\/"},"wordCount":254,"image":{"@id":"https:\/\/portaltela.pt\/noticias\/2026\/04\/10\/conselheiro-do-lider-iraniano-morre-apos-ataque-em-teera\/#primaryimage"},"thumbnailUrl":"https:\/\/portaltela.pt\/s.01k8rhncp4jt1\/2026\/04\/img_1500x1000uu2026-04-10-11-17-43-2277639.jpg","keywords":["ataques internacionais","cessar-fogo","conflitos internacionais","Ir\u00e3","Israel","pol\u00edtica externa"],"articleSection":["Geopol\u00edtica","Internacional"],"inLanguage":"pt-PT"},{"@type":"WebPage","@id":"https:\/\/portaltela.pt\/noticias\/2026\/04\/10\/conselheiro-do-lider-iraniano-morre-apos-ataque-em-teera\/","url":"https:\/\/portaltela.pt\/noticias\/2026\/04\/10\/conselheiro-do-lider-iraniano-morre-apos-ataque-em-teera\/","name":"Conselheiro do l\u00edder iraniano morre ap\u00f3s ataque em Teer\u00e3 - Portal Tela Portugal","isPartOf":{"@id":"https:\/\/portaltela.pt\/#website"},"primaryImageOfPage":{"@id":"https:\/\/portaltela.pt\/noticias\/2026\/04\/10\/conselheiro-do-lider-iraniano-morre-apos-ataque-em-teera\/#primaryimage"},"image":{"@id":"https:\/\/portaltela.pt\/noticias\/2026\/04\/10\/conselheiro-do-lider-iraniano-morre-apos-ataque-em-teera\/#primaryimage"},"thumbnailUrl":"https:\/\/portaltela.pt\/s.01k8rhncp4jt1\/2026\/04\/img_1500x1000uu2026-04-10-11-17-43-2277639.jpg","datePublished":"2026-04-10T10:32:21+00:00","author":{"@id":"https:\/\/portaltela.pt\/#\/schema\/person\/c4278d4a6028830caff9ee44b42d32ed"},"breadcrumb":{"@id":"https:\/\/portaltela.pt\/noticias\/2026\/04\/10\/conselheiro-do-lider-iraniano-morre-apos-ataque-em-teera\/#breadcrumb"},"inLanguage":"pt-PT","potentialAction":[{"@type":"ReadAction","target":["https:\/\/portaltela.pt\/noticias\/2026\/04\/10\/conselheiro-do-lider-iraniano-morre-apos-ataque-em-teera\/"]}]},{"@type":"ImageObject","inLanguage":"pt-PT","@id":"https:\/\/portaltela.pt\/noticias\/2026\/04\/10\/conselheiro-do-lider-iraniano-morre-apos-ataque-em-teera\/#primaryimage","url":"https:\/\/portaltela.pt\/s.01k8rhncp4jt1\/2026\/04\/img_1500x1000uu2026-04-10-11-17-43-2277639.jpg","contentUrl":"https:\/\/portaltela.pt\/s.01k8rhncp4jt1\/2026\/04\/img_1500x1000uu2026-04-10-11-17-43-2277639.jpg","width":796,"height":448,"caption":"Kamal Kharazi"},{"@type":"BreadcrumbList","@id":"https:\/\/portaltela.pt\/noticias\/2026\/04\/10\/conselheiro-do-lider-iraniano-morre-apos-ataque-em-teera\/#breadcrumb","itemListElement":[{"@type":"ListItem","position":1,"name":"In\u00edcio","item":"https:\/\/portaltela.pt\/"},{"@type":"ListItem","position":2,"name":"Conselheiro do l\u00edder iraniano morre ap\u00f3s ataque em Teer\u00e3"}]},{"@type":"WebSite","@id":"https:\/\/portaltela.pt\/#website","url":"https:\/\/portaltela.pt\/","name":"Portal Tela Portugal","description":"","potentialAction":[{"@type":"SearchAction","target":{"@type":"EntryPoint","urlTemplate":"https:\/\/portaltela.pt\/?s={search_term_string}"},"query-input":{"@type":"PropertyValueSpecification","valueRequired":true,"valueName":"search_term_string"}}],"inLanguage":"pt-PT"},{"@type":"Person","@id":"https:\/\/portaltela.pt\/#\/schema\/person\/c4278d4a6028830caff9ee44b42d32ed","name":"Telinha","image":{"@type":"ImageObject","inLanguage":"pt-PT","@id":"https:\/\/portaltela.pt\/s.01k8rhncp4jt1\/2025\/11\/talking-bot-125x125.png","url":"https:\/\/portaltela.pt\/s.01k8rhncp4jt1\/2025\/11\/talking-bot-125x125.png","contentUrl":"https:\/\/portaltela.pt\/s.01k8rhncp4jt1\/2025\/11\/talking-bot-125x125.png","caption":"Telinha"},"sameAs":["https:\/\/portaltela.pt\/"],"url":"https:\/\/portaltela.pt\/por\/367410592786\/"}]}},"_links":{"self":[{"href":"https:\/\/portaltela.pt\/api\/wp\/v2\/posts\/439101","targetHints":{"allow":["GET"]}}],"collection":[{"href":"https:\/\/portaltela.pt\/api\/wp\/v2\/posts"}],"about":[{"href":"https:\/\/portaltela.pt\/api\/wp\/v2\/types\/post"}],"author":[{"embeddable":true,"href":"https:\/\/portaltela.pt\/api\/wp\/v2\/users\/2"}],"replies":[{"embeddable":true,"href":"https:\/\/portaltela.pt\/api\/wp\/v2\/comments?post=439101"}],"version-history":[{"count":0,"href":"https:\/\/portaltela.pt\/api\/wp\/v2\/posts\/439101\/revisions"}],"wp:featuredmedia":[{"embeddable":true,"href":"https:\/\/portaltela.pt\/api\/wp\/v2\/media\/439105"}],"wp:attachment":[{"href":"https:\/\/portaltela.pt\/api\/wp\/v2\/media?parent=439101"}],"wp:term":[{"taxonomy":"category","embeddable":true,"href":"https:\/\/portaltela.pt\/api\/wp\/v2\/categories?post=439101"},{"taxonomy":"post_tag","embeddable":true,"href":"https:\/\/portaltela.pt\/api\/wp\/v2\/tags?post=439101"}],"curies":[{"name":"wp","href":"https:\/\/api.w.org\/{rel}","templated":true}]}}