{"id":439092,"date":"2026-04-10T06:08:00","date_gmt":"2026-04-10T09:08:00","guid":{"rendered":"https:\/\/portaltela.pt\/noticias\/2026\/04\/10\/zelensky-confirma-participacao-ucraniana-no-conflito-com-o-irao\/"},"modified":"2026-04-10T06:08:00","modified_gmt":"2026-04-10T09:08:00","slug":"zelensky-confirma-participacao-ucraniana-no-conflito-com-o-irao","status":"publish","type":"post","link":"https:\/\/portaltela.pt\/noticias\/internacional\/2026\/04\/10\/zelensky-confirma-participacao-ucraniana-no-conflito-com-o-irao\/","title":{"rendered":"Zelensky confirma participa\u00e7\u00e3o ucraniana no conflito com o Ir\u00e3o"},"content":{"rendered":"<p>A presidente da Ucr\u00e2nia, Volodymyr Zelensky, confirmou a participa\u00e7\u00e3o ucraniana no conflito contra o Ir\u00e3o. A declara\u00e7\u00e3o n\u00e3o detalha opera\u00e7\u00f5es espec\u00edficas nem o \u00e2mbito da coopera\u00e7\u00e3o entre os pa\u00edses.<\/p>\n<p>Segundo a confirma\u00e7\u00e3o, a Ucr\u00e2nia integra o esfor\u00e7o militar relacionado ao conflito envolvendo o Ir\u00e3o. N\u00e3o foram divulgadas informa\u00e7\u00f5es oficiais sobre prazos, localiza\u00e7\u00f5es ou modalidades de participa\u00e7\u00e3o.<\/p>\n<p>As informa\u00e7\u00f5es dispon\u00edveis n\u00e3o clarificam o momento exato em que a participa\u00e7\u00e3o come\u00e7ou, nem os objetivos t\u00e1ticos ou pol\u00edticos da Ucr\u00e2nia no contexto do conflito. Autoridades adicionais devem fornecer dados formais nas pr\u00f3ximas horas.<\/p>\n","protected":false},"excerpt":{"rendered":"<ul>\n<li>O presidente ucraniano, Volodymyr Zelensky, confirmou a participa\u00e7\u00e3o da Ucr\u00e2nia no conflito contra o Ir\u00e3o.<\/li>\n<li>O acesso ao conte\u00fado completo da mat\u00e9ria est\u00e1 reservado a subscritores.<\/li>\n<\/ul>\n","protected":false},"author":2,"featured_media":439093,"comment_status":"closed","ping_status":"closed","sticky":false,"template":"","format":"standard","meta":{"footnotes":""},"categories":[6814,4],"tags":[2792,6703,5547,3153,7439,2134],"class_list":["post-439092","post","type-post","status-publish","format-standard","has-post-thumbnail","hentry","category-geopolitica","category-internacional","tag-conflito-internacional","tag-diplomacia-internacional","tag-informacao-internacional","tag-ira","tag-politica-externa","tag-ucrania"],"yoast_head":"<!-- This site is optimized with the Yoast SEO plugin v27.2 - https:\/\/yoast.com\/product\/yoast-seo-wordpress\/ -->\n<title>Zelensky confirma participa\u00e7\u00e3o ucraniana no conflito com o Ir\u00e3o - Portal Tela Portugal<\/title>\n<meta name=\"robots\" content=\"index, follow, max-snippet:-1, max-image-preview:large, max-video-preview:-1\" \/>\n<meta property=\"og:locale\" content=\"pt_PT\" \/>\n<meta property=\"og:type\" content=\"article\" \/>\n<meta property=\"og:title\" content=\"Zelensky confirma participa\u00e7\u00e3o ucraniana no conflito com o Ir\u00e3o - Portal Tela Portugal\" \/>\n<meta property=\"og:description\" content=\"O presidente ucraniano, Volodymyr Zelensky, confirmou a participa\u00e7\u00e3o da Ucr\u00e2nia no conflito contra o Ir\u00e3o. O acesso ao conte\u00fado completo da mat\u00e9ria est\u00e1 reservado a subscritores.\" \/>\n<meta property=\"og:url\" content=\"https:\/\/portaltela.pt\/noticias\/2026\/04\/10\/zelensky-confirma-participacao-ucraniana-no-conflito-com-o-irao\/\" \/>\n<meta property=\"og:site_name\" content=\"Portal Tela Portugal\" \/>\n<meta property=\"article:published_time\" content=\"2026-04-10T09:08:00+00:00\" \/>\n<meta name=\"author\" content=\"Telinha\" \/>\n<meta name=\"twitter:card\" content=\"summary_large_image\" \/>\n<meta name=\"twitter:label1\" content=\"Escrito por\" \/>\n\t<meta name=\"twitter:data1\" content=\"Telinha\" \/>\n\t<meta name=\"twitter:label2\" content=\"Tempo estimado de leitura\" \/>\n\t<meta name=\"twitter:data2\" content=\"1 minuto\" \/>\n<script type=\"application\/ld+json\" class=\"yoast-schema-graph\">{\"@context\":\"https:\/\/schema.org\",\"@graph\":[{\"@type\":\"Article\",\"@id\":\"https:\/\/portaltela.pt\/noticias\/2026\/04\/10\/zelensky-confirma-participacao-ucraniana-no-conflito-com-o-irao\/#article\",\"isPartOf\":{\"@id\":\"https:\/\/portaltela.pt\/noticias\/2026\/04\/10\/zelensky-confirma-participacao-ucraniana-no-conflito-com-o-irao\/\"},\"author\":{\"name\":\"Telinha\",\"@id\":\"https:\/\/portaltela.pt\/#\/schema\/person\/c4278d4a6028830caff9ee44b42d32ed\"},\"headline\":\"Zelensky confirma participa\u00e7\u00e3o ucraniana no conflito com o Ir\u00e3o\",\"datePublished\":\"2026-04-10T09:08:00+00:00\",\"mainEntityOfPage\":{\"@id\":\"https:\/\/portaltela.pt\/noticias\/2026\/04\/10\/zelensky-confirma-participacao-ucraniana-no-conflito-com-o-irao\/\"},\"wordCount\":127,\"image\":{\"@id\":\"https:\/\/portaltela.pt\/noticias\/2026\/04\/10\/zelensky-confirma-participacao-ucraniana-no-conflito-com-o-irao\/#primaryimage\"},\"thumbnailUrl\":\"https:\/\/portaltela.pt\/s.01k8rhncp4jt1\/2026\/04\/CACHE_780X1200_ANALOG_WATERMARKED_46902511_655582614128037.jpg\",\"keywords\":[\"conflito internacional\",\"diplomacia internacional\",\"informa\u00e7\u00e3o internacional\",\"Ir\u00e3\",\"pol\u00edtica externa\",\"Ucr\u00e2nia\"],\"articleSection\":[\"Geopol\u00edtica\",\"Internacional\"],\"inLanguage\":\"pt-PT\"},{\"@type\":\"WebPage\",\"@id\":\"https:\/\/portaltela.pt\/noticias\/2026\/04\/10\/zelensky-confirma-participacao-ucraniana-no-conflito-com-o-irao\/\",\"url\":\"https:\/\/portaltela.pt\/noticias\/2026\/04\/10\/zelensky-confirma-participacao-ucraniana-no-conflito-com-o-irao\/\",\"name\":\"Zelensky confirma participa\u00e7\u00e3o ucraniana no conflito com o Ir\u00e3o - Portal Tela Portugal\",\"isPartOf\":{\"@id\":\"https:\/\/portaltela.pt\/#website\"},\"primaryImageOfPage\":{\"@id\":\"https:\/\/portaltela.pt\/noticias\/2026\/04\/10\/zelensky-confirma-participacao-ucraniana-no-conflito-com-o-irao\/#primaryimage\"},\"image\":{\"@id\":\"https:\/\/portaltela.pt\/noticias\/2026\/04\/10\/zelensky-confirma-participacao-ucraniana-no-conflito-com-o-irao\/#primaryimage\"},\"thumbnailUrl\":\"https:\/\/portaltela.pt\/s.01k8rhncp4jt1\/2026\/04\/CACHE_780X1200_ANALOG_WATERMARKED_46902511_655582614128037.jpg\",\"datePublished\":\"2026-04-10T09:08:00+00:00\",\"author\":{\"@id\":\"https:\/\/portaltela.pt\/#\/schema\/person\/c4278d4a6028830caff9ee44b42d32ed\"},\"breadcrumb\":{\"@id\":\"https:\/\/portaltela.pt\/noticias\/2026\/04\/10\/zelensky-confirma-participacao-ucraniana-no-conflito-com-o-irao\/#breadcrumb\"},\"inLanguage\":\"pt-PT\",\"potentialAction\":[{\"@type\":\"ReadAction\",\"target\":[\"https:\/\/portaltela.pt\/noticias\/2026\/04\/10\/zelensky-confirma-participacao-ucraniana-no-conflito-com-o-irao\/\"]}]},{\"@type\":\"ImageObject\",\"inLanguage\":\"pt-PT\",\"@id\":\"https:\/\/portaltela.pt\/noticias\/2026\/04\/10\/zelensky-confirma-participacao-ucraniana-no-conflito-com-o-irao\/#primaryimage\",\"url\":\"https:\/\/portaltela.pt\/s.01k8rhncp4jt1\/2026\/04\/CACHE_780X1200_ANALOG_WATERMARKED_46902511_655582614128037.jpg\",\"contentUrl\":\"https:\/\/portaltela.pt\/s.01k8rhncp4jt1\/2026\/04\/CACHE_780X1200_ANALOG_WATERMARKED_46902511_655582614128037.jpg\",\"width\":768,\"height\":516,\"caption\":\"Photo\"},{\"@type\":\"BreadcrumbList\",\"@id\":\"https:\/\/portaltela.pt\/noticias\/2026\/04\/10\/zelensky-confirma-participacao-ucraniana-no-conflito-com-o-irao\/#breadcrumb\",\"itemListElement\":[{\"@type\":\"ListItem\",\"position\":1,\"name\":\"In\u00edcio\",\"item\":\"https:\/\/portaltela.pt\/\"},{\"@type\":\"ListItem\",\"position\":2,\"name\":\"Zelensky confirma participa\u00e7\u00e3o ucraniana no conflito com o Ir\u00e3o\"}]},{\"@type\":\"WebSite\",\"@id\":\"https:\/\/portaltela.pt\/#website\",\"url\":\"https:\/\/portaltela.pt\/\",\"name\":\"Portal Tela Portugal\",\"description\":\"\",\"potentialAction\":[{\"@type\":\"SearchAction\",\"target\":{\"@type\":\"EntryPoint\",\"urlTemplate\":\"https:\/\/portaltela.pt\/?s={search_term_string}\"},\"query-input\":{\"@type\":\"PropertyValueSpecification\",\"valueRequired\":true,\"valueName\":\"search_term_string\"}}],\"inLanguage\":\"pt-PT\"},{\"@type\":\"Person\",\"@id\":\"https:\/\/portaltela.pt\/#\/schema\/person\/c4278d4a6028830caff9ee44b42d32ed\",\"name\":\"Telinha\",\"image\":{\"@type\":\"ImageObject\",\"inLanguage\":\"pt-PT\",\"@id\":\"https:\/\/portaltela.pt\/s.01k8rhncp4jt1\/2025\/11\/talking-bot-125x125.png\",\"url\":\"https:\/\/portaltela.pt\/s.01k8rhncp4jt1\/2025\/11\/talking-bot-125x125.png\",\"contentUrl\":\"https:\/\/portaltela.pt\/s.01k8rhncp4jt1\/2025\/11\/talking-bot-125x125.png\",\"caption\":\"Telinha\"},\"sameAs\":[\"https:\/\/portaltela.pt\/\"],\"url\":\"https:\/\/portaltela.pt\/por\/367410592786\/\"}]}<\/script>\n<!-- \/ Yoast SEO plugin. -->","yoast_head_json":{"title":"Zelensky confirma participa\u00e7\u00e3o ucraniana no conflito com o Ir\u00e3o - Portal Tela Portugal","robots":{"index":"index","follow":"follow","max-snippet":"max-snippet:-1","max-image-preview":"max-image-preview:large","max-video-preview":"max-video-preview:-1"},"og_locale":"pt_PT","og_type":"article","og_title":"Zelensky confirma participa\u00e7\u00e3o ucraniana no conflito com o Ir\u00e3o - Portal Tela Portugal","og_description":"O presidente ucraniano, Volodymyr Zelensky, confirmou a participa\u00e7\u00e3o da Ucr\u00e2nia no conflito contra o Ir\u00e3o. O acesso ao conte\u00fado completo da mat\u00e9ria est\u00e1 reservado a subscritores.","og_url":"https:\/\/portaltela.pt\/noticias\/2026\/04\/10\/zelensky-confirma-participacao-ucraniana-no-conflito-com-o-irao\/","og_site_name":"Portal Tela Portugal","article_published_time":"2026-04-10T09:08:00+00:00","author":"Telinha","twitter_card":"summary_large_image","twitter_misc":{"Escrito por":"Telinha","Tempo estimado de leitura":"1 minuto"},"schema":{"@context":"https:\/\/schema.org","@graph":[{"@type":"Article","@id":"https:\/\/portaltela.pt\/noticias\/2026\/04\/10\/zelensky-confirma-participacao-ucraniana-no-conflito-com-o-irao\/#article","isPartOf":{"@id":"https:\/\/portaltela.pt\/noticias\/2026\/04\/10\/zelensky-confirma-participacao-ucraniana-no-conflito-com-o-irao\/"},"author":{"name":"Telinha","@id":"https:\/\/portaltela.pt\/#\/schema\/person\/c4278d4a6028830caff9ee44b42d32ed"},"headline":"Zelensky confirma participa\u00e7\u00e3o ucraniana no conflito com o Ir\u00e3o","datePublished":"2026-04-10T09:08:00+00:00","mainEntityOfPage":{"@id":"https:\/\/portaltela.pt\/noticias\/2026\/04\/10\/zelensky-confirma-participacao-ucraniana-no-conflito-com-o-irao\/"},"wordCount":127,"image":{"@id":"https:\/\/portaltela.pt\/noticias\/2026\/04\/10\/zelensky-confirma-participacao-ucraniana-no-conflito-com-o-irao\/#primaryimage"},"thumbnailUrl":"https:\/\/portaltela.pt\/s.01k8rhncp4jt1\/2026\/04\/CACHE_780X1200_ANALOG_WATERMARKED_46902511_655582614128037.jpg","keywords":["conflito internacional","diplomacia internacional","informa\u00e7\u00e3o internacional","Ir\u00e3","pol\u00edtica externa","Ucr\u00e2nia"],"articleSection":["Geopol\u00edtica","Internacional"],"inLanguage":"pt-PT"},{"@type":"WebPage","@id":"https:\/\/portaltela.pt\/noticias\/2026\/04\/10\/zelensky-confirma-participacao-ucraniana-no-conflito-com-o-irao\/","url":"https:\/\/portaltela.pt\/noticias\/2026\/04\/10\/zelensky-confirma-participacao-ucraniana-no-conflito-com-o-irao\/","name":"Zelensky confirma participa\u00e7\u00e3o ucraniana no conflito com o Ir\u00e3o - Portal Tela Portugal","isPartOf":{"@id":"https:\/\/portaltela.pt\/#website"},"primaryImageOfPage":{"@id":"https:\/\/portaltela.pt\/noticias\/2026\/04\/10\/zelensky-confirma-participacao-ucraniana-no-conflito-com-o-irao\/#primaryimage"},"image":{"@id":"https:\/\/portaltela.pt\/noticias\/2026\/04\/10\/zelensky-confirma-participacao-ucraniana-no-conflito-com-o-irao\/#primaryimage"},"thumbnailUrl":"https:\/\/portaltela.pt\/s.01k8rhncp4jt1\/2026\/04\/CACHE_780X1200_ANALOG_WATERMARKED_46902511_655582614128037.jpg","datePublished":"2026-04-10T09:08:00+00:00","author":{"@id":"https:\/\/portaltela.pt\/#\/schema\/person\/c4278d4a6028830caff9ee44b42d32ed"},"breadcrumb":{"@id":"https:\/\/portaltela.pt\/noticias\/2026\/04\/10\/zelensky-confirma-participacao-ucraniana-no-conflito-com-o-irao\/#breadcrumb"},"inLanguage":"pt-PT","potentialAction":[{"@type":"ReadAction","target":["https:\/\/portaltela.pt\/noticias\/2026\/04\/10\/zelensky-confirma-participacao-ucraniana-no-conflito-com-o-irao\/"]}]},{"@type":"ImageObject","inLanguage":"pt-PT","@id":"https:\/\/portaltela.pt\/noticias\/2026\/04\/10\/zelensky-confirma-participacao-ucraniana-no-conflito-com-o-irao\/#primaryimage","url":"https:\/\/portaltela.pt\/s.01k8rhncp4jt1\/2026\/04\/CACHE_780X1200_ANALOG_WATERMARKED_46902511_655582614128037.jpg","contentUrl":"https:\/\/portaltela.pt\/s.01k8rhncp4jt1\/2026\/04\/CACHE_780X1200_ANALOG_WATERMARKED_46902511_655582614128037.jpg","width":768,"height":516,"caption":"Photo"},{"@type":"BreadcrumbList","@id":"https:\/\/portaltela.pt\/noticias\/2026\/04\/10\/zelensky-confirma-participacao-ucraniana-no-conflito-com-o-irao\/#breadcrumb","itemListElement":[{"@type":"ListItem","position":1,"name":"In\u00edcio","item":"https:\/\/portaltela.pt\/"},{"@type":"ListItem","position":2,"name":"Zelensky confirma participa\u00e7\u00e3o ucraniana no conflito com o Ir\u00e3o"}]},{"@type":"WebSite","@id":"https:\/\/portaltela.pt\/#website","url":"https:\/\/portaltela.pt\/","name":"Portal Tela Portugal","description":"","potentialAction":[{"@type":"SearchAction","target":{"@type":"EntryPoint","urlTemplate":"https:\/\/portaltela.pt\/?s={search_term_string}"},"query-input":{"@type":"PropertyValueSpecification","valueRequired":true,"valueName":"search_term_string"}}],"inLanguage":"pt-PT"},{"@type":"Person","@id":"https:\/\/portaltela.pt\/#\/schema\/person\/c4278d4a6028830caff9ee44b42d32ed","name":"Telinha","image":{"@type":"ImageObject","inLanguage":"pt-PT","@id":"https:\/\/portaltela.pt\/s.01k8rhncp4jt1\/2025\/11\/talking-bot-125x125.png","url":"https:\/\/portaltela.pt\/s.01k8rhncp4jt1\/2025\/11\/talking-bot-125x125.png","contentUrl":"https:\/\/portaltela.pt\/s.01k8rhncp4jt1\/2025\/11\/talking-bot-125x125.png","caption":"Telinha"},"sameAs":["https:\/\/portaltela.pt\/"],"url":"https:\/\/portaltela.pt\/por\/367410592786\/"}]}},"_links":{"self":[{"href":"https:\/\/portaltela.pt\/api\/wp\/v2\/posts\/439092","targetHints":{"allow":["GET"]}}],"collection":[{"href":"https:\/\/portaltela.pt\/api\/wp\/v2\/posts"}],"about":[{"href":"https:\/\/portaltela.pt\/api\/wp\/v2\/types\/post"}],"author":[{"embeddable":true,"href":"https:\/\/portaltela.pt\/api\/wp\/v2\/users\/2"}],"replies":[{"embeddable":true,"href":"https:\/\/portaltela.pt\/api\/wp\/v2\/comments?post=439092"}],"version-history":[{"count":0,"href":"https:\/\/portaltela.pt\/api\/wp\/v2\/posts\/439092\/revisions"}],"wp:featuredmedia":[{"embeddable":true,"href":"https:\/\/portaltela.pt\/api\/wp\/v2\/media\/439093"}],"wp:attachment":[{"href":"https:\/\/portaltela.pt\/api\/wp\/v2\/media?parent=439092"}],"wp:term":[{"taxonomy":"category","embeddable":true,"href":"https:\/\/portaltela.pt\/api\/wp\/v2\/categories?post=439092"},{"taxonomy":"post_tag","embeddable":true,"href":"https:\/\/portaltela.pt\/api\/wp\/v2\/tags?post=439092"}],"curies":[{"name":"wp","href":"https:\/\/api.w.org\/{rel}","templated":true}]}}