{"id":439086,"date":"2026-04-10T07:17:15","date_gmt":"2026-04-10T10:17:15","guid":{"rendered":"https:\/\/portaltela.pt\/noticias\/2026\/04\/10\/capitania-prolonga-avisos-de-vento-e-agitacao-maritima-na-madeira-ate-sabado\/"},"modified":"2026-04-10T07:17:15","modified_gmt":"2026-04-10T10:17:15","slug":"capitania-prolonga-avisos-de-vento-e-agitacao-maritima-na-madeira-ate-sabado","status":"publish","type":"post","link":"https:\/\/portaltela.pt\/tempo\/2026\/04\/10\/capitania-prolonga-avisos-de-vento-e-agitacao-maritima-na-madeira-ate-sabado\/","title":{"rendered":"Capitania prolonga avisos de vento e agita\u00e7\u00e3o mar\u00edtima na Madeira at\u00e9 s\u00e1bado"},"content":{"rendered":"<p>A capitania do Porto do Funchal prorrogou at\u00e9 s\u00e1bado de manh\u00e3 os avisos de agita\u00e7\u00e3o mar\u00edtima e de vento fortes para o arquip\u00e9lago da Madeira, com base nas previs\u00f5es do IPMA. O aviso mant\u00e9m-se v\u00e1lido at\u00e9 \u00e0s 06h00 de s\u00e1bado.<\/p>\n<p>O vento dever\u00e1 surgir de norte\/noroeste, fresco a muito fresco, entre 39 e 50 km\/h, podendo atingir valores fortes entre 51 e 61 km\/h. A ondula\u00e7\u00e3o na costa norte da Madeira est\u00e1 prevista entre 2,5 e 3,5 metros, com aumento para 3 a 4 metros no final da tarde. Na costa sul, as ondas dever\u00e3o situar-se entre 1 e 2 metros. A visibilidade no mar \u00e9 prevista como boa a moderada.<\/p>\n<p>Recomenda-se \u00e0 comunidade mar\u00edtima e \u00e0 popula\u00e7\u00e3o em geral cautela na prepara\u00e7\u00e3o para o mar e durante atividades em zonas costeiras. O Aeroporto Internacional da Madeira, Cristiano Ronaldo, mant\u00e9m-se condicionado, com cancelamentos de algumas chegadas e partidas at\u00e9 \u00e0s 10h15 de sexta-feira. O servi\u00e7o de voos entre Madeira e Porto Santo tamb\u00e9m n\u00e3o realizou ainda as viagens previstas para hoje.<\/p>\n<h3>Situa\u00e7\u00e3o no Aeroporto<\/h3>\n<p>As informa\u00e7\u00f5es oficiais indicam que, \u00e0s 10h15, o aeroporto apresentava sete chegadas e cinco partidas canceladas por causa do vento na zona norte da ilha. As liga\u00e7\u00f5es entre as ilhas da Madeira e Porto Santo, operadas pela Binter, n\u00e3o foram realizadas conforme o planeado para a sexta-feira.<\/p>\n<h3>Desdobramentos e recomenda\u00e7\u00f5es<\/h3>\n<p>A capitania refor\u00e7a a necessidade de planeamento pr\u00e9vio e de evitar desloca\u00e7\u00f5es desnecess\u00e1rias para o mar. Observadores e operadores mar\u00edtimos devem manter-se informados sobre altera\u00e7\u00f5es clim\u00e1ticas e condi\u00e7\u00f5es de navega\u00e7\u00e3o. As autoridades lembram estruturas de prote\u00e7\u00e3o costeira e zonas de abrigo como medidas preventivas.<\/p>\n","protected":false},"excerpt":{"rendered":"<ul>\n<li>A Capitania do Porto do Funchal prolongou os avisos de agita\u00e7\u00e3o mar\u00edtima e vento fortes para a Madeira at\u00e9 \u00e0s 06h00 de s\u00e1bado, segundo o Instituto Portugu\u00eas do Mar e da Atmosfera (IPMA).<\/li>\n<li>O vento dever\u00e1 ser de norte\/noroeste, fresco a muito fresco (39 a 50 km\/h), por vezes forte (51 a 61 km\/h).<\/li>\n<li>Na costa norte, as vagas v\u00e3o de 2,5 a 3,5 metros, aumentando para 3 a 4 metros no fim da tarde; na costa sul, as ondas devem situar-se entre 1 e 2 metros.<\/li>\n<li>A visibilidade no mar deve ser boa a moderada; recomenda-se precau\u00e7\u00e3o a quem v\u00e1 ou esteja no mar ou zonas costeiras.<\/li>\n<li>No Aeroporto Internacional da Madeira \u2013 Cristiano Ronaldo, as condi\u00e7\u00f5es mant\u00eam-se problem\u00e1ticas: \u00e0s 10h15, sete chegadas e cinco partidas canceladas; o voo da Binter entre Madeira e Porto Santo ainda n\u00e3o ocorreu.<\/li>\n<\/ul>\n","protected":false},"author":2,"featured_media":439089,"comment_status":"closed","ping_status":"closed","sticky":false,"template":"","format":"standard","meta":{"footnotes":""},"categories":[7365],"tags":[7767,3302,859,4364,192],"class_list":["post-439086","post","type-post","status-publish","format-standard","has-post-thumbnail","hentry","category-tempo","tag-_meio-ambiente","tag-aeroportos","tag-madeira","tag-meteorologia","tag-transporte"],"yoast_head":"<!-- This site is optimized with the Yoast SEO plugin v27.2 - https:\/\/yoast.com\/product\/yoast-seo-wordpress\/ -->\n<title>Capitania prolonga avisos de vento e agita\u00e7\u00e3o mar\u00edtima na Madeira at\u00e9 s\u00e1bado - Portal Tela Portugal<\/title>\n<meta name=\"robots\" content=\"index, follow, max-snippet:-1, max-image-preview:large, max-video-preview:-1\" \/>\n<meta property=\"og:locale\" content=\"pt_PT\" \/>\n<meta property=\"og:type\" content=\"article\" \/>\n<meta property=\"og:title\" content=\"Capitania prolonga avisos de vento e agita\u00e7\u00e3o mar\u00edtima na Madeira at\u00e9 s\u00e1bado - Portal Tela Portugal\" \/>\n<meta property=\"og:description\" content=\"A Capitania do Porto do Funchal prolongou os avisos de agita\u00e7\u00e3o mar\u00edtima e vento fortes para a Madeira at\u00e9 \u00e0s 06h00 de s\u00e1bado, segundo o Instituto Portugu\u00eas do Mar e da Atmosfera (IPMA). O vento dever\u00e1 ser de norte\/noroeste, fresco a muito fresco (39 a 50 km\/h), por vezes forte (51 a 61 km\/h). Na costa norte, as vagas v\u00e3o de 2,5 a 3,5 metros, aumentando para 3 a 4 metros no fim da tarde; na costa sul, as ondas devem situar-se entre 1 e 2 metros. A visibilidade no mar deve ser boa a moderada; recomenda-se precau\u00e7\u00e3o a quem v\u00e1 ou esteja no mar ou zonas costeiras. No Aeroporto Internacional da Madeira \u2013 Cristiano Ronaldo, as condi\u00e7\u00f5es mant\u00eam-se problem\u00e1ticas: \u00e0s 10h15, sete chegadas e cinco partidas canceladas; o voo da Binter entre Madeira e Porto Santo ainda n\u00e3o ocorreu.\" \/>\n<meta property=\"og:url\" content=\"https:\/\/portaltela.pt\/noticias\/2026\/04\/10\/capitania-prolonga-avisos-de-vento-e-agitacao-maritima-na-madeira-ate-sabado\/\" \/>\n<meta property=\"og:site_name\" content=\"Portal Tela Portugal\" \/>\n<meta property=\"article:published_time\" content=\"2026-04-10T10:17:15+00:00\" \/>\n<meta name=\"author\" content=\"Telinha\" \/>\n<meta name=\"twitter:card\" content=\"summary_large_image\" \/>\n<meta name=\"twitter:label1\" content=\"Escrito por\" \/>\n\t<meta name=\"twitter:data1\" content=\"Telinha\" \/>\n\t<meta name=\"twitter:label2\" content=\"Tempo estimado de leitura\" \/>\n\t<meta name=\"twitter:data2\" content=\"1 minuto\" \/>\n<script type=\"application\/ld+json\" class=\"yoast-schema-graph\">{\"@context\":\"https:\/\/schema.org\",\"@graph\":[{\"@type\":\"Article\",\"@id\":\"https:\/\/portaltela.pt\/noticias\/2026\/04\/10\/capitania-prolonga-avisos-de-vento-e-agitacao-maritima-na-madeira-ate-sabado\/#article\",\"isPartOf\":{\"@id\":\"https:\/\/portaltela.pt\/noticias\/2026\/04\/10\/capitania-prolonga-avisos-de-vento-e-agitacao-maritima-na-madeira-ate-sabado\/\"},\"author\":{\"name\":\"Telinha\",\"@id\":\"https:\/\/portaltela.pt\/#\/schema\/person\/c4278d4a6028830caff9ee44b42d32ed\"},\"headline\":\"Capitania prolonga avisos de vento e agita\u00e7\u00e3o mar\u00edtima na Madeira at\u00e9 s\u00e1bado\",\"datePublished\":\"2026-04-10T10:17:15+00:00\",\"mainEntityOfPage\":{\"@id\":\"https:\/\/portaltela.pt\/noticias\/2026\/04\/10\/capitania-prolonga-avisos-de-vento-e-agitacao-maritima-na-madeira-ate-sabado\/\"},\"wordCount\":305,\"image\":{\"@id\":\"https:\/\/portaltela.pt\/noticias\/2026\/04\/10\/capitania-prolonga-avisos-de-vento-e-agitacao-maritima-na-madeira-ate-sabado\/#primaryimage\"},\"thumbnailUrl\":\"https:\/\/portaltela.pt\/s.01k8rhncp4jt1\/2026\/04\/img_1500x1000uu2015-10-27-08-18-00-492106.jpg\",\"keywords\":[\"_meio-ambiente\",\"aeroportos\",\"Madeira\",\"meteorologia\",\"transporte\"],\"articleSection\":[\"Tempo\"],\"inLanguage\":\"pt-PT\"},{\"@type\":\"WebPage\",\"@id\":\"https:\/\/portaltela.pt\/noticias\/2026\/04\/10\/capitania-prolonga-avisos-de-vento-e-agitacao-maritima-na-madeira-ate-sabado\/\",\"url\":\"https:\/\/portaltela.pt\/noticias\/2026\/04\/10\/capitania-prolonga-avisos-de-vento-e-agitacao-maritima-na-madeira-ate-sabado\/\",\"name\":\"Capitania prolonga avisos de vento e agita\u00e7\u00e3o mar\u00edtima na Madeira at\u00e9 s\u00e1bado - Portal Tela Portugal\",\"isPartOf\":{\"@id\":\"https:\/\/portaltela.pt\/#website\"},\"primaryImageOfPage\":{\"@id\":\"https:\/\/portaltela.pt\/noticias\/2026\/04\/10\/capitania-prolonga-avisos-de-vento-e-agitacao-maritima-na-madeira-ate-sabado\/#primaryimage\"},\"image\":{\"@id\":\"https:\/\/portaltela.pt\/noticias\/2026\/04\/10\/capitania-prolonga-avisos-de-vento-e-agitacao-maritima-na-madeira-ate-sabado\/#primaryimage\"},\"thumbnailUrl\":\"https:\/\/portaltela.pt\/s.01k8rhncp4jt1\/2026\/04\/img_1500x1000uu2015-10-27-08-18-00-492106.jpg\",\"datePublished\":\"2026-04-10T10:17:15+00:00\",\"author\":{\"@id\":\"https:\/\/portaltela.pt\/#\/schema\/person\/c4278d4a6028830caff9ee44b42d32ed\"},\"breadcrumb\":{\"@id\":\"https:\/\/portaltela.pt\/noticias\/2026\/04\/10\/capitania-prolonga-avisos-de-vento-e-agitacao-maritima-na-madeira-ate-sabado\/#breadcrumb\"},\"inLanguage\":\"pt-PT\",\"potentialAction\":[{\"@type\":\"ReadAction\",\"target\":[\"https:\/\/portaltela.pt\/noticias\/2026\/04\/10\/capitania-prolonga-avisos-de-vento-e-agitacao-maritima-na-madeira-ate-sabado\/\"]}]},{\"@type\":\"ImageObject\",\"inLanguage\":\"pt-PT\",\"@id\":\"https:\/\/portaltela.pt\/noticias\/2026\/04\/10\/capitania-prolonga-avisos-de-vento-e-agitacao-maritima-na-madeira-ate-sabado\/#primaryimage\",\"url\":\"https:\/\/portaltela.pt\/s.01k8rhncp4jt1\/2026\/04\/img_1500x1000uu2015-10-27-08-18-00-492106.jpg\",\"contentUrl\":\"https:\/\/portaltela.pt\/s.01k8rhncp4jt1\/2026\/04\/img_1500x1000uu2015-10-27-08-18-00-492106.jpg\",\"width\":796,\"height\":448,\"caption\":\"IPMA prev\u00eas agita\u00e7\u00e3o mar\u00edtima na Madeira\"},{\"@type\":\"BreadcrumbList\",\"@id\":\"https:\/\/portaltela.pt\/noticias\/2026\/04\/10\/capitania-prolonga-avisos-de-vento-e-agitacao-maritima-na-madeira-ate-sabado\/#breadcrumb\",\"itemListElement\":[{\"@type\":\"ListItem\",\"position\":1,\"name\":\"In\u00edcio\",\"item\":\"https:\/\/portaltela.pt\/\"},{\"@type\":\"ListItem\",\"position\":2,\"name\":\"Capitania prolonga avisos de vento e agita\u00e7\u00e3o mar\u00edtima na Madeira at\u00e9 s\u00e1bado\"}]},{\"@type\":\"WebSite\",\"@id\":\"https:\/\/portaltela.pt\/#website\",\"url\":\"https:\/\/portaltela.pt\/\",\"name\":\"Portal Tela Portugal\",\"description\":\"\",\"potentialAction\":[{\"@type\":\"SearchAction\",\"target\":{\"@type\":\"EntryPoint\",\"urlTemplate\":\"https:\/\/portaltela.pt\/?s={search_term_string}\"},\"query-input\":{\"@type\":\"PropertyValueSpecification\",\"valueRequired\":true,\"valueName\":\"search_term_string\"}}],\"inLanguage\":\"pt-PT\"},{\"@type\":\"Person\",\"@id\":\"https:\/\/portaltela.pt\/#\/schema\/person\/c4278d4a6028830caff9ee44b42d32ed\",\"name\":\"Telinha\",\"image\":{\"@type\":\"ImageObject\",\"inLanguage\":\"pt-PT\",\"@id\":\"https:\/\/portaltela.pt\/s.01k8rhncp4jt1\/2025\/11\/talking-bot-125x125.png\",\"url\":\"https:\/\/portaltela.pt\/s.01k8rhncp4jt1\/2025\/11\/talking-bot-125x125.png\",\"contentUrl\":\"https:\/\/portaltela.pt\/s.01k8rhncp4jt1\/2025\/11\/talking-bot-125x125.png\",\"caption\":\"Telinha\"},\"sameAs\":[\"https:\/\/portaltela.pt\/\"],\"url\":\"https:\/\/portaltela.pt\/por\/367410592786\/\"}]}<\/script>\n<!-- \/ Yoast SEO plugin. -->","yoast_head_json":{"title":"Capitania prolonga avisos de vento e agita\u00e7\u00e3o mar\u00edtima na Madeira at\u00e9 s\u00e1bado - Portal Tela Portugal","robots":{"index":"index","follow":"follow","max-snippet":"max-snippet:-1","max-image-preview":"max-image-preview:large","max-video-preview":"max-video-preview:-1"},"og_locale":"pt_PT","og_type":"article","og_title":"Capitania prolonga avisos de vento e agita\u00e7\u00e3o mar\u00edtima na Madeira at\u00e9 s\u00e1bado - Portal Tela Portugal","og_description":"A Capitania do Porto do Funchal prolongou os avisos de agita\u00e7\u00e3o mar\u00edtima e vento fortes para a Madeira at\u00e9 \u00e0s 06h00 de s\u00e1bado, segundo o Instituto Portugu\u00eas do Mar e da Atmosfera (IPMA). O vento dever\u00e1 ser de norte\/noroeste, fresco a muito fresco (39 a 50 km\/h), por vezes forte (51 a 61 km\/h). Na costa norte, as vagas v\u00e3o de 2,5 a 3,5 metros, aumentando para 3 a 4 metros no fim da tarde; na costa sul, as ondas devem situar-se entre 1 e 2 metros. A visibilidade no mar deve ser boa a moderada; recomenda-se precau\u00e7\u00e3o a quem v\u00e1 ou esteja no mar ou zonas costeiras. No Aeroporto Internacional da Madeira \u2013 Cristiano Ronaldo, as condi\u00e7\u00f5es mant\u00eam-se problem\u00e1ticas: \u00e0s 10h15, sete chegadas e cinco partidas canceladas; o voo da Binter entre Madeira e Porto Santo ainda n\u00e3o ocorreu.","og_url":"https:\/\/portaltela.pt\/noticias\/2026\/04\/10\/capitania-prolonga-avisos-de-vento-e-agitacao-maritima-na-madeira-ate-sabado\/","og_site_name":"Portal Tela Portugal","article_published_time":"2026-04-10T10:17:15+00:00","author":"Telinha","twitter_card":"summary_large_image","twitter_misc":{"Escrito por":"Telinha","Tempo estimado de leitura":"1 minuto"},"schema":{"@context":"https:\/\/schema.org","@graph":[{"@type":"Article","@id":"https:\/\/portaltela.pt\/noticias\/2026\/04\/10\/capitania-prolonga-avisos-de-vento-e-agitacao-maritima-na-madeira-ate-sabado\/#article","isPartOf":{"@id":"https:\/\/portaltela.pt\/noticias\/2026\/04\/10\/capitania-prolonga-avisos-de-vento-e-agitacao-maritima-na-madeira-ate-sabado\/"},"author":{"name":"Telinha","@id":"https:\/\/portaltela.pt\/#\/schema\/person\/c4278d4a6028830caff9ee44b42d32ed"},"headline":"Capitania prolonga avisos de vento e agita\u00e7\u00e3o mar\u00edtima na Madeira at\u00e9 s\u00e1bado","datePublished":"2026-04-10T10:17:15+00:00","mainEntityOfPage":{"@id":"https:\/\/portaltela.pt\/noticias\/2026\/04\/10\/capitania-prolonga-avisos-de-vento-e-agitacao-maritima-na-madeira-ate-sabado\/"},"wordCount":305,"image":{"@id":"https:\/\/portaltela.pt\/noticias\/2026\/04\/10\/capitania-prolonga-avisos-de-vento-e-agitacao-maritima-na-madeira-ate-sabado\/#primaryimage"},"thumbnailUrl":"https:\/\/portaltela.pt\/s.01k8rhncp4jt1\/2026\/04\/img_1500x1000uu2015-10-27-08-18-00-492106.jpg","keywords":["_meio-ambiente","aeroportos","Madeira","meteorologia","transporte"],"articleSection":["Tempo"],"inLanguage":"pt-PT"},{"@type":"WebPage","@id":"https:\/\/portaltela.pt\/noticias\/2026\/04\/10\/capitania-prolonga-avisos-de-vento-e-agitacao-maritima-na-madeira-ate-sabado\/","url":"https:\/\/portaltela.pt\/noticias\/2026\/04\/10\/capitania-prolonga-avisos-de-vento-e-agitacao-maritima-na-madeira-ate-sabado\/","name":"Capitania prolonga avisos de vento e agita\u00e7\u00e3o mar\u00edtima na Madeira at\u00e9 s\u00e1bado - Portal Tela Portugal","isPartOf":{"@id":"https:\/\/portaltela.pt\/#website"},"primaryImageOfPage":{"@id":"https:\/\/portaltela.pt\/noticias\/2026\/04\/10\/capitania-prolonga-avisos-de-vento-e-agitacao-maritima-na-madeira-ate-sabado\/#primaryimage"},"image":{"@id":"https:\/\/portaltela.pt\/noticias\/2026\/04\/10\/capitania-prolonga-avisos-de-vento-e-agitacao-maritima-na-madeira-ate-sabado\/#primaryimage"},"thumbnailUrl":"https:\/\/portaltela.pt\/s.01k8rhncp4jt1\/2026\/04\/img_1500x1000uu2015-10-27-08-18-00-492106.jpg","datePublished":"2026-04-10T10:17:15+00:00","author":{"@id":"https:\/\/portaltela.pt\/#\/schema\/person\/c4278d4a6028830caff9ee44b42d32ed"},"breadcrumb":{"@id":"https:\/\/portaltela.pt\/noticias\/2026\/04\/10\/capitania-prolonga-avisos-de-vento-e-agitacao-maritima-na-madeira-ate-sabado\/#breadcrumb"},"inLanguage":"pt-PT","potentialAction":[{"@type":"ReadAction","target":["https:\/\/portaltela.pt\/noticias\/2026\/04\/10\/capitania-prolonga-avisos-de-vento-e-agitacao-maritima-na-madeira-ate-sabado\/"]}]},{"@type":"ImageObject","inLanguage":"pt-PT","@id":"https:\/\/portaltela.pt\/noticias\/2026\/04\/10\/capitania-prolonga-avisos-de-vento-e-agitacao-maritima-na-madeira-ate-sabado\/#primaryimage","url":"https:\/\/portaltela.pt\/s.01k8rhncp4jt1\/2026\/04\/img_1500x1000uu2015-10-27-08-18-00-492106.jpg","contentUrl":"https:\/\/portaltela.pt\/s.01k8rhncp4jt1\/2026\/04\/img_1500x1000uu2015-10-27-08-18-00-492106.jpg","width":796,"height":448,"caption":"IPMA prev\u00eas agita\u00e7\u00e3o mar\u00edtima na Madeira"},{"@type":"BreadcrumbList","@id":"https:\/\/portaltela.pt\/noticias\/2026\/04\/10\/capitania-prolonga-avisos-de-vento-e-agitacao-maritima-na-madeira-ate-sabado\/#breadcrumb","itemListElement":[{"@type":"ListItem","position":1,"name":"In\u00edcio","item":"https:\/\/portaltela.pt\/"},{"@type":"ListItem","position":2,"name":"Capitania prolonga avisos de vento e agita\u00e7\u00e3o mar\u00edtima na Madeira at\u00e9 s\u00e1bado"}]},{"@type":"WebSite","@id":"https:\/\/portaltela.pt\/#website","url":"https:\/\/portaltela.pt\/","name":"Portal Tela Portugal","description":"","potentialAction":[{"@type":"SearchAction","target":{"@type":"EntryPoint","urlTemplate":"https:\/\/portaltela.pt\/?s={search_term_string}"},"query-input":{"@type":"PropertyValueSpecification","valueRequired":true,"valueName":"search_term_string"}}],"inLanguage":"pt-PT"},{"@type":"Person","@id":"https:\/\/portaltela.pt\/#\/schema\/person\/c4278d4a6028830caff9ee44b42d32ed","name":"Telinha","image":{"@type":"ImageObject","inLanguage":"pt-PT","@id":"https:\/\/portaltela.pt\/s.01k8rhncp4jt1\/2025\/11\/talking-bot-125x125.png","url":"https:\/\/portaltela.pt\/s.01k8rhncp4jt1\/2025\/11\/talking-bot-125x125.png","contentUrl":"https:\/\/portaltela.pt\/s.01k8rhncp4jt1\/2025\/11\/talking-bot-125x125.png","caption":"Telinha"},"sameAs":["https:\/\/portaltela.pt\/"],"url":"https:\/\/portaltela.pt\/por\/367410592786\/"}]}},"_links":{"self":[{"href":"https:\/\/portaltela.pt\/api\/wp\/v2\/posts\/439086","targetHints":{"allow":["GET"]}}],"collection":[{"href":"https:\/\/portaltela.pt\/api\/wp\/v2\/posts"}],"about":[{"href":"https:\/\/portaltela.pt\/api\/wp\/v2\/types\/post"}],"author":[{"embeddable":true,"href":"https:\/\/portaltela.pt\/api\/wp\/v2\/users\/2"}],"replies":[{"embeddable":true,"href":"https:\/\/portaltela.pt\/api\/wp\/v2\/comments?post=439086"}],"version-history":[{"count":0,"href":"https:\/\/portaltela.pt\/api\/wp\/v2\/posts\/439086\/revisions"}],"wp:featuredmedia":[{"embeddable":true,"href":"https:\/\/portaltela.pt\/api\/wp\/v2\/media\/439089"}],"wp:attachment":[{"href":"https:\/\/portaltela.pt\/api\/wp\/v2\/media?parent=439086"}],"wp:term":[{"taxonomy":"category","embeddable":true,"href":"https:\/\/portaltela.pt\/api\/wp\/v2\/categories?post=439086"},{"taxonomy":"post_tag","embeddable":true,"href":"https:\/\/portaltela.pt\/api\/wp\/v2\/tags?post=439086"}],"curies":[{"name":"wp","href":"https:\/\/api.w.org\/{rel}","templated":true}]}}