{"id":439081,"date":"2026-04-10T07:17:12","date_gmt":"2026-04-10T10:17:12","guid":{"rendered":"https:\/\/portaltela.pt\/noticias\/2026\/04\/10\/bruno-fernandes-afirma-que-qualquer-reforco-do-man-united-quer-ganhar-tudo\/"},"modified":"2026-04-10T07:17:12","modified_gmt":"2026-04-10T10:17:12","slug":"bruno-fernandes-afirma-que-qualquer-reforco-do-man-united-quer-ganhar-tudo","status":"publish","type":"post","link":"https:\/\/portaltela.pt\/desporto\/futebol\/2026\/04\/10\/bruno-fernandes-afirma-que-qualquer-reforco-do-man-united-quer-ganhar-tudo\/","title":{"rendered":"Bruno Fernandes afirma que qualquer refor\u00e7o do Man. United quer ganhar tudo"},"content":{"rendered":"<p>Bruno Fernandes afirmou que no Manchester United n\u00e3o h\u00e1 espa\u00e7o para d\u00favidas sobre a mentalidade do grupo: a equipa deve ser vencedora. O capit\u00e3o mostrou-se orgulhoso de vestir a camisola dos red devils e refor\u00e7ou a mensagem de que a ambi\u00e7\u00e3o \u00e9 parte central do clube.<\/p>\n<p>Em entrevista publicada no podcast Men in Blazers, o capit\u00e3o destacou a import\u00e2ncia de manter o foco no sucesso coletivo e na regularidade de bons resultados, independentemente do advers\u00e1rio ou da competi\u00e7\u00e3o. O objetivo \u00e9 claro: vencer.<\/p>\n<p>O internacional portugu\u00eas tamb\u00e9m abordou a compara\u00e7\u00e3o com antigos \u00edcones do clube, destacando que n\u00e3o \u00e9 adequado medir diferentes \u00e9pocas ou estilos de jogo pela mesma r\u00e9gua. Al\u00e9m disso, mencionou que o grupo tem encontrado uma forma de evoluir desde a chegada de Ant\u00f3nio Amorim, apontando melhorias no equil\u00edbrio e na forma de jogar.<\/p>\n<h3>Mudan\u00e7as sob Amorim<\/h3>\n<p>O jogador explicou que, desde a chegada de Amorim, a equipa encontrou uma forma de funcionar melhor, com ajustes que contribu\u00edram para o rendimento nos \u00faltimos encontros. A comunica\u00e7\u00e3o dentro do grupo e a solidez defensiva foram apontadas como fatores-chave para o atual desempenho.<\/p>\n","protected":false},"excerpt":{"rendered":"<ul>\n<li>Bruno Fernandes afirma que a mentalidade no Manchester United \u00e9 a de vencer, em entrevista no podcast Men in Blazers.<\/li>\n<li>O capit\u00e3o diz que n\u00e3o h\u00e1 jogador que venha para o United sem pensar que vai ganhar tudo.<\/li>\n<li>O jogador afirma que \u00e9 imposs\u00edvel comparar-se a Cristiano Ronaldo; apenas Lionel Messi o faria, mas jogam desportos diferentes.<\/li>\n<li>Bruno Fernandes explica o que mudou depois de Amorim, dizendo que encontraram uma forma.<\/li>\n<\/ul>\n","protected":false},"author":2,"featured_media":439084,"comment_status":"closed","ping_status":"closed","sticky":false,"template":"","format":"standard","meta":{"footnotes":""},"categories":[21,24],"tags":[7755,2868,1941,477,32,6802],"class_list":["post-439081","post","type-post","status-publish","format-standard","has-post-thumbnail","hentry","category-desporto","category-futebol","tag-_futebol","tag-amorim","tag-bruno-fernandes","tag-desempenho","tag-futebol","tag-lideranca"],"yoast_head":"<!-- This site is optimized with the Yoast SEO plugin v27.2 - https:\/\/yoast.com\/product\/yoast-seo-wordpress\/ -->\n<title>Bruno Fernandes afirma que qualquer refor\u00e7o do Man. United quer ganhar tudo - Portal Tela Portugal<\/title>\n<meta name=\"robots\" content=\"index, follow, max-snippet:-1, max-image-preview:large, max-video-preview:-1\" \/>\n<meta property=\"og:locale\" content=\"pt_PT\" \/>\n<meta property=\"og:type\" content=\"article\" \/>\n<meta property=\"og:title\" content=\"Bruno Fernandes afirma que qualquer refor\u00e7o do Man. United quer ganhar tudo - Portal Tela Portugal\" \/>\n<meta property=\"og:description\" content=\"Bruno Fernandes afirma que a mentalidade no Manchester United \u00e9 a de vencer, em entrevista no podcast Men in Blazers. O capit\u00e3o diz que n\u00e3o h\u00e1 jogador que venha para o United sem pensar que vai ganhar tudo. O jogador afirma que \u00e9 imposs\u00edvel comparar-se a Cristiano Ronaldo; apenas Lionel Messi o faria, mas jogam desportos diferentes. Bruno Fernandes explica o que mudou depois de Amorim, dizendo que encontraram uma forma.\" \/>\n<meta property=\"og:url\" content=\"https:\/\/portaltela.pt\/noticias\/2026\/04\/10\/bruno-fernandes-afirma-que-qualquer-reforco-do-man-united-quer-ganhar-tudo\/\" \/>\n<meta property=\"og:site_name\" content=\"Portal Tela Portugal\" \/>\n<meta property=\"article:published_time\" content=\"2026-04-10T10:17:12+00:00\" \/>\n<meta name=\"author\" content=\"Telinha\" \/>\n<meta name=\"twitter:card\" content=\"summary_large_image\" \/>\n<meta name=\"twitter:label1\" content=\"Escrito por\" \/>\n\t<meta name=\"twitter:data1\" content=\"Telinha\" \/>\n\t<meta name=\"twitter:label2\" content=\"Tempo estimado de leitura\" \/>\n\t<meta name=\"twitter:data2\" content=\"1 minuto\" \/>\n<script type=\"application\/ld+json\" class=\"yoast-schema-graph\">{\"@context\":\"https:\/\/schema.org\",\"@graph\":[{\"@type\":\"Article\",\"@id\":\"https:\/\/portaltela.pt\/noticias\/2026\/04\/10\/bruno-fernandes-afirma-que-qualquer-reforco-do-man-united-quer-ganhar-tudo\/#article\",\"isPartOf\":{\"@id\":\"https:\/\/portaltela.pt\/noticias\/2026\/04\/10\/bruno-fernandes-afirma-que-qualquer-reforco-do-man-united-quer-ganhar-tudo\/\"},\"author\":{\"name\":\"Telinha\",\"@id\":\"https:\/\/portaltela.pt\/#\/schema\/person\/c4278d4a6028830caff9ee44b42d32ed\"},\"headline\":\"Bruno Fernandes afirma que qualquer refor\u00e7o do Man. United quer ganhar tudo\",\"datePublished\":\"2026-04-10T10:17:12+00:00\",\"mainEntityOfPage\":{\"@id\":\"https:\/\/portaltela.pt\/noticias\/2026\/04\/10\/bruno-fernandes-afirma-que-qualquer-reforco-do-man-united-quer-ganhar-tudo\/\"},\"wordCount\":215,\"image\":{\"@id\":\"https:\/\/portaltela.pt\/noticias\/2026\/04\/10\/bruno-fernandes-afirma-que-qualquer-reforco-do-man-united-quer-ganhar-tudo\/#primaryimage\"},\"thumbnailUrl\":\"https:\/\/portaltela.pt\/s.01k8rhncp4jt1\/2026\/04\/img_1200x721uu2026-04-10-11-06-28-2432131.jpg\",\"keywords\":[\"_futebol\",\"Amorim\",\"Bruno Fernandes\",\"desempenho\",\"futebol\",\"lideran\u00e7a\"],\"articleSection\":[\"Desporto\",\"Futebol\"],\"inLanguage\":\"pt-PT\"},{\"@type\":\"WebPage\",\"@id\":\"https:\/\/portaltela.pt\/noticias\/2026\/04\/10\/bruno-fernandes-afirma-que-qualquer-reforco-do-man-united-quer-ganhar-tudo\/\",\"url\":\"https:\/\/portaltela.pt\/noticias\/2026\/04\/10\/bruno-fernandes-afirma-que-qualquer-reforco-do-man-united-quer-ganhar-tudo\/\",\"name\":\"Bruno Fernandes afirma que qualquer refor\u00e7o do Man. United quer ganhar tudo - Portal Tela Portugal\",\"isPartOf\":{\"@id\":\"https:\/\/portaltela.pt\/#website\"},\"primaryImageOfPage\":{\"@id\":\"https:\/\/portaltela.pt\/noticias\/2026\/04\/10\/bruno-fernandes-afirma-que-qualquer-reforco-do-man-united-quer-ganhar-tudo\/#primaryimage\"},\"image\":{\"@id\":\"https:\/\/portaltela.pt\/noticias\/2026\/04\/10\/bruno-fernandes-afirma-que-qualquer-reforco-do-man-united-quer-ganhar-tudo\/#primaryimage\"},\"thumbnailUrl\":\"https:\/\/portaltela.pt\/s.01k8rhncp4jt1\/2026\/04\/img_1200x721uu2026-04-10-11-06-28-2432131.jpg\",\"datePublished\":\"2026-04-10T10:17:12+00:00\",\"author\":{\"@id\":\"https:\/\/portaltela.pt\/#\/schema\/person\/c4278d4a6028830caff9ee44b42d32ed\"},\"breadcrumb\":{\"@id\":\"https:\/\/portaltela.pt\/noticias\/2026\/04\/10\/bruno-fernandes-afirma-que-qualquer-reforco-do-man-united-quer-ganhar-tudo\/#breadcrumb\"},\"inLanguage\":\"pt-PT\",\"potentialAction\":[{\"@type\":\"ReadAction\",\"target\":[\"https:\/\/portaltela.pt\/noticias\/2026\/04\/10\/bruno-fernandes-afirma-que-qualquer-reforco-do-man-united-quer-ganhar-tudo\/\"]}]},{\"@type\":\"ImageObject\",\"inLanguage\":\"pt-PT\",\"@id\":\"https:\/\/portaltela.pt\/noticias\/2026\/04\/10\/bruno-fernandes-afirma-que-qualquer-reforco-do-man-united-quer-ganhar-tudo\/#primaryimage\",\"url\":\"https:\/\/portaltela.pt\/s.01k8rhncp4jt1\/2026\/04\/img_1200x721uu2026-04-10-11-06-28-2432131.jpg\",\"contentUrl\":\"https:\/\/portaltela.pt\/s.01k8rhncp4jt1\/2026\/04\/img_1200x721uu2026-04-10-11-06-28-2432131.jpg\",\"width\":796,\"height\":448,\"caption\":\"Capit\u00e3o dos red devils sublinha mentalidade do clube\"},{\"@type\":\"BreadcrumbList\",\"@id\":\"https:\/\/portaltela.pt\/noticias\/2026\/04\/10\/bruno-fernandes-afirma-que-qualquer-reforco-do-man-united-quer-ganhar-tudo\/#breadcrumb\",\"itemListElement\":[{\"@type\":\"ListItem\",\"position\":1,\"name\":\"In\u00edcio\",\"item\":\"https:\/\/portaltela.pt\/\"},{\"@type\":\"ListItem\",\"position\":2,\"name\":\"Bruno Fernandes afirma que qualquer refor\u00e7o do Man. United quer ganhar tudo\"}]},{\"@type\":\"WebSite\",\"@id\":\"https:\/\/portaltela.pt\/#website\",\"url\":\"https:\/\/portaltela.pt\/\",\"name\":\"Portal Tela Portugal\",\"description\":\"\",\"potentialAction\":[{\"@type\":\"SearchAction\",\"target\":{\"@type\":\"EntryPoint\",\"urlTemplate\":\"https:\/\/portaltela.pt\/?s={search_term_string}\"},\"query-input\":{\"@type\":\"PropertyValueSpecification\",\"valueRequired\":true,\"valueName\":\"search_term_string\"}}],\"inLanguage\":\"pt-PT\"},{\"@type\":\"Person\",\"@id\":\"https:\/\/portaltela.pt\/#\/schema\/person\/c4278d4a6028830caff9ee44b42d32ed\",\"name\":\"Telinha\",\"image\":{\"@type\":\"ImageObject\",\"inLanguage\":\"pt-PT\",\"@id\":\"https:\/\/portaltela.pt\/s.01k8rhncp4jt1\/2025\/11\/talking-bot-125x125.png\",\"url\":\"https:\/\/portaltela.pt\/s.01k8rhncp4jt1\/2025\/11\/talking-bot-125x125.png\",\"contentUrl\":\"https:\/\/portaltela.pt\/s.01k8rhncp4jt1\/2025\/11\/talking-bot-125x125.png\",\"caption\":\"Telinha\"},\"sameAs\":[\"https:\/\/portaltela.pt\/\"],\"url\":\"https:\/\/portaltela.pt\/por\/367410592786\/\"}]}<\/script>\n<!-- \/ Yoast SEO plugin. -->","yoast_head_json":{"title":"Bruno Fernandes afirma que qualquer refor\u00e7o do Man. United quer ganhar tudo - Portal Tela Portugal","robots":{"index":"index","follow":"follow","max-snippet":"max-snippet:-1","max-image-preview":"max-image-preview:large","max-video-preview":"max-video-preview:-1"},"og_locale":"pt_PT","og_type":"article","og_title":"Bruno Fernandes afirma que qualquer refor\u00e7o do Man. United quer ganhar tudo - Portal Tela Portugal","og_description":"Bruno Fernandes afirma que a mentalidade no Manchester United \u00e9 a de vencer, em entrevista no podcast Men in Blazers. O capit\u00e3o diz que n\u00e3o h\u00e1 jogador que venha para o United sem pensar que vai ganhar tudo. O jogador afirma que \u00e9 imposs\u00edvel comparar-se a Cristiano Ronaldo; apenas Lionel Messi o faria, mas jogam desportos diferentes. Bruno Fernandes explica o que mudou depois de Amorim, dizendo que encontraram uma forma.","og_url":"https:\/\/portaltela.pt\/noticias\/2026\/04\/10\/bruno-fernandes-afirma-que-qualquer-reforco-do-man-united-quer-ganhar-tudo\/","og_site_name":"Portal Tela Portugal","article_published_time":"2026-04-10T10:17:12+00:00","author":"Telinha","twitter_card":"summary_large_image","twitter_misc":{"Escrito por":"Telinha","Tempo estimado de leitura":"1 minuto"},"schema":{"@context":"https:\/\/schema.org","@graph":[{"@type":"Article","@id":"https:\/\/portaltela.pt\/noticias\/2026\/04\/10\/bruno-fernandes-afirma-que-qualquer-reforco-do-man-united-quer-ganhar-tudo\/#article","isPartOf":{"@id":"https:\/\/portaltela.pt\/noticias\/2026\/04\/10\/bruno-fernandes-afirma-que-qualquer-reforco-do-man-united-quer-ganhar-tudo\/"},"author":{"name":"Telinha","@id":"https:\/\/portaltela.pt\/#\/schema\/person\/c4278d4a6028830caff9ee44b42d32ed"},"headline":"Bruno Fernandes afirma que qualquer refor\u00e7o do Man. United quer ganhar tudo","datePublished":"2026-04-10T10:17:12+00:00","mainEntityOfPage":{"@id":"https:\/\/portaltela.pt\/noticias\/2026\/04\/10\/bruno-fernandes-afirma-que-qualquer-reforco-do-man-united-quer-ganhar-tudo\/"},"wordCount":215,"image":{"@id":"https:\/\/portaltela.pt\/noticias\/2026\/04\/10\/bruno-fernandes-afirma-que-qualquer-reforco-do-man-united-quer-ganhar-tudo\/#primaryimage"},"thumbnailUrl":"https:\/\/portaltela.pt\/s.01k8rhncp4jt1\/2026\/04\/img_1200x721uu2026-04-10-11-06-28-2432131.jpg","keywords":["_futebol","Amorim","Bruno Fernandes","desempenho","futebol","lideran\u00e7a"],"articleSection":["Desporto","Futebol"],"inLanguage":"pt-PT"},{"@type":"WebPage","@id":"https:\/\/portaltela.pt\/noticias\/2026\/04\/10\/bruno-fernandes-afirma-que-qualquer-reforco-do-man-united-quer-ganhar-tudo\/","url":"https:\/\/portaltela.pt\/noticias\/2026\/04\/10\/bruno-fernandes-afirma-que-qualquer-reforco-do-man-united-quer-ganhar-tudo\/","name":"Bruno Fernandes afirma que qualquer refor\u00e7o do Man. United quer ganhar tudo - Portal Tela Portugal","isPartOf":{"@id":"https:\/\/portaltela.pt\/#website"},"primaryImageOfPage":{"@id":"https:\/\/portaltela.pt\/noticias\/2026\/04\/10\/bruno-fernandes-afirma-que-qualquer-reforco-do-man-united-quer-ganhar-tudo\/#primaryimage"},"image":{"@id":"https:\/\/portaltela.pt\/noticias\/2026\/04\/10\/bruno-fernandes-afirma-que-qualquer-reforco-do-man-united-quer-ganhar-tudo\/#primaryimage"},"thumbnailUrl":"https:\/\/portaltela.pt\/s.01k8rhncp4jt1\/2026\/04\/img_1200x721uu2026-04-10-11-06-28-2432131.jpg","datePublished":"2026-04-10T10:17:12+00:00","author":{"@id":"https:\/\/portaltela.pt\/#\/schema\/person\/c4278d4a6028830caff9ee44b42d32ed"},"breadcrumb":{"@id":"https:\/\/portaltela.pt\/noticias\/2026\/04\/10\/bruno-fernandes-afirma-que-qualquer-reforco-do-man-united-quer-ganhar-tudo\/#breadcrumb"},"inLanguage":"pt-PT","potentialAction":[{"@type":"ReadAction","target":["https:\/\/portaltela.pt\/noticias\/2026\/04\/10\/bruno-fernandes-afirma-que-qualquer-reforco-do-man-united-quer-ganhar-tudo\/"]}]},{"@type":"ImageObject","inLanguage":"pt-PT","@id":"https:\/\/portaltela.pt\/noticias\/2026\/04\/10\/bruno-fernandes-afirma-que-qualquer-reforco-do-man-united-quer-ganhar-tudo\/#primaryimage","url":"https:\/\/portaltela.pt\/s.01k8rhncp4jt1\/2026\/04\/img_1200x721uu2026-04-10-11-06-28-2432131.jpg","contentUrl":"https:\/\/portaltela.pt\/s.01k8rhncp4jt1\/2026\/04\/img_1200x721uu2026-04-10-11-06-28-2432131.jpg","width":796,"height":448,"caption":"Capit\u00e3o dos red devils sublinha mentalidade do clube"},{"@type":"BreadcrumbList","@id":"https:\/\/portaltela.pt\/noticias\/2026\/04\/10\/bruno-fernandes-afirma-que-qualquer-reforco-do-man-united-quer-ganhar-tudo\/#breadcrumb","itemListElement":[{"@type":"ListItem","position":1,"name":"In\u00edcio","item":"https:\/\/portaltela.pt\/"},{"@type":"ListItem","position":2,"name":"Bruno Fernandes afirma que qualquer refor\u00e7o do Man. United quer ganhar tudo"}]},{"@type":"WebSite","@id":"https:\/\/portaltela.pt\/#website","url":"https:\/\/portaltela.pt\/","name":"Portal Tela Portugal","description":"","potentialAction":[{"@type":"SearchAction","target":{"@type":"EntryPoint","urlTemplate":"https:\/\/portaltela.pt\/?s={search_term_string}"},"query-input":{"@type":"PropertyValueSpecification","valueRequired":true,"valueName":"search_term_string"}}],"inLanguage":"pt-PT"},{"@type":"Person","@id":"https:\/\/portaltela.pt\/#\/schema\/person\/c4278d4a6028830caff9ee44b42d32ed","name":"Telinha","image":{"@type":"ImageObject","inLanguage":"pt-PT","@id":"https:\/\/portaltela.pt\/s.01k8rhncp4jt1\/2025\/11\/talking-bot-125x125.png","url":"https:\/\/portaltela.pt\/s.01k8rhncp4jt1\/2025\/11\/talking-bot-125x125.png","contentUrl":"https:\/\/portaltela.pt\/s.01k8rhncp4jt1\/2025\/11\/talking-bot-125x125.png","caption":"Telinha"},"sameAs":["https:\/\/portaltela.pt\/"],"url":"https:\/\/portaltela.pt\/por\/367410592786\/"}]}},"_links":{"self":[{"href":"https:\/\/portaltela.pt\/api\/wp\/v2\/posts\/439081","targetHints":{"allow":["GET"]}}],"collection":[{"href":"https:\/\/portaltela.pt\/api\/wp\/v2\/posts"}],"about":[{"href":"https:\/\/portaltela.pt\/api\/wp\/v2\/types\/post"}],"author":[{"embeddable":true,"href":"https:\/\/portaltela.pt\/api\/wp\/v2\/users\/2"}],"replies":[{"embeddable":true,"href":"https:\/\/portaltela.pt\/api\/wp\/v2\/comments?post=439081"}],"version-history":[{"count":0,"href":"https:\/\/portaltela.pt\/api\/wp\/v2\/posts\/439081\/revisions"}],"wp:featuredmedia":[{"embeddable":true,"href":"https:\/\/portaltela.pt\/api\/wp\/v2\/media\/439084"}],"wp:attachment":[{"href":"https:\/\/portaltela.pt\/api\/wp\/v2\/media?parent=439081"}],"wp:term":[{"taxonomy":"category","embeddable":true,"href":"https:\/\/portaltela.pt\/api\/wp\/v2\/categories?post=439081"},{"taxonomy":"post_tag","embeddable":true,"href":"https:\/\/portaltela.pt\/api\/wp\/v2\/tags?post=439081"}],"curies":[{"name":"wp","href":"https:\/\/api.w.org\/{rel}","templated":true}]}}